{"id":3655,"date":"2025-06-30T14:32:53","date_gmt":"2025-06-30T14:32:53","guid":{"rendered":"https:\/\/www.diario21.tv\/noticias\/obsesion-por-el-cuerpo-perfecto-cuando-la-imagen-lo-es-todo\/"},"modified":"2025-06-30T14:32:54","modified_gmt":"2025-06-30T14:32:54","slug":"obsesion-por-el-cuerpo-perfecto-cuando-la-imagen-lo-es-todo","status":"publish","type":"post","link":"https:\/\/www.diario21.tv\/noticias\/obsesion-por-el-cuerpo-perfecto-cuando-la-imagen-lo-es-todo\/","title":{"rendered":"Obsesi\u00f3n por el cuerpo perfecto: cuando la imagen lo es todo"},"content":{"rendered":"<h2>La Obsesi\u00f3n por el Cuerpo Perfecto<\/h2>\n<p>En la sociedad actual, la b\u00fasqueda de la imagen ideal y un f\u00edsico impecable se ha transformado en una verdadera obsesi\u00f3n para muchas personas. Este fen\u00f3meno, conocido como &#8216;culto al cuerpo&#8217;, implica una preocupaci\u00f3n excesiva por la apariencia f\u00edsica y puede llevar a comportamientos extremos en la dieta y el ejercicio, as\u00ed como a una constante insatisfacci\u00f3n con la propia imagen.<\/p>\n<h3>El Impacto de las Redes Sociales<\/h3>\n<p>Las redes sociales han jugado un papel crucial en la propagaci\u00f3n del culto al cuerpo. Plataformas como Instagram y Facebook se han convertido en escaparates donde individuos de todas las edades exhiben sus cuerpos trabajados, lo que puede generar presi\u00f3n social y expectativas poco realistas sobre c\u00f3mo deber\u00eda verse uno. La constante exposici\u00f3n a im\u00e1genes de cuerpos &#8216;perfectos&#8217; puede provocar que las personas sientan que nunca est\u00e1n a la altura de esos ideales.<\/p>\n<h3>Consecuencias de la Obsesi\u00f3n por el Cuerpo Perfecto<\/h3>\n<p>Los efectos de esta obsesi\u00f3n no son solo superficiales. Pueden tener consecuencias graves para la salud f\u00edsica y mental. En el \u00e1mbito f\u00edsico, la pr\u00e1ctica de dietas extremas y rutinas de ejercicio intensivas sin supervisi\u00f3n profesional puede llevar a trastornos alimenticios como la anorexia y la bulimia, adem\u00e1s de lesiones por sobreentrenamiento.<\/p>\n<p>En cuanto a la salud mental, la obsesi\u00f3n por un cuerpo perfecto puede desencadenar trastornos de la imagen corporal, baja autoestima y depresi\u00f3n. El constante descontento con la imagen personal puede impedir que las personas disfruten de la vida y establezcan relaciones saludables con los alimentos y su propio cuerpo.<\/p>\n<h3>Resistencia y Recuperaci\u00f3n<\/h3>\n<p>Afortunadamente, cada vez m\u00e1s voces se levantan en contra del culto al cuerpo. Activistas, profesionales de la salud y personas que han superado estos trastornos est\u00e1n promoviendo una visi\u00f3n m\u00e1s saludable y realista del cuerpo humano. A trav\u00e9s de campa\u00f1as de concientizaci\u00f3n y educaci\u00f3n, se busca ense\u00f1ar a j\u00f3venes y adultos a valorar sus cuerpos por lo que son capaces de hacer y no solo por c\u00f3mo lucen.<\/p>\n<p>El apoyo de familiares y amigos es crucial para aquellos que luchan contra la obsesi\u00f3n por el cuerpo perfecto. Adem\u00e1s, la consulta con profesionales de la salud mental y nutrici\u00f3n puede proporcionar las herramientas necesarias para recuperar un enfoque saludable de la vida y el bienestar personal.<\/p>\n<h3>Conclusi\u00f3n<\/h3>\n<p>El culto al cuerpo es un desaf\u00edo complejo que enfrenta la sociedad moderna, pero reconocerlo es el primer paso para combatirlo. Promover un ambiente que valore la diversidad de cuerpos y la salud sobre la est\u00e9tica es esencial para fomentar una relaci\u00f3n m\u00e1s sana con nuestro propio ser y con los dem\u00e1s. Al final, lo importante no deber\u00eda ser alcanzar un ideal inalcanzable, sino celebrar y cuidar el cuerpo que tenemos, en todas sus formas y tama\u00f1os.<\/p>\n\n\n<div class=\"kk-star-ratings kksr-auto kksr-align-left kksr-valign-bottom\"\n    data-payload='{&quot;align&quot;:&quot;left&quot;,&quot;id&quot;:&quot;3655&quot;,&quot;slug&quot;:&quot;default&quot;,&quot;valign&quot;:&quot;bottom&quot;,&quot;ignore&quot;:&quot;&quot;,&quot;reference&quot;:&quot;auto&quot;,&quot;class&quot;:&quot;&quot;,&quot;count&quot;:&quot;0&quot;,&quot;legendonly&quot;:&quot;&quot;,&quot;readonly&quot;:&quot;&quot;,&quot;score&quot;:&quot;0&quot;,&quot;starsonly&quot;:&quot;&quot;,&quot;best&quot;:&quot;5&quot;,&quot;gap&quot;:&quot;5&quot;,&quot;greet&quot;:&quot;Valora este post&quot;,&quot;legend&quot;:&quot;0\\\/5 - (0 votes)&quot;,&quot;size&quot;:&quot;22&quot;,&quot;title&quot;:&quot;Obsesi\u00f3n por el cuerpo perfecto: cuando la imagen lo es todo&quot;,&quot;width&quot;:&quot;0&quot;,&quot;_legend&quot;:&quot;{score}\\\/{best} - ({count} {votes})&quot;,&quot;font_factor&quot;:&quot;1.25&quot;}'>\n            \n<div class=\"kksr-stars\">\n    \n<div class=\"kksr-stars-inactive\">\n            <div class=\"kksr-star\" data-star=\"1\" style=\"padding-right: 5px\">\n            \n\n<div class=\"kksr-icon\" style=\"width: 22px; height: 22px;\"><\/div>\n        <\/div>\n            <div class=\"kksr-star\" data-star=\"2\" style=\"padding-right: 5px\">\n            \n\n<div class=\"kksr-icon\" style=\"width: 22px; height: 22px;\"><\/div>\n        <\/div>\n            <div class=\"kksr-star\" data-star=\"3\" style=\"padding-right: 5px\">\n            \n\n<div class=\"kksr-icon\" style=\"width: 22px; height: 22px;\"><\/div>\n        <\/div>\n            <div class=\"kksr-star\" data-star=\"4\" style=\"padding-right: 5px\">\n            \n\n<div class=\"kksr-icon\" style=\"width: 22px; height: 22px;\"><\/div>\n        <\/div>\n            <div class=\"kksr-star\" data-star=\"5\" style=\"padding-right: 5px\">\n            \n\n<div class=\"kksr-icon\" style=\"width: 22px; height: 22px;\"><\/div>\n        <\/div>\n    <\/div>\n    \n<div class=\"kksr-stars-active\" style=\"width: 0px;\">\n            <div class=\"kksr-star\" style=\"padding-right: 5px\">\n            \n\n<div class=\"kksr-icon\" style=\"width: 22px; height: 22px;\"><\/div>\n        <\/div>\n            <div class=\"kksr-star\" style=\"padding-right: 5px\">\n            \n\n<div class=\"kksr-icon\" style=\"width: 22px; height: 22px;\"><\/div>\n        <\/div>\n            <div class=\"kksr-star\" style=\"padding-right: 5px\">\n            \n\n<div class=\"kksr-icon\" style=\"width: 22px; height: 22px;\"><\/div>\n        <\/div>\n            <div class=\"kksr-star\" style=\"padding-right: 5px\">\n            \n\n<div class=\"kksr-icon\" style=\"width: 22px; height: 22px;\"><\/div>\n        <\/div>\n            <div class=\"kksr-star\" style=\"padding-right: 5px\">\n            \n\n<div class=\"kksr-icon\" style=\"width: 22px; height: 22px;\"><\/div>\n        <\/div>\n    <\/div>\n<\/div>\n                \n\n<div class=\"kksr-legend\" style=\"font-size: 17.6px;\">\n            <span class=\"kksr-muted\">Valora este post<\/span>\n    <\/div>\n    <\/div>\n","protected":false},"excerpt":{"rendered":"<p>La Obsesi\u00f3n por el Cuerpo Perfecto En la sociedad actual, la b\u00fasqueda de la imagen ideal y un f\u00edsico impecable se ha transformado en una verdadera &#8230; <a title=\"Obsesi\u00f3n por el cuerpo perfecto: cuando la imagen lo es todo\" class=\"read-more\" href=\"https:\/\/www.diario21.tv\/noticias\/obsesion-por-el-cuerpo-perfecto-cuando-la-imagen-lo-es-todo\/\" aria-label=\"Leer m\u00e1s sobre Obsesi\u00f3n por el cuerpo perfecto: cuando la imagen lo es todo\">Seguir leyendo &rarr;<\/a><\/p>\n","protected":false},"author":20,"featured_media":3656,"comment_status":"open","ping_status":"open","sticky":false,"template":"","format":"standard","meta":{"footnotes":""},"categories":[13],"tags":[],"class_list":["post-3655","post","type-post","status-publish","format-standard","has-post-thumbnail","hentry","category-portada"],"yoast_head":"<!-- This site is optimized with the Yoast SEO plugin v25.6 - https:\/\/yoast.com\/wordpress\/plugins\/seo\/ -->\n<title>Obsesi\u00f3n por el cuerpo perfecto: cuando la imagen lo es todo - Diario 21<\/title>\n<meta name=\"robots\" content=\"index, follow, max-snippet:-1, max-image-preview:large, max-video-preview:-1\" \/>\n<link rel=\"canonical\" href=\"https:\/\/www.diario21.tv\/noticias\/obsesion-por-el-cuerpo-perfecto-cuando-la-imagen-lo-es-todo\/\" \/>\n<meta property=\"og:locale\" content=\"es_ES\" \/>\n<meta property=\"og:type\" content=\"article\" \/>\n<meta property=\"og:title\" content=\"Obsesi\u00f3n por el cuerpo perfecto: cuando la imagen lo es todo - Diario 21\" \/>\n<meta property=\"og:description\" content=\"La Obsesi\u00f3n por el Cuerpo Perfecto En la sociedad actual, la b\u00fasqueda de la imagen ideal y un f\u00edsico impecable se ha transformado en una verdadera ... Seguir leyendo &rarr;\" \/>\n<meta property=\"og:url\" content=\"https:\/\/www.diario21.tv\/noticias\/obsesion-por-el-cuerpo-perfecto-cuando-la-imagen-lo-es-todo\/\" \/>\n<meta property=\"og:site_name\" content=\"Diario 21\" \/>\n<meta property=\"article:published_time\" content=\"2025-06-30T14:32:53+00:00\" \/>\n<meta property=\"article:modified_time\" content=\"2025-06-30T14:32:54+00:00\" \/>\n<meta property=\"og:image\" content=\"https:\/\/www.diario21.tv\/noticias\/wp-content\/uploads\/2025\/06\/Obsesion-por-el-cuerpo-perfecto-cuando-la-imagen-lo-es.jpg\" \/>\n\t<meta property=\"og:image:width\" content=\"1195\" \/>\n\t<meta property=\"og:image:height\" content=\"672\" \/>\n\t<meta property=\"og:image:type\" content=\"image\/jpeg\" \/>\n<meta name=\"author\" content=\"Juan P\u00e9rez\" \/>\n<meta name=\"twitter:card\" content=\"summary_large_image\" \/>\n<meta name=\"twitter:label1\" content=\"Escrito por\" \/>\n\t<meta name=\"twitter:data1\" content=\"Juan P\u00e9rez\" \/>\n\t<meta name=\"twitter:label2\" content=\"Tiempo de lectura\" \/>\n\t<meta name=\"twitter:data2\" content=\"2 minutos\" \/>\n<script type=\"application\/ld+json\" class=\"yoast-schema-graph\">{\"@context\":\"https:\/\/schema.org\",\"@graph\":[{\"@type\":\"WebPage\",\"@id\":\"https:\/\/www.diario21.tv\/noticias\/obsesion-por-el-cuerpo-perfecto-cuando-la-imagen-lo-es-todo\/\",\"url\":\"https:\/\/www.diario21.tv\/noticias\/obsesion-por-el-cuerpo-perfecto-cuando-la-imagen-lo-es-todo\/\",\"name\":\"Obsesi\u00f3n por el cuerpo perfecto: cuando la imagen lo es todo - Diario 21\",\"isPartOf\":{\"@id\":\"https:\/\/www.diario21.tv\/noticias\/#website\"},\"primaryImageOfPage\":{\"@id\":\"https:\/\/www.diario21.tv\/noticias\/obsesion-por-el-cuerpo-perfecto-cuando-la-imagen-lo-es-todo\/#primaryimage\"},\"image\":{\"@id\":\"https:\/\/www.diario21.tv\/noticias\/obsesion-por-el-cuerpo-perfecto-cuando-la-imagen-lo-es-todo\/#primaryimage\"},\"thumbnailUrl\":\"https:\/\/www.diario21.tv\/noticias\/wp-content\/uploads\/2025\/06\/Obsesion-por-el-cuerpo-perfecto-cuando-la-imagen-lo-es.jpg\",\"datePublished\":\"2025-06-30T14:32:53+00:00\",\"dateModified\":\"2025-06-30T14:32:54+00:00\",\"author\":{\"@id\":\"https:\/\/www.diario21.tv\/noticias\/#\/schema\/person\/dfb778f73814d8f09f302618446a526b\"},\"breadcrumb\":{\"@id\":\"https:\/\/www.diario21.tv\/noticias\/obsesion-por-el-cuerpo-perfecto-cuando-la-imagen-lo-es-todo\/#breadcrumb\"},\"inLanguage\":\"es-AR\",\"potentialAction\":[{\"@type\":\"ReadAction\",\"target\":[\"https:\/\/www.diario21.tv\/noticias\/obsesion-por-el-cuerpo-perfecto-cuando-la-imagen-lo-es-todo\/\"]}]},{\"@type\":\"ImageObject\",\"inLanguage\":\"es-AR\",\"@id\":\"https:\/\/www.diario21.tv\/noticias\/obsesion-por-el-cuerpo-perfecto-cuando-la-imagen-lo-es-todo\/#primaryimage\",\"url\":\"https:\/\/www.diario21.tv\/noticias\/wp-content\/uploads\/2025\/06\/Obsesion-por-el-cuerpo-perfecto-cuando-la-imagen-lo-es.jpg\",\"contentUrl\":\"https:\/\/www.diario21.tv\/noticias\/wp-content\/uploads\/2025\/06\/Obsesion-por-el-cuerpo-perfecto-cuando-la-imagen-lo-es.jpg\",\"width\":1195,\"height\":672,\"caption\":\"&#039;Culto al cuerpo&#039;: cuando la imagen y el cuerpo perfecto se convierte en una obsesi\u00f3n\"},{\"@type\":\"BreadcrumbList\",\"@id\":\"https:\/\/www.diario21.tv\/noticias\/obsesion-por-el-cuerpo-perfecto-cuando-la-imagen-lo-es-todo\/#breadcrumb\",\"itemListElement\":[{\"@type\":\"ListItem\",\"position\":1,\"name\":\"Accueil\",\"item\":\"https:\/\/www.diario21.tv\/noticias\/\"},{\"@type\":\"ListItem\",\"position\":2,\"name\":\"Obsesi\u00f3n por el cuerpo perfecto: cuando la imagen lo es todo\"}]},{\"@type\":\"WebSite\",\"@id\":\"https:\/\/www.diario21.tv\/noticias\/#website\",\"url\":\"https:\/\/www.diario21.tv\/noticias\/\",\"name\":\"Diario 21\",\"description\":\"\",\"potentialAction\":[{\"@type\":\"SearchAction\",\"target\":{\"@type\":\"EntryPoint\",\"urlTemplate\":\"https:\/\/www.diario21.tv\/noticias\/?s={search_term_string}\"},\"query-input\":{\"@type\":\"PropertyValueSpecification\",\"valueRequired\":true,\"valueName\":\"search_term_string\"}}],\"inLanguage\":\"es-AR\"},{\"@type\":\"Person\",\"@id\":\"https:\/\/www.diario21.tv\/noticias\/#\/schema\/person\/dfb778f73814d8f09f302618446a526b\",\"name\":\"Juan P\u00e9rez\",\"image\":{\"@type\":\"ImageObject\",\"inLanguage\":\"es-AR\",\"@id\":\"https:\/\/www.diario21.tv\/noticias\/#\/schema\/person\/image\/\",\"url\":\"https:\/\/secure.gravatar.com\/avatar\/c478a405bd10621167f4c3167cc770f5?s=96&d=mm&r=g\",\"contentUrl\":\"https:\/\/secure.gravatar.com\/avatar\/c478a405bd10621167f4c3167cc770f5?s=96&d=mm&r=g\",\"caption\":\"Juan P\u00e9rez\"},\"description\":\"Juan P\u00e9rez es el redactor en jefe de Diario 21. Con m\u00e1s de 10 a\u00f1os de experiencia en el periodismo, se especializa en pol\u00edtica nacional y an\u00e1lisis socioecon\u00f3mico. Su enfoque cr\u00edtico y riguroso aporta una perspectiva \u00fanica a cada art\u00edculo.\",\"sameAs\":[\"https:\/\/www.diario21.tv\/noticias\/\"],\"url\":\"https:\/\/www.diario21.tv\/noticias\/author\/juan-perez\/\"}]}<\/script>\n<!-- \/ Yoast SEO plugin. -->","yoast_head_json":{"title":"Obsesi\u00f3n por el cuerpo perfecto: cuando la imagen lo es todo - Diario 21","robots":{"index":"index","follow":"follow","max-snippet":"max-snippet:-1","max-image-preview":"max-image-preview:large","max-video-preview":"max-video-preview:-1"},"canonical":"https:\/\/www.diario21.tv\/noticias\/obsesion-por-el-cuerpo-perfecto-cuando-la-imagen-lo-es-todo\/","og_locale":"es_ES","og_type":"article","og_title":"Obsesi\u00f3n por el cuerpo perfecto: cuando la imagen lo es todo - Diario 21","og_description":"La Obsesi\u00f3n por el Cuerpo Perfecto En la sociedad actual, la b\u00fasqueda de la imagen ideal y un f\u00edsico impecable se ha transformado en una verdadera ... Seguir leyendo &rarr;","og_url":"https:\/\/www.diario21.tv\/noticias\/obsesion-por-el-cuerpo-perfecto-cuando-la-imagen-lo-es-todo\/","og_site_name":"Diario 21","article_published_time":"2025-06-30T14:32:53+00:00","article_modified_time":"2025-06-30T14:32:54+00:00","og_image":[{"width":1195,"height":672,"url":"https:\/\/www.diario21.tv\/noticias\/wp-content\/uploads\/2025\/06\/Obsesion-por-el-cuerpo-perfecto-cuando-la-imagen-lo-es.jpg","type":"image\/jpeg"}],"author":"Juan P\u00e9rez","twitter_card":"summary_large_image","twitter_misc":{"Escrito por":"Juan P\u00e9rez","Tiempo de lectura":"2 minutos"},"schema":{"@context":"https:\/\/schema.org","@graph":[{"@type":"WebPage","@id":"https:\/\/www.diario21.tv\/noticias\/obsesion-por-el-cuerpo-perfecto-cuando-la-imagen-lo-es-todo\/","url":"https:\/\/www.diario21.tv\/noticias\/obsesion-por-el-cuerpo-perfecto-cuando-la-imagen-lo-es-todo\/","name":"Obsesi\u00f3n por el cuerpo perfecto: cuando la imagen lo es todo - Diario 21","isPartOf":{"@id":"https:\/\/www.diario21.tv\/noticias\/#website"},"primaryImageOfPage":{"@id":"https:\/\/www.diario21.tv\/noticias\/obsesion-por-el-cuerpo-perfecto-cuando-la-imagen-lo-es-todo\/#primaryimage"},"image":{"@id":"https:\/\/www.diario21.tv\/noticias\/obsesion-por-el-cuerpo-perfecto-cuando-la-imagen-lo-es-todo\/#primaryimage"},"thumbnailUrl":"https:\/\/www.diario21.tv\/noticias\/wp-content\/uploads\/2025\/06\/Obsesion-por-el-cuerpo-perfecto-cuando-la-imagen-lo-es.jpg","datePublished":"2025-06-30T14:32:53+00:00","dateModified":"2025-06-30T14:32:54+00:00","author":{"@id":"https:\/\/www.diario21.tv\/noticias\/#\/schema\/person\/dfb778f73814d8f09f302618446a526b"},"breadcrumb":{"@id":"https:\/\/www.diario21.tv\/noticias\/obsesion-por-el-cuerpo-perfecto-cuando-la-imagen-lo-es-todo\/#breadcrumb"},"inLanguage":"es-AR","potentialAction":[{"@type":"ReadAction","target":["https:\/\/www.diario21.tv\/noticias\/obsesion-por-el-cuerpo-perfecto-cuando-la-imagen-lo-es-todo\/"]}]},{"@type":"ImageObject","inLanguage":"es-AR","@id":"https:\/\/www.diario21.tv\/noticias\/obsesion-por-el-cuerpo-perfecto-cuando-la-imagen-lo-es-todo\/#primaryimage","url":"https:\/\/www.diario21.tv\/noticias\/wp-content\/uploads\/2025\/06\/Obsesion-por-el-cuerpo-perfecto-cuando-la-imagen-lo-es.jpg","contentUrl":"https:\/\/www.diario21.tv\/noticias\/wp-content\/uploads\/2025\/06\/Obsesion-por-el-cuerpo-perfecto-cuando-la-imagen-lo-es.jpg","width":1195,"height":672,"caption":"&#039;Culto al cuerpo&#039;: cuando la imagen y el cuerpo perfecto se convierte en una obsesi\u00f3n"},{"@type":"BreadcrumbList","@id":"https:\/\/www.diario21.tv\/noticias\/obsesion-por-el-cuerpo-perfecto-cuando-la-imagen-lo-es-todo\/#breadcrumb","itemListElement":[{"@type":"ListItem","position":1,"name":"Accueil","item":"https:\/\/www.diario21.tv\/noticias\/"},{"@type":"ListItem","position":2,"name":"Obsesi\u00f3n por el cuerpo perfecto: cuando la imagen lo es todo"}]},{"@type":"WebSite","@id":"https:\/\/www.diario21.tv\/noticias\/#website","url":"https:\/\/www.diario21.tv\/noticias\/","name":"Diario 21","description":"","potentialAction":[{"@type":"SearchAction","target":{"@type":"EntryPoint","urlTemplate":"https:\/\/www.diario21.tv\/noticias\/?s={search_term_string}"},"query-input":{"@type":"PropertyValueSpecification","valueRequired":true,"valueName":"search_term_string"}}],"inLanguage":"es-AR"},{"@type":"Person","@id":"https:\/\/www.diario21.tv\/noticias\/#\/schema\/person\/dfb778f73814d8f09f302618446a526b","name":"Juan P\u00e9rez","image":{"@type":"ImageObject","inLanguage":"es-AR","@id":"https:\/\/www.diario21.tv\/noticias\/#\/schema\/person\/image\/","url":"https:\/\/secure.gravatar.com\/avatar\/c478a405bd10621167f4c3167cc770f5?s=96&d=mm&r=g","contentUrl":"https:\/\/secure.gravatar.com\/avatar\/c478a405bd10621167f4c3167cc770f5?s=96&d=mm&r=g","caption":"Juan P\u00e9rez"},"description":"Juan P\u00e9rez es el redactor en jefe de Diario 21. Con m\u00e1s de 10 a\u00f1os de experiencia en el periodismo, se especializa en pol\u00edtica nacional y an\u00e1lisis socioecon\u00f3mico. Su enfoque cr\u00edtico y riguroso aporta una perspectiva \u00fanica a cada art\u00edculo.","sameAs":["https:\/\/www.diario21.tv\/noticias\/"],"url":"https:\/\/www.diario21.tv\/noticias\/author\/juan-perez\/"}]}},"_links":{"self":[{"href":"https:\/\/www.diario21.tv\/noticias\/wp-json\/wp\/v2\/posts\/3655"}],"collection":[{"href":"https:\/\/www.diario21.tv\/noticias\/wp-json\/wp\/v2\/posts"}],"about":[{"href":"https:\/\/www.diario21.tv\/noticias\/wp-json\/wp\/v2\/types\/post"}],"author":[{"embeddable":true,"href":"https:\/\/www.diario21.tv\/noticias\/wp-json\/wp\/v2\/users\/20"}],"replies":[{"embeddable":true,"href":"https:\/\/www.diario21.tv\/noticias\/wp-json\/wp\/v2\/comments?post=3655"}],"version-history":[{"count":1,"href":"https:\/\/www.diario21.tv\/noticias\/wp-json\/wp\/v2\/posts\/3655\/revisions"}],"predecessor-version":[{"id":3657,"href":"https:\/\/www.diario21.tv\/noticias\/wp-json\/wp\/v2\/posts\/3655\/revisions\/3657"}],"wp:featuredmedia":[{"embeddable":true,"href":"https:\/\/www.diario21.tv\/noticias\/wp-json\/wp\/v2\/media\/3656"}],"wp:attachment":[{"href":"https:\/\/www.diario21.tv\/noticias\/wp-json\/wp\/v2\/media?parent=3655"}],"wp:term":[{"taxonomy":"category","embeddable":true,"href":"https:\/\/www.diario21.tv\/noticias\/wp-json\/wp\/v2\/categories?post=3655"},{"taxonomy":"post_tag","embeddable":true,"href":"https:\/\/www.diario21.tv\/noticias\/wp-json\/wp\/v2\/tags?post=3655"}],"curies":[{"name":"wp","href":"https:\/\/api.w.org\/{rel}","templated":true}]}}