{"id":3640,"date":"2025-06-29T08:21:37","date_gmt":"2025-06-29T08:21:37","guid":{"rendered":"https:\/\/www.diario21.tv\/noticias\/tragedia-en-guadalajara-nino-de-9-anos-muere-ahogado-en-piscina-municipal\/"},"modified":"2025-06-29T08:21:38","modified_gmt":"2025-06-29T08:21:38","slug":"tragedia-en-guadalajara-nino-de-9-anos-muere-ahogado-en-piscina-municipal","status":"publish","type":"post","link":"https:\/\/www.diario21.tv\/noticias\/tragedia-en-guadalajara-nino-de-9-anos-muere-ahogado-en-piscina-municipal\/","title":{"rendered":"Tragedia en Guadalajara: Ni\u00f1o de 9 a\u00f1os muere ahogado en piscina municipal"},"content":{"rendered":"<h2>Tr\u00e1gico Suceso en Piscina Municipal: Fallece Ni\u00f1o de Nueve A\u00f1os<\/h2>\n<p>Un lamentable incidente sacudi\u00f3 a la comunidad de Guadalajara el pasado fin de semana, cuando un ni\u00f1o de tan solo nueve a\u00f1os perdi\u00f3 la vida por ahogamiento en una de las piscinas municipales de la ciudad. Este suceso ha generado una profunda conmoci\u00f3n entre los habitantes y autoridades locales.<\/p>\n<h3>Detalles del Incidente<\/h3>\n<p>El tr\u00e1gico evento ocurri\u00f3 en la tarde del s\u00e1bado, cuando el peque\u00f1o, que hab\u00eda acudido a la piscina junto con su familia, fue encontrado inconsciente en el agua. A pesar de los esfuerzos inmediatos por parte del personal de salvamento de la piscina y los servicios de emergencia, que llegaron prontamente al lugar, lamentablemente no pudieron revertir la situaci\u00f3n.<\/p>\n<h3>Reacciones y Medidas Tomadas<\/h3>\n<p>El ayuntamiento de Guadalajara, tras el incidente, ha emitido un comunicado expresando sus condolencias a la familia del fallecido y ha asegurado que se llevar\u00e1 a cabo una exhaustiva investigaci\u00f3n para esclarecer las circunstancias exactas bajo las cuales ocurri\u00f3 la tragedia. Adem\u00e1s, se revisar\u00e1n y, si es necesario, se intensificar\u00e1n las medidas de seguridad en todas las instalaciones acu\u00e1ticas municipales para prevenir que sucesos de esta naturaleza se repitan en el futuro.<\/p>\n<h3>La Comunidad en Duelo<\/h3>\n<p>La comunidad de Guadalajara se ha mostrado profundamente afectada por este suceso. Vecinos y conocidos de la familia han comenzado a organizar actos de apoyo y han colocado flores y juguetes en las inmediaciones de la piscina municipal como muestra de duelo y solidaridad hacia la familia del peque\u00f1o.<\/p>\n<p>Este tr\u00e1gico suceso ha reavivado el debate sobre la seguridad en las piscinas p\u00fablicas y ha puesto de relieve la importancia de la supervisi\u00f3n constante de los ni\u00f1os en este tipo de instalaciones. La p\u00e9rdida de una joven vida de una manera tan tr\u00e1gica es un doloroso recordatorio de la necesidad de vigilancia y precauci\u00f3n en todos los aspectos de la seguridad p\u00fablica.<\/p>\n\n\n<div class=\"kk-star-ratings kksr-auto kksr-align-left kksr-valign-bottom\"\n    data-payload='{&quot;align&quot;:&quot;left&quot;,&quot;id&quot;:&quot;3640&quot;,&quot;slug&quot;:&quot;default&quot;,&quot;valign&quot;:&quot;bottom&quot;,&quot;ignore&quot;:&quot;&quot;,&quot;reference&quot;:&quot;auto&quot;,&quot;class&quot;:&quot;&quot;,&quot;count&quot;:&quot;0&quot;,&quot;legendonly&quot;:&quot;&quot;,&quot;readonly&quot;:&quot;&quot;,&quot;score&quot;:&quot;0&quot;,&quot;starsonly&quot;:&quot;&quot;,&quot;best&quot;:&quot;5&quot;,&quot;gap&quot;:&quot;5&quot;,&quot;greet&quot;:&quot;Valora este post&quot;,&quot;legend&quot;:&quot;0\\\/5 - (0 votes)&quot;,&quot;size&quot;:&quot;22&quot;,&quot;title&quot;:&quot;Tragedia en Guadalajara: Ni\u00f1o de 9 a\u00f1os muere ahogado en piscina municipal&quot;,&quot;width&quot;:&quot;0&quot;,&quot;_legend&quot;:&quot;{score}\\\/{best} - ({count} {votes})&quot;,&quot;font_factor&quot;:&quot;1.25&quot;}'>\n            \n<div class=\"kksr-stars\">\n    \n<div class=\"kksr-stars-inactive\">\n            <div class=\"kksr-star\" data-star=\"1\" style=\"padding-right: 5px\">\n            \n\n<div class=\"kksr-icon\" style=\"width: 22px; height: 22px;\"><\/div>\n        <\/div>\n            <div class=\"kksr-star\" data-star=\"2\" style=\"padding-right: 5px\">\n            \n\n<div class=\"kksr-icon\" style=\"width: 22px; height: 22px;\"><\/div>\n        <\/div>\n            <div class=\"kksr-star\" data-star=\"3\" style=\"padding-right: 5px\">\n            \n\n<div class=\"kksr-icon\" style=\"width: 22px; height: 22px;\"><\/div>\n        <\/div>\n            <div class=\"kksr-star\" data-star=\"4\" style=\"padding-right: 5px\">\n            \n\n<div class=\"kksr-icon\" style=\"width: 22px; height: 22px;\"><\/div>\n        <\/div>\n            <div class=\"kksr-star\" data-star=\"5\" style=\"padding-right: 5px\">\n            \n\n<div class=\"kksr-icon\" style=\"width: 22px; height: 22px;\"><\/div>\n        <\/div>\n    <\/div>\n    \n<div class=\"kksr-stars-active\" style=\"width: 0px;\">\n            <div class=\"kksr-star\" style=\"padding-right: 5px\">\n            \n\n<div class=\"kksr-icon\" style=\"width: 22px; height: 22px;\"><\/div>\n        <\/div>\n            <div class=\"kksr-star\" style=\"padding-right: 5px\">\n            \n\n<div class=\"kksr-icon\" style=\"width: 22px; height: 22px;\"><\/div>\n        <\/div>\n            <div class=\"kksr-star\" style=\"padding-right: 5px\">\n            \n\n<div class=\"kksr-icon\" style=\"width: 22px; height: 22px;\"><\/div>\n        <\/div>\n            <div class=\"kksr-star\" style=\"padding-right: 5px\">\n            \n\n<div class=\"kksr-icon\" style=\"width: 22px; height: 22px;\"><\/div>\n        <\/div>\n            <div class=\"kksr-star\" style=\"padding-right: 5px\">\n            \n\n<div class=\"kksr-icon\" style=\"width: 22px; height: 22px;\"><\/div>\n        <\/div>\n    <\/div>\n<\/div>\n                \n\n<div class=\"kksr-legend\" style=\"font-size: 17.6px;\">\n            <span class=\"kksr-muted\">Valora este post<\/span>\n    <\/div>\n    <\/div>\n","protected":false},"excerpt":{"rendered":"<p>Tr\u00e1gico Suceso en Piscina Municipal: Fallece Ni\u00f1o de Nueve A\u00f1os Un lamentable incidente sacudi\u00f3 a la comunidad de Guadalajara el pasado fin de semana, cuando un &#8230; <a title=\"Tragedia en Guadalajara: Ni\u00f1o de 9 a\u00f1os muere ahogado en piscina municipal\" class=\"read-more\" href=\"https:\/\/www.diario21.tv\/noticias\/tragedia-en-guadalajara-nino-de-9-anos-muere-ahogado-en-piscina-municipal\/\" aria-label=\"Leer m\u00e1s sobre Tragedia en Guadalajara: Ni\u00f1o de 9 a\u00f1os muere ahogado en piscina municipal\">Seguir leyendo &rarr;<\/a><\/p>\n","protected":false},"author":20,"featured_media":3641,"comment_status":"open","ping_status":"open","sticky":false,"template":"","format":"standard","meta":{"footnotes":""},"categories":[13],"tags":[],"class_list":["post-3640","post","type-post","status-publish","format-standard","has-post-thumbnail","hentry","category-portada"],"yoast_head":"<!-- This site is optimized with the Yoast SEO plugin v25.6 - https:\/\/yoast.com\/wordpress\/plugins\/seo\/ -->\n<title>Tragedia en Guadalajara: Ni\u00f1o de 9 a\u00f1os muere ahogado en piscina municipal - Diario 21<\/title>\n<meta name=\"robots\" content=\"index, follow, max-snippet:-1, max-image-preview:large, max-video-preview:-1\" \/>\n<link rel=\"canonical\" href=\"https:\/\/www.diario21.tv\/noticias\/tragedia-en-guadalajara-nino-de-9-anos-muere-ahogado-en-piscina-municipal\/\" \/>\n<meta property=\"og:locale\" content=\"es_ES\" \/>\n<meta property=\"og:type\" content=\"article\" \/>\n<meta property=\"og:title\" content=\"Tragedia en Guadalajara: Ni\u00f1o de 9 a\u00f1os muere ahogado en piscina municipal - Diario 21\" \/>\n<meta property=\"og:description\" content=\"Tr\u00e1gico Suceso en Piscina Municipal: Fallece Ni\u00f1o de Nueve A\u00f1os Un lamentable incidente sacudi\u00f3 a la comunidad de Guadalajara el pasado fin de semana, cuando un ... Seguir leyendo &rarr;\" \/>\n<meta property=\"og:url\" content=\"https:\/\/www.diario21.tv\/noticias\/tragedia-en-guadalajara-nino-de-9-anos-muere-ahogado-en-piscina-municipal\/\" \/>\n<meta property=\"og:site_name\" content=\"Diario 21\" \/>\n<meta property=\"article:published_time\" content=\"2025-06-29T08:21:37+00:00\" \/>\n<meta property=\"article:modified_time\" content=\"2025-06-29T08:21:38+00:00\" \/>\n<meta property=\"og:image\" content=\"https:\/\/www.diario21.tv\/noticias\/wp-content\/uploads\/2025\/06\/Tragedia-en-Guadalajara-Nino-de-9-anos-muere-ahogado-en.jpg\" \/>\n\t<meta property=\"og:image:width\" content=\"1200\" \/>\n\t<meta property=\"og:image:height\" content=\"840\" \/>\n\t<meta property=\"og:image:type\" content=\"image\/jpeg\" \/>\n<meta name=\"author\" content=\"Juan P\u00e9rez\" \/>\n<meta name=\"twitter:card\" content=\"summary_large_image\" \/>\n<meta name=\"twitter:label1\" content=\"Escrito por\" \/>\n\t<meta name=\"twitter:data1\" content=\"Juan P\u00e9rez\" \/>\n\t<meta name=\"twitter:label2\" content=\"Tiempo de lectura\" \/>\n\t<meta name=\"twitter:data2\" content=\"2 minutos\" \/>\n<script type=\"application\/ld+json\" class=\"yoast-schema-graph\">{\"@context\":\"https:\/\/schema.org\",\"@graph\":[{\"@type\":\"WebPage\",\"@id\":\"https:\/\/www.diario21.tv\/noticias\/tragedia-en-guadalajara-nino-de-9-anos-muere-ahogado-en-piscina-municipal\/\",\"url\":\"https:\/\/www.diario21.tv\/noticias\/tragedia-en-guadalajara-nino-de-9-anos-muere-ahogado-en-piscina-municipal\/\",\"name\":\"Tragedia en Guadalajara: Ni\u00f1o de 9 a\u00f1os muere ahogado en piscina municipal - Diario 21\",\"isPartOf\":{\"@id\":\"https:\/\/www.diario21.tv\/noticias\/#website\"},\"primaryImageOfPage\":{\"@id\":\"https:\/\/www.diario21.tv\/noticias\/tragedia-en-guadalajara-nino-de-9-anos-muere-ahogado-en-piscina-municipal\/#primaryimage\"},\"image\":{\"@id\":\"https:\/\/www.diario21.tv\/noticias\/tragedia-en-guadalajara-nino-de-9-anos-muere-ahogado-en-piscina-municipal\/#primaryimage\"},\"thumbnailUrl\":\"https:\/\/www.diario21.tv\/noticias\/wp-content\/uploads\/2025\/06\/Tragedia-en-Guadalajara-Nino-de-9-anos-muere-ahogado-en.jpg\",\"datePublished\":\"2025-06-29T08:21:37+00:00\",\"dateModified\":\"2025-06-29T08:21:38+00:00\",\"author\":{\"@id\":\"https:\/\/www.diario21.tv\/noticias\/#\/schema\/person\/dfb778f73814d8f09f302618446a526b\"},\"breadcrumb\":{\"@id\":\"https:\/\/www.diario21.tv\/noticias\/tragedia-en-guadalajara-nino-de-9-anos-muere-ahogado-en-piscina-municipal\/#breadcrumb\"},\"inLanguage\":\"es-AR\",\"potentialAction\":[{\"@type\":\"ReadAction\",\"target\":[\"https:\/\/www.diario21.tv\/noticias\/tragedia-en-guadalajara-nino-de-9-anos-muere-ahogado-en-piscina-municipal\/\"]}]},{\"@type\":\"ImageObject\",\"inLanguage\":\"es-AR\",\"@id\":\"https:\/\/www.diario21.tv\/noticias\/tragedia-en-guadalajara-nino-de-9-anos-muere-ahogado-en-piscina-municipal\/#primaryimage\",\"url\":\"https:\/\/www.diario21.tv\/noticias\/wp-content\/uploads\/2025\/06\/Tragedia-en-Guadalajara-Nino-de-9-anos-muere-ahogado-en.jpg\",\"contentUrl\":\"https:\/\/www.diario21.tv\/noticias\/wp-content\/uploads\/2025\/06\/Tragedia-en-Guadalajara-Nino-de-9-anos-muere-ahogado-en.jpg\",\"width\":1200,\"height\":840,\"caption\":\"Muere ahogado un ni\u00f1o de nueve a\u00f1os en una piscina municipal de Guadalajara\"},{\"@type\":\"BreadcrumbList\",\"@id\":\"https:\/\/www.diario21.tv\/noticias\/tragedia-en-guadalajara-nino-de-9-anos-muere-ahogado-en-piscina-municipal\/#breadcrumb\",\"itemListElement\":[{\"@type\":\"ListItem\",\"position\":1,\"name\":\"Accueil\",\"item\":\"https:\/\/www.diario21.tv\/noticias\/\"},{\"@type\":\"ListItem\",\"position\":2,\"name\":\"Tragedia en Guadalajara: Ni\u00f1o de 9 a\u00f1os muere ahogado en piscina municipal\"}]},{\"@type\":\"WebSite\",\"@id\":\"https:\/\/www.diario21.tv\/noticias\/#website\",\"url\":\"https:\/\/www.diario21.tv\/noticias\/\",\"name\":\"Diario 21\",\"description\":\"\",\"potentialAction\":[{\"@type\":\"SearchAction\",\"target\":{\"@type\":\"EntryPoint\",\"urlTemplate\":\"https:\/\/www.diario21.tv\/noticias\/?s={search_term_string}\"},\"query-input\":{\"@type\":\"PropertyValueSpecification\",\"valueRequired\":true,\"valueName\":\"search_term_string\"}}],\"inLanguage\":\"es-AR\"},{\"@type\":\"Person\",\"@id\":\"https:\/\/www.diario21.tv\/noticias\/#\/schema\/person\/dfb778f73814d8f09f302618446a526b\",\"name\":\"Juan P\u00e9rez\",\"image\":{\"@type\":\"ImageObject\",\"inLanguage\":\"es-AR\",\"@id\":\"https:\/\/www.diario21.tv\/noticias\/#\/schema\/person\/image\/\",\"url\":\"https:\/\/secure.gravatar.com\/avatar\/c478a405bd10621167f4c3167cc770f5?s=96&d=mm&r=g\",\"contentUrl\":\"https:\/\/secure.gravatar.com\/avatar\/c478a405bd10621167f4c3167cc770f5?s=96&d=mm&r=g\",\"caption\":\"Juan P\u00e9rez\"},\"description\":\"Juan P\u00e9rez es el redactor en jefe de Diario 21. Con m\u00e1s de 10 a\u00f1os de experiencia en el periodismo, se especializa en pol\u00edtica nacional y an\u00e1lisis socioecon\u00f3mico. Su enfoque cr\u00edtico y riguroso aporta una perspectiva \u00fanica a cada art\u00edculo.\",\"sameAs\":[\"https:\/\/www.diario21.tv\/noticias\/\"],\"url\":\"https:\/\/www.diario21.tv\/noticias\/author\/juan-perez\/\"}]}<\/script>\n<!-- \/ Yoast SEO plugin. -->","yoast_head_json":{"title":"Tragedia en Guadalajara: Ni\u00f1o de 9 a\u00f1os muere ahogado en piscina municipal - Diario 21","robots":{"index":"index","follow":"follow","max-snippet":"max-snippet:-1","max-image-preview":"max-image-preview:large","max-video-preview":"max-video-preview:-1"},"canonical":"https:\/\/www.diario21.tv\/noticias\/tragedia-en-guadalajara-nino-de-9-anos-muere-ahogado-en-piscina-municipal\/","og_locale":"es_ES","og_type":"article","og_title":"Tragedia en Guadalajara: Ni\u00f1o de 9 a\u00f1os muere ahogado en piscina municipal - Diario 21","og_description":"Tr\u00e1gico Suceso en Piscina Municipal: Fallece Ni\u00f1o de Nueve A\u00f1os Un lamentable incidente sacudi\u00f3 a la comunidad de Guadalajara el pasado fin de semana, cuando un ... Seguir leyendo &rarr;","og_url":"https:\/\/www.diario21.tv\/noticias\/tragedia-en-guadalajara-nino-de-9-anos-muere-ahogado-en-piscina-municipal\/","og_site_name":"Diario 21","article_published_time":"2025-06-29T08:21:37+00:00","article_modified_time":"2025-06-29T08:21:38+00:00","og_image":[{"width":1200,"height":840,"url":"https:\/\/www.diario21.tv\/noticias\/wp-content\/uploads\/2025\/06\/Tragedia-en-Guadalajara-Nino-de-9-anos-muere-ahogado-en.jpg","type":"image\/jpeg"}],"author":"Juan P\u00e9rez","twitter_card":"summary_large_image","twitter_misc":{"Escrito por":"Juan P\u00e9rez","Tiempo de lectura":"2 minutos"},"schema":{"@context":"https:\/\/schema.org","@graph":[{"@type":"WebPage","@id":"https:\/\/www.diario21.tv\/noticias\/tragedia-en-guadalajara-nino-de-9-anos-muere-ahogado-en-piscina-municipal\/","url":"https:\/\/www.diario21.tv\/noticias\/tragedia-en-guadalajara-nino-de-9-anos-muere-ahogado-en-piscina-municipal\/","name":"Tragedia en Guadalajara: Ni\u00f1o de 9 a\u00f1os muere ahogado en piscina municipal - Diario 21","isPartOf":{"@id":"https:\/\/www.diario21.tv\/noticias\/#website"},"primaryImageOfPage":{"@id":"https:\/\/www.diario21.tv\/noticias\/tragedia-en-guadalajara-nino-de-9-anos-muere-ahogado-en-piscina-municipal\/#primaryimage"},"image":{"@id":"https:\/\/www.diario21.tv\/noticias\/tragedia-en-guadalajara-nino-de-9-anos-muere-ahogado-en-piscina-municipal\/#primaryimage"},"thumbnailUrl":"https:\/\/www.diario21.tv\/noticias\/wp-content\/uploads\/2025\/06\/Tragedia-en-Guadalajara-Nino-de-9-anos-muere-ahogado-en.jpg","datePublished":"2025-06-29T08:21:37+00:00","dateModified":"2025-06-29T08:21:38+00:00","author":{"@id":"https:\/\/www.diario21.tv\/noticias\/#\/schema\/person\/dfb778f73814d8f09f302618446a526b"},"breadcrumb":{"@id":"https:\/\/www.diario21.tv\/noticias\/tragedia-en-guadalajara-nino-de-9-anos-muere-ahogado-en-piscina-municipal\/#breadcrumb"},"inLanguage":"es-AR","potentialAction":[{"@type":"ReadAction","target":["https:\/\/www.diario21.tv\/noticias\/tragedia-en-guadalajara-nino-de-9-anos-muere-ahogado-en-piscina-municipal\/"]}]},{"@type":"ImageObject","inLanguage":"es-AR","@id":"https:\/\/www.diario21.tv\/noticias\/tragedia-en-guadalajara-nino-de-9-anos-muere-ahogado-en-piscina-municipal\/#primaryimage","url":"https:\/\/www.diario21.tv\/noticias\/wp-content\/uploads\/2025\/06\/Tragedia-en-Guadalajara-Nino-de-9-anos-muere-ahogado-en.jpg","contentUrl":"https:\/\/www.diario21.tv\/noticias\/wp-content\/uploads\/2025\/06\/Tragedia-en-Guadalajara-Nino-de-9-anos-muere-ahogado-en.jpg","width":1200,"height":840,"caption":"Muere ahogado un ni\u00f1o de nueve a\u00f1os en una piscina municipal de Guadalajara"},{"@type":"BreadcrumbList","@id":"https:\/\/www.diario21.tv\/noticias\/tragedia-en-guadalajara-nino-de-9-anos-muere-ahogado-en-piscina-municipal\/#breadcrumb","itemListElement":[{"@type":"ListItem","position":1,"name":"Accueil","item":"https:\/\/www.diario21.tv\/noticias\/"},{"@type":"ListItem","position":2,"name":"Tragedia en Guadalajara: Ni\u00f1o de 9 a\u00f1os muere ahogado en piscina municipal"}]},{"@type":"WebSite","@id":"https:\/\/www.diario21.tv\/noticias\/#website","url":"https:\/\/www.diario21.tv\/noticias\/","name":"Diario 21","description":"","potentialAction":[{"@type":"SearchAction","target":{"@type":"EntryPoint","urlTemplate":"https:\/\/www.diario21.tv\/noticias\/?s={search_term_string}"},"query-input":{"@type":"PropertyValueSpecification","valueRequired":true,"valueName":"search_term_string"}}],"inLanguage":"es-AR"},{"@type":"Person","@id":"https:\/\/www.diario21.tv\/noticias\/#\/schema\/person\/dfb778f73814d8f09f302618446a526b","name":"Juan P\u00e9rez","image":{"@type":"ImageObject","inLanguage":"es-AR","@id":"https:\/\/www.diario21.tv\/noticias\/#\/schema\/person\/image\/","url":"https:\/\/secure.gravatar.com\/avatar\/c478a405bd10621167f4c3167cc770f5?s=96&d=mm&r=g","contentUrl":"https:\/\/secure.gravatar.com\/avatar\/c478a405bd10621167f4c3167cc770f5?s=96&d=mm&r=g","caption":"Juan P\u00e9rez"},"description":"Juan P\u00e9rez es el redactor en jefe de Diario 21. Con m\u00e1s de 10 a\u00f1os de experiencia en el periodismo, se especializa en pol\u00edtica nacional y an\u00e1lisis socioecon\u00f3mico. Su enfoque cr\u00edtico y riguroso aporta una perspectiva \u00fanica a cada art\u00edculo.","sameAs":["https:\/\/www.diario21.tv\/noticias\/"],"url":"https:\/\/www.diario21.tv\/noticias\/author\/juan-perez\/"}]}},"_links":{"self":[{"href":"https:\/\/www.diario21.tv\/noticias\/wp-json\/wp\/v2\/posts\/3640"}],"collection":[{"href":"https:\/\/www.diario21.tv\/noticias\/wp-json\/wp\/v2\/posts"}],"about":[{"href":"https:\/\/www.diario21.tv\/noticias\/wp-json\/wp\/v2\/types\/post"}],"author":[{"embeddable":true,"href":"https:\/\/www.diario21.tv\/noticias\/wp-json\/wp\/v2\/users\/20"}],"replies":[{"embeddable":true,"href":"https:\/\/www.diario21.tv\/noticias\/wp-json\/wp\/v2\/comments?post=3640"}],"version-history":[{"count":1,"href":"https:\/\/www.diario21.tv\/noticias\/wp-json\/wp\/v2\/posts\/3640\/revisions"}],"predecessor-version":[{"id":3642,"href":"https:\/\/www.diario21.tv\/noticias\/wp-json\/wp\/v2\/posts\/3640\/revisions\/3642"}],"wp:featuredmedia":[{"embeddable":true,"href":"https:\/\/www.diario21.tv\/noticias\/wp-json\/wp\/v2\/media\/3641"}],"wp:attachment":[{"href":"https:\/\/www.diario21.tv\/noticias\/wp-json\/wp\/v2\/media?parent=3640"}],"wp:term":[{"taxonomy":"category","embeddable":true,"href":"https:\/\/www.diario21.tv\/noticias\/wp-json\/wp\/v2\/categories?post=3640"},{"taxonomy":"post_tag","embeddable":true,"href":"https:\/\/www.diario21.tv\/noticias\/wp-json\/wp\/v2\/tags?post=3640"}],"curies":[{"name":"wp","href":"https:\/\/api.w.org\/{rel}","templated":true}]}}