{"id":3637,"date":"2025-06-29T02:18:03","date_gmt":"2025-06-29T02:18:03","guid":{"rendered":"https:\/\/www.diario21.tv\/noticias\/alerta-de-calor-extremo-descubre-por-que-35oc-no-afectan-igual-en-badajoz-que-en-galicia\/"},"modified":"2025-06-29T02:18:05","modified_gmt":"2025-06-29T02:18:05","slug":"alerta-de-calor-extremo-descubre-por-que-35oc-no-afectan-igual-en-badajoz-que-en-galicia","status":"publish","type":"post","link":"https:\/\/www.diario21.tv\/noticias\/alerta-de-calor-extremo-descubre-por-que-35oc-no-afectan-igual-en-badajoz-que-en-galicia\/","title":{"rendered":"\u00a1Alerta de calor extremo! Descubre por qu\u00e9 35\u00baC no afectan igual en Badajoz que en Galicia"},"content":{"rendered":"<h2>Las \u00e1reas m\u00e1s afectadas por la ola de calor: las diferencias clim\u00e1ticas regionales<\/h2>\n<p>Las olas de calor no afectan a todos los lugares de la misma manera, y esto es algo que se puede observar claramente en Espa\u00f1a, un pa\u00eds con una gran diversidad clim\u00e1tica. Experimentar 35 grados Celsius en Badajoz no tiene el mismo impacto que enfrentar esta temperatura en Galicia. Este art\u00edculo explora las razones detr\u00e1s de estas diferencias y c\u00f3mo afectan a las distintas regiones.<\/p>\n<h3>El impacto desigual del calor<\/h3>\n<p>En regiones como Badajoz, ubicada en Extremadura, las altas temperaturas son un fen\u00f3meno com\u00fan durante el verano. Los habitantes y la infraestructura de estas \u00e1reas est\u00e1n m\u00e1s adaptados al calor extremo. Las viviendas, por ejemplo, est\u00e1n dise\u00f1adas para mantener el fresco, con muros m\u00e1s gruesos y mejor aislamiento. Adem\u00e1s, la cultura local incluye siestas durante las horas m\u00e1s calurosas del d\u00eda, lo que ayuda a los residentes a evitar la exposici\u00f3n al sol en su punto m\u00e1ximo.<\/p>\n<p>Por otro lado, en Galicia, donde el clima tiende a ser m\u00e1s fresco y h\u00famedo durante gran parte del a\u00f1o, un d\u00eda de 35 grados Celsius es mucho menos com\u00fan y puede ser m\u00e1s dif\u00edcil de manejar tanto para las personas como para el entorno. La infraestructura en Galicia no est\u00e1 tan enfocada en combatir el calor, lo cual puede resultar en una sensaci\u00f3n de mayor incomodidad y un riesgo elevado de problemas relacionados con el calor.<\/p>\n<h3>Adaptaci\u00f3n y respuesta a las altas temperaturas<\/h3>\n<p>La diferencia en la frecuencia y la intensidad de las olas de calor en estas dos regiones tambi\u00e9n significa que las estrategias de adaptaci\u00f3n y respuesta var\u00edan significativamente. En Badajoz, los sistemas de alerta y las medidas de prevenci\u00f3n est\u00e1n bien establecidos, con planes de acci\u00f3n claros para proteger a la poblaci\u00f3n y a los sectores vulnerables como los agricultores, quienes dependen del clima para la gesti\u00f3n de sus cultivos.<\/p>\n<p>En contraste, Galicia puede encontrarse menos preparada para enfrentar temperaturas extremadamente altas. Esto puede llevar a una respuesta m\u00e1s lenta en emergencias relacionadas con el calor, afectando especialmente a aquellos sin acceso a aire acondicionado o a aquellos que trabajan al aire libre.<\/p>\n<h3>Consideraciones finales<\/h3>\n<p>Comprender las diferencias en c\u00f3mo las olas de calor afectan a distintas regiones no solo es crucial para la preparaci\u00f3n y respuesta inmediata, sino tambi\u00e9n para la planificaci\u00f3n a largo plazo. Mientras el cambio clim\u00e1tico contin\u00faa alterando los patrones meteorol\u00f3gicos, es importante que cada regi\u00f3n eval\u00fae y fortalezca sus estrategias de adaptaci\u00f3n basadas en sus caracter\u00edsticas clim\u00e1ticas espec\u00edficas.<\/p>\n<p>En resumen, aunque 35 grados Celsius pueden parecer simplemente un n\u00famero, el impacto real de esta temperatura puede variar enormemente dependiendo de donde uno se encuentre. Desde Badajoz hasta Galicia, la preparaci\u00f3n y adaptaci\u00f3n son clave para enfrentar los retos que presenta el cambio clim\u00e1tico y sus manifestaciones extremas como las olas de calor.<\/p>\n\n\n<div class=\"kk-star-ratings kksr-auto kksr-align-left kksr-valign-bottom\"\n    data-payload='{&quot;align&quot;:&quot;left&quot;,&quot;id&quot;:&quot;3637&quot;,&quot;slug&quot;:&quot;default&quot;,&quot;valign&quot;:&quot;bottom&quot;,&quot;ignore&quot;:&quot;&quot;,&quot;reference&quot;:&quot;auto&quot;,&quot;class&quot;:&quot;&quot;,&quot;count&quot;:&quot;0&quot;,&quot;legendonly&quot;:&quot;&quot;,&quot;readonly&quot;:&quot;&quot;,&quot;score&quot;:&quot;0&quot;,&quot;starsonly&quot;:&quot;&quot;,&quot;best&quot;:&quot;5&quot;,&quot;gap&quot;:&quot;5&quot;,&quot;greet&quot;:&quot;Valora este post&quot;,&quot;legend&quot;:&quot;0\\\/5 - (0 votes)&quot;,&quot;size&quot;:&quot;22&quot;,&quot;title&quot;:&quot;\u00a1Alerta de calor extremo! Descubre por qu\u00e9 35\u00baC no afectan igual en Badajoz que en Galicia&quot;,&quot;width&quot;:&quot;0&quot;,&quot;_legend&quot;:&quot;{score}\\\/{best} - ({count} {votes})&quot;,&quot;font_factor&quot;:&quot;1.25&quot;}'>\n            \n<div class=\"kksr-stars\">\n    \n<div class=\"kksr-stars-inactive\">\n            <div class=\"kksr-star\" data-star=\"1\" style=\"padding-right: 5px\">\n            \n\n<div class=\"kksr-icon\" style=\"width: 22px; height: 22px;\"><\/div>\n        <\/div>\n            <div class=\"kksr-star\" data-star=\"2\" style=\"padding-right: 5px\">\n            \n\n<div class=\"kksr-icon\" style=\"width: 22px; height: 22px;\"><\/div>\n        <\/div>\n            <div class=\"kksr-star\" data-star=\"3\" style=\"padding-right: 5px\">\n            \n\n<div class=\"kksr-icon\" style=\"width: 22px; height: 22px;\"><\/div>\n        <\/div>\n            <div class=\"kksr-star\" data-star=\"4\" style=\"padding-right: 5px\">\n            \n\n<div class=\"kksr-icon\" style=\"width: 22px; height: 22px;\"><\/div>\n        <\/div>\n            <div class=\"kksr-star\" data-star=\"5\" style=\"padding-right: 5px\">\n            \n\n<div class=\"kksr-icon\" style=\"width: 22px; height: 22px;\"><\/div>\n        <\/div>\n    <\/div>\n    \n<div class=\"kksr-stars-active\" style=\"width: 0px;\">\n            <div class=\"kksr-star\" style=\"padding-right: 5px\">\n            \n\n<div class=\"kksr-icon\" style=\"width: 22px; height: 22px;\"><\/div>\n        <\/div>\n            <div class=\"kksr-star\" style=\"padding-right: 5px\">\n            \n\n<div class=\"kksr-icon\" style=\"width: 22px; height: 22px;\"><\/div>\n        <\/div>\n            <div class=\"kksr-star\" style=\"padding-right: 5px\">\n            \n\n<div class=\"kksr-icon\" style=\"width: 22px; height: 22px;\"><\/div>\n        <\/div>\n            <div class=\"kksr-star\" style=\"padding-right: 5px\">\n            \n\n<div class=\"kksr-icon\" style=\"width: 22px; height: 22px;\"><\/div>\n        <\/div>\n            <div class=\"kksr-star\" style=\"padding-right: 5px\">\n            \n\n<div class=\"kksr-icon\" style=\"width: 22px; height: 22px;\"><\/div>\n        <\/div>\n    <\/div>\n<\/div>\n                \n\n<div class=\"kksr-legend\" style=\"font-size: 17.6px;\">\n            <span class=\"kksr-muted\">Valora este post<\/span>\n    <\/div>\n    <\/div>\n","protected":false},"excerpt":{"rendered":"<p>Las \u00e1reas m\u00e1s afectadas por la ola de calor: las diferencias clim\u00e1ticas regionales Las olas de calor no afectan a todos los lugares de la misma &#8230; <a title=\"\u00a1Alerta de calor extremo! Descubre por qu\u00e9 35\u00baC no afectan igual en Badajoz que en Galicia\" class=\"read-more\" href=\"https:\/\/www.diario21.tv\/noticias\/alerta-de-calor-extremo-descubre-por-que-35oc-no-afectan-igual-en-badajoz-que-en-galicia\/\" aria-label=\"Leer m\u00e1s sobre \u00a1Alerta de calor extremo! Descubre por qu\u00e9 35\u00baC no afectan igual en Badajoz que en Galicia\">Seguir leyendo &rarr;<\/a><\/p>\n","protected":false},"author":20,"featured_media":3638,"comment_status":"open","ping_status":"open","sticky":false,"template":"","format":"standard","meta":{"footnotes":""},"categories":[13],"tags":[],"class_list":["post-3637","post","type-post","status-publish","format-standard","has-post-thumbnail","hentry","category-portada"],"yoast_head":"<!-- This site is optimized with the Yoast SEO plugin v25.6 - https:\/\/yoast.com\/wordpress\/plugins\/seo\/ -->\n<title>\u00a1Alerta de calor extremo! Descubre por qu\u00e9 35\u00baC no afectan igual en Badajoz que en Galicia - Diario 21<\/title>\n<meta name=\"robots\" content=\"index, follow, max-snippet:-1, max-image-preview:large, max-video-preview:-1\" \/>\n<link rel=\"canonical\" href=\"https:\/\/www.diario21.tv\/noticias\/alerta-de-calor-extremo-descubre-por-que-35oc-no-afectan-igual-en-badajoz-que-en-galicia\/\" \/>\n<meta property=\"og:locale\" content=\"es_ES\" \/>\n<meta property=\"og:type\" content=\"article\" \/>\n<meta property=\"og:title\" content=\"\u00a1Alerta de calor extremo! Descubre por qu\u00e9 35\u00baC no afectan igual en Badajoz que en Galicia - Diario 21\" \/>\n<meta property=\"og:description\" content=\"Las \u00e1reas m\u00e1s afectadas por la ola de calor: las diferencias clim\u00e1ticas regionales Las olas de calor no afectan a todos los lugares de la misma ... Seguir leyendo &rarr;\" \/>\n<meta property=\"og:url\" content=\"https:\/\/www.diario21.tv\/noticias\/alerta-de-calor-extremo-descubre-por-que-35oc-no-afectan-igual-en-badajoz-que-en-galicia\/\" \/>\n<meta property=\"og:site_name\" content=\"Diario 21\" \/>\n<meta property=\"article:published_time\" content=\"2025-06-29T02:18:03+00:00\" \/>\n<meta property=\"article:modified_time\" content=\"2025-06-29T02:18:05+00:00\" \/>\n<meta property=\"og:image\" content=\"https:\/\/www.diario21.tv\/noticias\/wp-content\/uploads\/2025\/06\/\u00a1Alerta-de-calor-extremo-Descubre-por-que-35oC-no-afectan.jpg\" \/>\n\t<meta property=\"og:image:width\" content=\"1200\" \/>\n\t<meta property=\"og:image:height\" content=\"840\" \/>\n\t<meta property=\"og:image:type\" content=\"image\/jpeg\" \/>\n<meta name=\"author\" content=\"Juan P\u00e9rez\" \/>\n<meta name=\"twitter:card\" content=\"summary_large_image\" \/>\n<meta name=\"twitter:label1\" content=\"Escrito por\" \/>\n\t<meta name=\"twitter:data1\" content=\"Juan P\u00e9rez\" \/>\n\t<meta name=\"twitter:label2\" content=\"Tiempo de lectura\" \/>\n\t<meta name=\"twitter:data2\" content=\"3 minutos\" \/>\n<script type=\"application\/ld+json\" class=\"yoast-schema-graph\">{\"@context\":\"https:\/\/schema.org\",\"@graph\":[{\"@type\":\"WebPage\",\"@id\":\"https:\/\/www.diario21.tv\/noticias\/alerta-de-calor-extremo-descubre-por-que-35oc-no-afectan-igual-en-badajoz-que-en-galicia\/\",\"url\":\"https:\/\/www.diario21.tv\/noticias\/alerta-de-calor-extremo-descubre-por-que-35oc-no-afectan-igual-en-badajoz-que-en-galicia\/\",\"name\":\"\u00a1Alerta de calor extremo! Descubre por qu\u00e9 35\u00baC no afectan igual en Badajoz que en Galicia - Diario 21\",\"isPartOf\":{\"@id\":\"https:\/\/www.diario21.tv\/noticias\/#website\"},\"primaryImageOfPage\":{\"@id\":\"https:\/\/www.diario21.tv\/noticias\/alerta-de-calor-extremo-descubre-por-que-35oc-no-afectan-igual-en-badajoz-que-en-galicia\/#primaryimage\"},\"image\":{\"@id\":\"https:\/\/www.diario21.tv\/noticias\/alerta-de-calor-extremo-descubre-por-que-35oc-no-afectan-igual-en-badajoz-que-en-galicia\/#primaryimage\"},\"thumbnailUrl\":\"https:\/\/www.diario21.tv\/noticias\/wp-content\/uploads\/2025\/06\/\u00a1Alerta-de-calor-extremo-Descubre-por-que-35oC-no-afectan.jpg\",\"datePublished\":\"2025-06-29T02:18:03+00:00\",\"dateModified\":\"2025-06-29T02:18:05+00:00\",\"author\":{\"@id\":\"https:\/\/www.diario21.tv\/noticias\/#\/schema\/person\/dfb778f73814d8f09f302618446a526b\"},\"breadcrumb\":{\"@id\":\"https:\/\/www.diario21.tv\/noticias\/alerta-de-calor-extremo-descubre-por-que-35oc-no-afectan-igual-en-badajoz-que-en-galicia\/#breadcrumb\"},\"inLanguage\":\"es-AR\",\"potentialAction\":[{\"@type\":\"ReadAction\",\"target\":[\"https:\/\/www.diario21.tv\/noticias\/alerta-de-calor-extremo-descubre-por-que-35oc-no-afectan-igual-en-badajoz-que-en-galicia\/\"]}]},{\"@type\":\"ImageObject\",\"inLanguage\":\"es-AR\",\"@id\":\"https:\/\/www.diario21.tv\/noticias\/alerta-de-calor-extremo-descubre-por-que-35oc-no-afectan-igual-en-badajoz-que-en-galicia\/#primaryimage\",\"url\":\"https:\/\/www.diario21.tv\/noticias\/wp-content\/uploads\/2025\/06\/\u00a1Alerta-de-calor-extremo-Descubre-por-que-35oC-no-afectan.jpg\",\"contentUrl\":\"https:\/\/www.diario21.tv\/noticias\/wp-content\/uploads\/2025\/06\/\u00a1Alerta-de-calor-extremo-Descubre-por-que-35oC-no-afectan.jpg\",\"width\":1200,\"height\":840,\"caption\":\"Las regiones que m\u00e1s sufren la ola de calor: por qu\u00e9 no es lo mismo 35\u00baC en Badajoz que en Galicia\"},{\"@type\":\"BreadcrumbList\",\"@id\":\"https:\/\/www.diario21.tv\/noticias\/alerta-de-calor-extremo-descubre-por-que-35oc-no-afectan-igual-en-badajoz-que-en-galicia\/#breadcrumb\",\"itemListElement\":[{\"@type\":\"ListItem\",\"position\":1,\"name\":\"Accueil\",\"item\":\"https:\/\/www.diario21.tv\/noticias\/\"},{\"@type\":\"ListItem\",\"position\":2,\"name\":\"\u00a1Alerta de calor extremo! Descubre por qu\u00e9 35\u00baC no afectan igual en Badajoz que en Galicia\"}]},{\"@type\":\"WebSite\",\"@id\":\"https:\/\/www.diario21.tv\/noticias\/#website\",\"url\":\"https:\/\/www.diario21.tv\/noticias\/\",\"name\":\"Diario 21\",\"description\":\"\",\"potentialAction\":[{\"@type\":\"SearchAction\",\"target\":{\"@type\":\"EntryPoint\",\"urlTemplate\":\"https:\/\/www.diario21.tv\/noticias\/?s={search_term_string}\"},\"query-input\":{\"@type\":\"PropertyValueSpecification\",\"valueRequired\":true,\"valueName\":\"search_term_string\"}}],\"inLanguage\":\"es-AR\"},{\"@type\":\"Person\",\"@id\":\"https:\/\/www.diario21.tv\/noticias\/#\/schema\/person\/dfb778f73814d8f09f302618446a526b\",\"name\":\"Juan P\u00e9rez\",\"image\":{\"@type\":\"ImageObject\",\"inLanguage\":\"es-AR\",\"@id\":\"https:\/\/www.diario21.tv\/noticias\/#\/schema\/person\/image\/\",\"url\":\"https:\/\/secure.gravatar.com\/avatar\/c478a405bd10621167f4c3167cc770f5?s=96&d=mm&r=g\",\"contentUrl\":\"https:\/\/secure.gravatar.com\/avatar\/c478a405bd10621167f4c3167cc770f5?s=96&d=mm&r=g\",\"caption\":\"Juan P\u00e9rez\"},\"description\":\"Juan P\u00e9rez es el redactor en jefe de Diario 21. Con m\u00e1s de 10 a\u00f1os de experiencia en el periodismo, se especializa en pol\u00edtica nacional y an\u00e1lisis socioecon\u00f3mico. Su enfoque cr\u00edtico y riguroso aporta una perspectiva \u00fanica a cada art\u00edculo.\",\"sameAs\":[\"https:\/\/www.diario21.tv\/noticias\/\"],\"url\":\"https:\/\/www.diario21.tv\/noticias\/author\/juan-perez\/\"}]}<\/script>\n<!-- \/ Yoast SEO plugin. -->","yoast_head_json":{"title":"\u00a1Alerta de calor extremo! Descubre por qu\u00e9 35\u00baC no afectan igual en Badajoz que en Galicia - Diario 21","robots":{"index":"index","follow":"follow","max-snippet":"max-snippet:-1","max-image-preview":"max-image-preview:large","max-video-preview":"max-video-preview:-1"},"canonical":"https:\/\/www.diario21.tv\/noticias\/alerta-de-calor-extremo-descubre-por-que-35oc-no-afectan-igual-en-badajoz-que-en-galicia\/","og_locale":"es_ES","og_type":"article","og_title":"\u00a1Alerta de calor extremo! Descubre por qu\u00e9 35\u00baC no afectan igual en Badajoz que en Galicia - Diario 21","og_description":"Las \u00e1reas m\u00e1s afectadas por la ola de calor: las diferencias clim\u00e1ticas regionales Las olas de calor no afectan a todos los lugares de la misma ... Seguir leyendo &rarr;","og_url":"https:\/\/www.diario21.tv\/noticias\/alerta-de-calor-extremo-descubre-por-que-35oc-no-afectan-igual-en-badajoz-que-en-galicia\/","og_site_name":"Diario 21","article_published_time":"2025-06-29T02:18:03+00:00","article_modified_time":"2025-06-29T02:18:05+00:00","og_image":[{"width":1200,"height":840,"url":"https:\/\/www.diario21.tv\/noticias\/wp-content\/uploads\/2025\/06\/\u00a1Alerta-de-calor-extremo-Descubre-por-que-35oC-no-afectan.jpg","type":"image\/jpeg"}],"author":"Juan P\u00e9rez","twitter_card":"summary_large_image","twitter_misc":{"Escrito por":"Juan P\u00e9rez","Tiempo de lectura":"3 minutos"},"schema":{"@context":"https:\/\/schema.org","@graph":[{"@type":"WebPage","@id":"https:\/\/www.diario21.tv\/noticias\/alerta-de-calor-extremo-descubre-por-que-35oc-no-afectan-igual-en-badajoz-que-en-galicia\/","url":"https:\/\/www.diario21.tv\/noticias\/alerta-de-calor-extremo-descubre-por-que-35oc-no-afectan-igual-en-badajoz-que-en-galicia\/","name":"\u00a1Alerta de calor extremo! Descubre por qu\u00e9 35\u00baC no afectan igual en Badajoz que en Galicia - Diario 21","isPartOf":{"@id":"https:\/\/www.diario21.tv\/noticias\/#website"},"primaryImageOfPage":{"@id":"https:\/\/www.diario21.tv\/noticias\/alerta-de-calor-extremo-descubre-por-que-35oc-no-afectan-igual-en-badajoz-que-en-galicia\/#primaryimage"},"image":{"@id":"https:\/\/www.diario21.tv\/noticias\/alerta-de-calor-extremo-descubre-por-que-35oc-no-afectan-igual-en-badajoz-que-en-galicia\/#primaryimage"},"thumbnailUrl":"https:\/\/www.diario21.tv\/noticias\/wp-content\/uploads\/2025\/06\/\u00a1Alerta-de-calor-extremo-Descubre-por-que-35oC-no-afectan.jpg","datePublished":"2025-06-29T02:18:03+00:00","dateModified":"2025-06-29T02:18:05+00:00","author":{"@id":"https:\/\/www.diario21.tv\/noticias\/#\/schema\/person\/dfb778f73814d8f09f302618446a526b"},"breadcrumb":{"@id":"https:\/\/www.diario21.tv\/noticias\/alerta-de-calor-extremo-descubre-por-que-35oc-no-afectan-igual-en-badajoz-que-en-galicia\/#breadcrumb"},"inLanguage":"es-AR","potentialAction":[{"@type":"ReadAction","target":["https:\/\/www.diario21.tv\/noticias\/alerta-de-calor-extremo-descubre-por-que-35oc-no-afectan-igual-en-badajoz-que-en-galicia\/"]}]},{"@type":"ImageObject","inLanguage":"es-AR","@id":"https:\/\/www.diario21.tv\/noticias\/alerta-de-calor-extremo-descubre-por-que-35oc-no-afectan-igual-en-badajoz-que-en-galicia\/#primaryimage","url":"https:\/\/www.diario21.tv\/noticias\/wp-content\/uploads\/2025\/06\/\u00a1Alerta-de-calor-extremo-Descubre-por-que-35oC-no-afectan.jpg","contentUrl":"https:\/\/www.diario21.tv\/noticias\/wp-content\/uploads\/2025\/06\/\u00a1Alerta-de-calor-extremo-Descubre-por-que-35oC-no-afectan.jpg","width":1200,"height":840,"caption":"Las regiones que m\u00e1s sufren la ola de calor: por qu\u00e9 no es lo mismo 35\u00baC en Badajoz que en Galicia"},{"@type":"BreadcrumbList","@id":"https:\/\/www.diario21.tv\/noticias\/alerta-de-calor-extremo-descubre-por-que-35oc-no-afectan-igual-en-badajoz-que-en-galicia\/#breadcrumb","itemListElement":[{"@type":"ListItem","position":1,"name":"Accueil","item":"https:\/\/www.diario21.tv\/noticias\/"},{"@type":"ListItem","position":2,"name":"\u00a1Alerta de calor extremo! Descubre por qu\u00e9 35\u00baC no afectan igual en Badajoz que en Galicia"}]},{"@type":"WebSite","@id":"https:\/\/www.diario21.tv\/noticias\/#website","url":"https:\/\/www.diario21.tv\/noticias\/","name":"Diario 21","description":"","potentialAction":[{"@type":"SearchAction","target":{"@type":"EntryPoint","urlTemplate":"https:\/\/www.diario21.tv\/noticias\/?s={search_term_string}"},"query-input":{"@type":"PropertyValueSpecification","valueRequired":true,"valueName":"search_term_string"}}],"inLanguage":"es-AR"},{"@type":"Person","@id":"https:\/\/www.diario21.tv\/noticias\/#\/schema\/person\/dfb778f73814d8f09f302618446a526b","name":"Juan P\u00e9rez","image":{"@type":"ImageObject","inLanguage":"es-AR","@id":"https:\/\/www.diario21.tv\/noticias\/#\/schema\/person\/image\/","url":"https:\/\/secure.gravatar.com\/avatar\/c478a405bd10621167f4c3167cc770f5?s=96&d=mm&r=g","contentUrl":"https:\/\/secure.gravatar.com\/avatar\/c478a405bd10621167f4c3167cc770f5?s=96&d=mm&r=g","caption":"Juan P\u00e9rez"},"description":"Juan P\u00e9rez es el redactor en jefe de Diario 21. Con m\u00e1s de 10 a\u00f1os de experiencia en el periodismo, se especializa en pol\u00edtica nacional y an\u00e1lisis socioecon\u00f3mico. Su enfoque cr\u00edtico y riguroso aporta una perspectiva \u00fanica a cada art\u00edculo.","sameAs":["https:\/\/www.diario21.tv\/noticias\/"],"url":"https:\/\/www.diario21.tv\/noticias\/author\/juan-perez\/"}]}},"_links":{"self":[{"href":"https:\/\/www.diario21.tv\/noticias\/wp-json\/wp\/v2\/posts\/3637"}],"collection":[{"href":"https:\/\/www.diario21.tv\/noticias\/wp-json\/wp\/v2\/posts"}],"about":[{"href":"https:\/\/www.diario21.tv\/noticias\/wp-json\/wp\/v2\/types\/post"}],"author":[{"embeddable":true,"href":"https:\/\/www.diario21.tv\/noticias\/wp-json\/wp\/v2\/users\/20"}],"replies":[{"embeddable":true,"href":"https:\/\/www.diario21.tv\/noticias\/wp-json\/wp\/v2\/comments?post=3637"}],"version-history":[{"count":1,"href":"https:\/\/www.diario21.tv\/noticias\/wp-json\/wp\/v2\/posts\/3637\/revisions"}],"predecessor-version":[{"id":3639,"href":"https:\/\/www.diario21.tv\/noticias\/wp-json\/wp\/v2\/posts\/3637\/revisions\/3639"}],"wp:featuredmedia":[{"embeddable":true,"href":"https:\/\/www.diario21.tv\/noticias\/wp-json\/wp\/v2\/media\/3638"}],"wp:attachment":[{"href":"https:\/\/www.diario21.tv\/noticias\/wp-json\/wp\/v2\/media?parent=3637"}],"wp:term":[{"taxonomy":"category","embeddable":true,"href":"https:\/\/www.diario21.tv\/noticias\/wp-json\/wp\/v2\/categories?post=3637"},{"taxonomy":"post_tag","embeddable":true,"href":"https:\/\/www.diario21.tv\/noticias\/wp-json\/wp\/v2\/tags?post=3637"}],"curies":[{"name":"wp","href":"https:\/\/api.w.org\/{rel}","templated":true}]}}