{"id":3634,"date":"2025-06-28T20:17:22","date_gmt":"2025-06-28T20:17:22","guid":{"rendered":"https:\/\/www.diario21.tv\/noticias\/explosion-en-bar-de-murcia-fallecen-las-dos-victimas-mas-graves\/"},"modified":"2025-06-28T20:17:24","modified_gmt":"2025-06-28T20:17:24","slug":"explosion-en-bar-de-murcia-fallecen-las-dos-victimas-mas-graves","status":"publish","type":"post","link":"https:\/\/www.diario21.tv\/noticias\/explosion-en-bar-de-murcia-fallecen-las-dos-victimas-mas-graves\/","title":{"rendered":"Explosi\u00f3n en bar de Murcia: fallecen las dos v\u00edctimas m\u00e1s graves."},"content":{"rendered":"<h2> Fallecen las dos v\u00edctimas cr\u00edticas tras la explosi\u00f3n en un establecimiento en Murcia <\/h2>\n<p>En un lamentable suceso que conmocion\u00f3 a la comunidad local, las dos personas que resultaron gravemente heridas en la reciente explosi\u00f3n ocurrida en un bar de Murcia han fallecido. Este triste desenlace eleva el n\u00famero de v\u00edctimas mortales a tres, tras la muerte inicial de una persona el d\u00eda del incidente.<\/p>\n<h3> Detalles del incidente <\/h3>\n<p>El tr\u00e1gico evento tuvo lugar el pasado jueves en un conocido bar situado en el centro de la ciudad. Seg\u00fan informes preliminares de las autoridades, la explosi\u00f3n fue probablemente causada por una acumulaci\u00f3n de gases, aunque la investigaci\u00f3n a\u00fan est\u00e1 en curso para confirmar la exacta naturaleza y causa del siniestro.<\/p>\n<p>Las fuerzas de emergencia acudieron prontamente al lugar, donde encontraron a varios individuos heridos y grandes da\u00f1os materiales en el establecimiento. Entre los heridos, dos se encontraban en estado cr\u00edtico y fueron trasladados de urgencia al hospital m\u00e1s cercano.<\/p>\n<h3> Reacciones y medidas <\/h3>\n<p>La comunidad murciana ha mostrado una profunda consternaci\u00f3n y tristeza ante este acontecimiento. El alcalde de Murcia ha expresado su solidaridad con las familias de las v\u00edctimas y ha asegurado que se tomar\u00e1n todas las medidas necesarias para esclarecer las causas de la explosi\u00f3n y prevenir futuros incidentes.<\/p>\n<p>Adem\u00e1s, se ha anunciado que se realizar\u00e1 una revisi\u00f3n exhaustiva de las instalaciones de todos los locales similares en la ciudad para garantizar que cumplen con las normativas de seguridad vigentes. Este proceso de inspecci\u00f3n busca evitar que tragedias de este tipo se repitan y asegurar la seguridad de los ciudadanos.<\/p>\n<h3> Apoyo a las familidades afectadas <\/h3>\n<p>Las autoridades locales, junto con varias organizaciones de apoyo a v\u00edctimas, han comenzado a ofrecer asistencia a las familias de los afectados. Se han dispuesto servicios de apoyo emocional y asesoramiento legal para ayudar a los afectados a manejar las consecuencias de este devastador suceso.<\/p>\n<p>Este tr\u00e1gico incidente ha dejado una huella profunda en la comunidad de Murcia, recordando la importancia de la adherencia estricta a las normas de seguridad para proteger vidas.<\/p>\n\n\n<div class=\"kk-star-ratings kksr-auto kksr-align-left kksr-valign-bottom\"\n    data-payload='{&quot;align&quot;:&quot;left&quot;,&quot;id&quot;:&quot;3634&quot;,&quot;slug&quot;:&quot;default&quot;,&quot;valign&quot;:&quot;bottom&quot;,&quot;ignore&quot;:&quot;&quot;,&quot;reference&quot;:&quot;auto&quot;,&quot;class&quot;:&quot;&quot;,&quot;count&quot;:&quot;0&quot;,&quot;legendonly&quot;:&quot;&quot;,&quot;readonly&quot;:&quot;&quot;,&quot;score&quot;:&quot;0&quot;,&quot;starsonly&quot;:&quot;&quot;,&quot;best&quot;:&quot;5&quot;,&quot;gap&quot;:&quot;5&quot;,&quot;greet&quot;:&quot;Valora este post&quot;,&quot;legend&quot;:&quot;0\\\/5 - (0 votes)&quot;,&quot;size&quot;:&quot;22&quot;,&quot;title&quot;:&quot;Explosi\u00f3n en bar de Murcia: fallecen las dos v\u00edctimas m\u00e1s graves.&quot;,&quot;width&quot;:&quot;0&quot;,&quot;_legend&quot;:&quot;{score}\\\/{best} - ({count} {votes})&quot;,&quot;font_factor&quot;:&quot;1.25&quot;}'>\n            \n<div class=\"kksr-stars\">\n    \n<div class=\"kksr-stars-inactive\">\n            <div class=\"kksr-star\" data-star=\"1\" style=\"padding-right: 5px\">\n            \n\n<div class=\"kksr-icon\" style=\"width: 22px; height: 22px;\"><\/div>\n        <\/div>\n            <div class=\"kksr-star\" data-star=\"2\" style=\"padding-right: 5px\">\n            \n\n<div class=\"kksr-icon\" style=\"width: 22px; height: 22px;\"><\/div>\n        <\/div>\n            <div class=\"kksr-star\" data-star=\"3\" style=\"padding-right: 5px\">\n            \n\n<div class=\"kksr-icon\" style=\"width: 22px; height: 22px;\"><\/div>\n        <\/div>\n            <div class=\"kksr-star\" data-star=\"4\" style=\"padding-right: 5px\">\n            \n\n<div class=\"kksr-icon\" style=\"width: 22px; height: 22px;\"><\/div>\n        <\/div>\n            <div class=\"kksr-star\" data-star=\"5\" style=\"padding-right: 5px\">\n            \n\n<div class=\"kksr-icon\" style=\"width: 22px; height: 22px;\"><\/div>\n        <\/div>\n    <\/div>\n    \n<div class=\"kksr-stars-active\" style=\"width: 0px;\">\n            <div class=\"kksr-star\" style=\"padding-right: 5px\">\n            \n\n<div class=\"kksr-icon\" style=\"width: 22px; height: 22px;\"><\/div>\n        <\/div>\n            <div class=\"kksr-star\" style=\"padding-right: 5px\">\n            \n\n<div class=\"kksr-icon\" style=\"width: 22px; height: 22px;\"><\/div>\n        <\/div>\n            <div class=\"kksr-star\" style=\"padding-right: 5px\">\n            \n\n<div class=\"kksr-icon\" style=\"width: 22px; height: 22px;\"><\/div>\n        <\/div>\n            <div class=\"kksr-star\" style=\"padding-right: 5px\">\n            \n\n<div class=\"kksr-icon\" style=\"width: 22px; height: 22px;\"><\/div>\n        <\/div>\n            <div class=\"kksr-star\" style=\"padding-right: 5px\">\n            \n\n<div class=\"kksr-icon\" style=\"width: 22px; height: 22px;\"><\/div>\n        <\/div>\n    <\/div>\n<\/div>\n                \n\n<div class=\"kksr-legend\" style=\"font-size: 17.6px;\">\n            <span class=\"kksr-muted\">Valora este post<\/span>\n    <\/div>\n    <\/div>\n","protected":false},"excerpt":{"rendered":"<p>Fallecen las dos v\u00edctimas cr\u00edticas tras la explosi\u00f3n en un establecimiento en Murcia En un lamentable suceso que conmocion\u00f3 a la comunidad local, las dos personas &#8230; <a title=\"Explosi\u00f3n en bar de Murcia: fallecen las dos v\u00edctimas m\u00e1s graves.\" class=\"read-more\" href=\"https:\/\/www.diario21.tv\/noticias\/explosion-en-bar-de-murcia-fallecen-las-dos-victimas-mas-graves\/\" aria-label=\"Leer m\u00e1s sobre Explosi\u00f3n en bar de Murcia: fallecen las dos v\u00edctimas m\u00e1s graves.\">Seguir leyendo &rarr;<\/a><\/p>\n","protected":false},"author":20,"featured_media":3635,"comment_status":"open","ping_status":"open","sticky":false,"template":"","format":"standard","meta":{"footnotes":""},"categories":[13],"tags":[],"class_list":["post-3634","post","type-post","status-publish","format-standard","has-post-thumbnail","hentry","category-portada"],"yoast_head":"<!-- This site is optimized with the Yoast SEO plugin v25.6 - https:\/\/yoast.com\/wordpress\/plugins\/seo\/ -->\n<title>Explosi\u00f3n en bar de Murcia: fallecen las dos v\u00edctimas m\u00e1s graves. - Diario 21<\/title>\n<meta name=\"robots\" content=\"index, follow, max-snippet:-1, max-image-preview:large, max-video-preview:-1\" \/>\n<link rel=\"canonical\" href=\"https:\/\/www.diario21.tv\/noticias\/explosion-en-bar-de-murcia-fallecen-las-dos-victimas-mas-graves\/\" \/>\n<meta property=\"og:locale\" content=\"es_ES\" \/>\n<meta property=\"og:type\" content=\"article\" \/>\n<meta property=\"og:title\" content=\"Explosi\u00f3n en bar de Murcia: fallecen las dos v\u00edctimas m\u00e1s graves. - Diario 21\" \/>\n<meta property=\"og:description\" content=\"Fallecen las dos v\u00edctimas cr\u00edticas tras la explosi\u00f3n en un establecimiento en Murcia En un lamentable suceso que conmocion\u00f3 a la comunidad local, las dos personas ... Seguir leyendo &rarr;\" \/>\n<meta property=\"og:url\" content=\"https:\/\/www.diario21.tv\/noticias\/explosion-en-bar-de-murcia-fallecen-las-dos-victimas-mas-graves\/\" \/>\n<meta property=\"og:site_name\" content=\"Diario 21\" \/>\n<meta property=\"article:published_time\" content=\"2025-06-28T20:17:22+00:00\" \/>\n<meta property=\"article:modified_time\" content=\"2025-06-28T20:17:24+00:00\" \/>\n<meta property=\"og:image\" content=\"https:\/\/www.diario21.tv\/noticias\/wp-content\/uploads\/2025\/06\/Explosion-en-bar-de-Murcia-fallecen-las-dos-victimas-mas.png\" \/>\n\t<meta property=\"og:image:width\" content=\"1200\" \/>\n\t<meta property=\"og:image:height\" content=\"840\" \/>\n\t<meta property=\"og:image:type\" content=\"image\/png\" \/>\n<meta name=\"author\" content=\"Juan P\u00e9rez\" \/>\n<meta name=\"twitter:card\" content=\"summary_large_image\" \/>\n<meta name=\"twitter:label1\" content=\"Escrito por\" \/>\n\t<meta name=\"twitter:data1\" content=\"Juan P\u00e9rez\" \/>\n\t<meta name=\"twitter:label2\" content=\"Tiempo de lectura\" \/>\n\t<meta name=\"twitter:data2\" content=\"2 minutos\" \/>\n<script type=\"application\/ld+json\" class=\"yoast-schema-graph\">{\"@context\":\"https:\/\/schema.org\",\"@graph\":[{\"@type\":\"WebPage\",\"@id\":\"https:\/\/www.diario21.tv\/noticias\/explosion-en-bar-de-murcia-fallecen-las-dos-victimas-mas-graves\/\",\"url\":\"https:\/\/www.diario21.tv\/noticias\/explosion-en-bar-de-murcia-fallecen-las-dos-victimas-mas-graves\/\",\"name\":\"Explosi\u00f3n en bar de Murcia: fallecen las dos v\u00edctimas m\u00e1s graves. - Diario 21\",\"isPartOf\":{\"@id\":\"https:\/\/www.diario21.tv\/noticias\/#website\"},\"primaryImageOfPage\":{\"@id\":\"https:\/\/www.diario21.tv\/noticias\/explosion-en-bar-de-murcia-fallecen-las-dos-victimas-mas-graves\/#primaryimage\"},\"image\":{\"@id\":\"https:\/\/www.diario21.tv\/noticias\/explosion-en-bar-de-murcia-fallecen-las-dos-victimas-mas-graves\/#primaryimage\"},\"thumbnailUrl\":\"https:\/\/www.diario21.tv\/noticias\/wp-content\/uploads\/2025\/06\/Explosion-en-bar-de-Murcia-fallecen-las-dos-victimas-mas.png\",\"datePublished\":\"2025-06-28T20:17:22+00:00\",\"dateModified\":\"2025-06-28T20:17:24+00:00\",\"author\":{\"@id\":\"https:\/\/www.diario21.tv\/noticias\/#\/schema\/person\/dfb778f73814d8f09f302618446a526b\"},\"breadcrumb\":{\"@id\":\"https:\/\/www.diario21.tv\/noticias\/explosion-en-bar-de-murcia-fallecen-las-dos-victimas-mas-graves\/#breadcrumb\"},\"inLanguage\":\"es-AR\",\"potentialAction\":[{\"@type\":\"ReadAction\",\"target\":[\"https:\/\/www.diario21.tv\/noticias\/explosion-en-bar-de-murcia-fallecen-las-dos-victimas-mas-graves\/\"]}]},{\"@type\":\"ImageObject\",\"inLanguage\":\"es-AR\",\"@id\":\"https:\/\/www.diario21.tv\/noticias\/explosion-en-bar-de-murcia-fallecen-las-dos-victimas-mas-graves\/#primaryimage\",\"url\":\"https:\/\/www.diario21.tv\/noticias\/wp-content\/uploads\/2025\/06\/Explosion-en-bar-de-Murcia-fallecen-las-dos-victimas-mas.png\",\"contentUrl\":\"https:\/\/www.diario21.tv\/noticias\/wp-content\/uploads\/2025\/06\/Explosion-en-bar-de-Murcia-fallecen-las-dos-victimas-mas.png\",\"width\":1200,\"height\":840,\"caption\":\"Mueren las dos heridas de mayor gravedad en la explosi\u00f3n de un bar en Murcia\"},{\"@type\":\"BreadcrumbList\",\"@id\":\"https:\/\/www.diario21.tv\/noticias\/explosion-en-bar-de-murcia-fallecen-las-dos-victimas-mas-graves\/#breadcrumb\",\"itemListElement\":[{\"@type\":\"ListItem\",\"position\":1,\"name\":\"Accueil\",\"item\":\"https:\/\/www.diario21.tv\/noticias\/\"},{\"@type\":\"ListItem\",\"position\":2,\"name\":\"Explosi\u00f3n en bar de Murcia: fallecen las dos v\u00edctimas m\u00e1s graves.\"}]},{\"@type\":\"WebSite\",\"@id\":\"https:\/\/www.diario21.tv\/noticias\/#website\",\"url\":\"https:\/\/www.diario21.tv\/noticias\/\",\"name\":\"Diario 21\",\"description\":\"\",\"potentialAction\":[{\"@type\":\"SearchAction\",\"target\":{\"@type\":\"EntryPoint\",\"urlTemplate\":\"https:\/\/www.diario21.tv\/noticias\/?s={search_term_string}\"},\"query-input\":{\"@type\":\"PropertyValueSpecification\",\"valueRequired\":true,\"valueName\":\"search_term_string\"}}],\"inLanguage\":\"es-AR\"},{\"@type\":\"Person\",\"@id\":\"https:\/\/www.diario21.tv\/noticias\/#\/schema\/person\/dfb778f73814d8f09f302618446a526b\",\"name\":\"Juan P\u00e9rez\",\"image\":{\"@type\":\"ImageObject\",\"inLanguage\":\"es-AR\",\"@id\":\"https:\/\/www.diario21.tv\/noticias\/#\/schema\/person\/image\/\",\"url\":\"https:\/\/secure.gravatar.com\/avatar\/c478a405bd10621167f4c3167cc770f5?s=96&d=mm&r=g\",\"contentUrl\":\"https:\/\/secure.gravatar.com\/avatar\/c478a405bd10621167f4c3167cc770f5?s=96&d=mm&r=g\",\"caption\":\"Juan P\u00e9rez\"},\"description\":\"Juan P\u00e9rez es el redactor en jefe de Diario 21. Con m\u00e1s de 10 a\u00f1os de experiencia en el periodismo, se especializa en pol\u00edtica nacional y an\u00e1lisis socioecon\u00f3mico. Su enfoque cr\u00edtico y riguroso aporta una perspectiva \u00fanica a cada art\u00edculo.\",\"sameAs\":[\"https:\/\/www.diario21.tv\/noticias\/\"],\"url\":\"https:\/\/www.diario21.tv\/noticias\/author\/juan-perez\/\"}]}<\/script>\n<!-- \/ Yoast SEO plugin. -->","yoast_head_json":{"title":"Explosi\u00f3n en bar de Murcia: fallecen las dos v\u00edctimas m\u00e1s graves. - Diario 21","robots":{"index":"index","follow":"follow","max-snippet":"max-snippet:-1","max-image-preview":"max-image-preview:large","max-video-preview":"max-video-preview:-1"},"canonical":"https:\/\/www.diario21.tv\/noticias\/explosion-en-bar-de-murcia-fallecen-las-dos-victimas-mas-graves\/","og_locale":"es_ES","og_type":"article","og_title":"Explosi\u00f3n en bar de Murcia: fallecen las dos v\u00edctimas m\u00e1s graves. - Diario 21","og_description":"Fallecen las dos v\u00edctimas cr\u00edticas tras la explosi\u00f3n en un establecimiento en Murcia En un lamentable suceso que conmocion\u00f3 a la comunidad local, las dos personas ... Seguir leyendo &rarr;","og_url":"https:\/\/www.diario21.tv\/noticias\/explosion-en-bar-de-murcia-fallecen-las-dos-victimas-mas-graves\/","og_site_name":"Diario 21","article_published_time":"2025-06-28T20:17:22+00:00","article_modified_time":"2025-06-28T20:17:24+00:00","og_image":[{"width":1200,"height":840,"url":"https:\/\/www.diario21.tv\/noticias\/wp-content\/uploads\/2025\/06\/Explosion-en-bar-de-Murcia-fallecen-las-dos-victimas-mas.png","type":"image\/png"}],"author":"Juan P\u00e9rez","twitter_card":"summary_large_image","twitter_misc":{"Escrito por":"Juan P\u00e9rez","Tiempo de lectura":"2 minutos"},"schema":{"@context":"https:\/\/schema.org","@graph":[{"@type":"WebPage","@id":"https:\/\/www.diario21.tv\/noticias\/explosion-en-bar-de-murcia-fallecen-las-dos-victimas-mas-graves\/","url":"https:\/\/www.diario21.tv\/noticias\/explosion-en-bar-de-murcia-fallecen-las-dos-victimas-mas-graves\/","name":"Explosi\u00f3n en bar de Murcia: fallecen las dos v\u00edctimas m\u00e1s graves. - Diario 21","isPartOf":{"@id":"https:\/\/www.diario21.tv\/noticias\/#website"},"primaryImageOfPage":{"@id":"https:\/\/www.diario21.tv\/noticias\/explosion-en-bar-de-murcia-fallecen-las-dos-victimas-mas-graves\/#primaryimage"},"image":{"@id":"https:\/\/www.diario21.tv\/noticias\/explosion-en-bar-de-murcia-fallecen-las-dos-victimas-mas-graves\/#primaryimage"},"thumbnailUrl":"https:\/\/www.diario21.tv\/noticias\/wp-content\/uploads\/2025\/06\/Explosion-en-bar-de-Murcia-fallecen-las-dos-victimas-mas.png","datePublished":"2025-06-28T20:17:22+00:00","dateModified":"2025-06-28T20:17:24+00:00","author":{"@id":"https:\/\/www.diario21.tv\/noticias\/#\/schema\/person\/dfb778f73814d8f09f302618446a526b"},"breadcrumb":{"@id":"https:\/\/www.diario21.tv\/noticias\/explosion-en-bar-de-murcia-fallecen-las-dos-victimas-mas-graves\/#breadcrumb"},"inLanguage":"es-AR","potentialAction":[{"@type":"ReadAction","target":["https:\/\/www.diario21.tv\/noticias\/explosion-en-bar-de-murcia-fallecen-las-dos-victimas-mas-graves\/"]}]},{"@type":"ImageObject","inLanguage":"es-AR","@id":"https:\/\/www.diario21.tv\/noticias\/explosion-en-bar-de-murcia-fallecen-las-dos-victimas-mas-graves\/#primaryimage","url":"https:\/\/www.diario21.tv\/noticias\/wp-content\/uploads\/2025\/06\/Explosion-en-bar-de-Murcia-fallecen-las-dos-victimas-mas.png","contentUrl":"https:\/\/www.diario21.tv\/noticias\/wp-content\/uploads\/2025\/06\/Explosion-en-bar-de-Murcia-fallecen-las-dos-victimas-mas.png","width":1200,"height":840,"caption":"Mueren las dos heridas de mayor gravedad en la explosi\u00f3n de un bar en Murcia"},{"@type":"BreadcrumbList","@id":"https:\/\/www.diario21.tv\/noticias\/explosion-en-bar-de-murcia-fallecen-las-dos-victimas-mas-graves\/#breadcrumb","itemListElement":[{"@type":"ListItem","position":1,"name":"Accueil","item":"https:\/\/www.diario21.tv\/noticias\/"},{"@type":"ListItem","position":2,"name":"Explosi\u00f3n en bar de Murcia: fallecen las dos v\u00edctimas m\u00e1s graves."}]},{"@type":"WebSite","@id":"https:\/\/www.diario21.tv\/noticias\/#website","url":"https:\/\/www.diario21.tv\/noticias\/","name":"Diario 21","description":"","potentialAction":[{"@type":"SearchAction","target":{"@type":"EntryPoint","urlTemplate":"https:\/\/www.diario21.tv\/noticias\/?s={search_term_string}"},"query-input":{"@type":"PropertyValueSpecification","valueRequired":true,"valueName":"search_term_string"}}],"inLanguage":"es-AR"},{"@type":"Person","@id":"https:\/\/www.diario21.tv\/noticias\/#\/schema\/person\/dfb778f73814d8f09f302618446a526b","name":"Juan P\u00e9rez","image":{"@type":"ImageObject","inLanguage":"es-AR","@id":"https:\/\/www.diario21.tv\/noticias\/#\/schema\/person\/image\/","url":"https:\/\/secure.gravatar.com\/avatar\/c478a405bd10621167f4c3167cc770f5?s=96&d=mm&r=g","contentUrl":"https:\/\/secure.gravatar.com\/avatar\/c478a405bd10621167f4c3167cc770f5?s=96&d=mm&r=g","caption":"Juan P\u00e9rez"},"description":"Juan P\u00e9rez es el redactor en jefe de Diario 21. Con m\u00e1s de 10 a\u00f1os de experiencia en el periodismo, se especializa en pol\u00edtica nacional y an\u00e1lisis socioecon\u00f3mico. Su enfoque cr\u00edtico y riguroso aporta una perspectiva \u00fanica a cada art\u00edculo.","sameAs":["https:\/\/www.diario21.tv\/noticias\/"],"url":"https:\/\/www.diario21.tv\/noticias\/author\/juan-perez\/"}]}},"_links":{"self":[{"href":"https:\/\/www.diario21.tv\/noticias\/wp-json\/wp\/v2\/posts\/3634"}],"collection":[{"href":"https:\/\/www.diario21.tv\/noticias\/wp-json\/wp\/v2\/posts"}],"about":[{"href":"https:\/\/www.diario21.tv\/noticias\/wp-json\/wp\/v2\/types\/post"}],"author":[{"embeddable":true,"href":"https:\/\/www.diario21.tv\/noticias\/wp-json\/wp\/v2\/users\/20"}],"replies":[{"embeddable":true,"href":"https:\/\/www.diario21.tv\/noticias\/wp-json\/wp\/v2\/comments?post=3634"}],"version-history":[{"count":1,"href":"https:\/\/www.diario21.tv\/noticias\/wp-json\/wp\/v2\/posts\/3634\/revisions"}],"predecessor-version":[{"id":3636,"href":"https:\/\/www.diario21.tv\/noticias\/wp-json\/wp\/v2\/posts\/3634\/revisions\/3636"}],"wp:featuredmedia":[{"embeddable":true,"href":"https:\/\/www.diario21.tv\/noticias\/wp-json\/wp\/v2\/media\/3635"}],"wp:attachment":[{"href":"https:\/\/www.diario21.tv\/noticias\/wp-json\/wp\/v2\/media?parent=3634"}],"wp:term":[{"taxonomy":"category","embeddable":true,"href":"https:\/\/www.diario21.tv\/noticias\/wp-json\/wp\/v2\/categories?post=3634"},{"taxonomy":"post_tag","embeddable":true,"href":"https:\/\/www.diario21.tv\/noticias\/wp-json\/wp\/v2\/tags?post=3634"}],"curies":[{"name":"wp","href":"https:\/\/api.w.org\/{rel}","templated":true}]}}