{"id":3628,"date":"2025-06-28T08:11:31","date_gmt":"2025-06-28T08:11:31","guid":{"rendered":"https:\/\/www.diario21.tv\/noticias\/duplicado-jovenes-creen-que-la-violencia-de-genero-es-un-mito-ideologico\/"},"modified":"2025-06-28T08:11:33","modified_gmt":"2025-06-28T08:11:33","slug":"duplicado-jovenes-creen-que-la-violencia-de-genero-es-un-mito-ideologico","status":"publish","type":"post","link":"https:\/\/www.diario21.tv\/noticias\/duplicado-jovenes-creen-que-la-violencia-de-genero-es-un-mito-ideologico\/","title":{"rendered":"Duplicado: J\u00f3venes creen que la violencia de g\u00e9nero es un mito ideol\u00f3gico"},"content":{"rendered":"<h2>El Doble de J\u00f3venes Cree que la Violencia de G\u00e9nero es una Construcci\u00f3n Ideol\u00f3gica<\/h2>\n<p>En los \u00faltimos tiempos, ha habido un notable incremento en la cantidad de j\u00f3venes que perciben la violencia de g\u00e9nero como una creaci\u00f3n ideol\u00f3gica. Este cambio de percepci\u00f3n sugiere un desaf\u00edo creciente para los movimientos de derechos humanos y las organizaciones que trabajan incansablemente para combatir la violencia de g\u00e9nero en todas sus formas.<\/p>\n<h3>An\u00e1lisis de la Percepci\u00f3n Juvenil<\/h3>\n<p>Estudios recientes indican que la proporci\u00f3n de j\u00f3venes que identifican la violencia de g\u00e9nero como un producto de ideolog\u00edas particulares ha aumentado considerablemente. Hace apenas unos a\u00f1os, esta perspectiva era mucho menos com\u00fan. Sin embargo, hoy en d\u00eda, un segmento m\u00e1s amplio de la poblaci\u00f3n joven cuestiona la legitimidad y las bases de las campa\u00f1as contra la violencia de g\u00e9nero, consider\u00e1ndolas parte de agendas pol\u00edticas espec\u00edficas.<\/p>\n<p>Este escepticismo no solo afecta la eficacia de las campa\u00f1as de sensibilizaci\u00f3n, sino que tambi\u00e9n podr\u00eda tener repercusiones a largo plazo en la lucha por la igualdad de g\u00e9nero y en la protecci\u00f3n de los derechos de las mujeres y las ni\u00f1as.<\/p>\n<h3>Implicaciones para la Educaci\u00f3n y la Pol\u00edtica<\/h3>\n<p>Este aumento en la percepci\u00f3n de la violencia de g\u00e9nero como una invenci\u00f3n ideol\u00f3gica demanda una respuesta educativa y pol\u00edtica m\u00e1s robusta. La educaci\u00f3n juega un papel crucial en la conformaci\u00f3n de las actitudes y creencias de los j\u00f3venes. Por ello, es fundamental que los curr\u00edculos escolares y las iniciativas educativas aborden de manera efectiva y clara la realidad de la violencia de g\u00e9nero, desmontando mitos y proporcionando una base s\u00f3lida de conocimientos que permita a los j\u00f3venes formar opiniones informadas basadas en hechos y no en ret\u00f3rica pol\u00edtica.<\/p>\n<p>Por otro lado, los responsables de formular pol\u00edticas deben considerar estos cambios en la percepci\u00f3n juvenil al dise\u00f1ar e implementar pol\u00edticas que promuevan la igualdad de g\u00e9nero y combatan la violencia contra las mujeres de manera efectiva. Es crucial que las pol\u00edticas no solo aborden las consecuencias de la violencia de g\u00e9nero, sino que tambi\u00e9n trabajen para erradicar las ra\u00edces culturales y sociales que permiten que esta violencia persista.<\/p>\n<h3>Conclusi\u00f3n<\/h3>\n<p>La duplicaci\u00f3n en el n\u00famero de j\u00f3venes que ven la violencia de g\u00e9nero como un constructo ideol\u00f3gico es un fen\u00f3meno preocupante que requiere atenci\u00f3n inmediata. Las organizaciones dedicadas a la lucha contra la violencia de g\u00e9nero deben adaptar sus estrategias para comunicar de manera m\u00e1s efectiva la gravedad y la prevalencia de este problema. Al mismo tiempo, es imperativo que el sistema educativo y los creadores de pol\u00edticas p\u00fablicas refuercen sus esfuerzos para educar a los j\u00f3venes sobre la importancia de reconocer y combatir la violencia de g\u00e9nero en todas sus formas. Solo a trav\u00e9s de un enfoque multifac\u00e9tico y comprometido, podremos esperar ver un cambio en esta tendencia alarmante y asegurar un futuro m\u00e1s justo y seguro para todas las personas, sin importar su g\u00e9nero.<\/p>\n\n\n<div class=\"kk-star-ratings kksr-auto kksr-align-left kksr-valign-bottom\"\n    data-payload='{&quot;align&quot;:&quot;left&quot;,&quot;id&quot;:&quot;3628&quot;,&quot;slug&quot;:&quot;default&quot;,&quot;valign&quot;:&quot;bottom&quot;,&quot;ignore&quot;:&quot;&quot;,&quot;reference&quot;:&quot;auto&quot;,&quot;class&quot;:&quot;&quot;,&quot;count&quot;:&quot;0&quot;,&quot;legendonly&quot;:&quot;&quot;,&quot;readonly&quot;:&quot;&quot;,&quot;score&quot;:&quot;0&quot;,&quot;starsonly&quot;:&quot;&quot;,&quot;best&quot;:&quot;5&quot;,&quot;gap&quot;:&quot;5&quot;,&quot;greet&quot;:&quot;Valora este post&quot;,&quot;legend&quot;:&quot;0\\\/5 - (0 votes)&quot;,&quot;size&quot;:&quot;22&quot;,&quot;title&quot;:&quot;Duplicado: J\u00f3venes creen que la violencia de g\u00e9nero es un mito ideol\u00f3gico&quot;,&quot;width&quot;:&quot;0&quot;,&quot;_legend&quot;:&quot;{score}\\\/{best} - ({count} {votes})&quot;,&quot;font_factor&quot;:&quot;1.25&quot;}'>\n            \n<div class=\"kksr-stars\">\n    \n<div class=\"kksr-stars-inactive\">\n            <div class=\"kksr-star\" data-star=\"1\" style=\"padding-right: 5px\">\n            \n\n<div class=\"kksr-icon\" style=\"width: 22px; height: 22px;\"><\/div>\n        <\/div>\n            <div class=\"kksr-star\" data-star=\"2\" style=\"padding-right: 5px\">\n            \n\n<div class=\"kksr-icon\" style=\"width: 22px; height: 22px;\"><\/div>\n        <\/div>\n            <div class=\"kksr-star\" data-star=\"3\" style=\"padding-right: 5px\">\n            \n\n<div class=\"kksr-icon\" style=\"width: 22px; height: 22px;\"><\/div>\n        <\/div>\n            <div class=\"kksr-star\" data-star=\"4\" style=\"padding-right: 5px\">\n            \n\n<div class=\"kksr-icon\" style=\"width: 22px; height: 22px;\"><\/div>\n        <\/div>\n            <div class=\"kksr-star\" data-star=\"5\" style=\"padding-right: 5px\">\n            \n\n<div class=\"kksr-icon\" style=\"width: 22px; height: 22px;\"><\/div>\n        <\/div>\n    <\/div>\n    \n<div class=\"kksr-stars-active\" style=\"width: 0px;\">\n            <div class=\"kksr-star\" style=\"padding-right: 5px\">\n            \n\n<div class=\"kksr-icon\" style=\"width: 22px; height: 22px;\"><\/div>\n        <\/div>\n            <div class=\"kksr-star\" style=\"padding-right: 5px\">\n            \n\n<div class=\"kksr-icon\" style=\"width: 22px; height: 22px;\"><\/div>\n        <\/div>\n            <div class=\"kksr-star\" style=\"padding-right: 5px\">\n            \n\n<div class=\"kksr-icon\" style=\"width: 22px; height: 22px;\"><\/div>\n        <\/div>\n            <div class=\"kksr-star\" style=\"padding-right: 5px\">\n            \n\n<div class=\"kksr-icon\" style=\"width: 22px; height: 22px;\"><\/div>\n        <\/div>\n            <div class=\"kksr-star\" style=\"padding-right: 5px\">\n            \n\n<div class=\"kksr-icon\" style=\"width: 22px; height: 22px;\"><\/div>\n        <\/div>\n    <\/div>\n<\/div>\n                \n\n<div class=\"kksr-legend\" style=\"font-size: 17.6px;\">\n            <span class=\"kksr-muted\">Valora este post<\/span>\n    <\/div>\n    <\/div>\n","protected":false},"excerpt":{"rendered":"<p>El Doble de J\u00f3venes Cree que la Violencia de G\u00e9nero es una Construcci\u00f3n Ideol\u00f3gica En los \u00faltimos tiempos, ha habido un notable incremento en la cantidad &#8230; <a title=\"Duplicado: J\u00f3venes creen que la violencia de g\u00e9nero es un mito ideol\u00f3gico\" class=\"read-more\" href=\"https:\/\/www.diario21.tv\/noticias\/duplicado-jovenes-creen-que-la-violencia-de-genero-es-un-mito-ideologico\/\" aria-label=\"Leer m\u00e1s sobre Duplicado: J\u00f3venes creen que la violencia de g\u00e9nero es un mito ideol\u00f3gico\">Seguir leyendo &rarr;<\/a><\/p>\n","protected":false},"author":20,"featured_media":3629,"comment_status":"open","ping_status":"open","sticky":false,"template":"","format":"standard","meta":{"footnotes":""},"categories":[13],"tags":[],"class_list":["post-3628","post","type-post","status-publish","format-standard","has-post-thumbnail","hentry","category-portada"],"yoast_head":"<!-- This site is optimized with the Yoast SEO plugin v25.6 - https:\/\/yoast.com\/wordpress\/plugins\/seo\/ -->\n<title>Duplicado: J\u00f3venes creen que la violencia de g\u00e9nero es un mito ideol\u00f3gico - Diario 21<\/title>\n<meta name=\"robots\" content=\"index, follow, max-snippet:-1, max-image-preview:large, max-video-preview:-1\" \/>\n<link rel=\"canonical\" href=\"https:\/\/www.diario21.tv\/noticias\/duplicado-jovenes-creen-que-la-violencia-de-genero-es-un-mito-ideologico\/\" \/>\n<meta property=\"og:locale\" content=\"es_ES\" \/>\n<meta property=\"og:type\" content=\"article\" \/>\n<meta property=\"og:title\" content=\"Duplicado: J\u00f3venes creen que la violencia de g\u00e9nero es un mito ideol\u00f3gico - Diario 21\" \/>\n<meta property=\"og:description\" content=\"El Doble de J\u00f3venes Cree que la Violencia de G\u00e9nero es una Construcci\u00f3n Ideol\u00f3gica En los \u00faltimos tiempos, ha habido un notable incremento en la cantidad ... Seguir leyendo &rarr;\" \/>\n<meta property=\"og:url\" content=\"https:\/\/www.diario21.tv\/noticias\/duplicado-jovenes-creen-que-la-violencia-de-genero-es-un-mito-ideologico\/\" \/>\n<meta property=\"og:site_name\" content=\"Diario 21\" \/>\n<meta property=\"article:published_time\" content=\"2025-06-28T08:11:31+00:00\" \/>\n<meta property=\"article:modified_time\" content=\"2025-06-28T08:11:33+00:00\" \/>\n<meta property=\"og:image\" content=\"https:\/\/www.diario21.tv\/noticias\/wp-content\/uploads\/2025\/06\/Duplicado-Jovenes-creen-que-la-violencia-de-genero-es-un.jpg\" \/>\n\t<meta property=\"og:image:width\" content=\"1200\" \/>\n\t<meta property=\"og:image:height\" content=\"840\" \/>\n\t<meta property=\"og:image:type\" content=\"image\/jpeg\" \/>\n<meta name=\"author\" content=\"Juan P\u00e9rez\" \/>\n<meta name=\"twitter:card\" content=\"summary_large_image\" \/>\n<meta name=\"twitter:label1\" content=\"Escrito por\" \/>\n\t<meta name=\"twitter:data1\" content=\"Juan P\u00e9rez\" \/>\n\t<meta name=\"twitter:label2\" content=\"Tiempo de lectura\" \/>\n\t<meta name=\"twitter:data2\" content=\"3 minutos\" \/>\n<script type=\"application\/ld+json\" class=\"yoast-schema-graph\">{\"@context\":\"https:\/\/schema.org\",\"@graph\":[{\"@type\":\"WebPage\",\"@id\":\"https:\/\/www.diario21.tv\/noticias\/duplicado-jovenes-creen-que-la-violencia-de-genero-es-un-mito-ideologico\/\",\"url\":\"https:\/\/www.diario21.tv\/noticias\/duplicado-jovenes-creen-que-la-violencia-de-genero-es-un-mito-ideologico\/\",\"name\":\"Duplicado: J\u00f3venes creen que la violencia de g\u00e9nero es un mito ideol\u00f3gico - Diario 21\",\"isPartOf\":{\"@id\":\"https:\/\/www.diario21.tv\/noticias\/#website\"},\"primaryImageOfPage\":{\"@id\":\"https:\/\/www.diario21.tv\/noticias\/duplicado-jovenes-creen-que-la-violencia-de-genero-es-un-mito-ideologico\/#primaryimage\"},\"image\":{\"@id\":\"https:\/\/www.diario21.tv\/noticias\/duplicado-jovenes-creen-que-la-violencia-de-genero-es-un-mito-ideologico\/#primaryimage\"},\"thumbnailUrl\":\"https:\/\/www.diario21.tv\/noticias\/wp-content\/uploads\/2025\/06\/Duplicado-Jovenes-creen-que-la-violencia-de-genero-es-un.jpg\",\"datePublished\":\"2025-06-28T08:11:31+00:00\",\"dateModified\":\"2025-06-28T08:11:33+00:00\",\"author\":{\"@id\":\"https:\/\/www.diario21.tv\/noticias\/#\/schema\/person\/dfb778f73814d8f09f302618446a526b\"},\"breadcrumb\":{\"@id\":\"https:\/\/www.diario21.tv\/noticias\/duplicado-jovenes-creen-que-la-violencia-de-genero-es-un-mito-ideologico\/#breadcrumb\"},\"inLanguage\":\"es-AR\",\"potentialAction\":[{\"@type\":\"ReadAction\",\"target\":[\"https:\/\/www.diario21.tv\/noticias\/duplicado-jovenes-creen-que-la-violencia-de-genero-es-un-mito-ideologico\/\"]}]},{\"@type\":\"ImageObject\",\"inLanguage\":\"es-AR\",\"@id\":\"https:\/\/www.diario21.tv\/noticias\/duplicado-jovenes-creen-que-la-violencia-de-genero-es-un-mito-ideologico\/#primaryimage\",\"url\":\"https:\/\/www.diario21.tv\/noticias\/wp-content\/uploads\/2025\/06\/Duplicado-Jovenes-creen-que-la-violencia-de-genero-es-un.jpg\",\"contentUrl\":\"https:\/\/www.diario21.tv\/noticias\/wp-content\/uploads\/2025\/06\/Duplicado-Jovenes-creen-que-la-violencia-de-genero-es-un.jpg\",\"width\":1200,\"height\":840,\"caption\":\"Se duplican los j\u00f3venes que consideran la violencia de g\u00e9nero un invento ideol\u00f3gico\"},{\"@type\":\"BreadcrumbList\",\"@id\":\"https:\/\/www.diario21.tv\/noticias\/duplicado-jovenes-creen-que-la-violencia-de-genero-es-un-mito-ideologico\/#breadcrumb\",\"itemListElement\":[{\"@type\":\"ListItem\",\"position\":1,\"name\":\"Accueil\",\"item\":\"https:\/\/www.diario21.tv\/noticias\/\"},{\"@type\":\"ListItem\",\"position\":2,\"name\":\"Duplicado: J\u00f3venes creen que la violencia de g\u00e9nero es un mito ideol\u00f3gico\"}]},{\"@type\":\"WebSite\",\"@id\":\"https:\/\/www.diario21.tv\/noticias\/#website\",\"url\":\"https:\/\/www.diario21.tv\/noticias\/\",\"name\":\"Diario 21\",\"description\":\"\",\"potentialAction\":[{\"@type\":\"SearchAction\",\"target\":{\"@type\":\"EntryPoint\",\"urlTemplate\":\"https:\/\/www.diario21.tv\/noticias\/?s={search_term_string}\"},\"query-input\":{\"@type\":\"PropertyValueSpecification\",\"valueRequired\":true,\"valueName\":\"search_term_string\"}}],\"inLanguage\":\"es-AR\"},{\"@type\":\"Person\",\"@id\":\"https:\/\/www.diario21.tv\/noticias\/#\/schema\/person\/dfb778f73814d8f09f302618446a526b\",\"name\":\"Juan P\u00e9rez\",\"image\":{\"@type\":\"ImageObject\",\"inLanguage\":\"es-AR\",\"@id\":\"https:\/\/www.diario21.tv\/noticias\/#\/schema\/person\/image\/\",\"url\":\"https:\/\/secure.gravatar.com\/avatar\/c478a405bd10621167f4c3167cc770f5?s=96&d=mm&r=g\",\"contentUrl\":\"https:\/\/secure.gravatar.com\/avatar\/c478a405bd10621167f4c3167cc770f5?s=96&d=mm&r=g\",\"caption\":\"Juan P\u00e9rez\"},\"description\":\"Juan P\u00e9rez es el redactor en jefe de Diario 21. Con m\u00e1s de 10 a\u00f1os de experiencia en el periodismo, se especializa en pol\u00edtica nacional y an\u00e1lisis socioecon\u00f3mico. Su enfoque cr\u00edtico y riguroso aporta una perspectiva \u00fanica a cada art\u00edculo.\",\"sameAs\":[\"https:\/\/www.diario21.tv\/noticias\/\"],\"url\":\"https:\/\/www.diario21.tv\/noticias\/author\/juan-perez\/\"}]}<\/script>\n<!-- \/ Yoast SEO plugin. -->","yoast_head_json":{"title":"Duplicado: J\u00f3venes creen que la violencia de g\u00e9nero es un mito ideol\u00f3gico - Diario 21","robots":{"index":"index","follow":"follow","max-snippet":"max-snippet:-1","max-image-preview":"max-image-preview:large","max-video-preview":"max-video-preview:-1"},"canonical":"https:\/\/www.diario21.tv\/noticias\/duplicado-jovenes-creen-que-la-violencia-de-genero-es-un-mito-ideologico\/","og_locale":"es_ES","og_type":"article","og_title":"Duplicado: J\u00f3venes creen que la violencia de g\u00e9nero es un mito ideol\u00f3gico - Diario 21","og_description":"El Doble de J\u00f3venes Cree que la Violencia de G\u00e9nero es una Construcci\u00f3n Ideol\u00f3gica En los \u00faltimos tiempos, ha habido un notable incremento en la cantidad ... Seguir leyendo &rarr;","og_url":"https:\/\/www.diario21.tv\/noticias\/duplicado-jovenes-creen-que-la-violencia-de-genero-es-un-mito-ideologico\/","og_site_name":"Diario 21","article_published_time":"2025-06-28T08:11:31+00:00","article_modified_time":"2025-06-28T08:11:33+00:00","og_image":[{"width":1200,"height":840,"url":"https:\/\/www.diario21.tv\/noticias\/wp-content\/uploads\/2025\/06\/Duplicado-Jovenes-creen-que-la-violencia-de-genero-es-un.jpg","type":"image\/jpeg"}],"author":"Juan P\u00e9rez","twitter_card":"summary_large_image","twitter_misc":{"Escrito por":"Juan P\u00e9rez","Tiempo de lectura":"3 minutos"},"schema":{"@context":"https:\/\/schema.org","@graph":[{"@type":"WebPage","@id":"https:\/\/www.diario21.tv\/noticias\/duplicado-jovenes-creen-que-la-violencia-de-genero-es-un-mito-ideologico\/","url":"https:\/\/www.diario21.tv\/noticias\/duplicado-jovenes-creen-que-la-violencia-de-genero-es-un-mito-ideologico\/","name":"Duplicado: J\u00f3venes creen que la violencia de g\u00e9nero es un mito ideol\u00f3gico - Diario 21","isPartOf":{"@id":"https:\/\/www.diario21.tv\/noticias\/#website"},"primaryImageOfPage":{"@id":"https:\/\/www.diario21.tv\/noticias\/duplicado-jovenes-creen-que-la-violencia-de-genero-es-un-mito-ideologico\/#primaryimage"},"image":{"@id":"https:\/\/www.diario21.tv\/noticias\/duplicado-jovenes-creen-que-la-violencia-de-genero-es-un-mito-ideologico\/#primaryimage"},"thumbnailUrl":"https:\/\/www.diario21.tv\/noticias\/wp-content\/uploads\/2025\/06\/Duplicado-Jovenes-creen-que-la-violencia-de-genero-es-un.jpg","datePublished":"2025-06-28T08:11:31+00:00","dateModified":"2025-06-28T08:11:33+00:00","author":{"@id":"https:\/\/www.diario21.tv\/noticias\/#\/schema\/person\/dfb778f73814d8f09f302618446a526b"},"breadcrumb":{"@id":"https:\/\/www.diario21.tv\/noticias\/duplicado-jovenes-creen-que-la-violencia-de-genero-es-un-mito-ideologico\/#breadcrumb"},"inLanguage":"es-AR","potentialAction":[{"@type":"ReadAction","target":["https:\/\/www.diario21.tv\/noticias\/duplicado-jovenes-creen-que-la-violencia-de-genero-es-un-mito-ideologico\/"]}]},{"@type":"ImageObject","inLanguage":"es-AR","@id":"https:\/\/www.diario21.tv\/noticias\/duplicado-jovenes-creen-que-la-violencia-de-genero-es-un-mito-ideologico\/#primaryimage","url":"https:\/\/www.diario21.tv\/noticias\/wp-content\/uploads\/2025\/06\/Duplicado-Jovenes-creen-que-la-violencia-de-genero-es-un.jpg","contentUrl":"https:\/\/www.diario21.tv\/noticias\/wp-content\/uploads\/2025\/06\/Duplicado-Jovenes-creen-que-la-violencia-de-genero-es-un.jpg","width":1200,"height":840,"caption":"Se duplican los j\u00f3venes que consideran la violencia de g\u00e9nero un invento ideol\u00f3gico"},{"@type":"BreadcrumbList","@id":"https:\/\/www.diario21.tv\/noticias\/duplicado-jovenes-creen-que-la-violencia-de-genero-es-un-mito-ideologico\/#breadcrumb","itemListElement":[{"@type":"ListItem","position":1,"name":"Accueil","item":"https:\/\/www.diario21.tv\/noticias\/"},{"@type":"ListItem","position":2,"name":"Duplicado: J\u00f3venes creen que la violencia de g\u00e9nero es un mito ideol\u00f3gico"}]},{"@type":"WebSite","@id":"https:\/\/www.diario21.tv\/noticias\/#website","url":"https:\/\/www.diario21.tv\/noticias\/","name":"Diario 21","description":"","potentialAction":[{"@type":"SearchAction","target":{"@type":"EntryPoint","urlTemplate":"https:\/\/www.diario21.tv\/noticias\/?s={search_term_string}"},"query-input":{"@type":"PropertyValueSpecification","valueRequired":true,"valueName":"search_term_string"}}],"inLanguage":"es-AR"},{"@type":"Person","@id":"https:\/\/www.diario21.tv\/noticias\/#\/schema\/person\/dfb778f73814d8f09f302618446a526b","name":"Juan P\u00e9rez","image":{"@type":"ImageObject","inLanguage":"es-AR","@id":"https:\/\/www.diario21.tv\/noticias\/#\/schema\/person\/image\/","url":"https:\/\/secure.gravatar.com\/avatar\/c478a405bd10621167f4c3167cc770f5?s=96&d=mm&r=g","contentUrl":"https:\/\/secure.gravatar.com\/avatar\/c478a405bd10621167f4c3167cc770f5?s=96&d=mm&r=g","caption":"Juan P\u00e9rez"},"description":"Juan P\u00e9rez es el redactor en jefe de Diario 21. Con m\u00e1s de 10 a\u00f1os de experiencia en el periodismo, se especializa en pol\u00edtica nacional y an\u00e1lisis socioecon\u00f3mico. Su enfoque cr\u00edtico y riguroso aporta una perspectiva \u00fanica a cada art\u00edculo.","sameAs":["https:\/\/www.diario21.tv\/noticias\/"],"url":"https:\/\/www.diario21.tv\/noticias\/author\/juan-perez\/"}]}},"_links":{"self":[{"href":"https:\/\/www.diario21.tv\/noticias\/wp-json\/wp\/v2\/posts\/3628"}],"collection":[{"href":"https:\/\/www.diario21.tv\/noticias\/wp-json\/wp\/v2\/posts"}],"about":[{"href":"https:\/\/www.diario21.tv\/noticias\/wp-json\/wp\/v2\/types\/post"}],"author":[{"embeddable":true,"href":"https:\/\/www.diario21.tv\/noticias\/wp-json\/wp\/v2\/users\/20"}],"replies":[{"embeddable":true,"href":"https:\/\/www.diario21.tv\/noticias\/wp-json\/wp\/v2\/comments?post=3628"}],"version-history":[{"count":1,"href":"https:\/\/www.diario21.tv\/noticias\/wp-json\/wp\/v2\/posts\/3628\/revisions"}],"predecessor-version":[{"id":3630,"href":"https:\/\/www.diario21.tv\/noticias\/wp-json\/wp\/v2\/posts\/3628\/revisions\/3630"}],"wp:featuredmedia":[{"embeddable":true,"href":"https:\/\/www.diario21.tv\/noticias\/wp-json\/wp\/v2\/media\/3629"}],"wp:attachment":[{"href":"https:\/\/www.diario21.tv\/noticias\/wp-json\/wp\/v2\/media?parent=3628"}],"wp:term":[{"taxonomy":"category","embeddable":true,"href":"https:\/\/www.diario21.tv\/noticias\/wp-json\/wp\/v2\/categories?post=3628"},{"taxonomy":"post_tag","embeddable":true,"href":"https:\/\/www.diario21.tv\/noticias\/wp-json\/wp\/v2\/tags?post=3628"}],"curies":[{"name":"wp","href":"https:\/\/api.w.org\/{rel}","templated":true}]}}