{"id":3622,"date":"2025-06-27T20:09:22","date_gmt":"2025-06-27T20:09:22","guid":{"rendered":"https:\/\/www.diario21.tv\/noticias\/multas-por-conducir-en-chanclas-la-guardia-civil-y-la-dgt-responden\/"},"modified":"2025-06-27T20:09:23","modified_gmt":"2025-06-27T20:09:23","slug":"multas-por-conducir-en-chanclas-la-guardia-civil-y-la-dgt-responden","status":"publish","type":"post","link":"https:\/\/www.diario21.tv\/noticias\/multas-por-conducir-en-chanclas-la-guardia-civil-y-la-dgt-responden\/","title":{"rendered":"\u00bfMultas por conducir en chanclas? La Guardia Civil y la DGT responden"},"content":{"rendered":"<h2>\u00bfEs Legal Conducir Usando Chanclas?<\/h2>\n<p>Conducir con chanclas es una pr\u00e1ctica com\u00fan, especialmente en los meses de verano. Sin embargo, esta costumbre puede generar dudas sobre su legalidad y las posibles consecuencias, como multas. Tanto la Guardia Civil como la Direcci\u00f3n General de Tr\u00e1fico (DGT) han ofrecido clarificaciones al respecto para orientar a los conductores.<\/p>\n<h3>Normativa de Tr\u00e1fico y Calzado Adecuado<\/h3>\n<p>Aunque no existe una ley espec\u00edfica que proh\u00edba conducir con chanclas o cualquier tipo de calzado en particular, es crucial entender que la normativa vigente exige que el conductor mantenga el control total y continuo del veh\u00edculo. El uso de chanclas puede comprometer este control, ya que pueden deslizarse o quedarse enganchadas en los pedales, lo que aumenta el riesgo de accidentes.<\/p>\n<p>La DGT ha indicado que, seg\u00fan el art\u00edculo 17 del Reglamento General de Circulaci\u00f3n, los conductores deben garantizar su propia libertad de movimiento y el campo de visi\u00f3n adecuado, as\u00ed como mantener la atenci\u00f3n permanente en la conducci\u00f3n. Estos requisitos pueden verse afectados si el calzado no es el apropiado, como es el caso de las chanclas.<\/p>\n<h3>Posibles Sanciones por Conducir con Chanclas<\/h3>\n<p>Si bien conducir con chanclas no es una infracci\u00f3n directa, puede ser considerado una conducta negligente si resulta en una falta de control del veh\u00edculo. En tales casos, los agentes de tr\u00e1fico pueden imponer multas. La cuant\u00eda de estas sanciones puede variar, pero generalmente se sit\u00faa en torno a los 80 a 200 euros, dependiendo de la gravedad de la situaci\u00f3n y si se considera que el uso de chanclas ha comprometido la seguridad vial.<\/p>\n<h3>Recomendaciones para Conducir de Manera Segura<\/h3>\n<p>La Guardia Civil y la DGT recomiendan usar calzado que asegure el buen manejo y control de los pedales. El calzado debe ser c\u00f3modo, no demasiado grueso ni demasiado delgado, y debe ajustarse bien al pie para evitar que se deslice o salga del pie mientras se conduce. Adem\u00e1s, es aconsejable evitar el uso de plataformas, tacones altos o cualquier calzado que limite la capacidad para realizar maniobras de manera efectiva.<\/p>\n<h3>Conclusi\u00f3n<\/h3>\n<p>Aunque no est\u00e1 espec\u00edficamente prohibido, conducir con chanclas puede ser motivo de sanci\u00f3n si esta elecci\u00f3n de calzado interfiere con la capacidad del conductor para operar el veh\u00edculo de manera segura. Es esencial optar por un calzado adecuado que no solo promueva la seguridad sino tambi\u00e9n comodidad durante la conducci\u00f3n. As\u00ed, se puede disfrutar de una conducci\u00f3n m\u00e1s segura y evitar posibles multas o accidentes en la carretera.<\/p>\n\n\n<div class=\"kk-star-ratings kksr-auto kksr-align-left kksr-valign-bottom\"\n    data-payload='{&quot;align&quot;:&quot;left&quot;,&quot;id&quot;:&quot;3622&quot;,&quot;slug&quot;:&quot;default&quot;,&quot;valign&quot;:&quot;bottom&quot;,&quot;ignore&quot;:&quot;&quot;,&quot;reference&quot;:&quot;auto&quot;,&quot;class&quot;:&quot;&quot;,&quot;count&quot;:&quot;0&quot;,&quot;legendonly&quot;:&quot;&quot;,&quot;readonly&quot;:&quot;&quot;,&quot;score&quot;:&quot;0&quot;,&quot;starsonly&quot;:&quot;&quot;,&quot;best&quot;:&quot;5&quot;,&quot;gap&quot;:&quot;5&quot;,&quot;greet&quot;:&quot;Valora este post&quot;,&quot;legend&quot;:&quot;0\\\/5 - (0 votes)&quot;,&quot;size&quot;:&quot;22&quot;,&quot;title&quot;:&quot;\u00bfMultas por conducir en chanclas? La Guardia Civil y la DGT responden&quot;,&quot;width&quot;:&quot;0&quot;,&quot;_legend&quot;:&quot;{score}\\\/{best} - ({count} {votes})&quot;,&quot;font_factor&quot;:&quot;1.25&quot;}'>\n            \n<div class=\"kksr-stars\">\n    \n<div class=\"kksr-stars-inactive\">\n            <div class=\"kksr-star\" data-star=\"1\" style=\"padding-right: 5px\">\n            \n\n<div class=\"kksr-icon\" style=\"width: 22px; height: 22px;\"><\/div>\n        <\/div>\n            <div class=\"kksr-star\" data-star=\"2\" style=\"padding-right: 5px\">\n            \n\n<div class=\"kksr-icon\" style=\"width: 22px; height: 22px;\"><\/div>\n        <\/div>\n            <div class=\"kksr-star\" data-star=\"3\" style=\"padding-right: 5px\">\n            \n\n<div class=\"kksr-icon\" style=\"width: 22px; height: 22px;\"><\/div>\n        <\/div>\n            <div class=\"kksr-star\" data-star=\"4\" style=\"padding-right: 5px\">\n            \n\n<div class=\"kksr-icon\" style=\"width: 22px; height: 22px;\"><\/div>\n        <\/div>\n            <div class=\"kksr-star\" data-star=\"5\" style=\"padding-right: 5px\">\n            \n\n<div class=\"kksr-icon\" style=\"width: 22px; height: 22px;\"><\/div>\n        <\/div>\n    <\/div>\n    \n<div class=\"kksr-stars-active\" style=\"width: 0px;\">\n            <div class=\"kksr-star\" style=\"padding-right: 5px\">\n            \n\n<div class=\"kksr-icon\" style=\"width: 22px; height: 22px;\"><\/div>\n        <\/div>\n            <div class=\"kksr-star\" style=\"padding-right: 5px\">\n            \n\n<div class=\"kksr-icon\" style=\"width: 22px; height: 22px;\"><\/div>\n        <\/div>\n            <div class=\"kksr-star\" style=\"padding-right: 5px\">\n            \n\n<div class=\"kksr-icon\" style=\"width: 22px; height: 22px;\"><\/div>\n        <\/div>\n            <div class=\"kksr-star\" style=\"padding-right: 5px\">\n            \n\n<div class=\"kksr-icon\" style=\"width: 22px; height: 22px;\"><\/div>\n        <\/div>\n            <div class=\"kksr-star\" style=\"padding-right: 5px\">\n            \n\n<div class=\"kksr-icon\" style=\"width: 22px; height: 22px;\"><\/div>\n        <\/div>\n    <\/div>\n<\/div>\n                \n\n<div class=\"kksr-legend\" style=\"font-size: 17.6px;\">\n            <span class=\"kksr-muted\">Valora este post<\/span>\n    <\/div>\n    <\/div>\n","protected":false},"excerpt":{"rendered":"<p>\u00bfEs Legal Conducir Usando Chanclas? Conducir con chanclas es una pr\u00e1ctica com\u00fan, especialmente en los meses de verano. Sin embargo, esta costumbre puede generar dudas sobre &#8230; <a title=\"\u00bfMultas por conducir en chanclas? La Guardia Civil y la DGT responden\" class=\"read-more\" href=\"https:\/\/www.diario21.tv\/noticias\/multas-por-conducir-en-chanclas-la-guardia-civil-y-la-dgt-responden\/\" aria-label=\"Leer m\u00e1s sobre \u00bfMultas por conducir en chanclas? La Guardia Civil y la DGT responden\">Seguir leyendo &rarr;<\/a><\/p>\n","protected":false},"author":20,"featured_media":3623,"comment_status":"open","ping_status":"open","sticky":false,"template":"","format":"standard","meta":{"footnotes":""},"categories":[13],"tags":[],"class_list":["post-3622","post","type-post","status-publish","format-standard","has-post-thumbnail","hentry","category-portada"],"yoast_head":"<!-- This site is optimized with the Yoast SEO plugin v25.6 - https:\/\/yoast.com\/wordpress\/plugins\/seo\/ -->\n<title>\u00bfMultas por conducir en chanclas? La Guardia Civil y la DGT responden - Diario 21<\/title>\n<meta name=\"robots\" content=\"index, follow, max-snippet:-1, max-image-preview:large, max-video-preview:-1\" \/>\n<link rel=\"canonical\" href=\"https:\/\/www.diario21.tv\/noticias\/multas-por-conducir-en-chanclas-la-guardia-civil-y-la-dgt-responden\/\" \/>\n<meta property=\"og:locale\" content=\"es_ES\" \/>\n<meta property=\"og:type\" content=\"article\" \/>\n<meta property=\"og:title\" content=\"\u00bfMultas por conducir en chanclas? La Guardia Civil y la DGT responden - Diario 21\" \/>\n<meta property=\"og:description\" content=\"\u00bfEs Legal Conducir Usando Chanclas? Conducir con chanclas es una pr\u00e1ctica com\u00fan, especialmente en los meses de verano. Sin embargo, esta costumbre puede generar dudas sobre ... Seguir leyendo &rarr;\" \/>\n<meta property=\"og:url\" content=\"https:\/\/www.diario21.tv\/noticias\/multas-por-conducir-en-chanclas-la-guardia-civil-y-la-dgt-responden\/\" \/>\n<meta property=\"og:site_name\" content=\"Diario 21\" \/>\n<meta property=\"article:published_time\" content=\"2025-06-27T20:09:22+00:00\" \/>\n<meta property=\"article:modified_time\" content=\"2025-06-27T20:09:23+00:00\" \/>\n<meta property=\"og:image\" content=\"https:\/\/www.diario21.tv\/noticias\/wp-content\/uploads\/2025\/06\/\u00bfMultas-por-conducir-en-chanclas-La-Guardia-Civil-y-la.jpg\" \/>\n\t<meta property=\"og:image:width\" content=\"1200\" \/>\n\t<meta property=\"og:image:height\" content=\"840\" \/>\n\t<meta property=\"og:image:type\" content=\"image\/jpeg\" \/>\n<meta name=\"author\" content=\"Juan P\u00e9rez\" \/>\n<meta name=\"twitter:card\" content=\"summary_large_image\" \/>\n<meta name=\"twitter:label1\" content=\"Escrito por\" \/>\n\t<meta name=\"twitter:data1\" content=\"Juan P\u00e9rez\" \/>\n\t<meta name=\"twitter:label2\" content=\"Tiempo de lectura\" \/>\n\t<meta name=\"twitter:data2\" content=\"2 minutos\" \/>\n<script type=\"application\/ld+json\" class=\"yoast-schema-graph\">{\"@context\":\"https:\/\/schema.org\",\"@graph\":[{\"@type\":\"WebPage\",\"@id\":\"https:\/\/www.diario21.tv\/noticias\/multas-por-conducir-en-chanclas-la-guardia-civil-y-la-dgt-responden\/\",\"url\":\"https:\/\/www.diario21.tv\/noticias\/multas-por-conducir-en-chanclas-la-guardia-civil-y-la-dgt-responden\/\",\"name\":\"\u00bfMultas por conducir en chanclas? La Guardia Civil y la DGT responden - Diario 21\",\"isPartOf\":{\"@id\":\"https:\/\/www.diario21.tv\/noticias\/#website\"},\"primaryImageOfPage\":{\"@id\":\"https:\/\/www.diario21.tv\/noticias\/multas-por-conducir-en-chanclas-la-guardia-civil-y-la-dgt-responden\/#primaryimage\"},\"image\":{\"@id\":\"https:\/\/www.diario21.tv\/noticias\/multas-por-conducir-en-chanclas-la-guardia-civil-y-la-dgt-responden\/#primaryimage\"},\"thumbnailUrl\":\"https:\/\/www.diario21.tv\/noticias\/wp-content\/uploads\/2025\/06\/\u00bfMultas-por-conducir-en-chanclas-La-Guardia-Civil-y-la.jpg\",\"datePublished\":\"2025-06-27T20:09:22+00:00\",\"dateModified\":\"2025-06-27T20:09:23+00:00\",\"author\":{\"@id\":\"https:\/\/www.diario21.tv\/noticias\/#\/schema\/person\/dfb778f73814d8f09f302618446a526b\"},\"breadcrumb\":{\"@id\":\"https:\/\/www.diario21.tv\/noticias\/multas-por-conducir-en-chanclas-la-guardia-civil-y-la-dgt-responden\/#breadcrumb\"},\"inLanguage\":\"es-AR\",\"potentialAction\":[{\"@type\":\"ReadAction\",\"target\":[\"https:\/\/www.diario21.tv\/noticias\/multas-por-conducir-en-chanclas-la-guardia-civil-y-la-dgt-responden\/\"]}]},{\"@type\":\"ImageObject\",\"inLanguage\":\"es-AR\",\"@id\":\"https:\/\/www.diario21.tv\/noticias\/multas-por-conducir-en-chanclas-la-guardia-civil-y-la-dgt-responden\/#primaryimage\",\"url\":\"https:\/\/www.diario21.tv\/noticias\/wp-content\/uploads\/2025\/06\/\u00bfMultas-por-conducir-en-chanclas-La-Guardia-Civil-y-la.jpg\",\"contentUrl\":\"https:\/\/www.diario21.tv\/noticias\/wp-content\/uploads\/2025\/06\/\u00bfMultas-por-conducir-en-chanclas-La-Guardia-Civil-y-la.jpg\",\"width\":1200,\"height\":840,\"caption\":\"Conducir con chanclas: \u00bfte pueden multar? Guardia Civil y DGT lo aclaran\"},{\"@type\":\"BreadcrumbList\",\"@id\":\"https:\/\/www.diario21.tv\/noticias\/multas-por-conducir-en-chanclas-la-guardia-civil-y-la-dgt-responden\/#breadcrumb\",\"itemListElement\":[{\"@type\":\"ListItem\",\"position\":1,\"name\":\"Accueil\",\"item\":\"https:\/\/www.diario21.tv\/noticias\/\"},{\"@type\":\"ListItem\",\"position\":2,\"name\":\"\u00bfMultas por conducir en chanclas? La Guardia Civil y la DGT responden\"}]},{\"@type\":\"WebSite\",\"@id\":\"https:\/\/www.diario21.tv\/noticias\/#website\",\"url\":\"https:\/\/www.diario21.tv\/noticias\/\",\"name\":\"Diario 21\",\"description\":\"\",\"potentialAction\":[{\"@type\":\"SearchAction\",\"target\":{\"@type\":\"EntryPoint\",\"urlTemplate\":\"https:\/\/www.diario21.tv\/noticias\/?s={search_term_string}\"},\"query-input\":{\"@type\":\"PropertyValueSpecification\",\"valueRequired\":true,\"valueName\":\"search_term_string\"}}],\"inLanguage\":\"es-AR\"},{\"@type\":\"Person\",\"@id\":\"https:\/\/www.diario21.tv\/noticias\/#\/schema\/person\/dfb778f73814d8f09f302618446a526b\",\"name\":\"Juan P\u00e9rez\",\"image\":{\"@type\":\"ImageObject\",\"inLanguage\":\"es-AR\",\"@id\":\"https:\/\/www.diario21.tv\/noticias\/#\/schema\/person\/image\/\",\"url\":\"https:\/\/secure.gravatar.com\/avatar\/c478a405bd10621167f4c3167cc770f5?s=96&d=mm&r=g\",\"contentUrl\":\"https:\/\/secure.gravatar.com\/avatar\/c478a405bd10621167f4c3167cc770f5?s=96&d=mm&r=g\",\"caption\":\"Juan P\u00e9rez\"},\"description\":\"Juan P\u00e9rez es el redactor en jefe de Diario 21. Con m\u00e1s de 10 a\u00f1os de experiencia en el periodismo, se especializa en pol\u00edtica nacional y an\u00e1lisis socioecon\u00f3mico. Su enfoque cr\u00edtico y riguroso aporta una perspectiva \u00fanica a cada art\u00edculo.\",\"sameAs\":[\"https:\/\/www.diario21.tv\/noticias\/\"],\"url\":\"https:\/\/www.diario21.tv\/noticias\/author\/juan-perez\/\"}]}<\/script>\n<!-- \/ Yoast SEO plugin. -->","yoast_head_json":{"title":"\u00bfMultas por conducir en chanclas? La Guardia Civil y la DGT responden - Diario 21","robots":{"index":"index","follow":"follow","max-snippet":"max-snippet:-1","max-image-preview":"max-image-preview:large","max-video-preview":"max-video-preview:-1"},"canonical":"https:\/\/www.diario21.tv\/noticias\/multas-por-conducir-en-chanclas-la-guardia-civil-y-la-dgt-responden\/","og_locale":"es_ES","og_type":"article","og_title":"\u00bfMultas por conducir en chanclas? La Guardia Civil y la DGT responden - Diario 21","og_description":"\u00bfEs Legal Conducir Usando Chanclas? Conducir con chanclas es una pr\u00e1ctica com\u00fan, especialmente en los meses de verano. Sin embargo, esta costumbre puede generar dudas sobre ... Seguir leyendo &rarr;","og_url":"https:\/\/www.diario21.tv\/noticias\/multas-por-conducir-en-chanclas-la-guardia-civil-y-la-dgt-responden\/","og_site_name":"Diario 21","article_published_time":"2025-06-27T20:09:22+00:00","article_modified_time":"2025-06-27T20:09:23+00:00","og_image":[{"width":1200,"height":840,"url":"https:\/\/www.diario21.tv\/noticias\/wp-content\/uploads\/2025\/06\/\u00bfMultas-por-conducir-en-chanclas-La-Guardia-Civil-y-la.jpg","type":"image\/jpeg"}],"author":"Juan P\u00e9rez","twitter_card":"summary_large_image","twitter_misc":{"Escrito por":"Juan P\u00e9rez","Tiempo de lectura":"2 minutos"},"schema":{"@context":"https:\/\/schema.org","@graph":[{"@type":"WebPage","@id":"https:\/\/www.diario21.tv\/noticias\/multas-por-conducir-en-chanclas-la-guardia-civil-y-la-dgt-responden\/","url":"https:\/\/www.diario21.tv\/noticias\/multas-por-conducir-en-chanclas-la-guardia-civil-y-la-dgt-responden\/","name":"\u00bfMultas por conducir en chanclas? La Guardia Civil y la DGT responden - Diario 21","isPartOf":{"@id":"https:\/\/www.diario21.tv\/noticias\/#website"},"primaryImageOfPage":{"@id":"https:\/\/www.diario21.tv\/noticias\/multas-por-conducir-en-chanclas-la-guardia-civil-y-la-dgt-responden\/#primaryimage"},"image":{"@id":"https:\/\/www.diario21.tv\/noticias\/multas-por-conducir-en-chanclas-la-guardia-civil-y-la-dgt-responden\/#primaryimage"},"thumbnailUrl":"https:\/\/www.diario21.tv\/noticias\/wp-content\/uploads\/2025\/06\/\u00bfMultas-por-conducir-en-chanclas-La-Guardia-Civil-y-la.jpg","datePublished":"2025-06-27T20:09:22+00:00","dateModified":"2025-06-27T20:09:23+00:00","author":{"@id":"https:\/\/www.diario21.tv\/noticias\/#\/schema\/person\/dfb778f73814d8f09f302618446a526b"},"breadcrumb":{"@id":"https:\/\/www.diario21.tv\/noticias\/multas-por-conducir-en-chanclas-la-guardia-civil-y-la-dgt-responden\/#breadcrumb"},"inLanguage":"es-AR","potentialAction":[{"@type":"ReadAction","target":["https:\/\/www.diario21.tv\/noticias\/multas-por-conducir-en-chanclas-la-guardia-civil-y-la-dgt-responden\/"]}]},{"@type":"ImageObject","inLanguage":"es-AR","@id":"https:\/\/www.diario21.tv\/noticias\/multas-por-conducir-en-chanclas-la-guardia-civil-y-la-dgt-responden\/#primaryimage","url":"https:\/\/www.diario21.tv\/noticias\/wp-content\/uploads\/2025\/06\/\u00bfMultas-por-conducir-en-chanclas-La-Guardia-Civil-y-la.jpg","contentUrl":"https:\/\/www.diario21.tv\/noticias\/wp-content\/uploads\/2025\/06\/\u00bfMultas-por-conducir-en-chanclas-La-Guardia-Civil-y-la.jpg","width":1200,"height":840,"caption":"Conducir con chanclas: \u00bfte pueden multar? Guardia Civil y DGT lo aclaran"},{"@type":"BreadcrumbList","@id":"https:\/\/www.diario21.tv\/noticias\/multas-por-conducir-en-chanclas-la-guardia-civil-y-la-dgt-responden\/#breadcrumb","itemListElement":[{"@type":"ListItem","position":1,"name":"Accueil","item":"https:\/\/www.diario21.tv\/noticias\/"},{"@type":"ListItem","position":2,"name":"\u00bfMultas por conducir en chanclas? La Guardia Civil y la DGT responden"}]},{"@type":"WebSite","@id":"https:\/\/www.diario21.tv\/noticias\/#website","url":"https:\/\/www.diario21.tv\/noticias\/","name":"Diario 21","description":"","potentialAction":[{"@type":"SearchAction","target":{"@type":"EntryPoint","urlTemplate":"https:\/\/www.diario21.tv\/noticias\/?s={search_term_string}"},"query-input":{"@type":"PropertyValueSpecification","valueRequired":true,"valueName":"search_term_string"}}],"inLanguage":"es-AR"},{"@type":"Person","@id":"https:\/\/www.diario21.tv\/noticias\/#\/schema\/person\/dfb778f73814d8f09f302618446a526b","name":"Juan P\u00e9rez","image":{"@type":"ImageObject","inLanguage":"es-AR","@id":"https:\/\/www.diario21.tv\/noticias\/#\/schema\/person\/image\/","url":"https:\/\/secure.gravatar.com\/avatar\/c478a405bd10621167f4c3167cc770f5?s=96&d=mm&r=g","contentUrl":"https:\/\/secure.gravatar.com\/avatar\/c478a405bd10621167f4c3167cc770f5?s=96&d=mm&r=g","caption":"Juan P\u00e9rez"},"description":"Juan P\u00e9rez es el redactor en jefe de Diario 21. Con m\u00e1s de 10 a\u00f1os de experiencia en el periodismo, se especializa en pol\u00edtica nacional y an\u00e1lisis socioecon\u00f3mico. Su enfoque cr\u00edtico y riguroso aporta una perspectiva \u00fanica a cada art\u00edculo.","sameAs":["https:\/\/www.diario21.tv\/noticias\/"],"url":"https:\/\/www.diario21.tv\/noticias\/author\/juan-perez\/"}]}},"_links":{"self":[{"href":"https:\/\/www.diario21.tv\/noticias\/wp-json\/wp\/v2\/posts\/3622"}],"collection":[{"href":"https:\/\/www.diario21.tv\/noticias\/wp-json\/wp\/v2\/posts"}],"about":[{"href":"https:\/\/www.diario21.tv\/noticias\/wp-json\/wp\/v2\/types\/post"}],"author":[{"embeddable":true,"href":"https:\/\/www.diario21.tv\/noticias\/wp-json\/wp\/v2\/users\/20"}],"replies":[{"embeddable":true,"href":"https:\/\/www.diario21.tv\/noticias\/wp-json\/wp\/v2\/comments?post=3622"}],"version-history":[{"count":1,"href":"https:\/\/www.diario21.tv\/noticias\/wp-json\/wp\/v2\/posts\/3622\/revisions"}],"predecessor-version":[{"id":3624,"href":"https:\/\/www.diario21.tv\/noticias\/wp-json\/wp\/v2\/posts\/3622\/revisions\/3624"}],"wp:featuredmedia":[{"embeddable":true,"href":"https:\/\/www.diario21.tv\/noticias\/wp-json\/wp\/v2\/media\/3623"}],"wp:attachment":[{"href":"https:\/\/www.diario21.tv\/noticias\/wp-json\/wp\/v2\/media?parent=3622"}],"wp:term":[{"taxonomy":"category","embeddable":true,"href":"https:\/\/www.diario21.tv\/noticias\/wp-json\/wp\/v2\/categories?post=3622"},{"taxonomy":"post_tag","embeddable":true,"href":"https:\/\/www.diario21.tv\/noticias\/wp-json\/wp\/v2\/tags?post=3622"}],"curies":[{"name":"wp","href":"https:\/\/api.w.org\/{rel}","templated":true}]}}