{"id":3607,"date":"2025-06-26T07:55:20","date_gmt":"2025-06-26T07:55:20","guid":{"rendered":"https:\/\/www.diario21.tv\/noticias\/descubrimiento-revolucionario-la-cera-de-oidos-podria-diagnosticar-el-parkinson\/"},"modified":"2025-06-26T07:55:21","modified_gmt":"2025-06-26T07:55:21","slug":"descubrimiento-revolucionario-la-cera-de-oidos-podria-diagnosticar-el-parkinson","status":"publish","type":"post","link":"https:\/\/www.diario21.tv\/noticias\/descubrimiento-revolucionario-la-cera-de-oidos-podria-diagnosticar-el-parkinson\/","title":{"rendered":"\u00a1Descubrimiento revolucionario! La cera de o\u00eddos podr\u00eda diagnosticar el P\u00e1rkinson"},"content":{"rendered":"<h2>El Potencial Diagn\u00f3stico de la Cera de O\u00eddo en la Detecci\u00f3n Precoz del Parkinson<\/h2>\n<p>La investigaci\u00f3n m\u00e9dica contin\u00faa encontrando formas innovadoras de detectar enfermedades a trav\u00e9s de m\u00e9todos menos invasivos y m\u00e1s accesibles. Un ejemplo reciente y sorprendente es el uso de la cera de o\u00eddo para identificar de manera temprana el P\u00e1rkinson, una enfermedad neurodegenerativa que afecta a millones de personas alrededor del mundo.<\/p>\n<h3>Descubrimiento Cient\u00edfico<\/h3>\n<p>Un grupo de cient\u00edficos ha descubierto que la cera de o\u00eddo puede contener biomarcadores qu\u00edmicos relacionados con el P\u00e1rkinson. Esta enfermedad, que se caracteriza principalmente por temblores, rigidez y dificultades en el movimiento, ha sido tradicionalmente diagnosticada a trav\u00e9s de ex\u00e1menes f\u00edsicos y neurol\u00f3gicos, complementados ocasionalmente por pruebas de imagen. Sin embargo, estos m\u00e9todos pueden resultar costosos y no siempre est\u00e1n disponibles en etapas tempranas de la enfermedad.<\/p>\n<p>El estudio, que analiz\u00f3 muestras de cera de o\u00eddo de pacientes diagnosticados con P\u00e1rkinson, encontr\u00f3 niveles alterados de ciertas sustancias qu\u00edmicas que podr\u00edan actuar como indicadores tempranos de la condici\u00f3n. Este hallazgo abre la posibilidad de desarrollar un m\u00e9todo de diagn\u00f3stico sencillo y econ\u00f3mico, accesible incluso en comunidades con recursos limitados.<\/p>\n<h3>Beneficios de un Diagn\u00f3stico Temprano<\/h3>\n<p>Detectar el P\u00e1rkinson en sus etapas iniciales es crucial para mejorar la calidad de vida de los pacientes. Un diagn\u00f3stico temprano permite iniciar tratamientos que pueden ralentizar la progresi\u00f3n de la enfermedad y aliviar algunos de los s\u00edntomas m\u00e1s incapacitantes. Adem\u00e1s, al identificar la enfermedad antes de que se manifiesten los s\u00edntomas m\u00e1s severos, los pacientes y sus familias pueden planificar mejor el futuro y buscar apoyos necesarios.<\/p>\n<h3>Pr\u00f3ximos Pasos en la Investigaci\u00f3n<\/h3>\n<p>Aunque los resultados iniciales son prometedores, los investigadores indican que se requieren estudios adicionales para validar y perfeccionar este m\u00e9todo de diagn\u00f3stico. Los pr\u00f3ximos pasos incluyen ampliar la muestra de pacientes y comparar los biomarcadores encontrados en la cera de o\u00eddo con otros m\u00e9todos de diagn\u00f3stico establecidos para confirmar su eficacia y precisi\u00f3n.<\/p>\n<p>Adem\u00e1s, se explorar\u00e1 la posibilidad de detectar otras enfermedades neurodegenerativas mediante el an\u00e1lisis de la cera de o\u00eddo, lo que podr\u00eda revolucionar el campo del diagn\u00f3stico m\u00e9dico y proporcionar nuevas herramientas en la lucha contra estas enfermedades devastadoras.<\/p>\n<h3>Conclusi\u00f3n<\/h3>\n<p>La posibilidad de utilizar la cera de o\u00eddo como una herramienta de diagn\u00f3stico para el P\u00e1rkinson es un ejemplo claro de c\u00f3mo la ciencia busca constantemente simplificar y hacer m\u00e1s accesibles los m\u00e9todos de detecci\u00f3n de enfermedades. A medida que la investigaci\u00f3n avance, este enfoque podr\u00eda no solo transformar la manera en que se diagnostica el P\u00e1rkinson, sino tambi\u00e9n ofrecer una nueva esperanza a aquellos que viven con la enfermedad.<\/p>\n\n\n<div class=\"kk-star-ratings kksr-auto kksr-align-left kksr-valign-bottom\"\n    data-payload='{&quot;align&quot;:&quot;left&quot;,&quot;id&quot;:&quot;3607&quot;,&quot;slug&quot;:&quot;default&quot;,&quot;valign&quot;:&quot;bottom&quot;,&quot;ignore&quot;:&quot;&quot;,&quot;reference&quot;:&quot;auto&quot;,&quot;class&quot;:&quot;&quot;,&quot;count&quot;:&quot;0&quot;,&quot;legendonly&quot;:&quot;&quot;,&quot;readonly&quot;:&quot;&quot;,&quot;score&quot;:&quot;0&quot;,&quot;starsonly&quot;:&quot;&quot;,&quot;best&quot;:&quot;5&quot;,&quot;gap&quot;:&quot;5&quot;,&quot;greet&quot;:&quot;Valora este post&quot;,&quot;legend&quot;:&quot;0\\\/5 - (0 votes)&quot;,&quot;size&quot;:&quot;22&quot;,&quot;title&quot;:&quot;\u00a1Descubrimiento revolucionario! La cera de o\u00eddos podr\u00eda diagnosticar el P\u00e1rkinson&quot;,&quot;width&quot;:&quot;0&quot;,&quot;_legend&quot;:&quot;{score}\\\/{best} - ({count} {votes})&quot;,&quot;font_factor&quot;:&quot;1.25&quot;}'>\n            \n<div class=\"kksr-stars\">\n    \n<div class=\"kksr-stars-inactive\">\n            <div class=\"kksr-star\" data-star=\"1\" style=\"padding-right: 5px\">\n            \n\n<div class=\"kksr-icon\" style=\"width: 22px; height: 22px;\"><\/div>\n        <\/div>\n            <div class=\"kksr-star\" data-star=\"2\" style=\"padding-right: 5px\">\n            \n\n<div class=\"kksr-icon\" style=\"width: 22px; height: 22px;\"><\/div>\n        <\/div>\n            <div class=\"kksr-star\" data-star=\"3\" style=\"padding-right: 5px\">\n            \n\n<div class=\"kksr-icon\" style=\"width: 22px; height: 22px;\"><\/div>\n        <\/div>\n            <div class=\"kksr-star\" data-star=\"4\" style=\"padding-right: 5px\">\n            \n\n<div class=\"kksr-icon\" style=\"width: 22px; height: 22px;\"><\/div>\n        <\/div>\n            <div class=\"kksr-star\" data-star=\"5\" style=\"padding-right: 5px\">\n            \n\n<div class=\"kksr-icon\" style=\"width: 22px; height: 22px;\"><\/div>\n        <\/div>\n    <\/div>\n    \n<div class=\"kksr-stars-active\" style=\"width: 0px;\">\n            <div class=\"kksr-star\" style=\"padding-right: 5px\">\n            \n\n<div class=\"kksr-icon\" style=\"width: 22px; height: 22px;\"><\/div>\n        <\/div>\n            <div class=\"kksr-star\" style=\"padding-right: 5px\">\n            \n\n<div class=\"kksr-icon\" style=\"width: 22px; height: 22px;\"><\/div>\n        <\/div>\n            <div class=\"kksr-star\" style=\"padding-right: 5px\">\n            \n\n<div class=\"kksr-icon\" style=\"width: 22px; height: 22px;\"><\/div>\n        <\/div>\n            <div class=\"kksr-star\" style=\"padding-right: 5px\">\n            \n\n<div class=\"kksr-icon\" style=\"width: 22px; height: 22px;\"><\/div>\n        <\/div>\n            <div class=\"kksr-star\" style=\"padding-right: 5px\">\n            \n\n<div class=\"kksr-icon\" style=\"width: 22px; height: 22px;\"><\/div>\n        <\/div>\n    <\/div>\n<\/div>\n                \n\n<div class=\"kksr-legend\" style=\"font-size: 17.6px;\">\n            <span class=\"kksr-muted\">Valora este post<\/span>\n    <\/div>\n    <\/div>\n","protected":false},"excerpt":{"rendered":"<p>El Potencial Diagn\u00f3stico de la Cera de O\u00eddo en la Detecci\u00f3n Precoz del Parkinson La investigaci\u00f3n m\u00e9dica contin\u00faa encontrando formas innovadoras de detectar enfermedades a trav\u00e9s &#8230; <a title=\"\u00a1Descubrimiento revolucionario! La cera de o\u00eddos podr\u00eda diagnosticar el P\u00e1rkinson\" class=\"read-more\" href=\"https:\/\/www.diario21.tv\/noticias\/descubrimiento-revolucionario-la-cera-de-oidos-podria-diagnosticar-el-parkinson\/\" aria-label=\"Leer m\u00e1s sobre \u00a1Descubrimiento revolucionario! La cera de o\u00eddos podr\u00eda diagnosticar el P\u00e1rkinson\">Seguir leyendo &rarr;<\/a><\/p>\n","protected":false},"author":20,"featured_media":3608,"comment_status":"open","ping_status":"open","sticky":false,"template":"","format":"standard","meta":{"footnotes":""},"categories":[13],"tags":[],"class_list":["post-3607","post","type-post","status-publish","format-standard","has-post-thumbnail","hentry","category-portada"],"yoast_head":"<!-- This site is optimized with the Yoast SEO plugin v25.6 - https:\/\/yoast.com\/wordpress\/plugins\/seo\/ -->\n<title>\u00a1Descubrimiento revolucionario! La cera de o\u00eddos podr\u00eda diagnosticar el P\u00e1rkinson - Diario 21<\/title>\n<meta name=\"robots\" content=\"index, follow, max-snippet:-1, max-image-preview:large, max-video-preview:-1\" \/>\n<link rel=\"canonical\" href=\"https:\/\/www.diario21.tv\/noticias\/descubrimiento-revolucionario-la-cera-de-oidos-podria-diagnosticar-el-parkinson\/\" \/>\n<meta property=\"og:locale\" content=\"es_ES\" \/>\n<meta property=\"og:type\" content=\"article\" \/>\n<meta property=\"og:title\" content=\"\u00a1Descubrimiento revolucionario! La cera de o\u00eddos podr\u00eda diagnosticar el P\u00e1rkinson - Diario 21\" \/>\n<meta property=\"og:description\" content=\"El Potencial Diagn\u00f3stico de la Cera de O\u00eddo en la Detecci\u00f3n Precoz del Parkinson La investigaci\u00f3n m\u00e9dica contin\u00faa encontrando formas innovadoras de detectar enfermedades a trav\u00e9s ... Seguir leyendo &rarr;\" \/>\n<meta property=\"og:url\" content=\"https:\/\/www.diario21.tv\/noticias\/descubrimiento-revolucionario-la-cera-de-oidos-podria-diagnosticar-el-parkinson\/\" \/>\n<meta property=\"og:site_name\" content=\"Diario 21\" \/>\n<meta property=\"article:published_time\" content=\"2025-06-26T07:55:20+00:00\" \/>\n<meta property=\"article:modified_time\" content=\"2025-06-26T07:55:21+00:00\" \/>\n<meta property=\"og:image\" content=\"https:\/\/www.diario21.tv\/noticias\/wp-content\/uploads\/2025\/06\/\u00a1Descubrimiento-revolucionario-La-cera-de-oidos-podria-diagnosticar-el-Parkinson.jpg\" \/>\n\t<meta property=\"og:image:width\" content=\"1200\" \/>\n\t<meta property=\"og:image:height\" content=\"840\" \/>\n\t<meta property=\"og:image:type\" content=\"image\/jpeg\" \/>\n<meta name=\"author\" content=\"Juan P\u00e9rez\" \/>\n<meta name=\"twitter:card\" content=\"summary_large_image\" \/>\n<meta name=\"twitter:label1\" content=\"Escrito por\" \/>\n\t<meta name=\"twitter:data1\" content=\"Juan P\u00e9rez\" \/>\n\t<meta name=\"twitter:label2\" content=\"Tiempo de lectura\" \/>\n\t<meta name=\"twitter:data2\" content=\"2 minutos\" \/>\n<script type=\"application\/ld+json\" class=\"yoast-schema-graph\">{\"@context\":\"https:\/\/schema.org\",\"@graph\":[{\"@type\":\"WebPage\",\"@id\":\"https:\/\/www.diario21.tv\/noticias\/descubrimiento-revolucionario-la-cera-de-oidos-podria-diagnosticar-el-parkinson\/\",\"url\":\"https:\/\/www.diario21.tv\/noticias\/descubrimiento-revolucionario-la-cera-de-oidos-podria-diagnosticar-el-parkinson\/\",\"name\":\"\u00a1Descubrimiento revolucionario! La cera de o\u00eddos podr\u00eda diagnosticar el P\u00e1rkinson - Diario 21\",\"isPartOf\":{\"@id\":\"https:\/\/www.diario21.tv\/noticias\/#website\"},\"primaryImageOfPage\":{\"@id\":\"https:\/\/www.diario21.tv\/noticias\/descubrimiento-revolucionario-la-cera-de-oidos-podria-diagnosticar-el-parkinson\/#primaryimage\"},\"image\":{\"@id\":\"https:\/\/www.diario21.tv\/noticias\/descubrimiento-revolucionario-la-cera-de-oidos-podria-diagnosticar-el-parkinson\/#primaryimage\"},\"thumbnailUrl\":\"https:\/\/www.diario21.tv\/noticias\/wp-content\/uploads\/2025\/06\/\u00a1Descubrimiento-revolucionario-La-cera-de-oidos-podria-diagnosticar-el-Parkinson.jpg\",\"datePublished\":\"2025-06-26T07:55:20+00:00\",\"dateModified\":\"2025-06-26T07:55:21+00:00\",\"author\":{\"@id\":\"https:\/\/www.diario21.tv\/noticias\/#\/schema\/person\/dfb778f73814d8f09f302618446a526b\"},\"breadcrumb\":{\"@id\":\"https:\/\/www.diario21.tv\/noticias\/descubrimiento-revolucionario-la-cera-de-oidos-podria-diagnosticar-el-parkinson\/#breadcrumb\"},\"inLanguage\":\"es-AR\",\"potentialAction\":[{\"@type\":\"ReadAction\",\"target\":[\"https:\/\/www.diario21.tv\/noticias\/descubrimiento-revolucionario-la-cera-de-oidos-podria-diagnosticar-el-parkinson\/\"]}]},{\"@type\":\"ImageObject\",\"inLanguage\":\"es-AR\",\"@id\":\"https:\/\/www.diario21.tv\/noticias\/descubrimiento-revolucionario-la-cera-de-oidos-podria-diagnosticar-el-parkinson\/#primaryimage\",\"url\":\"https:\/\/www.diario21.tv\/noticias\/wp-content\/uploads\/2025\/06\/\u00a1Descubrimiento-revolucionario-La-cera-de-oidos-podria-diagnosticar-el-Parkinson.jpg\",\"contentUrl\":\"https:\/\/www.diario21.tv\/noticias\/wp-content\/uploads\/2025\/06\/\u00a1Descubrimiento-revolucionario-La-cera-de-oidos-podria-diagnosticar-el-Parkinson.jpg\",\"width\":1200,\"height\":840,\"caption\":\"La cera de los o\u00eddos podr\u00eda convertirse en una herramienta clave para diagnosticar el P\u00e1rkinson a tiempo\"},{\"@type\":\"BreadcrumbList\",\"@id\":\"https:\/\/www.diario21.tv\/noticias\/descubrimiento-revolucionario-la-cera-de-oidos-podria-diagnosticar-el-parkinson\/#breadcrumb\",\"itemListElement\":[{\"@type\":\"ListItem\",\"position\":1,\"name\":\"Accueil\",\"item\":\"https:\/\/www.diario21.tv\/noticias\/\"},{\"@type\":\"ListItem\",\"position\":2,\"name\":\"\u00a1Descubrimiento revolucionario! La cera de o\u00eddos podr\u00eda diagnosticar el P\u00e1rkinson\"}]},{\"@type\":\"WebSite\",\"@id\":\"https:\/\/www.diario21.tv\/noticias\/#website\",\"url\":\"https:\/\/www.diario21.tv\/noticias\/\",\"name\":\"Diario 21\",\"description\":\"\",\"potentialAction\":[{\"@type\":\"SearchAction\",\"target\":{\"@type\":\"EntryPoint\",\"urlTemplate\":\"https:\/\/www.diario21.tv\/noticias\/?s={search_term_string}\"},\"query-input\":{\"@type\":\"PropertyValueSpecification\",\"valueRequired\":true,\"valueName\":\"search_term_string\"}}],\"inLanguage\":\"es-AR\"},{\"@type\":\"Person\",\"@id\":\"https:\/\/www.diario21.tv\/noticias\/#\/schema\/person\/dfb778f73814d8f09f302618446a526b\",\"name\":\"Juan P\u00e9rez\",\"image\":{\"@type\":\"ImageObject\",\"inLanguage\":\"es-AR\",\"@id\":\"https:\/\/www.diario21.tv\/noticias\/#\/schema\/person\/image\/\",\"url\":\"https:\/\/secure.gravatar.com\/avatar\/c478a405bd10621167f4c3167cc770f5?s=96&d=mm&r=g\",\"contentUrl\":\"https:\/\/secure.gravatar.com\/avatar\/c478a405bd10621167f4c3167cc770f5?s=96&d=mm&r=g\",\"caption\":\"Juan P\u00e9rez\"},\"description\":\"Juan P\u00e9rez es el redactor en jefe de Diario 21. Con m\u00e1s de 10 a\u00f1os de experiencia en el periodismo, se especializa en pol\u00edtica nacional y an\u00e1lisis socioecon\u00f3mico. Su enfoque cr\u00edtico y riguroso aporta una perspectiva \u00fanica a cada art\u00edculo.\",\"sameAs\":[\"https:\/\/www.diario21.tv\/noticias\/\"],\"url\":\"https:\/\/www.diario21.tv\/noticias\/author\/juan-perez\/\"}]}<\/script>\n<!-- \/ Yoast SEO plugin. -->","yoast_head_json":{"title":"\u00a1Descubrimiento revolucionario! La cera de o\u00eddos podr\u00eda diagnosticar el P\u00e1rkinson - Diario 21","robots":{"index":"index","follow":"follow","max-snippet":"max-snippet:-1","max-image-preview":"max-image-preview:large","max-video-preview":"max-video-preview:-1"},"canonical":"https:\/\/www.diario21.tv\/noticias\/descubrimiento-revolucionario-la-cera-de-oidos-podria-diagnosticar-el-parkinson\/","og_locale":"es_ES","og_type":"article","og_title":"\u00a1Descubrimiento revolucionario! La cera de o\u00eddos podr\u00eda diagnosticar el P\u00e1rkinson - Diario 21","og_description":"El Potencial Diagn\u00f3stico de la Cera de O\u00eddo en la Detecci\u00f3n Precoz del Parkinson La investigaci\u00f3n m\u00e9dica contin\u00faa encontrando formas innovadoras de detectar enfermedades a trav\u00e9s ... Seguir leyendo &rarr;","og_url":"https:\/\/www.diario21.tv\/noticias\/descubrimiento-revolucionario-la-cera-de-oidos-podria-diagnosticar-el-parkinson\/","og_site_name":"Diario 21","article_published_time":"2025-06-26T07:55:20+00:00","article_modified_time":"2025-06-26T07:55:21+00:00","og_image":[{"width":1200,"height":840,"url":"https:\/\/www.diario21.tv\/noticias\/wp-content\/uploads\/2025\/06\/\u00a1Descubrimiento-revolucionario-La-cera-de-oidos-podria-diagnosticar-el-Parkinson.jpg","type":"image\/jpeg"}],"author":"Juan P\u00e9rez","twitter_card":"summary_large_image","twitter_misc":{"Escrito por":"Juan P\u00e9rez","Tiempo de lectura":"2 minutos"},"schema":{"@context":"https:\/\/schema.org","@graph":[{"@type":"WebPage","@id":"https:\/\/www.diario21.tv\/noticias\/descubrimiento-revolucionario-la-cera-de-oidos-podria-diagnosticar-el-parkinson\/","url":"https:\/\/www.diario21.tv\/noticias\/descubrimiento-revolucionario-la-cera-de-oidos-podria-diagnosticar-el-parkinson\/","name":"\u00a1Descubrimiento revolucionario! La cera de o\u00eddos podr\u00eda diagnosticar el P\u00e1rkinson - Diario 21","isPartOf":{"@id":"https:\/\/www.diario21.tv\/noticias\/#website"},"primaryImageOfPage":{"@id":"https:\/\/www.diario21.tv\/noticias\/descubrimiento-revolucionario-la-cera-de-oidos-podria-diagnosticar-el-parkinson\/#primaryimage"},"image":{"@id":"https:\/\/www.diario21.tv\/noticias\/descubrimiento-revolucionario-la-cera-de-oidos-podria-diagnosticar-el-parkinson\/#primaryimage"},"thumbnailUrl":"https:\/\/www.diario21.tv\/noticias\/wp-content\/uploads\/2025\/06\/\u00a1Descubrimiento-revolucionario-La-cera-de-oidos-podria-diagnosticar-el-Parkinson.jpg","datePublished":"2025-06-26T07:55:20+00:00","dateModified":"2025-06-26T07:55:21+00:00","author":{"@id":"https:\/\/www.diario21.tv\/noticias\/#\/schema\/person\/dfb778f73814d8f09f302618446a526b"},"breadcrumb":{"@id":"https:\/\/www.diario21.tv\/noticias\/descubrimiento-revolucionario-la-cera-de-oidos-podria-diagnosticar-el-parkinson\/#breadcrumb"},"inLanguage":"es-AR","potentialAction":[{"@type":"ReadAction","target":["https:\/\/www.diario21.tv\/noticias\/descubrimiento-revolucionario-la-cera-de-oidos-podria-diagnosticar-el-parkinson\/"]}]},{"@type":"ImageObject","inLanguage":"es-AR","@id":"https:\/\/www.diario21.tv\/noticias\/descubrimiento-revolucionario-la-cera-de-oidos-podria-diagnosticar-el-parkinson\/#primaryimage","url":"https:\/\/www.diario21.tv\/noticias\/wp-content\/uploads\/2025\/06\/\u00a1Descubrimiento-revolucionario-La-cera-de-oidos-podria-diagnosticar-el-Parkinson.jpg","contentUrl":"https:\/\/www.diario21.tv\/noticias\/wp-content\/uploads\/2025\/06\/\u00a1Descubrimiento-revolucionario-La-cera-de-oidos-podria-diagnosticar-el-Parkinson.jpg","width":1200,"height":840,"caption":"La cera de los o\u00eddos podr\u00eda convertirse en una herramienta clave para diagnosticar el P\u00e1rkinson a tiempo"},{"@type":"BreadcrumbList","@id":"https:\/\/www.diario21.tv\/noticias\/descubrimiento-revolucionario-la-cera-de-oidos-podria-diagnosticar-el-parkinson\/#breadcrumb","itemListElement":[{"@type":"ListItem","position":1,"name":"Accueil","item":"https:\/\/www.diario21.tv\/noticias\/"},{"@type":"ListItem","position":2,"name":"\u00a1Descubrimiento revolucionario! La cera de o\u00eddos podr\u00eda diagnosticar el P\u00e1rkinson"}]},{"@type":"WebSite","@id":"https:\/\/www.diario21.tv\/noticias\/#website","url":"https:\/\/www.diario21.tv\/noticias\/","name":"Diario 21","description":"","potentialAction":[{"@type":"SearchAction","target":{"@type":"EntryPoint","urlTemplate":"https:\/\/www.diario21.tv\/noticias\/?s={search_term_string}"},"query-input":{"@type":"PropertyValueSpecification","valueRequired":true,"valueName":"search_term_string"}}],"inLanguage":"es-AR"},{"@type":"Person","@id":"https:\/\/www.diario21.tv\/noticias\/#\/schema\/person\/dfb778f73814d8f09f302618446a526b","name":"Juan P\u00e9rez","image":{"@type":"ImageObject","inLanguage":"es-AR","@id":"https:\/\/www.diario21.tv\/noticias\/#\/schema\/person\/image\/","url":"https:\/\/secure.gravatar.com\/avatar\/c478a405bd10621167f4c3167cc770f5?s=96&d=mm&r=g","contentUrl":"https:\/\/secure.gravatar.com\/avatar\/c478a405bd10621167f4c3167cc770f5?s=96&d=mm&r=g","caption":"Juan P\u00e9rez"},"description":"Juan P\u00e9rez es el redactor en jefe de Diario 21. Con m\u00e1s de 10 a\u00f1os de experiencia en el periodismo, se especializa en pol\u00edtica nacional y an\u00e1lisis socioecon\u00f3mico. Su enfoque cr\u00edtico y riguroso aporta una perspectiva \u00fanica a cada art\u00edculo.","sameAs":["https:\/\/www.diario21.tv\/noticias\/"],"url":"https:\/\/www.diario21.tv\/noticias\/author\/juan-perez\/"}]}},"_links":{"self":[{"href":"https:\/\/www.diario21.tv\/noticias\/wp-json\/wp\/v2\/posts\/3607"}],"collection":[{"href":"https:\/\/www.diario21.tv\/noticias\/wp-json\/wp\/v2\/posts"}],"about":[{"href":"https:\/\/www.diario21.tv\/noticias\/wp-json\/wp\/v2\/types\/post"}],"author":[{"embeddable":true,"href":"https:\/\/www.diario21.tv\/noticias\/wp-json\/wp\/v2\/users\/20"}],"replies":[{"embeddable":true,"href":"https:\/\/www.diario21.tv\/noticias\/wp-json\/wp\/v2\/comments?post=3607"}],"version-history":[{"count":1,"href":"https:\/\/www.diario21.tv\/noticias\/wp-json\/wp\/v2\/posts\/3607\/revisions"}],"predecessor-version":[{"id":3609,"href":"https:\/\/www.diario21.tv\/noticias\/wp-json\/wp\/v2\/posts\/3607\/revisions\/3609"}],"wp:featuredmedia":[{"embeddable":true,"href":"https:\/\/www.diario21.tv\/noticias\/wp-json\/wp\/v2\/media\/3608"}],"wp:attachment":[{"href":"https:\/\/www.diario21.tv\/noticias\/wp-json\/wp\/v2\/media?parent=3607"}],"wp:term":[{"taxonomy":"category","embeddable":true,"href":"https:\/\/www.diario21.tv\/noticias\/wp-json\/wp\/v2\/categories?post=3607"},{"taxonomy":"post_tag","embeddable":true,"href":"https:\/\/www.diario21.tv\/noticias\/wp-json\/wp\/v2\/tags?post=3607"}],"curies":[{"name":"wp","href":"https:\/\/api.w.org\/{rel}","templated":true}]}}