{"id":3601,"date":"2025-06-25T19:53:20","date_gmt":"2025-06-25T19:53:20","guid":{"rendered":"https:\/\/www.diario21.tv\/noticias\/deberian-ser-publicas-empresas-como-twitter-descubrelo\/"},"modified":"2025-06-25T19:53:22","modified_gmt":"2025-06-25T19:53:22","slug":"deberian-ser-publicas-empresas-como-twitter-descubrelo","status":"publish","type":"post","link":"https:\/\/www.diario21.tv\/noticias\/deberian-ser-publicas-empresas-como-twitter-descubrelo\/","title":{"rendered":"\u00bfDeber\u00edan ser p\u00fablicas empresas como Twitter? \u00a1Desc\u00fabrelo!"},"content":{"rendered":"<h2>Reflexionando sobre la Privatizaci\u00f3n de Plataformas como Twitter<\/h2>\n<p>En la era digital actual, es fundamental cuestionar la estructura de propiedad de empresas influyentes como Twitter. \u00bfEs realmente beneficioso que plataformas con un impacto tan significativo en la comunicaci\u00f3n p\u00fablica permanezcan bajo control privado? Este debate no solo es relevante por razones econ\u00f3micas, sino tambi\u00e9n por su impacto en la democracia y la sociedad en general.<\/p>\n<h3>El Impacto de Twitter en la Sociedad<\/h3>\n<p>Twitter se ha convertido en una herramienta esencial para la difusi\u00f3n de informaci\u00f3n y la interacci\u00f3n social. Su influencia se extiende desde el \u00e1mbito del entretenimiento hasta esferas cr\u00edticas como la pol\u00edtica y el periodismo. La capacidad de esta plataforma para influir en la opini\u00f3n p\u00fablica y moldear discusiones es inmensurable. Sin embargo, siendo una entidad privada, Twitter est\u00e1 dise\u00f1ado principalmente para generar beneficios, lo que podr\u00eda entrar en conflicto con el ideal de proporcionar un espacio equitativo para el debate p\u00fablico.<\/p>\n<h3>\u00bfDeber\u00edan ser P\u00fablicas las Redes Sociales de Gran Alcance?<\/h3>\n<p>El hecho de que una plataforma tan poderosa como Twitter sea controlada por intereses privados plantea varias preguntas \u00e9ticas y pr\u00e1cticas. Uno de los principales argumentos a favor de convertir Twitter en una entidad p\u00fablica es la transparencia. Como empresa p\u00fablica, Twitter estar\u00eda sujeta a un nivel de escrutinio y regulaciones que garantizar\u00edan una mayor responsabilidad ante los usuarios y la sociedad en general.<\/p>\n<p>Adem\u00e1s, la propiedad p\u00fablica podr\u00eda ayudar a asegurar que la gesti\u00f3n de la plataforma se realice de manera que priorice el bienestar social sobre los intereses comerciales. Esto podr\u00eda traducirse en una mejor moderaci\u00f3n de los contenidos y en pol\u00edticas que fomenten un intercambio de ideas m\u00e1s sano y constructivo.<\/p>\n<h3>Los Desaf\u00edos de la Nacionalizaci\u00f3n<\/h3>\n<p>Sin embargo, la idea de nacionalizar una plataforma como Twitter no est\u00e1 exenta de desaf\u00edos. Uno de los principales temores es que la intervenci\u00f3n gubernamental podr\u00eda llevar a una censura pol\u00edtica o a una manipulaci\u00f3n de la plataforma para servir a intereses partidistas. La independencia editorial es crucial para el rol de Twitter como foro para la libre expresi\u00f3n.<\/p>\n<p>Otro aspecto a considerar es la eficiencia operativa. Las empresas privadas a menudo est\u00e1n motivadas por la rentabilidad, lo que las lleva a innovar y mejorar constantemente sus servicios. Existe el riesgo de que, bajo la gesti\u00f3n gubernamental, Twitter podr\u00eda perder dinamismo y capacidad de adaptaci\u00f3n a las nuevas tecnolog\u00edas y tendencias.<\/p>\n<h3>Conclusi\u00f3n<\/h3>\n<p>La pregunta de si Twitter deber\u00eda ser una empresa p\u00fablica es compleja y multifac\u00e9tica. Requiere un balance entre garantizar la libertad de expresi\u00f3n y proteger el bien p\u00fablico, y al mismo tiempo, mantener un servicio eficiente y moderno. A medida que avanzamos en esta era digital, es crucial continuar este debate, considerando todas las perspectivas y buscando un modelo que pueda servir mejor a la sociedad.<\/p>\n\n\n<div class=\"kk-star-ratings kksr-auto kksr-align-left kksr-valign-bottom\"\n    data-payload='{&quot;align&quot;:&quot;left&quot;,&quot;id&quot;:&quot;3601&quot;,&quot;slug&quot;:&quot;default&quot;,&quot;valign&quot;:&quot;bottom&quot;,&quot;ignore&quot;:&quot;&quot;,&quot;reference&quot;:&quot;auto&quot;,&quot;class&quot;:&quot;&quot;,&quot;count&quot;:&quot;0&quot;,&quot;legendonly&quot;:&quot;&quot;,&quot;readonly&quot;:&quot;&quot;,&quot;score&quot;:&quot;0&quot;,&quot;starsonly&quot;:&quot;&quot;,&quot;best&quot;:&quot;5&quot;,&quot;gap&quot;:&quot;5&quot;,&quot;greet&quot;:&quot;Valora este post&quot;,&quot;legend&quot;:&quot;0\\\/5 - (0 votes)&quot;,&quot;size&quot;:&quot;22&quot;,&quot;title&quot;:&quot;\u00bfDeber\u00edan ser p\u00fablicas empresas como Twitter? \u00a1Desc\u00fabrelo!&quot;,&quot;width&quot;:&quot;0&quot;,&quot;_legend&quot;:&quot;{score}\\\/{best} - ({count} {votes})&quot;,&quot;font_factor&quot;:&quot;1.25&quot;}'>\n            \n<div class=\"kksr-stars\">\n    \n<div class=\"kksr-stars-inactive\">\n            <div class=\"kksr-star\" data-star=\"1\" style=\"padding-right: 5px\">\n            \n\n<div class=\"kksr-icon\" style=\"width: 22px; height: 22px;\"><\/div>\n        <\/div>\n            <div class=\"kksr-star\" data-star=\"2\" style=\"padding-right: 5px\">\n            \n\n<div class=\"kksr-icon\" style=\"width: 22px; height: 22px;\"><\/div>\n        <\/div>\n            <div class=\"kksr-star\" data-star=\"3\" style=\"padding-right: 5px\">\n            \n\n<div class=\"kksr-icon\" style=\"width: 22px; height: 22px;\"><\/div>\n        <\/div>\n            <div class=\"kksr-star\" data-star=\"4\" style=\"padding-right: 5px\">\n            \n\n<div class=\"kksr-icon\" style=\"width: 22px; height: 22px;\"><\/div>\n        <\/div>\n            <div class=\"kksr-star\" data-star=\"5\" style=\"padding-right: 5px\">\n            \n\n<div class=\"kksr-icon\" style=\"width: 22px; height: 22px;\"><\/div>\n        <\/div>\n    <\/div>\n    \n<div class=\"kksr-stars-active\" style=\"width: 0px;\">\n            <div class=\"kksr-star\" style=\"padding-right: 5px\">\n            \n\n<div class=\"kksr-icon\" style=\"width: 22px; height: 22px;\"><\/div>\n        <\/div>\n            <div class=\"kksr-star\" style=\"padding-right: 5px\">\n            \n\n<div class=\"kksr-icon\" style=\"width: 22px; height: 22px;\"><\/div>\n        <\/div>\n            <div class=\"kksr-star\" style=\"padding-right: 5px\">\n            \n\n<div class=\"kksr-icon\" style=\"width: 22px; height: 22px;\"><\/div>\n        <\/div>\n            <div class=\"kksr-star\" style=\"padding-right: 5px\">\n            \n\n<div class=\"kksr-icon\" style=\"width: 22px; height: 22px;\"><\/div>\n        <\/div>\n            <div class=\"kksr-star\" style=\"padding-right: 5px\">\n            \n\n<div class=\"kksr-icon\" style=\"width: 22px; height: 22px;\"><\/div>\n        <\/div>\n    <\/div>\n<\/div>\n                \n\n<div class=\"kksr-legend\" style=\"font-size: 17.6px;\">\n            <span class=\"kksr-muted\">Valora este post<\/span>\n    <\/div>\n    <\/div>\n","protected":false},"excerpt":{"rendered":"<p>Reflexionando sobre la Privatizaci\u00f3n de Plataformas como Twitter En la era digital actual, es fundamental cuestionar la estructura de propiedad de empresas influyentes como Twitter. \u00bfEs &#8230; <a title=\"\u00bfDeber\u00edan ser p\u00fablicas empresas como Twitter? \u00a1Desc\u00fabrelo!\" class=\"read-more\" href=\"https:\/\/www.diario21.tv\/noticias\/deberian-ser-publicas-empresas-como-twitter-descubrelo\/\" aria-label=\"Leer m\u00e1s sobre \u00bfDeber\u00edan ser p\u00fablicas empresas como Twitter? \u00a1Desc\u00fabrelo!\">Seguir leyendo &rarr;<\/a><\/p>\n","protected":false},"author":20,"featured_media":3602,"comment_status":"open","ping_status":"open","sticky":false,"template":"","format":"standard","meta":{"footnotes":""},"categories":[13],"tags":[],"class_list":["post-3601","post","type-post","status-publish","format-standard","has-post-thumbnail","hentry","category-portada"],"yoast_head":"<!-- This site is optimized with the Yoast SEO plugin v25.6 - https:\/\/yoast.com\/wordpress\/plugins\/seo\/ -->\n<title>\u00bfDeber\u00edan ser p\u00fablicas empresas como Twitter? \u00a1Desc\u00fabrelo! - Diario 21<\/title>\n<meta name=\"robots\" content=\"index, follow, max-snippet:-1, max-image-preview:large, max-video-preview:-1\" \/>\n<link rel=\"canonical\" href=\"https:\/\/www.diario21.tv\/noticias\/deberian-ser-publicas-empresas-como-twitter-descubrelo\/\" \/>\n<meta property=\"og:locale\" content=\"es_ES\" \/>\n<meta property=\"og:type\" content=\"article\" \/>\n<meta property=\"og:title\" content=\"\u00bfDeber\u00edan ser p\u00fablicas empresas como Twitter? \u00a1Desc\u00fabrelo! - Diario 21\" \/>\n<meta property=\"og:description\" content=\"Reflexionando sobre la Privatizaci\u00f3n de Plataformas como Twitter En la era digital actual, es fundamental cuestionar la estructura de propiedad de empresas influyentes como Twitter. \u00bfEs ... Seguir leyendo &rarr;\" \/>\n<meta property=\"og:url\" content=\"https:\/\/www.diario21.tv\/noticias\/deberian-ser-publicas-empresas-como-twitter-descubrelo\/\" \/>\n<meta property=\"og:site_name\" content=\"Diario 21\" \/>\n<meta property=\"article:published_time\" content=\"2025-06-25T19:53:20+00:00\" \/>\n<meta property=\"article:modified_time\" content=\"2025-06-25T19:53:22+00:00\" \/>\n<meta property=\"og:image\" content=\"https:\/\/www.diario21.tv\/noticias\/wp-content\/uploads\/2025\/06\/\u00bfDeberian-ser-publicas-empresas-como-Twitter-\u00a1Descubrelo.jpg\" \/>\n\t<meta property=\"og:image:width\" content=\"2500\" \/>\n\t<meta property=\"og:image:height\" content=\"1667\" \/>\n\t<meta property=\"og:image:type\" content=\"image\/jpeg\" \/>\n<meta name=\"author\" content=\"Juan P\u00e9rez\" \/>\n<meta name=\"twitter:card\" content=\"summary_large_image\" \/>\n<meta name=\"twitter:label1\" content=\"Escrito por\" \/>\n\t<meta name=\"twitter:data1\" content=\"Juan P\u00e9rez\" \/>\n\t<meta name=\"twitter:label2\" content=\"Tiempo de lectura\" \/>\n\t<meta name=\"twitter:data2\" content=\"3 minutos\" \/>\n<script type=\"application\/ld+json\" class=\"yoast-schema-graph\">{\"@context\":\"https:\/\/schema.org\",\"@graph\":[{\"@type\":\"WebPage\",\"@id\":\"https:\/\/www.diario21.tv\/noticias\/deberian-ser-publicas-empresas-como-twitter-descubrelo\/\",\"url\":\"https:\/\/www.diario21.tv\/noticias\/deberian-ser-publicas-empresas-como-twitter-descubrelo\/\",\"name\":\"\u00bfDeber\u00edan ser p\u00fablicas empresas como Twitter? \u00a1Desc\u00fabrelo! - Diario 21\",\"isPartOf\":{\"@id\":\"https:\/\/www.diario21.tv\/noticias\/#website\"},\"primaryImageOfPage\":{\"@id\":\"https:\/\/www.diario21.tv\/noticias\/deberian-ser-publicas-empresas-como-twitter-descubrelo\/#primaryimage\"},\"image\":{\"@id\":\"https:\/\/www.diario21.tv\/noticias\/deberian-ser-publicas-empresas-como-twitter-descubrelo\/#primaryimage\"},\"thumbnailUrl\":\"https:\/\/www.diario21.tv\/noticias\/wp-content\/uploads\/2025\/06\/\u00bfDeberian-ser-publicas-empresas-como-Twitter-\u00a1Descubrelo.jpg\",\"datePublished\":\"2025-06-25T19:53:20+00:00\",\"dateModified\":\"2025-06-25T19:53:22+00:00\",\"author\":{\"@id\":\"https:\/\/www.diario21.tv\/noticias\/#\/schema\/person\/dfb778f73814d8f09f302618446a526b\"},\"breadcrumb\":{\"@id\":\"https:\/\/www.diario21.tv\/noticias\/deberian-ser-publicas-empresas-como-twitter-descubrelo\/#breadcrumb\"},\"inLanguage\":\"es-AR\",\"potentialAction\":[{\"@type\":\"ReadAction\",\"target\":[\"https:\/\/www.diario21.tv\/noticias\/deberian-ser-publicas-empresas-como-twitter-descubrelo\/\"]}]},{\"@type\":\"ImageObject\",\"inLanguage\":\"es-AR\",\"@id\":\"https:\/\/www.diario21.tv\/noticias\/deberian-ser-publicas-empresas-como-twitter-descubrelo\/#primaryimage\",\"url\":\"https:\/\/www.diario21.tv\/noticias\/wp-content\/uploads\/2025\/06\/\u00bfDeberian-ser-publicas-empresas-como-Twitter-\u00a1Descubrelo.jpg\",\"contentUrl\":\"https:\/\/www.diario21.tv\/noticias\/wp-content\/uploads\/2025\/06\/\u00bfDeberian-ser-publicas-empresas-como-Twitter-\u00a1Descubrelo.jpg\",\"width\":2500,\"height\":1667,\"caption\":\"\u00abDebemos preguntarnos si empresas como Twitter tienen que ser privadas\u00bb\"},{\"@type\":\"BreadcrumbList\",\"@id\":\"https:\/\/www.diario21.tv\/noticias\/deberian-ser-publicas-empresas-como-twitter-descubrelo\/#breadcrumb\",\"itemListElement\":[{\"@type\":\"ListItem\",\"position\":1,\"name\":\"Accueil\",\"item\":\"https:\/\/www.diario21.tv\/noticias\/\"},{\"@type\":\"ListItem\",\"position\":2,\"name\":\"\u00bfDeber\u00edan ser p\u00fablicas empresas como Twitter? \u00a1Desc\u00fabrelo!\"}]},{\"@type\":\"WebSite\",\"@id\":\"https:\/\/www.diario21.tv\/noticias\/#website\",\"url\":\"https:\/\/www.diario21.tv\/noticias\/\",\"name\":\"Diario 21\",\"description\":\"\",\"potentialAction\":[{\"@type\":\"SearchAction\",\"target\":{\"@type\":\"EntryPoint\",\"urlTemplate\":\"https:\/\/www.diario21.tv\/noticias\/?s={search_term_string}\"},\"query-input\":{\"@type\":\"PropertyValueSpecification\",\"valueRequired\":true,\"valueName\":\"search_term_string\"}}],\"inLanguage\":\"es-AR\"},{\"@type\":\"Person\",\"@id\":\"https:\/\/www.diario21.tv\/noticias\/#\/schema\/person\/dfb778f73814d8f09f302618446a526b\",\"name\":\"Juan P\u00e9rez\",\"image\":{\"@type\":\"ImageObject\",\"inLanguage\":\"es-AR\",\"@id\":\"https:\/\/www.diario21.tv\/noticias\/#\/schema\/person\/image\/\",\"url\":\"https:\/\/secure.gravatar.com\/avatar\/c478a405bd10621167f4c3167cc770f5?s=96&d=mm&r=g\",\"contentUrl\":\"https:\/\/secure.gravatar.com\/avatar\/c478a405bd10621167f4c3167cc770f5?s=96&d=mm&r=g\",\"caption\":\"Juan P\u00e9rez\"},\"description\":\"Juan P\u00e9rez es el redactor en jefe de Diario 21. Con m\u00e1s de 10 a\u00f1os de experiencia en el periodismo, se especializa en pol\u00edtica nacional y an\u00e1lisis socioecon\u00f3mico. Su enfoque cr\u00edtico y riguroso aporta una perspectiva \u00fanica a cada art\u00edculo.\",\"sameAs\":[\"https:\/\/www.diario21.tv\/noticias\/\"],\"url\":\"https:\/\/www.diario21.tv\/noticias\/author\/juan-perez\/\"}]}<\/script>\n<!-- \/ Yoast SEO plugin. -->","yoast_head_json":{"title":"\u00bfDeber\u00edan ser p\u00fablicas empresas como Twitter? \u00a1Desc\u00fabrelo! - Diario 21","robots":{"index":"index","follow":"follow","max-snippet":"max-snippet:-1","max-image-preview":"max-image-preview:large","max-video-preview":"max-video-preview:-1"},"canonical":"https:\/\/www.diario21.tv\/noticias\/deberian-ser-publicas-empresas-como-twitter-descubrelo\/","og_locale":"es_ES","og_type":"article","og_title":"\u00bfDeber\u00edan ser p\u00fablicas empresas como Twitter? \u00a1Desc\u00fabrelo! - Diario 21","og_description":"Reflexionando sobre la Privatizaci\u00f3n de Plataformas como Twitter En la era digital actual, es fundamental cuestionar la estructura de propiedad de empresas influyentes como Twitter. \u00bfEs ... Seguir leyendo &rarr;","og_url":"https:\/\/www.diario21.tv\/noticias\/deberian-ser-publicas-empresas-como-twitter-descubrelo\/","og_site_name":"Diario 21","article_published_time":"2025-06-25T19:53:20+00:00","article_modified_time":"2025-06-25T19:53:22+00:00","og_image":[{"width":2500,"height":1667,"url":"https:\/\/www.diario21.tv\/noticias\/wp-content\/uploads\/2025\/06\/\u00bfDeberian-ser-publicas-empresas-como-Twitter-\u00a1Descubrelo.jpg","type":"image\/jpeg"}],"author":"Juan P\u00e9rez","twitter_card":"summary_large_image","twitter_misc":{"Escrito por":"Juan P\u00e9rez","Tiempo de lectura":"3 minutos"},"schema":{"@context":"https:\/\/schema.org","@graph":[{"@type":"WebPage","@id":"https:\/\/www.diario21.tv\/noticias\/deberian-ser-publicas-empresas-como-twitter-descubrelo\/","url":"https:\/\/www.diario21.tv\/noticias\/deberian-ser-publicas-empresas-como-twitter-descubrelo\/","name":"\u00bfDeber\u00edan ser p\u00fablicas empresas como Twitter? \u00a1Desc\u00fabrelo! - Diario 21","isPartOf":{"@id":"https:\/\/www.diario21.tv\/noticias\/#website"},"primaryImageOfPage":{"@id":"https:\/\/www.diario21.tv\/noticias\/deberian-ser-publicas-empresas-como-twitter-descubrelo\/#primaryimage"},"image":{"@id":"https:\/\/www.diario21.tv\/noticias\/deberian-ser-publicas-empresas-como-twitter-descubrelo\/#primaryimage"},"thumbnailUrl":"https:\/\/www.diario21.tv\/noticias\/wp-content\/uploads\/2025\/06\/\u00bfDeberian-ser-publicas-empresas-como-Twitter-\u00a1Descubrelo.jpg","datePublished":"2025-06-25T19:53:20+00:00","dateModified":"2025-06-25T19:53:22+00:00","author":{"@id":"https:\/\/www.diario21.tv\/noticias\/#\/schema\/person\/dfb778f73814d8f09f302618446a526b"},"breadcrumb":{"@id":"https:\/\/www.diario21.tv\/noticias\/deberian-ser-publicas-empresas-como-twitter-descubrelo\/#breadcrumb"},"inLanguage":"es-AR","potentialAction":[{"@type":"ReadAction","target":["https:\/\/www.diario21.tv\/noticias\/deberian-ser-publicas-empresas-como-twitter-descubrelo\/"]}]},{"@type":"ImageObject","inLanguage":"es-AR","@id":"https:\/\/www.diario21.tv\/noticias\/deberian-ser-publicas-empresas-como-twitter-descubrelo\/#primaryimage","url":"https:\/\/www.diario21.tv\/noticias\/wp-content\/uploads\/2025\/06\/\u00bfDeberian-ser-publicas-empresas-como-Twitter-\u00a1Descubrelo.jpg","contentUrl":"https:\/\/www.diario21.tv\/noticias\/wp-content\/uploads\/2025\/06\/\u00bfDeberian-ser-publicas-empresas-como-Twitter-\u00a1Descubrelo.jpg","width":2500,"height":1667,"caption":"\u00abDebemos preguntarnos si empresas como Twitter tienen que ser privadas\u00bb"},{"@type":"BreadcrumbList","@id":"https:\/\/www.diario21.tv\/noticias\/deberian-ser-publicas-empresas-como-twitter-descubrelo\/#breadcrumb","itemListElement":[{"@type":"ListItem","position":1,"name":"Accueil","item":"https:\/\/www.diario21.tv\/noticias\/"},{"@type":"ListItem","position":2,"name":"\u00bfDeber\u00edan ser p\u00fablicas empresas como Twitter? \u00a1Desc\u00fabrelo!"}]},{"@type":"WebSite","@id":"https:\/\/www.diario21.tv\/noticias\/#website","url":"https:\/\/www.diario21.tv\/noticias\/","name":"Diario 21","description":"","potentialAction":[{"@type":"SearchAction","target":{"@type":"EntryPoint","urlTemplate":"https:\/\/www.diario21.tv\/noticias\/?s={search_term_string}"},"query-input":{"@type":"PropertyValueSpecification","valueRequired":true,"valueName":"search_term_string"}}],"inLanguage":"es-AR"},{"@type":"Person","@id":"https:\/\/www.diario21.tv\/noticias\/#\/schema\/person\/dfb778f73814d8f09f302618446a526b","name":"Juan P\u00e9rez","image":{"@type":"ImageObject","inLanguage":"es-AR","@id":"https:\/\/www.diario21.tv\/noticias\/#\/schema\/person\/image\/","url":"https:\/\/secure.gravatar.com\/avatar\/c478a405bd10621167f4c3167cc770f5?s=96&d=mm&r=g","contentUrl":"https:\/\/secure.gravatar.com\/avatar\/c478a405bd10621167f4c3167cc770f5?s=96&d=mm&r=g","caption":"Juan P\u00e9rez"},"description":"Juan P\u00e9rez es el redactor en jefe de Diario 21. Con m\u00e1s de 10 a\u00f1os de experiencia en el periodismo, se especializa en pol\u00edtica nacional y an\u00e1lisis socioecon\u00f3mico. Su enfoque cr\u00edtico y riguroso aporta una perspectiva \u00fanica a cada art\u00edculo.","sameAs":["https:\/\/www.diario21.tv\/noticias\/"],"url":"https:\/\/www.diario21.tv\/noticias\/author\/juan-perez\/"}]}},"_links":{"self":[{"href":"https:\/\/www.diario21.tv\/noticias\/wp-json\/wp\/v2\/posts\/3601"}],"collection":[{"href":"https:\/\/www.diario21.tv\/noticias\/wp-json\/wp\/v2\/posts"}],"about":[{"href":"https:\/\/www.diario21.tv\/noticias\/wp-json\/wp\/v2\/types\/post"}],"author":[{"embeddable":true,"href":"https:\/\/www.diario21.tv\/noticias\/wp-json\/wp\/v2\/users\/20"}],"replies":[{"embeddable":true,"href":"https:\/\/www.diario21.tv\/noticias\/wp-json\/wp\/v2\/comments?post=3601"}],"version-history":[{"count":1,"href":"https:\/\/www.diario21.tv\/noticias\/wp-json\/wp\/v2\/posts\/3601\/revisions"}],"predecessor-version":[{"id":3603,"href":"https:\/\/www.diario21.tv\/noticias\/wp-json\/wp\/v2\/posts\/3601\/revisions\/3603"}],"wp:featuredmedia":[{"embeddable":true,"href":"https:\/\/www.diario21.tv\/noticias\/wp-json\/wp\/v2\/media\/3602"}],"wp:attachment":[{"href":"https:\/\/www.diario21.tv\/noticias\/wp-json\/wp\/v2\/media?parent=3601"}],"wp:term":[{"taxonomy":"category","embeddable":true,"href":"https:\/\/www.diario21.tv\/noticias\/wp-json\/wp\/v2\/categories?post=3601"},{"taxonomy":"post_tag","embeddable":true,"href":"https:\/\/www.diario21.tv\/noticias\/wp-json\/wp\/v2\/tags?post=3601"}],"curies":[{"name":"wp","href":"https:\/\/api.w.org\/{rel}","templated":true}]}}