{"id":3586,"date":"2025-06-24T13:45:15","date_gmt":"2025-06-24T13:45:15","guid":{"rendered":"https:\/\/www.diario21.tv\/noticias\/alerta-en-lleida-incendio-agricola-confina-a-vecinos-de-cuatro-municipios\/"},"modified":"2025-06-24T13:45:16","modified_gmt":"2025-06-24T13:45:16","slug":"alerta-en-lleida-incendio-agricola-confina-a-vecinos-de-cuatro-municipios","status":"publish","type":"post","link":"https:\/\/www.diario21.tv\/noticias\/alerta-en-lleida-incendio-agricola-confina-a-vecinos-de-cuatro-municipios\/","title":{"rendered":"\u00a1Alerta en Lleida! Incendio agr\u00edcola confina a vecinos de cuatro municipios"},"content":{"rendered":"<h2>Confinamiento en Cuatro Municipios de Lleida Debido a un Incendio de Campo<\/h2>\n<p>En un reciente suceso en la provincia de Lleida, un incendio de origen agr\u00edcola ha provocado que las autoridades tomen medidas de precauci\u00f3n, instando al confinamiento de los habitantes de cuatro localidades cercanas. Este evento ha causado no solo alarma entre los residentes, sino tambi\u00e9n una movilizaci\u00f3n intensa de los equipos de emergencia para controlar la situaci\u00f3n.<\/p>\n<h3>Origen y Desarrollo del Incendio<\/h3>\n<p>El fuego, que empez\u00f3 en una extensa \u00e1rea de cultivo, se propag\u00f3 r\u00e1pidamente debido a las condiciones clim\u00e1ticas adversas que inclu\u00edan vientos fuertes y temperaturas elevadas. Este conjunto de factores contribuy\u00f3 a la r\u00e1pida expansi\u00f3n de las llamas, lo que dificult\u00f3 las labores de los bomberos y puso en riesgo inmediato a varias zonas habitadas.<\/p>\n<h3>Respuesta de las Autoridades<\/h3>\n<p>Ante la magnitud del incendio, las autoridades locales decidieron implementar medidas de seguridad para proteger a la poblaci\u00f3n. Se orden\u00f3 el confinamiento de los vecinos de los cuatro municipios m\u00e1s afectados, una medida preventiva para evitar la exposici\u00f3n al humo y otros posibles peligros asociados con el fuego. Adem\u00e1s, se establecieron varios puntos de control y se cortaron algunas rutas de acceso para facilitar las operaciones de los servicios de emergencia y evitar que m\u00e1s personas se acercaran a las \u00e1reas de riesgo.<\/p>\n<h3>Impacto en la Comunidad y Medidas de Seguridad<\/h3>\n<p>El impacto de este incendio en las comunidades afectadas ha sido significativo. Muchos residentes han tenido que permanecer en sus hogares, siguiendo las instrucciones de las autoridades, mientras observan con preocupaci\u00f3n c\u00f3mo el fuego afecta sus propiedades y su entorno. Adem\u00e1s, se han ofrecido recomendaciones para mantener cerradas ventanas y puertas para minimizar la entrada de humo.<\/p>\n<p>En respuesta al evento, equipos de bomberos de varias localidades se han desplazado al lugar para trabajar en la extinci\u00f3n del incendio. El uso de recursos como helic\u00f3pteros y veh\u00edculos especializados ha sido fundamental para tratar de controlar y eventualmente extinguir las llamas que amenazan con extenderse a\u00fan m\u00e1s.<\/p>\n<h3>Conclusi\u00f3n<\/h3>\n<p>Este incendio agr\u00edcola en Lleida resalta la importancia de la preparaci\u00f3n y respuesta r\u00e1pida en situaciones de emergencia. Tambi\u00e9n pone de manifiesto la vulnerabilidad de las \u00e1reas rurales a este tipo de desastres, especialmente en per\u00edodos de condiciones meteorol\u00f3gicas adversas. A medida que las autoridades y los equipos de emergencia contin\u00faan trabajando para resolver esta crisis, la comunidad espera que pronto se pueda restablecer la normalidad y que se tomen medidas para prevenir futuros incidentes similares.<\/p>\n\n\n<div class=\"kk-star-ratings kksr-auto kksr-align-left kksr-valign-bottom\"\n    data-payload='{&quot;align&quot;:&quot;left&quot;,&quot;id&quot;:&quot;3586&quot;,&quot;slug&quot;:&quot;default&quot;,&quot;valign&quot;:&quot;bottom&quot;,&quot;ignore&quot;:&quot;&quot;,&quot;reference&quot;:&quot;auto&quot;,&quot;class&quot;:&quot;&quot;,&quot;count&quot;:&quot;0&quot;,&quot;legendonly&quot;:&quot;&quot;,&quot;readonly&quot;:&quot;&quot;,&quot;score&quot;:&quot;0&quot;,&quot;starsonly&quot;:&quot;&quot;,&quot;best&quot;:&quot;5&quot;,&quot;gap&quot;:&quot;5&quot;,&quot;greet&quot;:&quot;Valora este post&quot;,&quot;legend&quot;:&quot;0\\\/5 - (0 votes)&quot;,&quot;size&quot;:&quot;22&quot;,&quot;title&quot;:&quot;\u00a1Alerta en Lleida! Incendio agr\u00edcola confina a vecinos de cuatro municipios&quot;,&quot;width&quot;:&quot;0&quot;,&quot;_legend&quot;:&quot;{score}\\\/{best} - ({count} {votes})&quot;,&quot;font_factor&quot;:&quot;1.25&quot;}'>\n            \n<div class=\"kksr-stars\">\n    \n<div class=\"kksr-stars-inactive\">\n            <div class=\"kksr-star\" data-star=\"1\" style=\"padding-right: 5px\">\n            \n\n<div class=\"kksr-icon\" style=\"width: 22px; height: 22px;\"><\/div>\n        <\/div>\n            <div class=\"kksr-star\" data-star=\"2\" style=\"padding-right: 5px\">\n            \n\n<div class=\"kksr-icon\" style=\"width: 22px; height: 22px;\"><\/div>\n        <\/div>\n            <div class=\"kksr-star\" data-star=\"3\" style=\"padding-right: 5px\">\n            \n\n<div class=\"kksr-icon\" style=\"width: 22px; height: 22px;\"><\/div>\n        <\/div>\n            <div class=\"kksr-star\" data-star=\"4\" style=\"padding-right: 5px\">\n            \n\n<div class=\"kksr-icon\" style=\"width: 22px; height: 22px;\"><\/div>\n        <\/div>\n            <div class=\"kksr-star\" data-star=\"5\" style=\"padding-right: 5px\">\n            \n\n<div class=\"kksr-icon\" style=\"width: 22px; height: 22px;\"><\/div>\n        <\/div>\n    <\/div>\n    \n<div class=\"kksr-stars-active\" style=\"width: 0px;\">\n            <div class=\"kksr-star\" style=\"padding-right: 5px\">\n            \n\n<div class=\"kksr-icon\" style=\"width: 22px; height: 22px;\"><\/div>\n        <\/div>\n            <div class=\"kksr-star\" style=\"padding-right: 5px\">\n            \n\n<div class=\"kksr-icon\" style=\"width: 22px; height: 22px;\"><\/div>\n        <\/div>\n            <div class=\"kksr-star\" style=\"padding-right: 5px\">\n            \n\n<div class=\"kksr-icon\" style=\"width: 22px; height: 22px;\"><\/div>\n        <\/div>\n            <div class=\"kksr-star\" style=\"padding-right: 5px\">\n            \n\n<div class=\"kksr-icon\" style=\"width: 22px; height: 22px;\"><\/div>\n        <\/div>\n            <div class=\"kksr-star\" style=\"padding-right: 5px\">\n            \n\n<div class=\"kksr-icon\" style=\"width: 22px; height: 22px;\"><\/div>\n        <\/div>\n    <\/div>\n<\/div>\n                \n\n<div class=\"kksr-legend\" style=\"font-size: 17.6px;\">\n            <span class=\"kksr-muted\">Valora este post<\/span>\n    <\/div>\n    <\/div>\n","protected":false},"excerpt":{"rendered":"<p>Confinamiento en Cuatro Municipios de Lleida Debido a un Incendio de Campo En un reciente suceso en la provincia de Lleida, un incendio de origen agr\u00edcola &#8230; <a title=\"\u00a1Alerta en Lleida! Incendio agr\u00edcola confina a vecinos de cuatro municipios\" class=\"read-more\" href=\"https:\/\/www.diario21.tv\/noticias\/alerta-en-lleida-incendio-agricola-confina-a-vecinos-de-cuatro-municipios\/\" aria-label=\"Leer m\u00e1s sobre \u00a1Alerta en Lleida! Incendio agr\u00edcola confina a vecinos de cuatro municipios\">Seguir leyendo &rarr;<\/a><\/p>\n","protected":false},"author":20,"featured_media":3587,"comment_status":"open","ping_status":"open","sticky":false,"template":"","format":"standard","meta":{"footnotes":""},"categories":[13],"tags":[],"class_list":["post-3586","post","type-post","status-publish","format-standard","has-post-thumbnail","hentry","category-portada"],"yoast_head":"<!-- This site is optimized with the Yoast SEO plugin v25.6 - https:\/\/yoast.com\/wordpress\/plugins\/seo\/ -->\n<title>\u00a1Alerta en Lleida! Incendio agr\u00edcola confina a vecinos de cuatro municipios - Diario 21<\/title>\n<meta name=\"robots\" content=\"index, follow, max-snippet:-1, max-image-preview:large, max-video-preview:-1\" \/>\n<link rel=\"canonical\" href=\"https:\/\/www.diario21.tv\/noticias\/alerta-en-lleida-incendio-agricola-confina-a-vecinos-de-cuatro-municipios\/\" \/>\n<meta property=\"og:locale\" content=\"es_ES\" \/>\n<meta property=\"og:type\" content=\"article\" \/>\n<meta property=\"og:title\" content=\"\u00a1Alerta en Lleida! Incendio agr\u00edcola confina a vecinos de cuatro municipios - Diario 21\" \/>\n<meta property=\"og:description\" content=\"Confinamiento en Cuatro Municipios de Lleida Debido a un Incendio de Campo En un reciente suceso en la provincia de Lleida, un incendio de origen agr\u00edcola ... Seguir leyendo &rarr;\" \/>\n<meta property=\"og:url\" content=\"https:\/\/www.diario21.tv\/noticias\/alerta-en-lleida-incendio-agricola-confina-a-vecinos-de-cuatro-municipios\/\" \/>\n<meta property=\"og:site_name\" content=\"Diario 21\" \/>\n<meta property=\"article:published_time\" content=\"2025-06-24T13:45:15+00:00\" \/>\n<meta property=\"article:modified_time\" content=\"2025-06-24T13:45:16+00:00\" \/>\n<meta property=\"og:image\" content=\"https:\/\/www.diario21.tv\/noticias\/wp-content\/uploads\/2025\/06\/\u00a1Alerta-en-Lleida-Incendio-agricola-confina-a-vecinos-de-cuatro.jpg\" \/>\n\t<meta property=\"og:image:width\" content=\"1200\" \/>\n\t<meta property=\"og:image:height\" content=\"840\" \/>\n\t<meta property=\"og:image:type\" content=\"image\/jpeg\" \/>\n<meta name=\"author\" content=\"Juan P\u00e9rez\" \/>\n<meta name=\"twitter:card\" content=\"summary_large_image\" \/>\n<meta name=\"twitter:label1\" content=\"Escrito por\" \/>\n\t<meta name=\"twitter:data1\" content=\"Juan P\u00e9rez\" \/>\n\t<meta name=\"twitter:label2\" content=\"Tiempo de lectura\" \/>\n\t<meta name=\"twitter:data2\" content=\"2 minutos\" \/>\n<script type=\"application\/ld+json\" class=\"yoast-schema-graph\">{\"@context\":\"https:\/\/schema.org\",\"@graph\":[{\"@type\":\"WebPage\",\"@id\":\"https:\/\/www.diario21.tv\/noticias\/alerta-en-lleida-incendio-agricola-confina-a-vecinos-de-cuatro-municipios\/\",\"url\":\"https:\/\/www.diario21.tv\/noticias\/alerta-en-lleida-incendio-agricola-confina-a-vecinos-de-cuatro-municipios\/\",\"name\":\"\u00a1Alerta en Lleida! Incendio agr\u00edcola confina a vecinos de cuatro municipios - Diario 21\",\"isPartOf\":{\"@id\":\"https:\/\/www.diario21.tv\/noticias\/#website\"},\"primaryImageOfPage\":{\"@id\":\"https:\/\/www.diario21.tv\/noticias\/alerta-en-lleida-incendio-agricola-confina-a-vecinos-de-cuatro-municipios\/#primaryimage\"},\"image\":{\"@id\":\"https:\/\/www.diario21.tv\/noticias\/alerta-en-lleida-incendio-agricola-confina-a-vecinos-de-cuatro-municipios\/#primaryimage\"},\"thumbnailUrl\":\"https:\/\/www.diario21.tv\/noticias\/wp-content\/uploads\/2025\/06\/\u00a1Alerta-en-Lleida-Incendio-agricola-confina-a-vecinos-de-cuatro.jpg\",\"datePublished\":\"2025-06-24T13:45:15+00:00\",\"dateModified\":\"2025-06-24T13:45:16+00:00\",\"author\":{\"@id\":\"https:\/\/www.diario21.tv\/noticias\/#\/schema\/person\/dfb778f73814d8f09f302618446a526b\"},\"breadcrumb\":{\"@id\":\"https:\/\/www.diario21.tv\/noticias\/alerta-en-lleida-incendio-agricola-confina-a-vecinos-de-cuatro-municipios\/#breadcrumb\"},\"inLanguage\":\"es-AR\",\"potentialAction\":[{\"@type\":\"ReadAction\",\"target\":[\"https:\/\/www.diario21.tv\/noticias\/alerta-en-lleida-incendio-agricola-confina-a-vecinos-de-cuatro-municipios\/\"]}]},{\"@type\":\"ImageObject\",\"inLanguage\":\"es-AR\",\"@id\":\"https:\/\/www.diario21.tv\/noticias\/alerta-en-lleida-incendio-agricola-confina-a-vecinos-de-cuatro-municipios\/#primaryimage\",\"url\":\"https:\/\/www.diario21.tv\/noticias\/wp-content\/uploads\/2025\/06\/\u00a1Alerta-en-Lleida-Incendio-agricola-confina-a-vecinos-de-cuatro.jpg\",\"contentUrl\":\"https:\/\/www.diario21.tv\/noticias\/wp-content\/uploads\/2025\/06\/\u00a1Alerta-en-Lleida-Incendio-agricola-confina-a-vecinos-de-cuatro.jpg\",\"width\":1200,\"height\":840,\"caption\":\"Un incendio agr\u00edcola en Lleida obliga a confinar a los vecinos de cuatro municipios\"},{\"@type\":\"BreadcrumbList\",\"@id\":\"https:\/\/www.diario21.tv\/noticias\/alerta-en-lleida-incendio-agricola-confina-a-vecinos-de-cuatro-municipios\/#breadcrumb\",\"itemListElement\":[{\"@type\":\"ListItem\",\"position\":1,\"name\":\"Accueil\",\"item\":\"https:\/\/www.diario21.tv\/noticias\/\"},{\"@type\":\"ListItem\",\"position\":2,\"name\":\"\u00a1Alerta en Lleida! Incendio agr\u00edcola confina a vecinos de cuatro municipios\"}]},{\"@type\":\"WebSite\",\"@id\":\"https:\/\/www.diario21.tv\/noticias\/#website\",\"url\":\"https:\/\/www.diario21.tv\/noticias\/\",\"name\":\"Diario 21\",\"description\":\"\",\"potentialAction\":[{\"@type\":\"SearchAction\",\"target\":{\"@type\":\"EntryPoint\",\"urlTemplate\":\"https:\/\/www.diario21.tv\/noticias\/?s={search_term_string}\"},\"query-input\":{\"@type\":\"PropertyValueSpecification\",\"valueRequired\":true,\"valueName\":\"search_term_string\"}}],\"inLanguage\":\"es-AR\"},{\"@type\":\"Person\",\"@id\":\"https:\/\/www.diario21.tv\/noticias\/#\/schema\/person\/dfb778f73814d8f09f302618446a526b\",\"name\":\"Juan P\u00e9rez\",\"image\":{\"@type\":\"ImageObject\",\"inLanguage\":\"es-AR\",\"@id\":\"https:\/\/www.diario21.tv\/noticias\/#\/schema\/person\/image\/\",\"url\":\"https:\/\/secure.gravatar.com\/avatar\/c478a405bd10621167f4c3167cc770f5?s=96&d=mm&r=g\",\"contentUrl\":\"https:\/\/secure.gravatar.com\/avatar\/c478a405bd10621167f4c3167cc770f5?s=96&d=mm&r=g\",\"caption\":\"Juan P\u00e9rez\"},\"description\":\"Juan P\u00e9rez es el redactor en jefe de Diario 21. Con m\u00e1s de 10 a\u00f1os de experiencia en el periodismo, se especializa en pol\u00edtica nacional y an\u00e1lisis socioecon\u00f3mico. Su enfoque cr\u00edtico y riguroso aporta una perspectiva \u00fanica a cada art\u00edculo.\",\"sameAs\":[\"https:\/\/www.diario21.tv\/noticias\/\"],\"url\":\"https:\/\/www.diario21.tv\/noticias\/author\/juan-perez\/\"}]}<\/script>\n<!-- \/ Yoast SEO plugin. -->","yoast_head_json":{"title":"\u00a1Alerta en Lleida! Incendio agr\u00edcola confina a vecinos de cuatro municipios - Diario 21","robots":{"index":"index","follow":"follow","max-snippet":"max-snippet:-1","max-image-preview":"max-image-preview:large","max-video-preview":"max-video-preview:-1"},"canonical":"https:\/\/www.diario21.tv\/noticias\/alerta-en-lleida-incendio-agricola-confina-a-vecinos-de-cuatro-municipios\/","og_locale":"es_ES","og_type":"article","og_title":"\u00a1Alerta en Lleida! Incendio agr\u00edcola confina a vecinos de cuatro municipios - Diario 21","og_description":"Confinamiento en Cuatro Municipios de Lleida Debido a un Incendio de Campo En un reciente suceso en la provincia de Lleida, un incendio de origen agr\u00edcola ... Seguir leyendo &rarr;","og_url":"https:\/\/www.diario21.tv\/noticias\/alerta-en-lleida-incendio-agricola-confina-a-vecinos-de-cuatro-municipios\/","og_site_name":"Diario 21","article_published_time":"2025-06-24T13:45:15+00:00","article_modified_time":"2025-06-24T13:45:16+00:00","og_image":[{"width":1200,"height":840,"url":"https:\/\/www.diario21.tv\/noticias\/wp-content\/uploads\/2025\/06\/\u00a1Alerta-en-Lleida-Incendio-agricola-confina-a-vecinos-de-cuatro.jpg","type":"image\/jpeg"}],"author":"Juan P\u00e9rez","twitter_card":"summary_large_image","twitter_misc":{"Escrito por":"Juan P\u00e9rez","Tiempo de lectura":"2 minutos"},"schema":{"@context":"https:\/\/schema.org","@graph":[{"@type":"WebPage","@id":"https:\/\/www.diario21.tv\/noticias\/alerta-en-lleida-incendio-agricola-confina-a-vecinos-de-cuatro-municipios\/","url":"https:\/\/www.diario21.tv\/noticias\/alerta-en-lleida-incendio-agricola-confina-a-vecinos-de-cuatro-municipios\/","name":"\u00a1Alerta en Lleida! Incendio agr\u00edcola confina a vecinos de cuatro municipios - Diario 21","isPartOf":{"@id":"https:\/\/www.diario21.tv\/noticias\/#website"},"primaryImageOfPage":{"@id":"https:\/\/www.diario21.tv\/noticias\/alerta-en-lleida-incendio-agricola-confina-a-vecinos-de-cuatro-municipios\/#primaryimage"},"image":{"@id":"https:\/\/www.diario21.tv\/noticias\/alerta-en-lleida-incendio-agricola-confina-a-vecinos-de-cuatro-municipios\/#primaryimage"},"thumbnailUrl":"https:\/\/www.diario21.tv\/noticias\/wp-content\/uploads\/2025\/06\/\u00a1Alerta-en-Lleida-Incendio-agricola-confina-a-vecinos-de-cuatro.jpg","datePublished":"2025-06-24T13:45:15+00:00","dateModified":"2025-06-24T13:45:16+00:00","author":{"@id":"https:\/\/www.diario21.tv\/noticias\/#\/schema\/person\/dfb778f73814d8f09f302618446a526b"},"breadcrumb":{"@id":"https:\/\/www.diario21.tv\/noticias\/alerta-en-lleida-incendio-agricola-confina-a-vecinos-de-cuatro-municipios\/#breadcrumb"},"inLanguage":"es-AR","potentialAction":[{"@type":"ReadAction","target":["https:\/\/www.diario21.tv\/noticias\/alerta-en-lleida-incendio-agricola-confina-a-vecinos-de-cuatro-municipios\/"]}]},{"@type":"ImageObject","inLanguage":"es-AR","@id":"https:\/\/www.diario21.tv\/noticias\/alerta-en-lleida-incendio-agricola-confina-a-vecinos-de-cuatro-municipios\/#primaryimage","url":"https:\/\/www.diario21.tv\/noticias\/wp-content\/uploads\/2025\/06\/\u00a1Alerta-en-Lleida-Incendio-agricola-confina-a-vecinos-de-cuatro.jpg","contentUrl":"https:\/\/www.diario21.tv\/noticias\/wp-content\/uploads\/2025\/06\/\u00a1Alerta-en-Lleida-Incendio-agricola-confina-a-vecinos-de-cuatro.jpg","width":1200,"height":840,"caption":"Un incendio agr\u00edcola en Lleida obliga a confinar a los vecinos de cuatro municipios"},{"@type":"BreadcrumbList","@id":"https:\/\/www.diario21.tv\/noticias\/alerta-en-lleida-incendio-agricola-confina-a-vecinos-de-cuatro-municipios\/#breadcrumb","itemListElement":[{"@type":"ListItem","position":1,"name":"Accueil","item":"https:\/\/www.diario21.tv\/noticias\/"},{"@type":"ListItem","position":2,"name":"\u00a1Alerta en Lleida! Incendio agr\u00edcola confina a vecinos de cuatro municipios"}]},{"@type":"WebSite","@id":"https:\/\/www.diario21.tv\/noticias\/#website","url":"https:\/\/www.diario21.tv\/noticias\/","name":"Diario 21","description":"","potentialAction":[{"@type":"SearchAction","target":{"@type":"EntryPoint","urlTemplate":"https:\/\/www.diario21.tv\/noticias\/?s={search_term_string}"},"query-input":{"@type":"PropertyValueSpecification","valueRequired":true,"valueName":"search_term_string"}}],"inLanguage":"es-AR"},{"@type":"Person","@id":"https:\/\/www.diario21.tv\/noticias\/#\/schema\/person\/dfb778f73814d8f09f302618446a526b","name":"Juan P\u00e9rez","image":{"@type":"ImageObject","inLanguage":"es-AR","@id":"https:\/\/www.diario21.tv\/noticias\/#\/schema\/person\/image\/","url":"https:\/\/secure.gravatar.com\/avatar\/c478a405bd10621167f4c3167cc770f5?s=96&d=mm&r=g","contentUrl":"https:\/\/secure.gravatar.com\/avatar\/c478a405bd10621167f4c3167cc770f5?s=96&d=mm&r=g","caption":"Juan P\u00e9rez"},"description":"Juan P\u00e9rez es el redactor en jefe de Diario 21. Con m\u00e1s de 10 a\u00f1os de experiencia en el periodismo, se especializa en pol\u00edtica nacional y an\u00e1lisis socioecon\u00f3mico. Su enfoque cr\u00edtico y riguroso aporta una perspectiva \u00fanica a cada art\u00edculo.","sameAs":["https:\/\/www.diario21.tv\/noticias\/"],"url":"https:\/\/www.diario21.tv\/noticias\/author\/juan-perez\/"}]}},"_links":{"self":[{"href":"https:\/\/www.diario21.tv\/noticias\/wp-json\/wp\/v2\/posts\/3586"}],"collection":[{"href":"https:\/\/www.diario21.tv\/noticias\/wp-json\/wp\/v2\/posts"}],"about":[{"href":"https:\/\/www.diario21.tv\/noticias\/wp-json\/wp\/v2\/types\/post"}],"author":[{"embeddable":true,"href":"https:\/\/www.diario21.tv\/noticias\/wp-json\/wp\/v2\/users\/20"}],"replies":[{"embeddable":true,"href":"https:\/\/www.diario21.tv\/noticias\/wp-json\/wp\/v2\/comments?post=3586"}],"version-history":[{"count":1,"href":"https:\/\/www.diario21.tv\/noticias\/wp-json\/wp\/v2\/posts\/3586\/revisions"}],"predecessor-version":[{"id":3588,"href":"https:\/\/www.diario21.tv\/noticias\/wp-json\/wp\/v2\/posts\/3586\/revisions\/3588"}],"wp:featuredmedia":[{"embeddable":true,"href":"https:\/\/www.diario21.tv\/noticias\/wp-json\/wp\/v2\/media\/3587"}],"wp:attachment":[{"href":"https:\/\/www.diario21.tv\/noticias\/wp-json\/wp\/v2\/media?parent=3586"}],"wp:term":[{"taxonomy":"category","embeddable":true,"href":"https:\/\/www.diario21.tv\/noticias\/wp-json\/wp\/v2\/categories?post=3586"},{"taxonomy":"post_tag","embeddable":true,"href":"https:\/\/www.diario21.tv\/noticias\/wp-json\/wp\/v2\/tags?post=3586"}],"curies":[{"name":"wp","href":"https:\/\/api.w.org\/{rel}","templated":true}]}}