{"id":3574,"date":"2025-06-23T13:36:18","date_gmt":"2025-06-23T13:36:18","guid":{"rendered":"https:\/\/www.diario21.tv\/noticias\/impactante-hombre-amenaza-a-frutero-en-marbella-y-luego-se-apunala-quedando-en-estado-critico\/"},"modified":"2025-06-23T13:36:19","modified_gmt":"2025-06-23T13:36:19","slug":"impactante-hombre-amenaza-a-frutero-en-marbella-y-luego-se-apunala-quedando-en-estado-critico","status":"publish","type":"post","link":"https:\/\/www.diario21.tv\/noticias\/impactante-hombre-amenaza-a-frutero-en-marbella-y-luego-se-apunala-quedando-en-estado-critico\/","title":{"rendered":"\u00a1Impactante! Hombre amenaza a frutero en Marbella y luego se apu\u00f1ala, quedando en estado cr\u00edtico"},"content":{"rendered":"<h2>Amenaza Mortal a Comerciante de Frutas en Marbella y Posterior Autolesi\u00f3n Cr\u00edtica<\/h2>\n<p>En un incidente alarmante en Marbella, un individuo amenaz\u00f3 de muerte a un vendedor de frutas local antes de infligirse varias pu\u00f1aladas que lo dejaron en estado cr\u00edtico. Este suceso perturbador no solo ha conmocionado a la comunidad sino que tambi\u00e9n ha planteado serias preguntas sobre la seguridad en el \u00e1rea.<\/p>\n<h3>Detalles del Confrontamiento<\/h3>\n<p>El conflicto comenz\u00f3 en una tranquila ma\u00f1ana cuando el agresor, cuya identidad no ha sido revelada, entr\u00f3 en el establecimiento del frutero. Sin previo aviso, el hombre empez\u00f3 a lanzar amenazas de muerte contra el comerciante. A pesar de los intentos del frutero por calmar la situaci\u00f3n, el agresor se mostr\u00f3 cada vez m\u00e1s hostil y perturbado.<\/p>\n<p>La tensi\u00f3n escal\u00f3 r\u00e1pidamente cuando, de manera inesperada, el individuo sac\u00f3 un arma blanca y comenz\u00f3 a autolesionarse delante de los aterrorizados testigos. El p\u00e1nico se apoder\u00f3 del lugar mientras los presentes llamaban a los servicios de emergencia.<\/p>\n<h3>Respuesta de los Servicios de Emergencia<\/h3>\n<p>Los servicios m\u00e9dicos llegaron prontamente al lugar del incidente, donde encontraron al agresor gravemente herido tras haberse apu\u00f1alado m\u00faltiples veces. Inmediatamente, fue trasladado al hospital m\u00e1s cercano en estado cr\u00edtico. Las autoridades, por su parte, cerraron el \u00e1rea para iniciar la investigaci\u00f3n del caso y determinar los motivos detr\u00e1s de este acto perturbador.<\/p>\n<h3>Impacto en la Comunidad y Medidas de Seguridad<\/h3>\n<p>Este incidente ha causado una gran consternaci\u00f3n en la comunidad de Marbella, una ciudad que generalmente se considera segura y tranquila. Los residentes y comerciantes locales est\u00e1n profundamente preocupados y piden a las autoridades que refuercen las medidas de seguridad para prevenir futuros sucesos de esta naturaleza.<\/p>\n<p>Las autoridades han respondido con promesas de aumentar la vigilancia y de colaborar m\u00e1s estrechamente con la comunidad para garantizar la seguridad de todos los ciudadanos. Adem\u00e1s, se est\u00e1 considerando la implementaci\u00f3n de programas de asistencia y prevenci\u00f3n para abordar problemas de salud mental, que podr\u00edan estar en el origen de incidentes tan tr\u00e1gicos como este.<\/p>\n<h3>Conclusiones y Reflexiones<\/h3>\n<p>El tr\u00e1gico evento en Marbella sirve como un crudo recordatorio de la importancia de la atenci\u00f3n en salud mental y la seguridad p\u00fablica. Mientras la comunidad intenta recuperarse del shock, queda claro que es esencial adoptar un enfoque m\u00e1s proactivo para abordar estas cuestiones complejas y evitar que se repitan en el futuro.<\/p>\n\n\n<div class=\"kk-star-ratings kksr-auto kksr-align-left kksr-valign-bottom\"\n    data-payload='{&quot;align&quot;:&quot;left&quot;,&quot;id&quot;:&quot;3574&quot;,&quot;slug&quot;:&quot;default&quot;,&quot;valign&quot;:&quot;bottom&quot;,&quot;ignore&quot;:&quot;&quot;,&quot;reference&quot;:&quot;auto&quot;,&quot;class&quot;:&quot;&quot;,&quot;count&quot;:&quot;0&quot;,&quot;legendonly&quot;:&quot;&quot;,&quot;readonly&quot;:&quot;&quot;,&quot;score&quot;:&quot;0&quot;,&quot;starsonly&quot;:&quot;&quot;,&quot;best&quot;:&quot;5&quot;,&quot;gap&quot;:&quot;5&quot;,&quot;greet&quot;:&quot;Valora este post&quot;,&quot;legend&quot;:&quot;0\\\/5 - (0 votes)&quot;,&quot;size&quot;:&quot;22&quot;,&quot;title&quot;:&quot;\u00a1Impactante! Hombre amenaza a frutero en Marbella y luego se apu\u00f1ala, quedando en estado cr\u00edtico&quot;,&quot;width&quot;:&quot;0&quot;,&quot;_legend&quot;:&quot;{score}\\\/{best} - ({count} {votes})&quot;,&quot;font_factor&quot;:&quot;1.25&quot;}'>\n            \n<div class=\"kksr-stars\">\n    \n<div class=\"kksr-stars-inactive\">\n            <div class=\"kksr-star\" data-star=\"1\" style=\"padding-right: 5px\">\n            \n\n<div class=\"kksr-icon\" style=\"width: 22px; height: 22px;\"><\/div>\n        <\/div>\n            <div class=\"kksr-star\" data-star=\"2\" style=\"padding-right: 5px\">\n            \n\n<div class=\"kksr-icon\" style=\"width: 22px; height: 22px;\"><\/div>\n        <\/div>\n            <div class=\"kksr-star\" data-star=\"3\" style=\"padding-right: 5px\">\n            \n\n<div class=\"kksr-icon\" style=\"width: 22px; height: 22px;\"><\/div>\n        <\/div>\n            <div class=\"kksr-star\" data-star=\"4\" style=\"padding-right: 5px\">\n            \n\n<div class=\"kksr-icon\" style=\"width: 22px; height: 22px;\"><\/div>\n        <\/div>\n            <div class=\"kksr-star\" data-star=\"5\" style=\"padding-right: 5px\">\n            \n\n<div class=\"kksr-icon\" style=\"width: 22px; height: 22px;\"><\/div>\n        <\/div>\n    <\/div>\n    \n<div class=\"kksr-stars-active\" style=\"width: 0px;\">\n            <div class=\"kksr-star\" style=\"padding-right: 5px\">\n            \n\n<div class=\"kksr-icon\" style=\"width: 22px; height: 22px;\"><\/div>\n        <\/div>\n            <div class=\"kksr-star\" style=\"padding-right: 5px\">\n            \n\n<div class=\"kksr-icon\" style=\"width: 22px; height: 22px;\"><\/div>\n        <\/div>\n            <div class=\"kksr-star\" style=\"padding-right: 5px\">\n            \n\n<div class=\"kksr-icon\" style=\"width: 22px; height: 22px;\"><\/div>\n        <\/div>\n            <div class=\"kksr-star\" style=\"padding-right: 5px\">\n            \n\n<div class=\"kksr-icon\" style=\"width: 22px; height: 22px;\"><\/div>\n        <\/div>\n            <div class=\"kksr-star\" style=\"padding-right: 5px\">\n            \n\n<div class=\"kksr-icon\" style=\"width: 22px; height: 22px;\"><\/div>\n        <\/div>\n    <\/div>\n<\/div>\n                \n\n<div class=\"kksr-legend\" style=\"font-size: 17.6px;\">\n            <span class=\"kksr-muted\">Valora este post<\/span>\n    <\/div>\n    <\/div>\n","protected":false},"excerpt":{"rendered":"<p>Amenaza Mortal a Comerciante de Frutas en Marbella y Posterior Autolesi\u00f3n Cr\u00edtica En un incidente alarmante en Marbella, un individuo amenaz\u00f3 de muerte a un vendedor &#8230; <a title=\"\u00a1Impactante! Hombre amenaza a frutero en Marbella y luego se apu\u00f1ala, quedando en estado cr\u00edtico\" class=\"read-more\" href=\"https:\/\/www.diario21.tv\/noticias\/impactante-hombre-amenaza-a-frutero-en-marbella-y-luego-se-apunala-quedando-en-estado-critico\/\" aria-label=\"Leer m\u00e1s sobre \u00a1Impactante! Hombre amenaza a frutero en Marbella y luego se apu\u00f1ala, quedando en estado cr\u00edtico\">Seguir leyendo &rarr;<\/a><\/p>\n","protected":false},"author":20,"featured_media":3575,"comment_status":"open","ping_status":"open","sticky":false,"template":"","format":"standard","meta":{"footnotes":""},"categories":[13],"tags":[],"class_list":["post-3574","post","type-post","status-publish","format-standard","has-post-thumbnail","hentry","category-portada"],"yoast_head":"<!-- This site is optimized with the Yoast SEO plugin v25.6 - https:\/\/yoast.com\/wordpress\/plugins\/seo\/ -->\n<title>\u00a1Impactante! Hombre amenaza a frutero en Marbella y luego se apu\u00f1ala, quedando en estado cr\u00edtico - Diario 21<\/title>\n<meta name=\"robots\" content=\"index, follow, max-snippet:-1, max-image-preview:large, max-video-preview:-1\" \/>\n<link rel=\"canonical\" href=\"https:\/\/www.diario21.tv\/noticias\/impactante-hombre-amenaza-a-frutero-en-marbella-y-luego-se-apunala-quedando-en-estado-critico\/\" \/>\n<meta property=\"og:locale\" content=\"es_ES\" \/>\n<meta property=\"og:type\" content=\"article\" \/>\n<meta property=\"og:title\" content=\"\u00a1Impactante! Hombre amenaza a frutero en Marbella y luego se apu\u00f1ala, quedando en estado cr\u00edtico - Diario 21\" \/>\n<meta property=\"og:description\" content=\"Amenaza Mortal a Comerciante de Frutas en Marbella y Posterior Autolesi\u00f3n Cr\u00edtica En un incidente alarmante en Marbella, un individuo amenaz\u00f3 de muerte a un vendedor ... Seguir leyendo &rarr;\" \/>\n<meta property=\"og:url\" content=\"https:\/\/www.diario21.tv\/noticias\/impactante-hombre-amenaza-a-frutero-en-marbella-y-luego-se-apunala-quedando-en-estado-critico\/\" \/>\n<meta property=\"og:site_name\" content=\"Diario 21\" \/>\n<meta property=\"article:published_time\" content=\"2025-06-23T13:36:18+00:00\" \/>\n<meta property=\"article:modified_time\" content=\"2025-06-23T13:36:19+00:00\" \/>\n<meta property=\"og:image\" content=\"https:\/\/www.diario21.tv\/noticias\/wp-content\/uploads\/2025\/06\/\u00a1Impactante-Hombre-amenaza-a-frutero-en-Marbella-y-luego-se.jpg\" \/>\n\t<meta property=\"og:image:width\" content=\"1200\" \/>\n\t<meta property=\"og:image:height\" content=\"840\" \/>\n\t<meta property=\"og:image:type\" content=\"image\/jpeg\" \/>\n<meta name=\"author\" content=\"Juan P\u00e9rez\" \/>\n<meta name=\"twitter:card\" content=\"summary_large_image\" \/>\n<meta name=\"twitter:label1\" content=\"Escrito por\" \/>\n\t<meta name=\"twitter:data1\" content=\"Juan P\u00e9rez\" \/>\n\t<meta name=\"twitter:label2\" content=\"Tiempo de lectura\" \/>\n\t<meta name=\"twitter:data2\" content=\"2 minutos\" \/>\n<script type=\"application\/ld+json\" class=\"yoast-schema-graph\">{\"@context\":\"https:\/\/schema.org\",\"@graph\":[{\"@type\":\"WebPage\",\"@id\":\"https:\/\/www.diario21.tv\/noticias\/impactante-hombre-amenaza-a-frutero-en-marbella-y-luego-se-apunala-quedando-en-estado-critico\/\",\"url\":\"https:\/\/www.diario21.tv\/noticias\/impactante-hombre-amenaza-a-frutero-en-marbella-y-luego-se-apunala-quedando-en-estado-critico\/\",\"name\":\"\u00a1Impactante! Hombre amenaza a frutero en Marbella y luego se apu\u00f1ala, quedando en estado cr\u00edtico - Diario 21\",\"isPartOf\":{\"@id\":\"https:\/\/www.diario21.tv\/noticias\/#website\"},\"primaryImageOfPage\":{\"@id\":\"https:\/\/www.diario21.tv\/noticias\/impactante-hombre-amenaza-a-frutero-en-marbella-y-luego-se-apunala-quedando-en-estado-critico\/#primaryimage\"},\"image\":{\"@id\":\"https:\/\/www.diario21.tv\/noticias\/impactante-hombre-amenaza-a-frutero-en-marbella-y-luego-se-apunala-quedando-en-estado-critico\/#primaryimage\"},\"thumbnailUrl\":\"https:\/\/www.diario21.tv\/noticias\/wp-content\/uploads\/2025\/06\/\u00a1Impactante-Hombre-amenaza-a-frutero-en-Marbella-y-luego-se.jpg\",\"datePublished\":\"2025-06-23T13:36:18+00:00\",\"dateModified\":\"2025-06-23T13:36:19+00:00\",\"author\":{\"@id\":\"https:\/\/www.diario21.tv\/noticias\/#\/schema\/person\/dfb778f73814d8f09f302618446a526b\"},\"breadcrumb\":{\"@id\":\"https:\/\/www.diario21.tv\/noticias\/impactante-hombre-amenaza-a-frutero-en-marbella-y-luego-se-apunala-quedando-en-estado-critico\/#breadcrumb\"},\"inLanguage\":\"es-AR\",\"potentialAction\":[{\"@type\":\"ReadAction\",\"target\":[\"https:\/\/www.diario21.tv\/noticias\/impactante-hombre-amenaza-a-frutero-en-marbella-y-luego-se-apunala-quedando-en-estado-critico\/\"]}]},{\"@type\":\"ImageObject\",\"inLanguage\":\"es-AR\",\"@id\":\"https:\/\/www.diario21.tv\/noticias\/impactante-hombre-amenaza-a-frutero-en-marbella-y-luego-se-apunala-quedando-en-estado-critico\/#primaryimage\",\"url\":\"https:\/\/www.diario21.tv\/noticias\/wp-content\/uploads\/2025\/06\/\u00a1Impactante-Hombre-amenaza-a-frutero-en-Marbella-y-luego-se.jpg\",\"contentUrl\":\"https:\/\/www.diario21.tv\/noticias\/wp-content\/uploads\/2025\/06\/\u00a1Impactante-Hombre-amenaza-a-frutero-en-Marbella-y-luego-se.jpg\",\"width\":1200,\"height\":840,\"caption\":\"Amenaza de muerte a un frutero de Marbella y se apu\u00f1ala a s\u00ed mismo hasta quedar cr\u00edtico\"},{\"@type\":\"BreadcrumbList\",\"@id\":\"https:\/\/www.diario21.tv\/noticias\/impactante-hombre-amenaza-a-frutero-en-marbella-y-luego-se-apunala-quedando-en-estado-critico\/#breadcrumb\",\"itemListElement\":[{\"@type\":\"ListItem\",\"position\":1,\"name\":\"Accueil\",\"item\":\"https:\/\/www.diario21.tv\/noticias\/\"},{\"@type\":\"ListItem\",\"position\":2,\"name\":\"\u00a1Impactante! Hombre amenaza a frutero en Marbella y luego se apu\u00f1ala, quedando en estado cr\u00edtico\"}]},{\"@type\":\"WebSite\",\"@id\":\"https:\/\/www.diario21.tv\/noticias\/#website\",\"url\":\"https:\/\/www.diario21.tv\/noticias\/\",\"name\":\"Diario 21\",\"description\":\"\",\"potentialAction\":[{\"@type\":\"SearchAction\",\"target\":{\"@type\":\"EntryPoint\",\"urlTemplate\":\"https:\/\/www.diario21.tv\/noticias\/?s={search_term_string}\"},\"query-input\":{\"@type\":\"PropertyValueSpecification\",\"valueRequired\":true,\"valueName\":\"search_term_string\"}}],\"inLanguage\":\"es-AR\"},{\"@type\":\"Person\",\"@id\":\"https:\/\/www.diario21.tv\/noticias\/#\/schema\/person\/dfb778f73814d8f09f302618446a526b\",\"name\":\"Juan P\u00e9rez\",\"image\":{\"@type\":\"ImageObject\",\"inLanguage\":\"es-AR\",\"@id\":\"https:\/\/www.diario21.tv\/noticias\/#\/schema\/person\/image\/\",\"url\":\"https:\/\/secure.gravatar.com\/avatar\/c478a405bd10621167f4c3167cc770f5?s=96&d=mm&r=g\",\"contentUrl\":\"https:\/\/secure.gravatar.com\/avatar\/c478a405bd10621167f4c3167cc770f5?s=96&d=mm&r=g\",\"caption\":\"Juan P\u00e9rez\"},\"description\":\"Juan P\u00e9rez es el redactor en jefe de Diario 21. Con m\u00e1s de 10 a\u00f1os de experiencia en el periodismo, se especializa en pol\u00edtica nacional y an\u00e1lisis socioecon\u00f3mico. Su enfoque cr\u00edtico y riguroso aporta una perspectiva \u00fanica a cada art\u00edculo.\",\"sameAs\":[\"https:\/\/www.diario21.tv\/noticias\/\"],\"url\":\"https:\/\/www.diario21.tv\/noticias\/author\/juan-perez\/\"}]}<\/script>\n<!-- \/ Yoast SEO plugin. -->","yoast_head_json":{"title":"\u00a1Impactante! Hombre amenaza a frutero en Marbella y luego se apu\u00f1ala, quedando en estado cr\u00edtico - Diario 21","robots":{"index":"index","follow":"follow","max-snippet":"max-snippet:-1","max-image-preview":"max-image-preview:large","max-video-preview":"max-video-preview:-1"},"canonical":"https:\/\/www.diario21.tv\/noticias\/impactante-hombre-amenaza-a-frutero-en-marbella-y-luego-se-apunala-quedando-en-estado-critico\/","og_locale":"es_ES","og_type":"article","og_title":"\u00a1Impactante! Hombre amenaza a frutero en Marbella y luego se apu\u00f1ala, quedando en estado cr\u00edtico - Diario 21","og_description":"Amenaza Mortal a Comerciante de Frutas en Marbella y Posterior Autolesi\u00f3n Cr\u00edtica En un incidente alarmante en Marbella, un individuo amenaz\u00f3 de muerte a un vendedor ... Seguir leyendo &rarr;","og_url":"https:\/\/www.diario21.tv\/noticias\/impactante-hombre-amenaza-a-frutero-en-marbella-y-luego-se-apunala-quedando-en-estado-critico\/","og_site_name":"Diario 21","article_published_time":"2025-06-23T13:36:18+00:00","article_modified_time":"2025-06-23T13:36:19+00:00","og_image":[{"width":1200,"height":840,"url":"https:\/\/www.diario21.tv\/noticias\/wp-content\/uploads\/2025\/06\/\u00a1Impactante-Hombre-amenaza-a-frutero-en-Marbella-y-luego-se.jpg","type":"image\/jpeg"}],"author":"Juan P\u00e9rez","twitter_card":"summary_large_image","twitter_misc":{"Escrito por":"Juan P\u00e9rez","Tiempo de lectura":"2 minutos"},"schema":{"@context":"https:\/\/schema.org","@graph":[{"@type":"WebPage","@id":"https:\/\/www.diario21.tv\/noticias\/impactante-hombre-amenaza-a-frutero-en-marbella-y-luego-se-apunala-quedando-en-estado-critico\/","url":"https:\/\/www.diario21.tv\/noticias\/impactante-hombre-amenaza-a-frutero-en-marbella-y-luego-se-apunala-quedando-en-estado-critico\/","name":"\u00a1Impactante! Hombre amenaza a frutero en Marbella y luego se apu\u00f1ala, quedando en estado cr\u00edtico - Diario 21","isPartOf":{"@id":"https:\/\/www.diario21.tv\/noticias\/#website"},"primaryImageOfPage":{"@id":"https:\/\/www.diario21.tv\/noticias\/impactante-hombre-amenaza-a-frutero-en-marbella-y-luego-se-apunala-quedando-en-estado-critico\/#primaryimage"},"image":{"@id":"https:\/\/www.diario21.tv\/noticias\/impactante-hombre-amenaza-a-frutero-en-marbella-y-luego-se-apunala-quedando-en-estado-critico\/#primaryimage"},"thumbnailUrl":"https:\/\/www.diario21.tv\/noticias\/wp-content\/uploads\/2025\/06\/\u00a1Impactante-Hombre-amenaza-a-frutero-en-Marbella-y-luego-se.jpg","datePublished":"2025-06-23T13:36:18+00:00","dateModified":"2025-06-23T13:36:19+00:00","author":{"@id":"https:\/\/www.diario21.tv\/noticias\/#\/schema\/person\/dfb778f73814d8f09f302618446a526b"},"breadcrumb":{"@id":"https:\/\/www.diario21.tv\/noticias\/impactante-hombre-amenaza-a-frutero-en-marbella-y-luego-se-apunala-quedando-en-estado-critico\/#breadcrumb"},"inLanguage":"es-AR","potentialAction":[{"@type":"ReadAction","target":["https:\/\/www.diario21.tv\/noticias\/impactante-hombre-amenaza-a-frutero-en-marbella-y-luego-se-apunala-quedando-en-estado-critico\/"]}]},{"@type":"ImageObject","inLanguage":"es-AR","@id":"https:\/\/www.diario21.tv\/noticias\/impactante-hombre-amenaza-a-frutero-en-marbella-y-luego-se-apunala-quedando-en-estado-critico\/#primaryimage","url":"https:\/\/www.diario21.tv\/noticias\/wp-content\/uploads\/2025\/06\/\u00a1Impactante-Hombre-amenaza-a-frutero-en-Marbella-y-luego-se.jpg","contentUrl":"https:\/\/www.diario21.tv\/noticias\/wp-content\/uploads\/2025\/06\/\u00a1Impactante-Hombre-amenaza-a-frutero-en-Marbella-y-luego-se.jpg","width":1200,"height":840,"caption":"Amenaza de muerte a un frutero de Marbella y se apu\u00f1ala a s\u00ed mismo hasta quedar cr\u00edtico"},{"@type":"BreadcrumbList","@id":"https:\/\/www.diario21.tv\/noticias\/impactante-hombre-amenaza-a-frutero-en-marbella-y-luego-se-apunala-quedando-en-estado-critico\/#breadcrumb","itemListElement":[{"@type":"ListItem","position":1,"name":"Accueil","item":"https:\/\/www.diario21.tv\/noticias\/"},{"@type":"ListItem","position":2,"name":"\u00a1Impactante! Hombre amenaza a frutero en Marbella y luego se apu\u00f1ala, quedando en estado cr\u00edtico"}]},{"@type":"WebSite","@id":"https:\/\/www.diario21.tv\/noticias\/#website","url":"https:\/\/www.diario21.tv\/noticias\/","name":"Diario 21","description":"","potentialAction":[{"@type":"SearchAction","target":{"@type":"EntryPoint","urlTemplate":"https:\/\/www.diario21.tv\/noticias\/?s={search_term_string}"},"query-input":{"@type":"PropertyValueSpecification","valueRequired":true,"valueName":"search_term_string"}}],"inLanguage":"es-AR"},{"@type":"Person","@id":"https:\/\/www.diario21.tv\/noticias\/#\/schema\/person\/dfb778f73814d8f09f302618446a526b","name":"Juan P\u00e9rez","image":{"@type":"ImageObject","inLanguage":"es-AR","@id":"https:\/\/www.diario21.tv\/noticias\/#\/schema\/person\/image\/","url":"https:\/\/secure.gravatar.com\/avatar\/c478a405bd10621167f4c3167cc770f5?s=96&d=mm&r=g","contentUrl":"https:\/\/secure.gravatar.com\/avatar\/c478a405bd10621167f4c3167cc770f5?s=96&d=mm&r=g","caption":"Juan P\u00e9rez"},"description":"Juan P\u00e9rez es el redactor en jefe de Diario 21. Con m\u00e1s de 10 a\u00f1os de experiencia en el periodismo, se especializa en pol\u00edtica nacional y an\u00e1lisis socioecon\u00f3mico. Su enfoque cr\u00edtico y riguroso aporta una perspectiva \u00fanica a cada art\u00edculo.","sameAs":["https:\/\/www.diario21.tv\/noticias\/"],"url":"https:\/\/www.diario21.tv\/noticias\/author\/juan-perez\/"}]}},"_links":{"self":[{"href":"https:\/\/www.diario21.tv\/noticias\/wp-json\/wp\/v2\/posts\/3574"}],"collection":[{"href":"https:\/\/www.diario21.tv\/noticias\/wp-json\/wp\/v2\/posts"}],"about":[{"href":"https:\/\/www.diario21.tv\/noticias\/wp-json\/wp\/v2\/types\/post"}],"author":[{"embeddable":true,"href":"https:\/\/www.diario21.tv\/noticias\/wp-json\/wp\/v2\/users\/20"}],"replies":[{"embeddable":true,"href":"https:\/\/www.diario21.tv\/noticias\/wp-json\/wp\/v2\/comments?post=3574"}],"version-history":[{"count":1,"href":"https:\/\/www.diario21.tv\/noticias\/wp-json\/wp\/v2\/posts\/3574\/revisions"}],"predecessor-version":[{"id":3576,"href":"https:\/\/www.diario21.tv\/noticias\/wp-json\/wp\/v2\/posts\/3574\/revisions\/3576"}],"wp:featuredmedia":[{"embeddable":true,"href":"https:\/\/www.diario21.tv\/noticias\/wp-json\/wp\/v2\/media\/3575"}],"wp:attachment":[{"href":"https:\/\/www.diario21.tv\/noticias\/wp-json\/wp\/v2\/media?parent=3574"}],"wp:term":[{"taxonomy":"category","embeddable":true,"href":"https:\/\/www.diario21.tv\/noticias\/wp-json\/wp\/v2\/categories?post=3574"},{"taxonomy":"post_tag","embeddable":true,"href":"https:\/\/www.diario21.tv\/noticias\/wp-json\/wp\/v2\/tags?post=3574"}],"curies":[{"name":"wp","href":"https:\/\/api.w.org\/{rel}","templated":true}]}}