{"id":3568,"date":"2025-06-22T19:30:08","date_gmt":"2025-06-22T19:30:08","guid":{"rendered":"https:\/\/www.diario21.tv\/noticias\/mujeres-valientes-enfrentan-el-miedo-y-el-silencio-para-salvar-la-democracia\/"},"modified":"2025-06-22T19:30:10","modified_gmt":"2025-06-22T19:30:10","slug":"mujeres-valientes-enfrentan-el-miedo-y-el-silencio-para-salvar-la-democracia","status":"publish","type":"post","link":"https:\/\/www.diario21.tv\/noticias\/mujeres-valientes-enfrentan-el-miedo-y-el-silencio-para-salvar-la-democracia\/","title":{"rendered":"Mujeres valientes enfrentan el miedo y el silencio para salvar la democracia"},"content":{"rendered":"<h2>Mujeres Valientes en la Defensa de la Democracia<\/h2>\n<p>En distintas partes del mundo, las mujeres est\u00e1n tomando un papel crucial como defensoras de la democracia, enfrentando riesgos y superando el miedo para luchar contra la opresi\u00f3n y el silencio. A trav\u00e9s de diversas formas de activismo, desde marchas hasta la participaci\u00f3n pol\u00edtica, estas valientes mujeres est\u00e1n marcando la diferencia en sus comunidades y pa\u00edses, mostrando una resistencia ejemplar frente a los desaf\u00edos.<\/p>\n<h3>Contra el Silencio y el Miedo<\/h3>\n<p>Hist\u00f3ricamente, las mujeres han sido marginadas en muchos aspectos de la sociedad, incluyendo la pol\u00edtica. Sin embargo, en tiempos recientes, han emergido como voces poderosas en la lucha por la justicia y la equidad. En lugares donde la democracia est\u00e1 bajo amenaza, ellas son frecuentemente las primeras en alzar la voz contra las injusticias, a pesar de enfrentar intimidaciones y, en muchos casos, violencia.<\/p>\n<p>El activismo de las mujeres no solo desaf\u00eda el status quo, sino que tambi\u00e9n impulsa cambios significativos en las pol\u00edticas y en la mentalidad de las personas hacia temas de g\u00e9nero y derechos humanos. Su participaci\u00f3n activa es crucial para la creaci\u00f3n de sociedades m\u00e1s inclusivas y justas.<\/p>\n<h3>Liderazgo Femenino en Tiempos de Crisis<\/h3>\n<p>En contextos de crisis pol\u00edtica o social, el liderazgo femenino ha demostrado ser especialmente efectivo y emp\u00e1tico. Ejemplos de mujeres l\u00edderes que han dirigido a sus pa\u00edses a trav\u00e9s de crisis significativas, mostrando fortaleza y decisi\u00f3n, no son raros. Estas l\u00edderes no solo gestionan las crisis con habilidad, sino que tambi\u00e9n trabajan para asegurar que las voces de los menos representados sean escuchadas.<\/p>\n<h3>Educaci\u00f3n y Concienciaci\u00f3n<\/h3>\n<p>Una herramienta clave en la lucha contra la opresi\u00f3n es la educaci\u00f3n. Las mujeres activistas a menudo centran sus esfuerzos en educar a otras mujeres y a la sociedad en general sobre sus derechos y sobre c\u00f3mo pueden participar activamente en la defensa de la democracia. Talleres, seminarios y campa\u00f1as de concienciaci\u00f3n son algunas de las estrategias utilizadas para diseminar conocimiento y fomentar la participaci\u00f3n ciudadana.<\/p>\n<h3>El Futuro de la Democracia<\/h3>\n<p>La continua lucha de las mujeres por la democracia no solo es un testimonio de su coraje, sino tambi\u00e9n una parte esencial para el futuro democr\u00e1tico. Su capacidad para organizar, movilizar y educar sigue siendo una fuerza motriz en la promoci\u00f3n de sociedades m\u00e1s justas y equitativas. A medida que m\u00e1s mujeres asumen roles de liderazgo y participaci\u00f3n activa, el paisaje pol\u00edtico y social global se transforma positivamente.<\/p>\n<p>La valent\u00eda de estas mujeres, que desaf\u00edan el miedo y el silencio, no solo protege los valores democr\u00e1ticos, sino que tambi\u00e9n inspira a generaciones futuras a continuar la lucha por un mundo m\u00e1s justo y equitativo. En un panorama a menudo dominado por la adversidad, la voz y acci\u00f3n de las mujeres son fundamentales para mantener viva la esperanza y asegurar la integridad de nuestras democracias.<\/p>\n\n\n<div class=\"kk-star-ratings kksr-auto kksr-align-left kksr-valign-bottom\"\n    data-payload='{&quot;align&quot;:&quot;left&quot;,&quot;id&quot;:&quot;3568&quot;,&quot;slug&quot;:&quot;default&quot;,&quot;valign&quot;:&quot;bottom&quot;,&quot;ignore&quot;:&quot;&quot;,&quot;reference&quot;:&quot;auto&quot;,&quot;class&quot;:&quot;&quot;,&quot;count&quot;:&quot;0&quot;,&quot;legendonly&quot;:&quot;&quot;,&quot;readonly&quot;:&quot;&quot;,&quot;score&quot;:&quot;0&quot;,&quot;starsonly&quot;:&quot;&quot;,&quot;best&quot;:&quot;5&quot;,&quot;gap&quot;:&quot;5&quot;,&quot;greet&quot;:&quot;Valora este post&quot;,&quot;legend&quot;:&quot;0\\\/5 - (0 votes)&quot;,&quot;size&quot;:&quot;22&quot;,&quot;title&quot;:&quot;Mujeres valientes enfrentan el miedo y el silencio para salvar la democracia&quot;,&quot;width&quot;:&quot;0&quot;,&quot;_legend&quot;:&quot;{score}\\\/{best} - ({count} {votes})&quot;,&quot;font_factor&quot;:&quot;1.25&quot;}'>\n            \n<div class=\"kksr-stars\">\n    \n<div class=\"kksr-stars-inactive\">\n            <div class=\"kksr-star\" data-star=\"1\" style=\"padding-right: 5px\">\n            \n\n<div class=\"kksr-icon\" style=\"width: 22px; height: 22px;\"><\/div>\n        <\/div>\n            <div class=\"kksr-star\" data-star=\"2\" style=\"padding-right: 5px\">\n            \n\n<div class=\"kksr-icon\" style=\"width: 22px; height: 22px;\"><\/div>\n        <\/div>\n            <div class=\"kksr-star\" data-star=\"3\" style=\"padding-right: 5px\">\n            \n\n<div class=\"kksr-icon\" style=\"width: 22px; height: 22px;\"><\/div>\n        <\/div>\n            <div class=\"kksr-star\" data-star=\"4\" style=\"padding-right: 5px\">\n            \n\n<div class=\"kksr-icon\" style=\"width: 22px; height: 22px;\"><\/div>\n        <\/div>\n            <div class=\"kksr-star\" data-star=\"5\" style=\"padding-right: 5px\">\n            \n\n<div class=\"kksr-icon\" style=\"width: 22px; height: 22px;\"><\/div>\n        <\/div>\n    <\/div>\n    \n<div class=\"kksr-stars-active\" style=\"width: 0px;\">\n            <div class=\"kksr-star\" style=\"padding-right: 5px\">\n            \n\n<div class=\"kksr-icon\" style=\"width: 22px; height: 22px;\"><\/div>\n        <\/div>\n            <div class=\"kksr-star\" style=\"padding-right: 5px\">\n            \n\n<div class=\"kksr-icon\" style=\"width: 22px; height: 22px;\"><\/div>\n        <\/div>\n            <div class=\"kksr-star\" style=\"padding-right: 5px\">\n            \n\n<div class=\"kksr-icon\" style=\"width: 22px; height: 22px;\"><\/div>\n        <\/div>\n            <div class=\"kksr-star\" style=\"padding-right: 5px\">\n            \n\n<div class=\"kksr-icon\" style=\"width: 22px; height: 22px;\"><\/div>\n        <\/div>\n            <div class=\"kksr-star\" style=\"padding-right: 5px\">\n            \n\n<div class=\"kksr-icon\" style=\"width: 22px; height: 22px;\"><\/div>\n        <\/div>\n    <\/div>\n<\/div>\n                \n\n<div class=\"kksr-legend\" style=\"font-size: 17.6px;\">\n            <span class=\"kksr-muted\">Valora este post<\/span>\n    <\/div>\n    <\/div>\n","protected":false},"excerpt":{"rendered":"<p>Mujeres Valientes en la Defensa de la Democracia En distintas partes del mundo, las mujeres est\u00e1n tomando un papel crucial como defensoras de la democracia, enfrentando &#8230; <a title=\"Mujeres valientes enfrentan el miedo y el silencio para salvar la democracia\" class=\"read-more\" href=\"https:\/\/www.diario21.tv\/noticias\/mujeres-valientes-enfrentan-el-miedo-y-el-silencio-para-salvar-la-democracia\/\" aria-label=\"Leer m\u00e1s sobre Mujeres valientes enfrentan el miedo y el silencio para salvar la democracia\">Seguir leyendo &rarr;<\/a><\/p>\n","protected":false},"author":20,"featured_media":3569,"comment_status":"open","ping_status":"open","sticky":false,"template":"","format":"standard","meta":{"footnotes":""},"categories":[13],"tags":[],"class_list":["post-3568","post","type-post","status-publish","format-standard","has-post-thumbnail","hentry","category-portada"],"yoast_head":"<!-- This site is optimized with the Yoast SEO plugin v25.6 - https:\/\/yoast.com\/wordpress\/plugins\/seo\/ -->\n<title>Mujeres valientes enfrentan el miedo y el silencio para salvar la democracia - Diario 21<\/title>\n<meta name=\"robots\" content=\"index, follow, max-snippet:-1, max-image-preview:large, max-video-preview:-1\" \/>\n<link rel=\"canonical\" href=\"https:\/\/www.diario21.tv\/noticias\/mujeres-valientes-enfrentan-el-miedo-y-el-silencio-para-salvar-la-democracia\/\" \/>\n<meta property=\"og:locale\" content=\"es_ES\" \/>\n<meta property=\"og:type\" content=\"article\" \/>\n<meta property=\"og:title\" content=\"Mujeres valientes enfrentan el miedo y el silencio para salvar la democracia - Diario 21\" \/>\n<meta property=\"og:description\" content=\"Mujeres Valientes en la Defensa de la Democracia En distintas partes del mundo, las mujeres est\u00e1n tomando un papel crucial como defensoras de la democracia, enfrentando ... Seguir leyendo &rarr;\" \/>\n<meta property=\"og:url\" content=\"https:\/\/www.diario21.tv\/noticias\/mujeres-valientes-enfrentan-el-miedo-y-el-silencio-para-salvar-la-democracia\/\" \/>\n<meta property=\"og:site_name\" content=\"Diario 21\" \/>\n<meta property=\"article:published_time\" content=\"2025-06-22T19:30:08+00:00\" \/>\n<meta property=\"article:modified_time\" content=\"2025-06-22T19:30:10+00:00\" \/>\n<meta property=\"og:image\" content=\"https:\/\/www.diario21.tv\/noticias\/wp-content\/uploads\/2025\/06\/Mujeres-valientes-enfrentan-el-miedo-y-el-silencio-para-salvar.jpg\" \/>\n\t<meta property=\"og:image:width\" content=\"1200\" \/>\n\t<meta property=\"og:image:height\" content=\"840\" \/>\n\t<meta property=\"og:image:type\" content=\"image\/jpeg\" \/>\n<meta name=\"author\" content=\"Juan P\u00e9rez\" \/>\n<meta name=\"twitter:card\" content=\"summary_large_image\" \/>\n<meta name=\"twitter:label1\" content=\"Escrito por\" \/>\n\t<meta name=\"twitter:data1\" content=\"Juan P\u00e9rez\" \/>\n\t<meta name=\"twitter:label2\" content=\"Tiempo de lectura\" \/>\n\t<meta name=\"twitter:data2\" content=\"3 minutos\" \/>\n<script type=\"application\/ld+json\" class=\"yoast-schema-graph\">{\"@context\":\"https:\/\/schema.org\",\"@graph\":[{\"@type\":\"WebPage\",\"@id\":\"https:\/\/www.diario21.tv\/noticias\/mujeres-valientes-enfrentan-el-miedo-y-el-silencio-para-salvar-la-democracia\/\",\"url\":\"https:\/\/www.diario21.tv\/noticias\/mujeres-valientes-enfrentan-el-miedo-y-el-silencio-para-salvar-la-democracia\/\",\"name\":\"Mujeres valientes enfrentan el miedo y el silencio para salvar la democracia - Diario 21\",\"isPartOf\":{\"@id\":\"https:\/\/www.diario21.tv\/noticias\/#website\"},\"primaryImageOfPage\":{\"@id\":\"https:\/\/www.diario21.tv\/noticias\/mujeres-valientes-enfrentan-el-miedo-y-el-silencio-para-salvar-la-democracia\/#primaryimage\"},\"image\":{\"@id\":\"https:\/\/www.diario21.tv\/noticias\/mujeres-valientes-enfrentan-el-miedo-y-el-silencio-para-salvar-la-democracia\/#primaryimage\"},\"thumbnailUrl\":\"https:\/\/www.diario21.tv\/noticias\/wp-content\/uploads\/2025\/06\/Mujeres-valientes-enfrentan-el-miedo-y-el-silencio-para-salvar.jpg\",\"datePublished\":\"2025-06-22T19:30:08+00:00\",\"dateModified\":\"2025-06-22T19:30:10+00:00\",\"author\":{\"@id\":\"https:\/\/www.diario21.tv\/noticias\/#\/schema\/person\/dfb778f73814d8f09f302618446a526b\"},\"breadcrumb\":{\"@id\":\"https:\/\/www.diario21.tv\/noticias\/mujeres-valientes-enfrentan-el-miedo-y-el-silencio-para-salvar-la-democracia\/#breadcrumb\"},\"inLanguage\":\"es-AR\",\"potentialAction\":[{\"@type\":\"ReadAction\",\"target\":[\"https:\/\/www.diario21.tv\/noticias\/mujeres-valientes-enfrentan-el-miedo-y-el-silencio-para-salvar-la-democracia\/\"]}]},{\"@type\":\"ImageObject\",\"inLanguage\":\"es-AR\",\"@id\":\"https:\/\/www.diario21.tv\/noticias\/mujeres-valientes-enfrentan-el-miedo-y-el-silencio-para-salvar-la-democracia\/#primaryimage\",\"url\":\"https:\/\/www.diario21.tv\/noticias\/wp-content\/uploads\/2025\/06\/Mujeres-valientes-enfrentan-el-miedo-y-el-silencio-para-salvar.jpg\",\"contentUrl\":\"https:\/\/www.diario21.tv\/noticias\/wp-content\/uploads\/2025\/06\/Mujeres-valientes-enfrentan-el-miedo-y-el-silencio-para-salvar.jpg\",\"width\":1200,\"height\":840,\"caption\":\"Mujeres que alzan la voz contra el miedo y el silencio para proteger la democracia\"},{\"@type\":\"BreadcrumbList\",\"@id\":\"https:\/\/www.diario21.tv\/noticias\/mujeres-valientes-enfrentan-el-miedo-y-el-silencio-para-salvar-la-democracia\/#breadcrumb\",\"itemListElement\":[{\"@type\":\"ListItem\",\"position\":1,\"name\":\"Accueil\",\"item\":\"https:\/\/www.diario21.tv\/noticias\/\"},{\"@type\":\"ListItem\",\"position\":2,\"name\":\"Mujeres valientes enfrentan el miedo y el silencio para salvar la democracia\"}]},{\"@type\":\"WebSite\",\"@id\":\"https:\/\/www.diario21.tv\/noticias\/#website\",\"url\":\"https:\/\/www.diario21.tv\/noticias\/\",\"name\":\"Diario 21\",\"description\":\"\",\"potentialAction\":[{\"@type\":\"SearchAction\",\"target\":{\"@type\":\"EntryPoint\",\"urlTemplate\":\"https:\/\/www.diario21.tv\/noticias\/?s={search_term_string}\"},\"query-input\":{\"@type\":\"PropertyValueSpecification\",\"valueRequired\":true,\"valueName\":\"search_term_string\"}}],\"inLanguage\":\"es-AR\"},{\"@type\":\"Person\",\"@id\":\"https:\/\/www.diario21.tv\/noticias\/#\/schema\/person\/dfb778f73814d8f09f302618446a526b\",\"name\":\"Juan P\u00e9rez\",\"image\":{\"@type\":\"ImageObject\",\"inLanguage\":\"es-AR\",\"@id\":\"https:\/\/www.diario21.tv\/noticias\/#\/schema\/person\/image\/\",\"url\":\"https:\/\/secure.gravatar.com\/avatar\/c478a405bd10621167f4c3167cc770f5?s=96&d=mm&r=g\",\"contentUrl\":\"https:\/\/secure.gravatar.com\/avatar\/c478a405bd10621167f4c3167cc770f5?s=96&d=mm&r=g\",\"caption\":\"Juan P\u00e9rez\"},\"description\":\"Juan P\u00e9rez es el redactor en jefe de Diario 21. Con m\u00e1s de 10 a\u00f1os de experiencia en el periodismo, se especializa en pol\u00edtica nacional y an\u00e1lisis socioecon\u00f3mico. Su enfoque cr\u00edtico y riguroso aporta una perspectiva \u00fanica a cada art\u00edculo.\",\"sameAs\":[\"https:\/\/www.diario21.tv\/noticias\/\"],\"url\":\"https:\/\/www.diario21.tv\/noticias\/author\/juan-perez\/\"}]}<\/script>\n<!-- \/ Yoast SEO plugin. -->","yoast_head_json":{"title":"Mujeres valientes enfrentan el miedo y el silencio para salvar la democracia - Diario 21","robots":{"index":"index","follow":"follow","max-snippet":"max-snippet:-1","max-image-preview":"max-image-preview:large","max-video-preview":"max-video-preview:-1"},"canonical":"https:\/\/www.diario21.tv\/noticias\/mujeres-valientes-enfrentan-el-miedo-y-el-silencio-para-salvar-la-democracia\/","og_locale":"es_ES","og_type":"article","og_title":"Mujeres valientes enfrentan el miedo y el silencio para salvar la democracia - Diario 21","og_description":"Mujeres Valientes en la Defensa de la Democracia En distintas partes del mundo, las mujeres est\u00e1n tomando un papel crucial como defensoras de la democracia, enfrentando ... Seguir leyendo &rarr;","og_url":"https:\/\/www.diario21.tv\/noticias\/mujeres-valientes-enfrentan-el-miedo-y-el-silencio-para-salvar-la-democracia\/","og_site_name":"Diario 21","article_published_time":"2025-06-22T19:30:08+00:00","article_modified_time":"2025-06-22T19:30:10+00:00","og_image":[{"width":1200,"height":840,"url":"https:\/\/www.diario21.tv\/noticias\/wp-content\/uploads\/2025\/06\/Mujeres-valientes-enfrentan-el-miedo-y-el-silencio-para-salvar.jpg","type":"image\/jpeg"}],"author":"Juan P\u00e9rez","twitter_card":"summary_large_image","twitter_misc":{"Escrito por":"Juan P\u00e9rez","Tiempo de lectura":"3 minutos"},"schema":{"@context":"https:\/\/schema.org","@graph":[{"@type":"WebPage","@id":"https:\/\/www.diario21.tv\/noticias\/mujeres-valientes-enfrentan-el-miedo-y-el-silencio-para-salvar-la-democracia\/","url":"https:\/\/www.diario21.tv\/noticias\/mujeres-valientes-enfrentan-el-miedo-y-el-silencio-para-salvar-la-democracia\/","name":"Mujeres valientes enfrentan el miedo y el silencio para salvar la democracia - Diario 21","isPartOf":{"@id":"https:\/\/www.diario21.tv\/noticias\/#website"},"primaryImageOfPage":{"@id":"https:\/\/www.diario21.tv\/noticias\/mujeres-valientes-enfrentan-el-miedo-y-el-silencio-para-salvar-la-democracia\/#primaryimage"},"image":{"@id":"https:\/\/www.diario21.tv\/noticias\/mujeres-valientes-enfrentan-el-miedo-y-el-silencio-para-salvar-la-democracia\/#primaryimage"},"thumbnailUrl":"https:\/\/www.diario21.tv\/noticias\/wp-content\/uploads\/2025\/06\/Mujeres-valientes-enfrentan-el-miedo-y-el-silencio-para-salvar.jpg","datePublished":"2025-06-22T19:30:08+00:00","dateModified":"2025-06-22T19:30:10+00:00","author":{"@id":"https:\/\/www.diario21.tv\/noticias\/#\/schema\/person\/dfb778f73814d8f09f302618446a526b"},"breadcrumb":{"@id":"https:\/\/www.diario21.tv\/noticias\/mujeres-valientes-enfrentan-el-miedo-y-el-silencio-para-salvar-la-democracia\/#breadcrumb"},"inLanguage":"es-AR","potentialAction":[{"@type":"ReadAction","target":["https:\/\/www.diario21.tv\/noticias\/mujeres-valientes-enfrentan-el-miedo-y-el-silencio-para-salvar-la-democracia\/"]}]},{"@type":"ImageObject","inLanguage":"es-AR","@id":"https:\/\/www.diario21.tv\/noticias\/mujeres-valientes-enfrentan-el-miedo-y-el-silencio-para-salvar-la-democracia\/#primaryimage","url":"https:\/\/www.diario21.tv\/noticias\/wp-content\/uploads\/2025\/06\/Mujeres-valientes-enfrentan-el-miedo-y-el-silencio-para-salvar.jpg","contentUrl":"https:\/\/www.diario21.tv\/noticias\/wp-content\/uploads\/2025\/06\/Mujeres-valientes-enfrentan-el-miedo-y-el-silencio-para-salvar.jpg","width":1200,"height":840,"caption":"Mujeres que alzan la voz contra el miedo y el silencio para proteger la democracia"},{"@type":"BreadcrumbList","@id":"https:\/\/www.diario21.tv\/noticias\/mujeres-valientes-enfrentan-el-miedo-y-el-silencio-para-salvar-la-democracia\/#breadcrumb","itemListElement":[{"@type":"ListItem","position":1,"name":"Accueil","item":"https:\/\/www.diario21.tv\/noticias\/"},{"@type":"ListItem","position":2,"name":"Mujeres valientes enfrentan el miedo y el silencio para salvar la democracia"}]},{"@type":"WebSite","@id":"https:\/\/www.diario21.tv\/noticias\/#website","url":"https:\/\/www.diario21.tv\/noticias\/","name":"Diario 21","description":"","potentialAction":[{"@type":"SearchAction","target":{"@type":"EntryPoint","urlTemplate":"https:\/\/www.diario21.tv\/noticias\/?s={search_term_string}"},"query-input":{"@type":"PropertyValueSpecification","valueRequired":true,"valueName":"search_term_string"}}],"inLanguage":"es-AR"},{"@type":"Person","@id":"https:\/\/www.diario21.tv\/noticias\/#\/schema\/person\/dfb778f73814d8f09f302618446a526b","name":"Juan P\u00e9rez","image":{"@type":"ImageObject","inLanguage":"es-AR","@id":"https:\/\/www.diario21.tv\/noticias\/#\/schema\/person\/image\/","url":"https:\/\/secure.gravatar.com\/avatar\/c478a405bd10621167f4c3167cc770f5?s=96&d=mm&r=g","contentUrl":"https:\/\/secure.gravatar.com\/avatar\/c478a405bd10621167f4c3167cc770f5?s=96&d=mm&r=g","caption":"Juan P\u00e9rez"},"description":"Juan P\u00e9rez es el redactor en jefe de Diario 21. Con m\u00e1s de 10 a\u00f1os de experiencia en el periodismo, se especializa en pol\u00edtica nacional y an\u00e1lisis socioecon\u00f3mico. Su enfoque cr\u00edtico y riguroso aporta una perspectiva \u00fanica a cada art\u00edculo.","sameAs":["https:\/\/www.diario21.tv\/noticias\/"],"url":"https:\/\/www.diario21.tv\/noticias\/author\/juan-perez\/"}]}},"_links":{"self":[{"href":"https:\/\/www.diario21.tv\/noticias\/wp-json\/wp\/v2\/posts\/3568"}],"collection":[{"href":"https:\/\/www.diario21.tv\/noticias\/wp-json\/wp\/v2\/posts"}],"about":[{"href":"https:\/\/www.diario21.tv\/noticias\/wp-json\/wp\/v2\/types\/post"}],"author":[{"embeddable":true,"href":"https:\/\/www.diario21.tv\/noticias\/wp-json\/wp\/v2\/users\/20"}],"replies":[{"embeddable":true,"href":"https:\/\/www.diario21.tv\/noticias\/wp-json\/wp\/v2\/comments?post=3568"}],"version-history":[{"count":1,"href":"https:\/\/www.diario21.tv\/noticias\/wp-json\/wp\/v2\/posts\/3568\/revisions"}],"predecessor-version":[{"id":3570,"href":"https:\/\/www.diario21.tv\/noticias\/wp-json\/wp\/v2\/posts\/3568\/revisions\/3570"}],"wp:featuredmedia":[{"embeddable":true,"href":"https:\/\/www.diario21.tv\/noticias\/wp-json\/wp\/v2\/media\/3569"}],"wp:attachment":[{"href":"https:\/\/www.diario21.tv\/noticias\/wp-json\/wp\/v2\/media?parent=3568"}],"wp:term":[{"taxonomy":"category","embeddable":true,"href":"https:\/\/www.diario21.tv\/noticias\/wp-json\/wp\/v2\/categories?post=3568"},{"taxonomy":"post_tag","embeddable":true,"href":"https:\/\/www.diario21.tv\/noticias\/wp-json\/wp\/v2\/tags?post=3568"}],"curies":[{"name":"wp","href":"https:\/\/api.w.org\/{rel}","templated":true}]}}