{"id":3559,"date":"2025-06-22T01:18:01","date_gmt":"2025-06-22T01:18:01","guid":{"rendered":"https:\/\/www.diario21.tv\/noticias\/atencion-conductores-la-dgt-avanza-en-la-regulacion-de-coches-autonomos-en-espana\/"},"modified":"2025-06-22T01:18:02","modified_gmt":"2025-06-22T01:18:02","slug":"atencion-conductores-la-dgt-avanza-en-la-regulacion-de-coches-autonomos-en-espana","status":"publish","type":"post","link":"https:\/\/www.diario21.tv\/noticias\/atencion-conductores-la-dgt-avanza-en-la-regulacion-de-coches-autonomos-en-espana\/","title":{"rendered":"\u00a1Atenci\u00f3n conductores! La DGT avanza en la regulaci\u00f3n de coches aut\u00f3nomos en Espa\u00f1a"},"content":{"rendered":"<h2>La DGT Avanza en la Regulaci\u00f3n de Veh\u00edculos Aut\u00f3nomos en Espa\u00f1a<\/h2>\n<p>En un movimiento considerado fundamental para el futuro de la automoci\u00f3n en Espa\u00f1a, la Direcci\u00f3n General de Tr\u00e1fico (DGT) ha tomado medidas significativas para establecer un marco regulador para los veh\u00edculos sin conductor en el pa\u00eds. Esta iniciativa marca un momento crucial en la adaptaci\u00f3n de las normativas de tr\u00e1fico a las innovaciones tecnol\u00f3gicas que est\u00e1n transformando el sector del transporte.<\/p>\n<h3>Implicaciones de la Nueva Regulaci\u00f3n<\/h3>\n<p>La introducci\u00f3n de coches aut\u00f3nomos en las carreteras espa\u00f1olas representa una revoluci\u00f3n en c\u00f3mo se conciben los desplazamientos diarios y la seguridad vial. Los veh\u00edculos aut\u00f3nomos, que operan sin la necesidad de intervenci\u00f3n humana, prometen mejorar la eficiencia del tr\u00e1fico y reducir significativamente los accidentes causados por errores humanos.<\/p>\n<p>La DGT ha destacado que la implementaci\u00f3n de esta tecnolog\u00eda debe ser acompa\u00f1ada de una regulaci\u00f3n adecuada que garantice la seguridad de todos los usuarios de la v\u00eda. El desarrollo de normas espec\u00edficas para veh\u00edculos sin conductor es esencial para abordar los desaf\u00edos \u00e9ticos y t\u00e9cnicos que estos veh\u00edculos presentan.<\/p>\n<h3>Desaf\u00edos y Oportunidades<\/h3>\n<p>Uno de los principales retos que enfrenta la regulaci\u00f3n de los veh\u00edculos aut\u00f3nomos es la integraci\u00f3n de estos sistemas con los usuarios tradicionales de las carreteras, como los conductores humanos, ciclistas y peatones. Adem\u00e1s, existe la necesidad de establecer protocolos claros en situaciones de emergencia y c\u00f3mo estos veh\u00edculos interactuar\u00e1n con las se\u00f1ales de tr\u00e1fico y las normativas existentes.<\/p>\n<p>Por otro lado, la adopci\u00f3n de coches aut\u00f3nomos en Espa\u00f1a podr\u00eda traer oportunidades significativas en t\u00e9rminos de movilidad urbana y rural, accesibilidad para personas con discapacidad, y la reducci\u00f3n de la huella de carbono al optimizar rutas y disminuir los atascos.<\/p>\n<h3>Pr\u00f3ximos Pasos en la Regulaci\u00f3n<\/h3>\n<p>La DGT se encuentra en proceso de colaboraci\u00f3n con varios actores del sector tecnol\u00f3gico y automovil\u00edstico para crear un entorno legal que respalde la introducci\u00f3n segura de veh\u00edculos aut\u00f3nomos. Se prev\u00e9 que las pr\u00f3ximas fases incluyan pruebas piloto en entornos controlados, la formaci\u00f3n de profesionales en nuevas tecnolog\u00edas de transporte y la educaci\u00f3n p\u00fablica sobre los beneficios y limitaciones de estos sistemas.<\/p>\n<h3>Conclusi\u00f3n<\/h3>\n<p>El avance hacia la regulaci\u00f3n de los veh\u00edculos sin conductor en Espa\u00f1a es un reflejo del compromiso de la DGT con la innovaci\u00f3n y la seguridad vial. Mientras el pa\u00eds se prepara para esta nueva era en transporte, las decisiones que se tomen ahora ser\u00e1n determinantes para garantizar que la transici\u00f3n hacia la automoci\u00f3n aut\u00f3noma sea lo m\u00e1s suave y segura posible para todos los ciudadanos.<\/p>\n\n\n<div class=\"kk-star-ratings kksr-auto kksr-align-left kksr-valign-bottom\"\n    data-payload='{&quot;align&quot;:&quot;left&quot;,&quot;id&quot;:&quot;3559&quot;,&quot;slug&quot;:&quot;default&quot;,&quot;valign&quot;:&quot;bottom&quot;,&quot;ignore&quot;:&quot;&quot;,&quot;reference&quot;:&quot;auto&quot;,&quot;class&quot;:&quot;&quot;,&quot;count&quot;:&quot;0&quot;,&quot;legendonly&quot;:&quot;&quot;,&quot;readonly&quot;:&quot;&quot;,&quot;score&quot;:&quot;0&quot;,&quot;starsonly&quot;:&quot;&quot;,&quot;best&quot;:&quot;5&quot;,&quot;gap&quot;:&quot;5&quot;,&quot;greet&quot;:&quot;Valora este post&quot;,&quot;legend&quot;:&quot;0\\\/5 - (0 votes)&quot;,&quot;size&quot;:&quot;22&quot;,&quot;title&quot;:&quot;\u00a1Atenci\u00f3n conductores! La DGT avanza en la regulaci\u00f3n de coches aut\u00f3nomos en Espa\u00f1a&quot;,&quot;width&quot;:&quot;0&quot;,&quot;_legend&quot;:&quot;{score}\\\/{best} - ({count} {votes})&quot;,&quot;font_factor&quot;:&quot;1.25&quot;}'>\n            \n<div class=\"kksr-stars\">\n    \n<div class=\"kksr-stars-inactive\">\n            <div class=\"kksr-star\" data-star=\"1\" style=\"padding-right: 5px\">\n            \n\n<div class=\"kksr-icon\" style=\"width: 22px; height: 22px;\"><\/div>\n        <\/div>\n            <div class=\"kksr-star\" data-star=\"2\" style=\"padding-right: 5px\">\n            \n\n<div class=\"kksr-icon\" style=\"width: 22px; height: 22px;\"><\/div>\n        <\/div>\n            <div class=\"kksr-star\" data-star=\"3\" style=\"padding-right: 5px\">\n            \n\n<div class=\"kksr-icon\" style=\"width: 22px; height: 22px;\"><\/div>\n        <\/div>\n            <div class=\"kksr-star\" data-star=\"4\" style=\"padding-right: 5px\">\n            \n\n<div class=\"kksr-icon\" style=\"width: 22px; height: 22px;\"><\/div>\n        <\/div>\n            <div class=\"kksr-star\" data-star=\"5\" style=\"padding-right: 5px\">\n            \n\n<div class=\"kksr-icon\" style=\"width: 22px; height: 22px;\"><\/div>\n        <\/div>\n    <\/div>\n    \n<div class=\"kksr-stars-active\" style=\"width: 0px;\">\n            <div class=\"kksr-star\" style=\"padding-right: 5px\">\n            \n\n<div class=\"kksr-icon\" style=\"width: 22px; height: 22px;\"><\/div>\n        <\/div>\n            <div class=\"kksr-star\" style=\"padding-right: 5px\">\n            \n\n<div class=\"kksr-icon\" style=\"width: 22px; height: 22px;\"><\/div>\n        <\/div>\n            <div class=\"kksr-star\" style=\"padding-right: 5px\">\n            \n\n<div class=\"kksr-icon\" style=\"width: 22px; height: 22px;\"><\/div>\n        <\/div>\n            <div class=\"kksr-star\" style=\"padding-right: 5px\">\n            \n\n<div class=\"kksr-icon\" style=\"width: 22px; height: 22px;\"><\/div>\n        <\/div>\n            <div class=\"kksr-star\" style=\"padding-right: 5px\">\n            \n\n<div class=\"kksr-icon\" style=\"width: 22px; height: 22px;\"><\/div>\n        <\/div>\n    <\/div>\n<\/div>\n                \n\n<div class=\"kksr-legend\" style=\"font-size: 17.6px;\">\n            <span class=\"kksr-muted\">Valora este post<\/span>\n    <\/div>\n    <\/div>\n","protected":false},"excerpt":{"rendered":"<p>La DGT Avanza en la Regulaci\u00f3n de Veh\u00edculos Aut\u00f3nomos en Espa\u00f1a En un movimiento considerado fundamental para el futuro de la automoci\u00f3n en Espa\u00f1a, la Direcci\u00f3n &#8230; <a title=\"\u00a1Atenci\u00f3n conductores! La DGT avanza en la regulaci\u00f3n de coches aut\u00f3nomos en Espa\u00f1a\" class=\"read-more\" href=\"https:\/\/www.diario21.tv\/noticias\/atencion-conductores-la-dgt-avanza-en-la-regulacion-de-coches-autonomos-en-espana\/\" aria-label=\"Leer m\u00e1s sobre \u00a1Atenci\u00f3n conductores! La DGT avanza en la regulaci\u00f3n de coches aut\u00f3nomos en Espa\u00f1a\">Seguir leyendo &rarr;<\/a><\/p>\n","protected":false},"author":20,"featured_media":3560,"comment_status":"open","ping_status":"open","sticky":false,"template":"","format":"standard","meta":{"footnotes":""},"categories":[13],"tags":[],"class_list":["post-3559","post","type-post","status-publish","format-standard","has-post-thumbnail","hentry","category-portada"],"yoast_head":"<!-- This site is optimized with the Yoast SEO plugin v25.6 - https:\/\/yoast.com\/wordpress\/plugins\/seo\/ -->\n<title>\u00a1Atenci\u00f3n conductores! La DGT avanza en la regulaci\u00f3n de coches aut\u00f3nomos en Espa\u00f1a - Diario 21<\/title>\n<meta name=\"robots\" content=\"index, follow, max-snippet:-1, max-image-preview:large, max-video-preview:-1\" \/>\n<link rel=\"canonical\" href=\"https:\/\/www.diario21.tv\/noticias\/atencion-conductores-la-dgt-avanza-en-la-regulacion-de-coches-autonomos-en-espana\/\" \/>\n<meta property=\"og:locale\" content=\"es_ES\" \/>\n<meta property=\"og:type\" content=\"article\" \/>\n<meta property=\"og:title\" content=\"\u00a1Atenci\u00f3n conductores! La DGT avanza en la regulaci\u00f3n de coches aut\u00f3nomos en Espa\u00f1a - Diario 21\" \/>\n<meta property=\"og:description\" content=\"La DGT Avanza en la Regulaci\u00f3n de Veh\u00edculos Aut\u00f3nomos en Espa\u00f1a En un movimiento considerado fundamental para el futuro de la automoci\u00f3n en Espa\u00f1a, la Direcci\u00f3n ... Seguir leyendo &rarr;\" \/>\n<meta property=\"og:url\" content=\"https:\/\/www.diario21.tv\/noticias\/atencion-conductores-la-dgt-avanza-en-la-regulacion-de-coches-autonomos-en-espana\/\" \/>\n<meta property=\"og:site_name\" content=\"Diario 21\" \/>\n<meta property=\"article:published_time\" content=\"2025-06-22T01:18:01+00:00\" \/>\n<meta property=\"article:modified_time\" content=\"2025-06-22T01:18:02+00:00\" \/>\n<meta property=\"og:image\" content=\"https:\/\/www.diario21.tv\/noticias\/wp-content\/uploads\/2025\/06\/\u00a1Atencion-conductores-La-DGT-avanza-en-la-regulacion-de-coches.jpg\" \/>\n\t<meta property=\"og:image:width\" content=\"1200\" \/>\n\t<meta property=\"og:image:height\" content=\"840\" \/>\n\t<meta property=\"og:image:type\" content=\"image\/jpeg\" \/>\n<meta name=\"author\" content=\"Juan P\u00e9rez\" \/>\n<meta name=\"twitter:card\" content=\"summary_large_image\" \/>\n<meta name=\"twitter:label1\" content=\"Escrito por\" \/>\n\t<meta name=\"twitter:data1\" content=\"Juan P\u00e9rez\" \/>\n\t<meta name=\"twitter:label2\" content=\"Tiempo de lectura\" \/>\n\t<meta name=\"twitter:data2\" content=\"2 minutos\" \/>\n<script type=\"application\/ld+json\" class=\"yoast-schema-graph\">{\"@context\":\"https:\/\/schema.org\",\"@graph\":[{\"@type\":\"WebPage\",\"@id\":\"https:\/\/www.diario21.tv\/noticias\/atencion-conductores-la-dgt-avanza-en-la-regulacion-de-coches-autonomos-en-espana\/\",\"url\":\"https:\/\/www.diario21.tv\/noticias\/atencion-conductores-la-dgt-avanza-en-la-regulacion-de-coches-autonomos-en-espana\/\",\"name\":\"\u00a1Atenci\u00f3n conductores! La DGT avanza en la regulaci\u00f3n de coches aut\u00f3nomos en Espa\u00f1a - Diario 21\",\"isPartOf\":{\"@id\":\"https:\/\/www.diario21.tv\/noticias\/#website\"},\"primaryImageOfPage\":{\"@id\":\"https:\/\/www.diario21.tv\/noticias\/atencion-conductores-la-dgt-avanza-en-la-regulacion-de-coches-autonomos-en-espana\/#primaryimage\"},\"image\":{\"@id\":\"https:\/\/www.diario21.tv\/noticias\/atencion-conductores-la-dgt-avanza-en-la-regulacion-de-coches-autonomos-en-espana\/#primaryimage\"},\"thumbnailUrl\":\"https:\/\/www.diario21.tv\/noticias\/wp-content\/uploads\/2025\/06\/\u00a1Atencion-conductores-La-DGT-avanza-en-la-regulacion-de-coches.jpg\",\"datePublished\":\"2025-06-22T01:18:01+00:00\",\"dateModified\":\"2025-06-22T01:18:02+00:00\",\"author\":{\"@id\":\"https:\/\/www.diario21.tv\/noticias\/#\/schema\/person\/dfb778f73814d8f09f302618446a526b\"},\"breadcrumb\":{\"@id\":\"https:\/\/www.diario21.tv\/noticias\/atencion-conductores-la-dgt-avanza-en-la-regulacion-de-coches-autonomos-en-espana\/#breadcrumb\"},\"inLanguage\":\"es-AR\",\"potentialAction\":[{\"@type\":\"ReadAction\",\"target\":[\"https:\/\/www.diario21.tv\/noticias\/atencion-conductores-la-dgt-avanza-en-la-regulacion-de-coches-autonomos-en-espana\/\"]}]},{\"@type\":\"ImageObject\",\"inLanguage\":\"es-AR\",\"@id\":\"https:\/\/www.diario21.tv\/noticias\/atencion-conductores-la-dgt-avanza-en-la-regulacion-de-coches-autonomos-en-espana\/#primaryimage\",\"url\":\"https:\/\/www.diario21.tv\/noticias\/wp-content\/uploads\/2025\/06\/\u00a1Atencion-conductores-La-DGT-avanza-en-la-regulacion-de-coches.jpg\",\"contentUrl\":\"https:\/\/www.diario21.tv\/noticias\/wp-content\/uploads\/2025\/06\/\u00a1Atencion-conductores-La-DGT-avanza-en-la-regulacion-de-coches.jpg\",\"width\":1200,\"height\":840,\"caption\":\"La DGT da un paso \u00abclave\u00bb para regular el coche sin conductor en las carreteras espa\u00f1olas\"},{\"@type\":\"BreadcrumbList\",\"@id\":\"https:\/\/www.diario21.tv\/noticias\/atencion-conductores-la-dgt-avanza-en-la-regulacion-de-coches-autonomos-en-espana\/#breadcrumb\",\"itemListElement\":[{\"@type\":\"ListItem\",\"position\":1,\"name\":\"Accueil\",\"item\":\"https:\/\/www.diario21.tv\/noticias\/\"},{\"@type\":\"ListItem\",\"position\":2,\"name\":\"\u00a1Atenci\u00f3n conductores! La DGT avanza en la regulaci\u00f3n de coches aut\u00f3nomos en Espa\u00f1a\"}]},{\"@type\":\"WebSite\",\"@id\":\"https:\/\/www.diario21.tv\/noticias\/#website\",\"url\":\"https:\/\/www.diario21.tv\/noticias\/\",\"name\":\"Diario 21\",\"description\":\"\",\"potentialAction\":[{\"@type\":\"SearchAction\",\"target\":{\"@type\":\"EntryPoint\",\"urlTemplate\":\"https:\/\/www.diario21.tv\/noticias\/?s={search_term_string}\"},\"query-input\":{\"@type\":\"PropertyValueSpecification\",\"valueRequired\":true,\"valueName\":\"search_term_string\"}}],\"inLanguage\":\"es-AR\"},{\"@type\":\"Person\",\"@id\":\"https:\/\/www.diario21.tv\/noticias\/#\/schema\/person\/dfb778f73814d8f09f302618446a526b\",\"name\":\"Juan P\u00e9rez\",\"image\":{\"@type\":\"ImageObject\",\"inLanguage\":\"es-AR\",\"@id\":\"https:\/\/www.diario21.tv\/noticias\/#\/schema\/person\/image\/\",\"url\":\"https:\/\/secure.gravatar.com\/avatar\/c478a405bd10621167f4c3167cc770f5?s=96&d=mm&r=g\",\"contentUrl\":\"https:\/\/secure.gravatar.com\/avatar\/c478a405bd10621167f4c3167cc770f5?s=96&d=mm&r=g\",\"caption\":\"Juan P\u00e9rez\"},\"description\":\"Juan P\u00e9rez es el redactor en jefe de Diario 21. Con m\u00e1s de 10 a\u00f1os de experiencia en el periodismo, se especializa en pol\u00edtica nacional y an\u00e1lisis socioecon\u00f3mico. Su enfoque cr\u00edtico y riguroso aporta una perspectiva \u00fanica a cada art\u00edculo.\",\"sameAs\":[\"https:\/\/www.diario21.tv\/noticias\/\"],\"url\":\"https:\/\/www.diario21.tv\/noticias\/author\/juan-perez\/\"}]}<\/script>\n<!-- \/ Yoast SEO plugin. -->","yoast_head_json":{"title":"\u00a1Atenci\u00f3n conductores! La DGT avanza en la regulaci\u00f3n de coches aut\u00f3nomos en Espa\u00f1a - Diario 21","robots":{"index":"index","follow":"follow","max-snippet":"max-snippet:-1","max-image-preview":"max-image-preview:large","max-video-preview":"max-video-preview:-1"},"canonical":"https:\/\/www.diario21.tv\/noticias\/atencion-conductores-la-dgt-avanza-en-la-regulacion-de-coches-autonomos-en-espana\/","og_locale":"es_ES","og_type":"article","og_title":"\u00a1Atenci\u00f3n conductores! La DGT avanza en la regulaci\u00f3n de coches aut\u00f3nomos en Espa\u00f1a - Diario 21","og_description":"La DGT Avanza en la Regulaci\u00f3n de Veh\u00edculos Aut\u00f3nomos en Espa\u00f1a En un movimiento considerado fundamental para el futuro de la automoci\u00f3n en Espa\u00f1a, la Direcci\u00f3n ... Seguir leyendo &rarr;","og_url":"https:\/\/www.diario21.tv\/noticias\/atencion-conductores-la-dgt-avanza-en-la-regulacion-de-coches-autonomos-en-espana\/","og_site_name":"Diario 21","article_published_time":"2025-06-22T01:18:01+00:00","article_modified_time":"2025-06-22T01:18:02+00:00","og_image":[{"width":1200,"height":840,"url":"https:\/\/www.diario21.tv\/noticias\/wp-content\/uploads\/2025\/06\/\u00a1Atencion-conductores-La-DGT-avanza-en-la-regulacion-de-coches.jpg","type":"image\/jpeg"}],"author":"Juan P\u00e9rez","twitter_card":"summary_large_image","twitter_misc":{"Escrito por":"Juan P\u00e9rez","Tiempo de lectura":"2 minutos"},"schema":{"@context":"https:\/\/schema.org","@graph":[{"@type":"WebPage","@id":"https:\/\/www.diario21.tv\/noticias\/atencion-conductores-la-dgt-avanza-en-la-regulacion-de-coches-autonomos-en-espana\/","url":"https:\/\/www.diario21.tv\/noticias\/atencion-conductores-la-dgt-avanza-en-la-regulacion-de-coches-autonomos-en-espana\/","name":"\u00a1Atenci\u00f3n conductores! La DGT avanza en la regulaci\u00f3n de coches aut\u00f3nomos en Espa\u00f1a - Diario 21","isPartOf":{"@id":"https:\/\/www.diario21.tv\/noticias\/#website"},"primaryImageOfPage":{"@id":"https:\/\/www.diario21.tv\/noticias\/atencion-conductores-la-dgt-avanza-en-la-regulacion-de-coches-autonomos-en-espana\/#primaryimage"},"image":{"@id":"https:\/\/www.diario21.tv\/noticias\/atencion-conductores-la-dgt-avanza-en-la-regulacion-de-coches-autonomos-en-espana\/#primaryimage"},"thumbnailUrl":"https:\/\/www.diario21.tv\/noticias\/wp-content\/uploads\/2025\/06\/\u00a1Atencion-conductores-La-DGT-avanza-en-la-regulacion-de-coches.jpg","datePublished":"2025-06-22T01:18:01+00:00","dateModified":"2025-06-22T01:18:02+00:00","author":{"@id":"https:\/\/www.diario21.tv\/noticias\/#\/schema\/person\/dfb778f73814d8f09f302618446a526b"},"breadcrumb":{"@id":"https:\/\/www.diario21.tv\/noticias\/atencion-conductores-la-dgt-avanza-en-la-regulacion-de-coches-autonomos-en-espana\/#breadcrumb"},"inLanguage":"es-AR","potentialAction":[{"@type":"ReadAction","target":["https:\/\/www.diario21.tv\/noticias\/atencion-conductores-la-dgt-avanza-en-la-regulacion-de-coches-autonomos-en-espana\/"]}]},{"@type":"ImageObject","inLanguage":"es-AR","@id":"https:\/\/www.diario21.tv\/noticias\/atencion-conductores-la-dgt-avanza-en-la-regulacion-de-coches-autonomos-en-espana\/#primaryimage","url":"https:\/\/www.diario21.tv\/noticias\/wp-content\/uploads\/2025\/06\/\u00a1Atencion-conductores-La-DGT-avanza-en-la-regulacion-de-coches.jpg","contentUrl":"https:\/\/www.diario21.tv\/noticias\/wp-content\/uploads\/2025\/06\/\u00a1Atencion-conductores-La-DGT-avanza-en-la-regulacion-de-coches.jpg","width":1200,"height":840,"caption":"La DGT da un paso \u00abclave\u00bb para regular el coche sin conductor en las carreteras espa\u00f1olas"},{"@type":"BreadcrumbList","@id":"https:\/\/www.diario21.tv\/noticias\/atencion-conductores-la-dgt-avanza-en-la-regulacion-de-coches-autonomos-en-espana\/#breadcrumb","itemListElement":[{"@type":"ListItem","position":1,"name":"Accueil","item":"https:\/\/www.diario21.tv\/noticias\/"},{"@type":"ListItem","position":2,"name":"\u00a1Atenci\u00f3n conductores! La DGT avanza en la regulaci\u00f3n de coches aut\u00f3nomos en Espa\u00f1a"}]},{"@type":"WebSite","@id":"https:\/\/www.diario21.tv\/noticias\/#website","url":"https:\/\/www.diario21.tv\/noticias\/","name":"Diario 21","description":"","potentialAction":[{"@type":"SearchAction","target":{"@type":"EntryPoint","urlTemplate":"https:\/\/www.diario21.tv\/noticias\/?s={search_term_string}"},"query-input":{"@type":"PropertyValueSpecification","valueRequired":true,"valueName":"search_term_string"}}],"inLanguage":"es-AR"},{"@type":"Person","@id":"https:\/\/www.diario21.tv\/noticias\/#\/schema\/person\/dfb778f73814d8f09f302618446a526b","name":"Juan P\u00e9rez","image":{"@type":"ImageObject","inLanguage":"es-AR","@id":"https:\/\/www.diario21.tv\/noticias\/#\/schema\/person\/image\/","url":"https:\/\/secure.gravatar.com\/avatar\/c478a405bd10621167f4c3167cc770f5?s=96&d=mm&r=g","contentUrl":"https:\/\/secure.gravatar.com\/avatar\/c478a405bd10621167f4c3167cc770f5?s=96&d=mm&r=g","caption":"Juan P\u00e9rez"},"description":"Juan P\u00e9rez es el redactor en jefe de Diario 21. Con m\u00e1s de 10 a\u00f1os de experiencia en el periodismo, se especializa en pol\u00edtica nacional y an\u00e1lisis socioecon\u00f3mico. Su enfoque cr\u00edtico y riguroso aporta una perspectiva \u00fanica a cada art\u00edculo.","sameAs":["https:\/\/www.diario21.tv\/noticias\/"],"url":"https:\/\/www.diario21.tv\/noticias\/author\/juan-perez\/"}]}},"_links":{"self":[{"href":"https:\/\/www.diario21.tv\/noticias\/wp-json\/wp\/v2\/posts\/3559"}],"collection":[{"href":"https:\/\/www.diario21.tv\/noticias\/wp-json\/wp\/v2\/posts"}],"about":[{"href":"https:\/\/www.diario21.tv\/noticias\/wp-json\/wp\/v2\/types\/post"}],"author":[{"embeddable":true,"href":"https:\/\/www.diario21.tv\/noticias\/wp-json\/wp\/v2\/users\/20"}],"replies":[{"embeddable":true,"href":"https:\/\/www.diario21.tv\/noticias\/wp-json\/wp\/v2\/comments?post=3559"}],"version-history":[{"count":1,"href":"https:\/\/www.diario21.tv\/noticias\/wp-json\/wp\/v2\/posts\/3559\/revisions"}],"predecessor-version":[{"id":3561,"href":"https:\/\/www.diario21.tv\/noticias\/wp-json\/wp\/v2\/posts\/3559\/revisions\/3561"}],"wp:featuredmedia":[{"embeddable":true,"href":"https:\/\/www.diario21.tv\/noticias\/wp-json\/wp\/v2\/media\/3560"}],"wp:attachment":[{"href":"https:\/\/www.diario21.tv\/noticias\/wp-json\/wp\/v2\/media?parent=3559"}],"wp:term":[{"taxonomy":"category","embeddable":true,"href":"https:\/\/www.diario21.tv\/noticias\/wp-json\/wp\/v2\/categories?post=3559"},{"taxonomy":"post_tag","embeddable":true,"href":"https:\/\/www.diario21.tv\/noticias\/wp-json\/wp\/v2\/tags?post=3559"}],"curies":[{"name":"wp","href":"https:\/\/api.w.org\/{rel}","templated":true}]}}