{"id":3553,"date":"2025-06-21T13:15:52","date_gmt":"2025-06-21T13:15:52","guid":{"rendered":"https:\/\/www.diario21.tv\/noticias\/mario-draghi-gana-el-premio-princesa-de-asturias-por-su-etica-y-compromiso-europeo\/"},"modified":"2025-06-21T13:15:53","modified_gmt":"2025-06-21T13:15:53","slug":"mario-draghi-gana-el-premio-princesa-de-asturias-por-su-etica-y-compromiso-europeo","status":"publish","type":"post","link":"https:\/\/www.diario21.tv\/noticias\/mario-draghi-gana-el-premio-princesa-de-asturias-por-su-etica-y-compromiso-europeo\/","title":{"rendered":"Mario Draghi gana el Premio Princesa de Asturias por su \u00e9tica y compromiso europeo"},"content":{"rendered":"<h2>Premio Princesa de Asturias otorgado a Mario Draghi por su compromiso con Europa y la \u00e9tica<\/h2>\n<p>Mario Draghi, reconocido por su firme compromiso con los ideales europe\u00edstas y su integridad moral, ha sido galardonado con el Premio Princesa de Asturias de Cooperaci\u00f3n Internacional este a\u00f1o. Este premio, uno de los m\u00e1s prestigiosos de Espa\u00f1a, se le ha concedido en reconocimiento a su labor continua y significativa en el fortalecimiento de la cooperaci\u00f3n y la unidad en el continente europeo.<\/p>\n<h3>Trayectoria y m\u00e9ritos de Draghi<\/h3>\n<p>La carrera de Mario Draghi est\u00e1 repleta de momentos clave donde su liderazgo y sus decisiones han sido cruciales para la estabilidad econ\u00f3mica de Europa. Como presidente del Banco Central Europeo, Draghi jug\u00f3 un papel fundamental durante la crisis financiera europea, implementando medidas que ayudaron a estabilizar la econom\u00eda y restaurar la confianza en el euro. Su famosa frase &#8220;har\u00e9 lo que sea necesario para preservar el euro, y cr\u00e9anme, ser\u00e1 suficiente&#8221; sigue resonando como un momento definitorio en la historia econ\u00f3mica de Europa.<\/p>\n<h3>Compromiso con la cooperaci\u00f3n internacional<\/h3>\n<p>El compromiso de Draghi con la cooperaci\u00f3n no solo se ha visto en su manejo de la econom\u00eda, sino tambi\u00e9n en su capacidad para fomentar el di\u00e1logo y la colaboraci\u00f3n entre diferentes pa\u00edses europeos. Su liderazgo ha sido clave en momentos donde la unidad europea ha enfrentado desaf\u00edos significativos, promoviendo siempre la idea de una Europa m\u00e1s fuerte y unida.<\/p>\n<h3>Un premio bien merecido<\/h3>\n<p>El jurado del Premio Princesa de Asturias ha reconocido estos esfuerzos y la trayectoria de Draghi como merecedores de este prestigioso reconocimiento. El premio no solo celebra sus logros pasados, sino que tambi\u00e9n reconoce su influencia continua en la pol\u00edtica y econom\u00eda europeas. Draghi ha sido un defensor incansable de la \u00e9tica y la responsabilidad en el liderazgo, valores que se reflejan en cada aspecto de su trabajo.<\/p>\n<p>Este reconocimiento a Mario Draghi reafirma la importancia de la cooperaci\u00f3n internacional y el liderazgo \u00e9tico, especialmente en tiempos de incertidumbre y cambio. Draghi, con su compromiso inquebrantable y su visi\u00f3n de una Europa cooperativa y \u00e9tica, personifica los ideales que el Premio Princesa de Asturias busca honrar.<\/p>\n\n\n<div class=\"kk-star-ratings kksr-auto kksr-align-left kksr-valign-bottom\"\n    data-payload='{&quot;align&quot;:&quot;left&quot;,&quot;id&quot;:&quot;3553&quot;,&quot;slug&quot;:&quot;default&quot;,&quot;valign&quot;:&quot;bottom&quot;,&quot;ignore&quot;:&quot;&quot;,&quot;reference&quot;:&quot;auto&quot;,&quot;class&quot;:&quot;&quot;,&quot;count&quot;:&quot;0&quot;,&quot;legendonly&quot;:&quot;&quot;,&quot;readonly&quot;:&quot;&quot;,&quot;score&quot;:&quot;0&quot;,&quot;starsonly&quot;:&quot;&quot;,&quot;best&quot;:&quot;5&quot;,&quot;gap&quot;:&quot;5&quot;,&quot;greet&quot;:&quot;Valora este post&quot;,&quot;legend&quot;:&quot;0\\\/5 - (0 votes)&quot;,&quot;size&quot;:&quot;22&quot;,&quot;title&quot;:&quot;Mario Draghi gana el Premio Princesa de Asturias por su \u00e9tica y compromiso europeo&quot;,&quot;width&quot;:&quot;0&quot;,&quot;_legend&quot;:&quot;{score}\\\/{best} - ({count} {votes})&quot;,&quot;font_factor&quot;:&quot;1.25&quot;}'>\n            \n<div class=\"kksr-stars\">\n    \n<div class=\"kksr-stars-inactive\">\n            <div class=\"kksr-star\" data-star=\"1\" style=\"padding-right: 5px\">\n            \n\n<div class=\"kksr-icon\" style=\"width: 22px; height: 22px;\"><\/div>\n        <\/div>\n            <div class=\"kksr-star\" data-star=\"2\" style=\"padding-right: 5px\">\n            \n\n<div class=\"kksr-icon\" style=\"width: 22px; height: 22px;\"><\/div>\n        <\/div>\n            <div class=\"kksr-star\" data-star=\"3\" style=\"padding-right: 5px\">\n            \n\n<div class=\"kksr-icon\" style=\"width: 22px; height: 22px;\"><\/div>\n        <\/div>\n            <div class=\"kksr-star\" data-star=\"4\" style=\"padding-right: 5px\">\n            \n\n<div class=\"kksr-icon\" style=\"width: 22px; height: 22px;\"><\/div>\n        <\/div>\n            <div class=\"kksr-star\" data-star=\"5\" style=\"padding-right: 5px\">\n            \n\n<div class=\"kksr-icon\" style=\"width: 22px; height: 22px;\"><\/div>\n        <\/div>\n    <\/div>\n    \n<div class=\"kksr-stars-active\" style=\"width: 0px;\">\n            <div class=\"kksr-star\" style=\"padding-right: 5px\">\n            \n\n<div class=\"kksr-icon\" style=\"width: 22px; height: 22px;\"><\/div>\n        <\/div>\n            <div class=\"kksr-star\" style=\"padding-right: 5px\">\n            \n\n<div class=\"kksr-icon\" style=\"width: 22px; height: 22px;\"><\/div>\n        <\/div>\n            <div class=\"kksr-star\" style=\"padding-right: 5px\">\n            \n\n<div class=\"kksr-icon\" style=\"width: 22px; height: 22px;\"><\/div>\n        <\/div>\n            <div class=\"kksr-star\" style=\"padding-right: 5px\">\n            \n\n<div class=\"kksr-icon\" style=\"width: 22px; height: 22px;\"><\/div>\n        <\/div>\n            <div class=\"kksr-star\" style=\"padding-right: 5px\">\n            \n\n<div class=\"kksr-icon\" style=\"width: 22px; height: 22px;\"><\/div>\n        <\/div>\n    <\/div>\n<\/div>\n                \n\n<div class=\"kksr-legend\" style=\"font-size: 17.6px;\">\n            <span class=\"kksr-muted\">Valora este post<\/span>\n    <\/div>\n    <\/div>\n","protected":false},"excerpt":{"rendered":"<p>Premio Princesa de Asturias otorgado a Mario Draghi por su compromiso con Europa y la \u00e9tica Mario Draghi, reconocido por su firme compromiso con los ideales &#8230; <a title=\"Mario Draghi gana el Premio Princesa de Asturias por su \u00e9tica y compromiso europeo\" class=\"read-more\" href=\"https:\/\/www.diario21.tv\/noticias\/mario-draghi-gana-el-premio-princesa-de-asturias-por-su-etica-y-compromiso-europeo\/\" aria-label=\"Leer m\u00e1s sobre Mario Draghi gana el Premio Princesa de Asturias por su \u00e9tica y compromiso europeo\">Seguir leyendo &rarr;<\/a><\/p>\n","protected":false},"author":20,"featured_media":3554,"comment_status":"open","ping_status":"open","sticky":false,"template":"","format":"standard","meta":{"footnotes":""},"categories":[13],"tags":[],"class_list":["post-3553","post","type-post","status-publish","format-standard","has-post-thumbnail","hentry","category-portada"],"yoast_head":"<!-- This site is optimized with the Yoast SEO plugin v25.6 - https:\/\/yoast.com\/wordpress\/plugins\/seo\/ -->\n<title>Mario Draghi gana el Premio Princesa de Asturias por su \u00e9tica y compromiso europeo - Diario 21<\/title>\n<meta name=\"robots\" content=\"index, follow, max-snippet:-1, max-image-preview:large, max-video-preview:-1\" \/>\n<link rel=\"canonical\" href=\"https:\/\/www.diario21.tv\/noticias\/mario-draghi-gana-el-premio-princesa-de-asturias-por-su-etica-y-compromiso-europeo\/\" \/>\n<meta property=\"og:locale\" content=\"es_ES\" \/>\n<meta property=\"og:type\" content=\"article\" \/>\n<meta property=\"og:title\" content=\"Mario Draghi gana el Premio Princesa de Asturias por su \u00e9tica y compromiso europeo - Diario 21\" \/>\n<meta property=\"og:description\" content=\"Premio Princesa de Asturias otorgado a Mario Draghi por su compromiso con Europa y la \u00e9tica Mario Draghi, reconocido por su firme compromiso con los ideales ... Seguir leyendo &rarr;\" \/>\n<meta property=\"og:url\" content=\"https:\/\/www.diario21.tv\/noticias\/mario-draghi-gana-el-premio-princesa-de-asturias-por-su-etica-y-compromiso-europeo\/\" \/>\n<meta property=\"og:site_name\" content=\"Diario 21\" \/>\n<meta property=\"article:published_time\" content=\"2025-06-21T13:15:52+00:00\" \/>\n<meta property=\"article:modified_time\" content=\"2025-06-21T13:15:53+00:00\" \/>\n<meta property=\"og:image\" content=\"https:\/\/www.diario21.tv\/noticias\/wp-content\/uploads\/2025\/06\/Mario-Draghi-gana-el-Premio-Princesa-de-Asturias-por-su.jpg\" \/>\n\t<meta property=\"og:image:width\" content=\"1200\" \/>\n\t<meta property=\"og:image:height\" content=\"840\" \/>\n\t<meta property=\"og:image:type\" content=\"image\/jpeg\" \/>\n<meta name=\"author\" content=\"Juan P\u00e9rez\" \/>\n<meta name=\"twitter:card\" content=\"summary_large_image\" \/>\n<meta name=\"twitter:label1\" content=\"Escrito por\" \/>\n\t<meta name=\"twitter:data1\" content=\"Juan P\u00e9rez\" \/>\n\t<meta name=\"twitter:label2\" content=\"Tiempo de lectura\" \/>\n\t<meta name=\"twitter:data2\" content=\"2 minutos\" \/>\n<script type=\"application\/ld+json\" class=\"yoast-schema-graph\">{\"@context\":\"https:\/\/schema.org\",\"@graph\":[{\"@type\":\"WebPage\",\"@id\":\"https:\/\/www.diario21.tv\/noticias\/mario-draghi-gana-el-premio-princesa-de-asturias-por-su-etica-y-compromiso-europeo\/\",\"url\":\"https:\/\/www.diario21.tv\/noticias\/mario-draghi-gana-el-premio-princesa-de-asturias-por-su-etica-y-compromiso-europeo\/\",\"name\":\"Mario Draghi gana el Premio Princesa de Asturias por su \u00e9tica y compromiso europeo - Diario 21\",\"isPartOf\":{\"@id\":\"https:\/\/www.diario21.tv\/noticias\/#website\"},\"primaryImageOfPage\":{\"@id\":\"https:\/\/www.diario21.tv\/noticias\/mario-draghi-gana-el-premio-princesa-de-asturias-por-su-etica-y-compromiso-europeo\/#primaryimage\"},\"image\":{\"@id\":\"https:\/\/www.diario21.tv\/noticias\/mario-draghi-gana-el-premio-princesa-de-asturias-por-su-etica-y-compromiso-europeo\/#primaryimage\"},\"thumbnailUrl\":\"https:\/\/www.diario21.tv\/noticias\/wp-content\/uploads\/2025\/06\/Mario-Draghi-gana-el-Premio-Princesa-de-Asturias-por-su.jpg\",\"datePublished\":\"2025-06-21T13:15:52+00:00\",\"dateModified\":\"2025-06-21T13:15:53+00:00\",\"author\":{\"@id\":\"https:\/\/www.diario21.tv\/noticias\/#\/schema\/person\/dfb778f73814d8f09f302618446a526b\"},\"breadcrumb\":{\"@id\":\"https:\/\/www.diario21.tv\/noticias\/mario-draghi-gana-el-premio-princesa-de-asturias-por-su-etica-y-compromiso-europeo\/#breadcrumb\"},\"inLanguage\":\"es-AR\",\"potentialAction\":[{\"@type\":\"ReadAction\",\"target\":[\"https:\/\/www.diario21.tv\/noticias\/mario-draghi-gana-el-premio-princesa-de-asturias-por-su-etica-y-compromiso-europeo\/\"]}]},{\"@type\":\"ImageObject\",\"inLanguage\":\"es-AR\",\"@id\":\"https:\/\/www.diario21.tv\/noticias\/mario-draghi-gana-el-premio-princesa-de-asturias-por-su-etica-y-compromiso-europeo\/#primaryimage\",\"url\":\"https:\/\/www.diario21.tv\/noticias\/wp-content\/uploads\/2025\/06\/Mario-Draghi-gana-el-Premio-Princesa-de-Asturias-por-su.jpg\",\"contentUrl\":\"https:\/\/www.diario21.tv\/noticias\/wp-content\/uploads\/2025\/06\/Mario-Draghi-gana-el-Premio-Princesa-de-Asturias-por-su.jpg\",\"width\":1200,\"height\":840,\"caption\":\"Premio Princesa de Asturias de Cooperaci\u00f3n Internacional para el compromiso europe\u00edsta y \u00e9tico de Mario Draghi\"},{\"@type\":\"BreadcrumbList\",\"@id\":\"https:\/\/www.diario21.tv\/noticias\/mario-draghi-gana-el-premio-princesa-de-asturias-por-su-etica-y-compromiso-europeo\/#breadcrumb\",\"itemListElement\":[{\"@type\":\"ListItem\",\"position\":1,\"name\":\"Accueil\",\"item\":\"https:\/\/www.diario21.tv\/noticias\/\"},{\"@type\":\"ListItem\",\"position\":2,\"name\":\"Mario Draghi gana el Premio Princesa de Asturias por su \u00e9tica y compromiso europeo\"}]},{\"@type\":\"WebSite\",\"@id\":\"https:\/\/www.diario21.tv\/noticias\/#website\",\"url\":\"https:\/\/www.diario21.tv\/noticias\/\",\"name\":\"Diario 21\",\"description\":\"\",\"potentialAction\":[{\"@type\":\"SearchAction\",\"target\":{\"@type\":\"EntryPoint\",\"urlTemplate\":\"https:\/\/www.diario21.tv\/noticias\/?s={search_term_string}\"},\"query-input\":{\"@type\":\"PropertyValueSpecification\",\"valueRequired\":true,\"valueName\":\"search_term_string\"}}],\"inLanguage\":\"es-AR\"},{\"@type\":\"Person\",\"@id\":\"https:\/\/www.diario21.tv\/noticias\/#\/schema\/person\/dfb778f73814d8f09f302618446a526b\",\"name\":\"Juan P\u00e9rez\",\"image\":{\"@type\":\"ImageObject\",\"inLanguage\":\"es-AR\",\"@id\":\"https:\/\/www.diario21.tv\/noticias\/#\/schema\/person\/image\/\",\"url\":\"https:\/\/secure.gravatar.com\/avatar\/c478a405bd10621167f4c3167cc770f5?s=96&d=mm&r=g\",\"contentUrl\":\"https:\/\/secure.gravatar.com\/avatar\/c478a405bd10621167f4c3167cc770f5?s=96&d=mm&r=g\",\"caption\":\"Juan P\u00e9rez\"},\"description\":\"Juan P\u00e9rez es el redactor en jefe de Diario 21. Con m\u00e1s de 10 a\u00f1os de experiencia en el periodismo, se especializa en pol\u00edtica nacional y an\u00e1lisis socioecon\u00f3mico. Su enfoque cr\u00edtico y riguroso aporta una perspectiva \u00fanica a cada art\u00edculo.\",\"sameAs\":[\"https:\/\/www.diario21.tv\/noticias\/\"],\"url\":\"https:\/\/www.diario21.tv\/noticias\/author\/juan-perez\/\"}]}<\/script>\n<!-- \/ Yoast SEO plugin. -->","yoast_head_json":{"title":"Mario Draghi gana el Premio Princesa de Asturias por su \u00e9tica y compromiso europeo - Diario 21","robots":{"index":"index","follow":"follow","max-snippet":"max-snippet:-1","max-image-preview":"max-image-preview:large","max-video-preview":"max-video-preview:-1"},"canonical":"https:\/\/www.diario21.tv\/noticias\/mario-draghi-gana-el-premio-princesa-de-asturias-por-su-etica-y-compromiso-europeo\/","og_locale":"es_ES","og_type":"article","og_title":"Mario Draghi gana el Premio Princesa de Asturias por su \u00e9tica y compromiso europeo - Diario 21","og_description":"Premio Princesa de Asturias otorgado a Mario Draghi por su compromiso con Europa y la \u00e9tica Mario Draghi, reconocido por su firme compromiso con los ideales ... Seguir leyendo &rarr;","og_url":"https:\/\/www.diario21.tv\/noticias\/mario-draghi-gana-el-premio-princesa-de-asturias-por-su-etica-y-compromiso-europeo\/","og_site_name":"Diario 21","article_published_time":"2025-06-21T13:15:52+00:00","article_modified_time":"2025-06-21T13:15:53+00:00","og_image":[{"width":1200,"height":840,"url":"https:\/\/www.diario21.tv\/noticias\/wp-content\/uploads\/2025\/06\/Mario-Draghi-gana-el-Premio-Princesa-de-Asturias-por-su.jpg","type":"image\/jpeg"}],"author":"Juan P\u00e9rez","twitter_card":"summary_large_image","twitter_misc":{"Escrito por":"Juan P\u00e9rez","Tiempo de lectura":"2 minutos"},"schema":{"@context":"https:\/\/schema.org","@graph":[{"@type":"WebPage","@id":"https:\/\/www.diario21.tv\/noticias\/mario-draghi-gana-el-premio-princesa-de-asturias-por-su-etica-y-compromiso-europeo\/","url":"https:\/\/www.diario21.tv\/noticias\/mario-draghi-gana-el-premio-princesa-de-asturias-por-su-etica-y-compromiso-europeo\/","name":"Mario Draghi gana el Premio Princesa de Asturias por su \u00e9tica y compromiso europeo - Diario 21","isPartOf":{"@id":"https:\/\/www.diario21.tv\/noticias\/#website"},"primaryImageOfPage":{"@id":"https:\/\/www.diario21.tv\/noticias\/mario-draghi-gana-el-premio-princesa-de-asturias-por-su-etica-y-compromiso-europeo\/#primaryimage"},"image":{"@id":"https:\/\/www.diario21.tv\/noticias\/mario-draghi-gana-el-premio-princesa-de-asturias-por-su-etica-y-compromiso-europeo\/#primaryimage"},"thumbnailUrl":"https:\/\/www.diario21.tv\/noticias\/wp-content\/uploads\/2025\/06\/Mario-Draghi-gana-el-Premio-Princesa-de-Asturias-por-su.jpg","datePublished":"2025-06-21T13:15:52+00:00","dateModified":"2025-06-21T13:15:53+00:00","author":{"@id":"https:\/\/www.diario21.tv\/noticias\/#\/schema\/person\/dfb778f73814d8f09f302618446a526b"},"breadcrumb":{"@id":"https:\/\/www.diario21.tv\/noticias\/mario-draghi-gana-el-premio-princesa-de-asturias-por-su-etica-y-compromiso-europeo\/#breadcrumb"},"inLanguage":"es-AR","potentialAction":[{"@type":"ReadAction","target":["https:\/\/www.diario21.tv\/noticias\/mario-draghi-gana-el-premio-princesa-de-asturias-por-su-etica-y-compromiso-europeo\/"]}]},{"@type":"ImageObject","inLanguage":"es-AR","@id":"https:\/\/www.diario21.tv\/noticias\/mario-draghi-gana-el-premio-princesa-de-asturias-por-su-etica-y-compromiso-europeo\/#primaryimage","url":"https:\/\/www.diario21.tv\/noticias\/wp-content\/uploads\/2025\/06\/Mario-Draghi-gana-el-Premio-Princesa-de-Asturias-por-su.jpg","contentUrl":"https:\/\/www.diario21.tv\/noticias\/wp-content\/uploads\/2025\/06\/Mario-Draghi-gana-el-Premio-Princesa-de-Asturias-por-su.jpg","width":1200,"height":840,"caption":"Premio Princesa de Asturias de Cooperaci\u00f3n Internacional para el compromiso europe\u00edsta y \u00e9tico de Mario Draghi"},{"@type":"BreadcrumbList","@id":"https:\/\/www.diario21.tv\/noticias\/mario-draghi-gana-el-premio-princesa-de-asturias-por-su-etica-y-compromiso-europeo\/#breadcrumb","itemListElement":[{"@type":"ListItem","position":1,"name":"Accueil","item":"https:\/\/www.diario21.tv\/noticias\/"},{"@type":"ListItem","position":2,"name":"Mario Draghi gana el Premio Princesa de Asturias por su \u00e9tica y compromiso europeo"}]},{"@type":"WebSite","@id":"https:\/\/www.diario21.tv\/noticias\/#website","url":"https:\/\/www.diario21.tv\/noticias\/","name":"Diario 21","description":"","potentialAction":[{"@type":"SearchAction","target":{"@type":"EntryPoint","urlTemplate":"https:\/\/www.diario21.tv\/noticias\/?s={search_term_string}"},"query-input":{"@type":"PropertyValueSpecification","valueRequired":true,"valueName":"search_term_string"}}],"inLanguage":"es-AR"},{"@type":"Person","@id":"https:\/\/www.diario21.tv\/noticias\/#\/schema\/person\/dfb778f73814d8f09f302618446a526b","name":"Juan P\u00e9rez","image":{"@type":"ImageObject","inLanguage":"es-AR","@id":"https:\/\/www.diario21.tv\/noticias\/#\/schema\/person\/image\/","url":"https:\/\/secure.gravatar.com\/avatar\/c478a405bd10621167f4c3167cc770f5?s=96&d=mm&r=g","contentUrl":"https:\/\/secure.gravatar.com\/avatar\/c478a405bd10621167f4c3167cc770f5?s=96&d=mm&r=g","caption":"Juan P\u00e9rez"},"description":"Juan P\u00e9rez es el redactor en jefe de Diario 21. Con m\u00e1s de 10 a\u00f1os de experiencia en el periodismo, se especializa en pol\u00edtica nacional y an\u00e1lisis socioecon\u00f3mico. Su enfoque cr\u00edtico y riguroso aporta una perspectiva \u00fanica a cada art\u00edculo.","sameAs":["https:\/\/www.diario21.tv\/noticias\/"],"url":"https:\/\/www.diario21.tv\/noticias\/author\/juan-perez\/"}]}},"_links":{"self":[{"href":"https:\/\/www.diario21.tv\/noticias\/wp-json\/wp\/v2\/posts\/3553"}],"collection":[{"href":"https:\/\/www.diario21.tv\/noticias\/wp-json\/wp\/v2\/posts"}],"about":[{"href":"https:\/\/www.diario21.tv\/noticias\/wp-json\/wp\/v2\/types\/post"}],"author":[{"embeddable":true,"href":"https:\/\/www.diario21.tv\/noticias\/wp-json\/wp\/v2\/users\/20"}],"replies":[{"embeddable":true,"href":"https:\/\/www.diario21.tv\/noticias\/wp-json\/wp\/v2\/comments?post=3553"}],"version-history":[{"count":1,"href":"https:\/\/www.diario21.tv\/noticias\/wp-json\/wp\/v2\/posts\/3553\/revisions"}],"predecessor-version":[{"id":3555,"href":"https:\/\/www.diario21.tv\/noticias\/wp-json\/wp\/v2\/posts\/3553\/revisions\/3555"}],"wp:featuredmedia":[{"embeddable":true,"href":"https:\/\/www.diario21.tv\/noticias\/wp-json\/wp\/v2\/media\/3554"}],"wp:attachment":[{"href":"https:\/\/www.diario21.tv\/noticias\/wp-json\/wp\/v2\/media?parent=3553"}],"wp:term":[{"taxonomy":"category","embeddable":true,"href":"https:\/\/www.diario21.tv\/noticias\/wp-json\/wp\/v2\/categories?post=3553"},{"taxonomy":"post_tag","embeddable":true,"href":"https:\/\/www.diario21.tv\/noticias\/wp-json\/wp\/v2\/tags?post=3553"}],"curies":[{"name":"wp","href":"https:\/\/api.w.org\/{rel}","templated":true}]}}