{"id":3529,"date":"2025-06-19T12:46:24","date_gmt":"2025-06-19T12:46:24","guid":{"rendered":"https:\/\/www.diario21.tv\/noticias\/detenido-en-malaga-por-abusar-de-su-nieta-y-dos-ninas-tras-acoger-a-un-amigo-en-casa\/"},"modified":"2025-06-19T12:46:25","modified_gmt":"2025-06-19T12:46:25","slug":"detenido-en-malaga-por-abusar-de-su-nieta-y-dos-ninas-tras-acoger-a-un-amigo-en-casa","status":"publish","type":"post","link":"https:\/\/www.diario21.tv\/noticias\/detenido-en-malaga-por-abusar-de-su-nieta-y-dos-ninas-tras-acoger-a-un-amigo-en-casa\/","title":{"rendered":"Detenido en M\u00e1laga por abusar de su nieta y dos ni\u00f1as tras acoger a un amigo en casa"},"content":{"rendered":"<h2>Arrestado en M\u00e1laga por abusar de su nieta y otras menores<\/h2>\n<p>En un reciente suceso en M\u00e1laga, un hombre ha sido detenido bajo la acusaci\u00f3n de cometer abusos sexuales contra su propia nieta y otras dos j\u00f3venes. El individuo, que hab\u00eda invitado a un amigo a hospedarse en su domicilio, se encuentra ahora en el centro de una grave investigaci\u00f3n policial.<\/p>\n<h3>Detalles del caso<\/h3>\n<p>Seg\u00fan fuentes cercanas a la investigaci\u00f3n, el detenido, un hombre de avanzada edad, aprovech\u00f3 la confianza que le otorgaba el ser el abuelo y el anfitri\u00f3n, para cometer los abusos. Los hechos salieron a la luz cuando la nieta del acusado, impulsada por los sucesos recientes, decidi\u00f3 hablar con sus padres sobre las agresiones que hab\u00eda sufrido.<\/p>\n<p>Tras la denuncia inicial, otras dos ni\u00f1as, que tambi\u00e9n hab\u00edan sido invitadas a la casa del sospechoso en diferentes ocasiones, confirmaron haber sido v\u00edctimas de abusos similares. La investigaci\u00f3n revel\u00f3 que el hombre hab\u00eda creado un entorno en el que pod\u00eda estar a solas con las ni\u00f1as, facilitando as\u00ed sus acciones delictivas.<\/p>\n<h3>Reacciones y procedimientos legales<\/h3>\n<p>La comunidad local ha reaccionado con consternaci\u00f3n y horror ante la noticia de los abusos. La r\u00e1pida respuesta de las autoridades ha permitido la detenci\u00f3n del sospechoso, quien actualmente enfrenta m\u00faltiples cargos por abusos sexuales a menores. <\/p>\n<p>El caso contin\u00faa desarroll\u00e1ndose, y se est\u00e1n llevando a cabo todas las medidas necesarias para proteger la identidad y la integridad de las j\u00f3venes afectadas. Las familias han recibido apoyo psicol\u00f3gico y legal para manejar las repercusiones de estos traum\u00e1ticos eventos.<\/p>\n<p>Este incidente ha resaltado la importancia de escuchar y actuar sobre las denuncias de abusos en entornos familiares y ha puesto de relieve la necesidad de vigilar y proteger a los m\u00e1s vulnerables en nuestra sociedad.<\/p>\n\n\n<div class=\"kk-star-ratings kksr-auto kksr-align-left kksr-valign-bottom\"\n    data-payload='{&quot;align&quot;:&quot;left&quot;,&quot;id&quot;:&quot;3529&quot;,&quot;slug&quot;:&quot;default&quot;,&quot;valign&quot;:&quot;bottom&quot;,&quot;ignore&quot;:&quot;&quot;,&quot;reference&quot;:&quot;auto&quot;,&quot;class&quot;:&quot;&quot;,&quot;count&quot;:&quot;0&quot;,&quot;legendonly&quot;:&quot;&quot;,&quot;readonly&quot;:&quot;&quot;,&quot;score&quot;:&quot;0&quot;,&quot;starsonly&quot;:&quot;&quot;,&quot;best&quot;:&quot;5&quot;,&quot;gap&quot;:&quot;5&quot;,&quot;greet&quot;:&quot;Valora este post&quot;,&quot;legend&quot;:&quot;0\\\/5 - (0 votes)&quot;,&quot;size&quot;:&quot;22&quot;,&quot;title&quot;:&quot;Detenido en M\u00e1laga por abusar de su nieta y dos ni\u00f1as tras acoger a un amigo en casa&quot;,&quot;width&quot;:&quot;0&quot;,&quot;_legend&quot;:&quot;{score}\\\/{best} - ({count} {votes})&quot;,&quot;font_factor&quot;:&quot;1.25&quot;}'>\n            \n<div class=\"kksr-stars\">\n    \n<div class=\"kksr-stars-inactive\">\n            <div class=\"kksr-star\" data-star=\"1\" style=\"padding-right: 5px\">\n            \n\n<div class=\"kksr-icon\" style=\"width: 22px; height: 22px;\"><\/div>\n        <\/div>\n            <div class=\"kksr-star\" data-star=\"2\" style=\"padding-right: 5px\">\n            \n\n<div class=\"kksr-icon\" style=\"width: 22px; height: 22px;\"><\/div>\n        <\/div>\n            <div class=\"kksr-star\" data-star=\"3\" style=\"padding-right: 5px\">\n            \n\n<div class=\"kksr-icon\" style=\"width: 22px; height: 22px;\"><\/div>\n        <\/div>\n            <div class=\"kksr-star\" data-star=\"4\" style=\"padding-right: 5px\">\n            \n\n<div class=\"kksr-icon\" style=\"width: 22px; height: 22px;\"><\/div>\n        <\/div>\n            <div class=\"kksr-star\" data-star=\"5\" style=\"padding-right: 5px\">\n            \n\n<div class=\"kksr-icon\" style=\"width: 22px; height: 22px;\"><\/div>\n        <\/div>\n    <\/div>\n    \n<div class=\"kksr-stars-active\" style=\"width: 0px;\">\n            <div class=\"kksr-star\" style=\"padding-right: 5px\">\n            \n\n<div class=\"kksr-icon\" style=\"width: 22px; height: 22px;\"><\/div>\n        <\/div>\n            <div class=\"kksr-star\" style=\"padding-right: 5px\">\n            \n\n<div class=\"kksr-icon\" style=\"width: 22px; height: 22px;\"><\/div>\n        <\/div>\n            <div class=\"kksr-star\" style=\"padding-right: 5px\">\n            \n\n<div class=\"kksr-icon\" style=\"width: 22px; height: 22px;\"><\/div>\n        <\/div>\n            <div class=\"kksr-star\" style=\"padding-right: 5px\">\n            \n\n<div class=\"kksr-icon\" style=\"width: 22px; height: 22px;\"><\/div>\n        <\/div>\n            <div class=\"kksr-star\" style=\"padding-right: 5px\">\n            \n\n<div class=\"kksr-icon\" style=\"width: 22px; height: 22px;\"><\/div>\n        <\/div>\n    <\/div>\n<\/div>\n                \n\n<div class=\"kksr-legend\" style=\"font-size: 17.6px;\">\n            <span class=\"kksr-muted\">Valora este post<\/span>\n    <\/div>\n    <\/div>\n","protected":false},"excerpt":{"rendered":"<p>Arrestado en M\u00e1laga por abusar de su nieta y otras menores En un reciente suceso en M\u00e1laga, un hombre ha sido detenido bajo la acusaci\u00f3n de &#8230; <a title=\"Detenido en M\u00e1laga por abusar de su nieta y dos ni\u00f1as tras acoger a un amigo en casa\" class=\"read-more\" href=\"https:\/\/www.diario21.tv\/noticias\/detenido-en-malaga-por-abusar-de-su-nieta-y-dos-ninas-tras-acoger-a-un-amigo-en-casa\/\" aria-label=\"Leer m\u00e1s sobre Detenido en M\u00e1laga por abusar de su nieta y dos ni\u00f1as tras acoger a un amigo en casa\">Seguir leyendo &rarr;<\/a><\/p>\n","protected":false},"author":20,"featured_media":3530,"comment_status":"open","ping_status":"open","sticky":false,"template":"","format":"standard","meta":{"footnotes":""},"categories":[13],"tags":[],"class_list":["post-3529","post","type-post","status-publish","format-standard","has-post-thumbnail","hentry","category-portada"],"yoast_head":"<!-- This site is optimized with the Yoast SEO plugin v25.6 - https:\/\/yoast.com\/wordpress\/plugins\/seo\/ -->\n<title>Detenido en M\u00e1laga por abusar de su nieta y dos ni\u00f1as tras acoger a un amigo en casa - Diario 21<\/title>\n<meta name=\"robots\" content=\"index, follow, max-snippet:-1, max-image-preview:large, max-video-preview:-1\" \/>\n<link rel=\"canonical\" href=\"https:\/\/www.diario21.tv\/noticias\/detenido-en-malaga-por-abusar-de-su-nieta-y-dos-ninas-tras-acoger-a-un-amigo-en-casa\/\" \/>\n<meta property=\"og:locale\" content=\"es_ES\" \/>\n<meta property=\"og:type\" content=\"article\" \/>\n<meta property=\"og:title\" content=\"Detenido en M\u00e1laga por abusar de su nieta y dos ni\u00f1as tras acoger a un amigo en casa - Diario 21\" \/>\n<meta property=\"og:description\" content=\"Arrestado en M\u00e1laga por abusar de su nieta y otras menores En un reciente suceso en M\u00e1laga, un hombre ha sido detenido bajo la acusaci\u00f3n de ... Seguir leyendo &rarr;\" \/>\n<meta property=\"og:url\" content=\"https:\/\/www.diario21.tv\/noticias\/detenido-en-malaga-por-abusar-de-su-nieta-y-dos-ninas-tras-acoger-a-un-amigo-en-casa\/\" \/>\n<meta property=\"og:site_name\" content=\"Diario 21\" \/>\n<meta property=\"article:published_time\" content=\"2025-06-19T12:46:24+00:00\" \/>\n<meta property=\"article:modified_time\" content=\"2025-06-19T12:46:25+00:00\" \/>\n<meta property=\"og:image\" content=\"https:\/\/www.diario21.tv\/noticias\/wp-content\/uploads\/2025\/06\/Detenido-en-Malaga-por-abusar-de-su-nieta-y-dos.jpg\" \/>\n\t<meta property=\"og:image:width\" content=\"1200\" \/>\n\t<meta property=\"og:image:height\" content=\"840\" \/>\n\t<meta property=\"og:image:type\" content=\"image\/jpeg\" \/>\n<meta name=\"author\" content=\"Juan P\u00e9rez\" \/>\n<meta name=\"twitter:card\" content=\"summary_large_image\" \/>\n<meta name=\"twitter:label1\" content=\"Escrito por\" \/>\n\t<meta name=\"twitter:data1\" content=\"Juan P\u00e9rez\" \/>\n\t<meta name=\"twitter:label2\" content=\"Tiempo de lectura\" \/>\n\t<meta name=\"twitter:data2\" content=\"2 minutos\" \/>\n<script type=\"application\/ld+json\" class=\"yoast-schema-graph\">{\"@context\":\"https:\/\/schema.org\",\"@graph\":[{\"@type\":\"WebPage\",\"@id\":\"https:\/\/www.diario21.tv\/noticias\/detenido-en-malaga-por-abusar-de-su-nieta-y-dos-ninas-tras-acoger-a-un-amigo-en-casa\/\",\"url\":\"https:\/\/www.diario21.tv\/noticias\/detenido-en-malaga-por-abusar-de-su-nieta-y-dos-ninas-tras-acoger-a-un-amigo-en-casa\/\",\"name\":\"Detenido en M\u00e1laga por abusar de su nieta y dos ni\u00f1as tras acoger a un amigo en casa - Diario 21\",\"isPartOf\":{\"@id\":\"https:\/\/www.diario21.tv\/noticias\/#website\"},\"primaryImageOfPage\":{\"@id\":\"https:\/\/www.diario21.tv\/noticias\/detenido-en-malaga-por-abusar-de-su-nieta-y-dos-ninas-tras-acoger-a-un-amigo-en-casa\/#primaryimage\"},\"image\":{\"@id\":\"https:\/\/www.diario21.tv\/noticias\/detenido-en-malaga-por-abusar-de-su-nieta-y-dos-ninas-tras-acoger-a-un-amigo-en-casa\/#primaryimage\"},\"thumbnailUrl\":\"https:\/\/www.diario21.tv\/noticias\/wp-content\/uploads\/2025\/06\/Detenido-en-Malaga-por-abusar-de-su-nieta-y-dos.jpg\",\"datePublished\":\"2025-06-19T12:46:24+00:00\",\"dateModified\":\"2025-06-19T12:46:25+00:00\",\"author\":{\"@id\":\"https:\/\/www.diario21.tv\/noticias\/#\/schema\/person\/dfb778f73814d8f09f302618446a526b\"},\"breadcrumb\":{\"@id\":\"https:\/\/www.diario21.tv\/noticias\/detenido-en-malaga-por-abusar-de-su-nieta-y-dos-ninas-tras-acoger-a-un-amigo-en-casa\/#breadcrumb\"},\"inLanguage\":\"es-AR\",\"potentialAction\":[{\"@type\":\"ReadAction\",\"target\":[\"https:\/\/www.diario21.tv\/noticias\/detenido-en-malaga-por-abusar-de-su-nieta-y-dos-ninas-tras-acoger-a-un-amigo-en-casa\/\"]}]},{\"@type\":\"ImageObject\",\"inLanguage\":\"es-AR\",\"@id\":\"https:\/\/www.diario21.tv\/noticias\/detenido-en-malaga-por-abusar-de-su-nieta-y-dos-ninas-tras-acoger-a-un-amigo-en-casa\/#primaryimage\",\"url\":\"https:\/\/www.diario21.tv\/noticias\/wp-content\/uploads\/2025\/06\/Detenido-en-Malaga-por-abusar-de-su-nieta-y-dos.jpg\",\"contentUrl\":\"https:\/\/www.diario21.tv\/noticias\/wp-content\/uploads\/2025\/06\/Detenido-en-Malaga-por-abusar-de-su-nieta-y-dos.jpg\",\"width\":1200,\"height\":840,\"caption\":\"Acoge a un amigo en su casa en M\u00e1laga y lo detienen por abusos a su nieta y a otras dos ni\u00f1as\"},{\"@type\":\"BreadcrumbList\",\"@id\":\"https:\/\/www.diario21.tv\/noticias\/detenido-en-malaga-por-abusar-de-su-nieta-y-dos-ninas-tras-acoger-a-un-amigo-en-casa\/#breadcrumb\",\"itemListElement\":[{\"@type\":\"ListItem\",\"position\":1,\"name\":\"Accueil\",\"item\":\"https:\/\/www.diario21.tv\/noticias\/\"},{\"@type\":\"ListItem\",\"position\":2,\"name\":\"Detenido en M\u00e1laga por abusar de su nieta y dos ni\u00f1as tras acoger a un amigo en casa\"}]},{\"@type\":\"WebSite\",\"@id\":\"https:\/\/www.diario21.tv\/noticias\/#website\",\"url\":\"https:\/\/www.diario21.tv\/noticias\/\",\"name\":\"Diario 21\",\"description\":\"\",\"potentialAction\":[{\"@type\":\"SearchAction\",\"target\":{\"@type\":\"EntryPoint\",\"urlTemplate\":\"https:\/\/www.diario21.tv\/noticias\/?s={search_term_string}\"},\"query-input\":{\"@type\":\"PropertyValueSpecification\",\"valueRequired\":true,\"valueName\":\"search_term_string\"}}],\"inLanguage\":\"es-AR\"},{\"@type\":\"Person\",\"@id\":\"https:\/\/www.diario21.tv\/noticias\/#\/schema\/person\/dfb778f73814d8f09f302618446a526b\",\"name\":\"Juan P\u00e9rez\",\"image\":{\"@type\":\"ImageObject\",\"inLanguage\":\"es-AR\",\"@id\":\"https:\/\/www.diario21.tv\/noticias\/#\/schema\/person\/image\/\",\"url\":\"https:\/\/secure.gravatar.com\/avatar\/c478a405bd10621167f4c3167cc770f5?s=96&d=mm&r=g\",\"contentUrl\":\"https:\/\/secure.gravatar.com\/avatar\/c478a405bd10621167f4c3167cc770f5?s=96&d=mm&r=g\",\"caption\":\"Juan P\u00e9rez\"},\"description\":\"Juan P\u00e9rez es el redactor en jefe de Diario 21. Con m\u00e1s de 10 a\u00f1os de experiencia en el periodismo, se especializa en pol\u00edtica nacional y an\u00e1lisis socioecon\u00f3mico. Su enfoque cr\u00edtico y riguroso aporta una perspectiva \u00fanica a cada art\u00edculo.\",\"sameAs\":[\"https:\/\/www.diario21.tv\/noticias\/\"],\"url\":\"https:\/\/www.diario21.tv\/noticias\/author\/juan-perez\/\"}]}<\/script>\n<!-- \/ Yoast SEO plugin. -->","yoast_head_json":{"title":"Detenido en M\u00e1laga por abusar de su nieta y dos ni\u00f1as tras acoger a un amigo en casa - Diario 21","robots":{"index":"index","follow":"follow","max-snippet":"max-snippet:-1","max-image-preview":"max-image-preview:large","max-video-preview":"max-video-preview:-1"},"canonical":"https:\/\/www.diario21.tv\/noticias\/detenido-en-malaga-por-abusar-de-su-nieta-y-dos-ninas-tras-acoger-a-un-amigo-en-casa\/","og_locale":"es_ES","og_type":"article","og_title":"Detenido en M\u00e1laga por abusar de su nieta y dos ni\u00f1as tras acoger a un amigo en casa - Diario 21","og_description":"Arrestado en M\u00e1laga por abusar de su nieta y otras menores En un reciente suceso en M\u00e1laga, un hombre ha sido detenido bajo la acusaci\u00f3n de ... Seguir leyendo &rarr;","og_url":"https:\/\/www.diario21.tv\/noticias\/detenido-en-malaga-por-abusar-de-su-nieta-y-dos-ninas-tras-acoger-a-un-amigo-en-casa\/","og_site_name":"Diario 21","article_published_time":"2025-06-19T12:46:24+00:00","article_modified_time":"2025-06-19T12:46:25+00:00","og_image":[{"width":1200,"height":840,"url":"https:\/\/www.diario21.tv\/noticias\/wp-content\/uploads\/2025\/06\/Detenido-en-Malaga-por-abusar-de-su-nieta-y-dos.jpg","type":"image\/jpeg"}],"author":"Juan P\u00e9rez","twitter_card":"summary_large_image","twitter_misc":{"Escrito por":"Juan P\u00e9rez","Tiempo de lectura":"2 minutos"},"schema":{"@context":"https:\/\/schema.org","@graph":[{"@type":"WebPage","@id":"https:\/\/www.diario21.tv\/noticias\/detenido-en-malaga-por-abusar-de-su-nieta-y-dos-ninas-tras-acoger-a-un-amigo-en-casa\/","url":"https:\/\/www.diario21.tv\/noticias\/detenido-en-malaga-por-abusar-de-su-nieta-y-dos-ninas-tras-acoger-a-un-amigo-en-casa\/","name":"Detenido en M\u00e1laga por abusar de su nieta y dos ni\u00f1as tras acoger a un amigo en casa - Diario 21","isPartOf":{"@id":"https:\/\/www.diario21.tv\/noticias\/#website"},"primaryImageOfPage":{"@id":"https:\/\/www.diario21.tv\/noticias\/detenido-en-malaga-por-abusar-de-su-nieta-y-dos-ninas-tras-acoger-a-un-amigo-en-casa\/#primaryimage"},"image":{"@id":"https:\/\/www.diario21.tv\/noticias\/detenido-en-malaga-por-abusar-de-su-nieta-y-dos-ninas-tras-acoger-a-un-amigo-en-casa\/#primaryimage"},"thumbnailUrl":"https:\/\/www.diario21.tv\/noticias\/wp-content\/uploads\/2025\/06\/Detenido-en-Malaga-por-abusar-de-su-nieta-y-dos.jpg","datePublished":"2025-06-19T12:46:24+00:00","dateModified":"2025-06-19T12:46:25+00:00","author":{"@id":"https:\/\/www.diario21.tv\/noticias\/#\/schema\/person\/dfb778f73814d8f09f302618446a526b"},"breadcrumb":{"@id":"https:\/\/www.diario21.tv\/noticias\/detenido-en-malaga-por-abusar-de-su-nieta-y-dos-ninas-tras-acoger-a-un-amigo-en-casa\/#breadcrumb"},"inLanguage":"es-AR","potentialAction":[{"@type":"ReadAction","target":["https:\/\/www.diario21.tv\/noticias\/detenido-en-malaga-por-abusar-de-su-nieta-y-dos-ninas-tras-acoger-a-un-amigo-en-casa\/"]}]},{"@type":"ImageObject","inLanguage":"es-AR","@id":"https:\/\/www.diario21.tv\/noticias\/detenido-en-malaga-por-abusar-de-su-nieta-y-dos-ninas-tras-acoger-a-un-amigo-en-casa\/#primaryimage","url":"https:\/\/www.diario21.tv\/noticias\/wp-content\/uploads\/2025\/06\/Detenido-en-Malaga-por-abusar-de-su-nieta-y-dos.jpg","contentUrl":"https:\/\/www.diario21.tv\/noticias\/wp-content\/uploads\/2025\/06\/Detenido-en-Malaga-por-abusar-de-su-nieta-y-dos.jpg","width":1200,"height":840,"caption":"Acoge a un amigo en su casa en M\u00e1laga y lo detienen por abusos a su nieta y a otras dos ni\u00f1as"},{"@type":"BreadcrumbList","@id":"https:\/\/www.diario21.tv\/noticias\/detenido-en-malaga-por-abusar-de-su-nieta-y-dos-ninas-tras-acoger-a-un-amigo-en-casa\/#breadcrumb","itemListElement":[{"@type":"ListItem","position":1,"name":"Accueil","item":"https:\/\/www.diario21.tv\/noticias\/"},{"@type":"ListItem","position":2,"name":"Detenido en M\u00e1laga por abusar de su nieta y dos ni\u00f1as tras acoger a un amigo en casa"}]},{"@type":"WebSite","@id":"https:\/\/www.diario21.tv\/noticias\/#website","url":"https:\/\/www.diario21.tv\/noticias\/","name":"Diario 21","description":"","potentialAction":[{"@type":"SearchAction","target":{"@type":"EntryPoint","urlTemplate":"https:\/\/www.diario21.tv\/noticias\/?s={search_term_string}"},"query-input":{"@type":"PropertyValueSpecification","valueRequired":true,"valueName":"search_term_string"}}],"inLanguage":"es-AR"},{"@type":"Person","@id":"https:\/\/www.diario21.tv\/noticias\/#\/schema\/person\/dfb778f73814d8f09f302618446a526b","name":"Juan P\u00e9rez","image":{"@type":"ImageObject","inLanguage":"es-AR","@id":"https:\/\/www.diario21.tv\/noticias\/#\/schema\/person\/image\/","url":"https:\/\/secure.gravatar.com\/avatar\/c478a405bd10621167f4c3167cc770f5?s=96&d=mm&r=g","contentUrl":"https:\/\/secure.gravatar.com\/avatar\/c478a405bd10621167f4c3167cc770f5?s=96&d=mm&r=g","caption":"Juan P\u00e9rez"},"description":"Juan P\u00e9rez es el redactor en jefe de Diario 21. Con m\u00e1s de 10 a\u00f1os de experiencia en el periodismo, se especializa en pol\u00edtica nacional y an\u00e1lisis socioecon\u00f3mico. Su enfoque cr\u00edtico y riguroso aporta una perspectiva \u00fanica a cada art\u00edculo.","sameAs":["https:\/\/www.diario21.tv\/noticias\/"],"url":"https:\/\/www.diario21.tv\/noticias\/author\/juan-perez\/"}]}},"_links":{"self":[{"href":"https:\/\/www.diario21.tv\/noticias\/wp-json\/wp\/v2\/posts\/3529"}],"collection":[{"href":"https:\/\/www.diario21.tv\/noticias\/wp-json\/wp\/v2\/posts"}],"about":[{"href":"https:\/\/www.diario21.tv\/noticias\/wp-json\/wp\/v2\/types\/post"}],"author":[{"embeddable":true,"href":"https:\/\/www.diario21.tv\/noticias\/wp-json\/wp\/v2\/users\/20"}],"replies":[{"embeddable":true,"href":"https:\/\/www.diario21.tv\/noticias\/wp-json\/wp\/v2\/comments?post=3529"}],"version-history":[{"count":1,"href":"https:\/\/www.diario21.tv\/noticias\/wp-json\/wp\/v2\/posts\/3529\/revisions"}],"predecessor-version":[{"id":3531,"href":"https:\/\/www.diario21.tv\/noticias\/wp-json\/wp\/v2\/posts\/3529\/revisions\/3531"}],"wp:featuredmedia":[{"embeddable":true,"href":"https:\/\/www.diario21.tv\/noticias\/wp-json\/wp\/v2\/media\/3530"}],"wp:attachment":[{"href":"https:\/\/www.diario21.tv\/noticias\/wp-json\/wp\/v2\/media?parent=3529"}],"wp:term":[{"taxonomy":"category","embeddable":true,"href":"https:\/\/www.diario21.tv\/noticias\/wp-json\/wp\/v2\/categories?post=3529"},{"taxonomy":"post_tag","embeddable":true,"href":"https:\/\/www.diario21.tv\/noticias\/wp-json\/wp\/v2\/tags?post=3529"}],"curies":[{"name":"wp","href":"https:\/\/api.w.org\/{rel}","templated":true}]}}