{"id":3526,"date":"2025-06-19T06:44:14","date_gmt":"2025-06-19T06:44:14","guid":{"rendered":"https:\/\/www.diario21.tv\/noticias\/exclusivo-leon-xiv-disfrutara-del-verano-en-castel-gandolfo-con-piscina-y-pista-de-padel-reabiertas\/"},"modified":"2025-06-19T06:44:15","modified_gmt":"2025-06-19T06:44:15","slug":"exclusivo-leon-xiv-disfrutara-del-verano-en-castel-gandolfo-con-piscina-y-pista-de-padel-reabiertas","status":"publish","type":"post","link":"https:\/\/www.diario21.tv\/noticias\/exclusivo-leon-xiv-disfrutara-del-verano-en-castel-gandolfo-con-piscina-y-pista-de-padel-reabiertas\/","title":{"rendered":"\u00a1Exclusivo! Le\u00f3n XIV disfrutar\u00e1 del verano en Castel Gandolfo con piscina y pista de p\u00e1del reabiertas."},"content":{"rendered":"<h2>Vacaciones Estivales de Le\u00f3n XIV en Castel Gandolfo<\/h2>\n<p>Este verano, Le\u00f3n XIV disfrutar\u00e1 de sus vacaciones en la pintoresca localidad de Castel Gandolfo, un lugar que no solo es conocido por su belleza esc\u00e9nica sino tambi\u00e9n por ser el retiro veraniego tradicional de figuras destacadas. Este a\u00f1o, la estancia en Castel Gandolfo viene con una novedad especial: la reapertura de instalaciones recreativas que incluyen una piscina y una pista de p\u00e1del.<\/p>\n<h3>Renovaci\u00f3n de las Instalaciones Recreativas<\/h3>\n<p>Los visitantes de Castel Gandolfo y, por supuesto, Le\u00f3n XIV, podr\u00e1n disfrutar de las reci\u00e9n renovadas instalaciones que prometen mejorar significativamente la experiencia de verano. La piscina, que hab\u00eda estado cerrada por mantenimiento, ha sido completamente rehabilitada. Se han actualizado los sistemas de filtraci\u00f3n y calefacci\u00f3n del agua, asegurando una experiencia de nataci\u00f3n placentera y segura para todos los ba\u00f1istas.<\/p>\n<p>Adem\u00e1s, la pista de p\u00e1del, que tambi\u00e9n hab\u00eda sufrido deterioro con el tiempo, ha sido objeto de una completa restauraci\u00f3n. Se ha instalado una nueva superficie de juego y redes, as\u00ed como mejor iluminaci\u00f3n para partidos nocturnos, haciendo de esta pista una de las mejores en la regi\u00f3n para los aficionados al p\u00e1del.<\/p>\n<p>Estas mejoras no solo benefician a personalidades distinguidas como Le\u00f3n XIV durante sus vacaciones, sino que tambi\u00e9n est\u00e1n abiertas a los residentes y otros visitantes de Castel Gandolfo, proporcionando un impulso al turismo local y ofreciendo nuevas oportunidades de ocio para la comunidad.<\/p>\n<h3>Un Entorno Ideal para el Descanso<\/h3>\n<p>Castel Gandolfo, con su entorno sereno y vistas impresionantes, ha sido hist\u00f3ricamente un destino favorito para el descanso y la relajaci\u00f3n. La combinaci\u00f3n de estas nuevas instalaciones con el ambiente tranquilo y la belleza natural del \u00e1rea, asegura que tanto Le\u00f3n XIV como otros visitantes podr\u00e1n disfrutar de un verano inolvidable.<\/p>\n<p>Adem\u00e1s de las actividades de nataci\u00f3n y p\u00e1del, Castel Gandolfo ofrece numerosas opciones para el entretenimiento y la cultura, incluyendo visitas a los jardines hist\u00f3ricos, degustaci\u00f3n de gastronom\u00eda local en restaurantes de renombre y paseos por calles que respiran historia a cada paso.<\/p>\n<p>Con la reapertura de la piscina y la pista de p\u00e1del, Castel Gandolfo no solo se confirma como un lugar de retiro ideal para personalidades como Le\u00f3n XIV, sino que tambi\u00e9n se posiciona como un destino atractivo para todos aquellos que buscan una escapada de verano que combine deporte, cultura y relajaci\u00f3n.<\/p>\n\n\n<div class=\"kk-star-ratings kksr-auto kksr-align-left kksr-valign-bottom\"\n    data-payload='{&quot;align&quot;:&quot;left&quot;,&quot;id&quot;:&quot;3526&quot;,&quot;slug&quot;:&quot;default&quot;,&quot;valign&quot;:&quot;bottom&quot;,&quot;ignore&quot;:&quot;&quot;,&quot;reference&quot;:&quot;auto&quot;,&quot;class&quot;:&quot;&quot;,&quot;count&quot;:&quot;0&quot;,&quot;legendonly&quot;:&quot;&quot;,&quot;readonly&quot;:&quot;&quot;,&quot;score&quot;:&quot;0&quot;,&quot;starsonly&quot;:&quot;&quot;,&quot;best&quot;:&quot;5&quot;,&quot;gap&quot;:&quot;5&quot;,&quot;greet&quot;:&quot;Valora este post&quot;,&quot;legend&quot;:&quot;0\\\/5 - (0 votes)&quot;,&quot;size&quot;:&quot;22&quot;,&quot;title&quot;:&quot;\u00a1Exclusivo! Le\u00f3n XIV disfrutar\u00e1 del verano en Castel Gandolfo con piscina y pista de p\u00e1del reabiertas.&quot;,&quot;width&quot;:&quot;0&quot;,&quot;_legend&quot;:&quot;{score}\\\/{best} - ({count} {votes})&quot;,&quot;font_factor&quot;:&quot;1.25&quot;}'>\n            \n<div class=\"kksr-stars\">\n    \n<div class=\"kksr-stars-inactive\">\n            <div class=\"kksr-star\" data-star=\"1\" style=\"padding-right: 5px\">\n            \n\n<div class=\"kksr-icon\" style=\"width: 22px; height: 22px;\"><\/div>\n        <\/div>\n            <div class=\"kksr-star\" data-star=\"2\" style=\"padding-right: 5px\">\n            \n\n<div class=\"kksr-icon\" style=\"width: 22px; height: 22px;\"><\/div>\n        <\/div>\n            <div class=\"kksr-star\" data-star=\"3\" style=\"padding-right: 5px\">\n            \n\n<div class=\"kksr-icon\" style=\"width: 22px; height: 22px;\"><\/div>\n        <\/div>\n            <div class=\"kksr-star\" data-star=\"4\" style=\"padding-right: 5px\">\n            \n\n<div class=\"kksr-icon\" style=\"width: 22px; height: 22px;\"><\/div>\n        <\/div>\n            <div class=\"kksr-star\" data-star=\"5\" style=\"padding-right: 5px\">\n            \n\n<div class=\"kksr-icon\" style=\"width: 22px; height: 22px;\"><\/div>\n        <\/div>\n    <\/div>\n    \n<div class=\"kksr-stars-active\" style=\"width: 0px;\">\n            <div class=\"kksr-star\" style=\"padding-right: 5px\">\n            \n\n<div class=\"kksr-icon\" style=\"width: 22px; height: 22px;\"><\/div>\n        <\/div>\n            <div class=\"kksr-star\" style=\"padding-right: 5px\">\n            \n\n<div class=\"kksr-icon\" style=\"width: 22px; height: 22px;\"><\/div>\n        <\/div>\n            <div class=\"kksr-star\" style=\"padding-right: 5px\">\n            \n\n<div class=\"kksr-icon\" style=\"width: 22px; height: 22px;\"><\/div>\n        <\/div>\n            <div class=\"kksr-star\" style=\"padding-right: 5px\">\n            \n\n<div class=\"kksr-icon\" style=\"width: 22px; height: 22px;\"><\/div>\n        <\/div>\n            <div class=\"kksr-star\" style=\"padding-right: 5px\">\n            \n\n<div class=\"kksr-icon\" style=\"width: 22px; height: 22px;\"><\/div>\n        <\/div>\n    <\/div>\n<\/div>\n                \n\n<div class=\"kksr-legend\" style=\"font-size: 17.6px;\">\n            <span class=\"kksr-muted\">Valora este post<\/span>\n    <\/div>\n    <\/div>\n","protected":false},"excerpt":{"rendered":"<p>Vacaciones Estivales de Le\u00f3n XIV en Castel Gandolfo Este verano, Le\u00f3n XIV disfrutar\u00e1 de sus vacaciones en la pintoresca localidad de Castel Gandolfo, un lugar que &#8230; <a title=\"\u00a1Exclusivo! Le\u00f3n XIV disfrutar\u00e1 del verano en Castel Gandolfo con piscina y pista de p\u00e1del reabiertas.\" class=\"read-more\" href=\"https:\/\/www.diario21.tv\/noticias\/exclusivo-leon-xiv-disfrutara-del-verano-en-castel-gandolfo-con-piscina-y-pista-de-padel-reabiertas\/\" aria-label=\"Leer m\u00e1s sobre \u00a1Exclusivo! Le\u00f3n XIV disfrutar\u00e1 del verano en Castel Gandolfo con piscina y pista de p\u00e1del reabiertas.\">Seguir leyendo &rarr;<\/a><\/p>\n","protected":false},"author":20,"featured_media":3527,"comment_status":"open","ping_status":"open","sticky":false,"template":"","format":"standard","meta":{"footnotes":""},"categories":[13],"tags":[],"class_list":["post-3526","post","type-post","status-publish","format-standard","has-post-thumbnail","hentry","category-portada"],"yoast_head":"<!-- This site is optimized with the Yoast SEO plugin v25.6 - https:\/\/yoast.com\/wordpress\/plugins\/seo\/ -->\n<title>\u00a1Exclusivo! Le\u00f3n XIV disfrutar\u00e1 del verano en Castel Gandolfo con piscina y pista de p\u00e1del reabiertas. - Diario 21<\/title>\n<meta name=\"robots\" content=\"index, follow, max-snippet:-1, max-image-preview:large, max-video-preview:-1\" \/>\n<link rel=\"canonical\" href=\"https:\/\/www.diario21.tv\/noticias\/exclusivo-leon-xiv-disfrutara-del-verano-en-castel-gandolfo-con-piscina-y-pista-de-padel-reabiertas\/\" \/>\n<meta property=\"og:locale\" content=\"es_ES\" \/>\n<meta property=\"og:type\" content=\"article\" \/>\n<meta property=\"og:title\" content=\"\u00a1Exclusivo! Le\u00f3n XIV disfrutar\u00e1 del verano en Castel Gandolfo con piscina y pista de p\u00e1del reabiertas. - Diario 21\" \/>\n<meta property=\"og:description\" content=\"Vacaciones Estivales de Le\u00f3n XIV en Castel Gandolfo Este verano, Le\u00f3n XIV disfrutar\u00e1 de sus vacaciones en la pintoresca localidad de Castel Gandolfo, un lugar que ... Seguir leyendo &rarr;\" \/>\n<meta property=\"og:url\" content=\"https:\/\/www.diario21.tv\/noticias\/exclusivo-leon-xiv-disfrutara-del-verano-en-castel-gandolfo-con-piscina-y-pista-de-padel-reabiertas\/\" \/>\n<meta property=\"og:site_name\" content=\"Diario 21\" \/>\n<meta property=\"article:published_time\" content=\"2025-06-19T06:44:14+00:00\" \/>\n<meta property=\"article:modified_time\" content=\"2025-06-19T06:44:15+00:00\" \/>\n<meta property=\"og:image\" content=\"https:\/\/www.diario21.tv\/noticias\/wp-content\/uploads\/2025\/06\/\u00a1Exclusivo-Leon-XIV-disfrutara-del-verano-en-Castel-Gandolfo-con.jpg\" \/>\n\t<meta property=\"og:image:width\" content=\"1200\" \/>\n\t<meta property=\"og:image:height\" content=\"838\" \/>\n\t<meta property=\"og:image:type\" content=\"image\/jpeg\" \/>\n<meta name=\"author\" content=\"Juan P\u00e9rez\" \/>\n<meta name=\"twitter:card\" content=\"summary_large_image\" \/>\n<meta name=\"twitter:label1\" content=\"Escrito por\" \/>\n\t<meta name=\"twitter:data1\" content=\"Juan P\u00e9rez\" \/>\n\t<meta name=\"twitter:label2\" content=\"Tiempo de lectura\" \/>\n\t<meta name=\"twitter:data2\" content=\"2 minutos\" \/>\n<script type=\"application\/ld+json\" class=\"yoast-schema-graph\">{\"@context\":\"https:\/\/schema.org\",\"@graph\":[{\"@type\":\"WebPage\",\"@id\":\"https:\/\/www.diario21.tv\/noticias\/exclusivo-leon-xiv-disfrutara-del-verano-en-castel-gandolfo-con-piscina-y-pista-de-padel-reabiertas\/\",\"url\":\"https:\/\/www.diario21.tv\/noticias\/exclusivo-leon-xiv-disfrutara-del-verano-en-castel-gandolfo-con-piscina-y-pista-de-padel-reabiertas\/\",\"name\":\"\u00a1Exclusivo! Le\u00f3n XIV disfrutar\u00e1 del verano en Castel Gandolfo con piscina y pista de p\u00e1del reabiertas. - Diario 21\",\"isPartOf\":{\"@id\":\"https:\/\/www.diario21.tv\/noticias\/#website\"},\"primaryImageOfPage\":{\"@id\":\"https:\/\/www.diario21.tv\/noticias\/exclusivo-leon-xiv-disfrutara-del-verano-en-castel-gandolfo-con-piscina-y-pista-de-padel-reabiertas\/#primaryimage\"},\"image\":{\"@id\":\"https:\/\/www.diario21.tv\/noticias\/exclusivo-leon-xiv-disfrutara-del-verano-en-castel-gandolfo-con-piscina-y-pista-de-padel-reabiertas\/#primaryimage\"},\"thumbnailUrl\":\"https:\/\/www.diario21.tv\/noticias\/wp-content\/uploads\/2025\/06\/\u00a1Exclusivo-Leon-XIV-disfrutara-del-verano-en-Castel-Gandolfo-con.jpg\",\"datePublished\":\"2025-06-19T06:44:14+00:00\",\"dateModified\":\"2025-06-19T06:44:15+00:00\",\"author\":{\"@id\":\"https:\/\/www.diario21.tv\/noticias\/#\/schema\/person\/dfb778f73814d8f09f302618446a526b\"},\"breadcrumb\":{\"@id\":\"https:\/\/www.diario21.tv\/noticias\/exclusivo-leon-xiv-disfrutara-del-verano-en-castel-gandolfo-con-piscina-y-pista-de-padel-reabiertas\/#breadcrumb\"},\"inLanguage\":\"es-AR\",\"potentialAction\":[{\"@type\":\"ReadAction\",\"target\":[\"https:\/\/www.diario21.tv\/noticias\/exclusivo-leon-xiv-disfrutara-del-verano-en-castel-gandolfo-con-piscina-y-pista-de-padel-reabiertas\/\"]}]},{\"@type\":\"ImageObject\",\"inLanguage\":\"es-AR\",\"@id\":\"https:\/\/www.diario21.tv\/noticias\/exclusivo-leon-xiv-disfrutara-del-verano-en-castel-gandolfo-con-piscina-y-pista-de-padel-reabiertas\/#primaryimage\",\"url\":\"https:\/\/www.diario21.tv\/noticias\/wp-content\/uploads\/2025\/06\/\u00a1Exclusivo-Leon-XIV-disfrutara-del-verano-en-Castel-Gandolfo-con.jpg\",\"contentUrl\":\"https:\/\/www.diario21.tv\/noticias\/wp-content\/uploads\/2025\/06\/\u00a1Exclusivo-Leon-XIV-disfrutara-del-verano-en-Castel-Gandolfo-con.jpg\",\"width\":1200,\"height\":838,\"caption\":\"Le\u00f3n XIV pasar\u00e1 sus vacaciones de verano en Castel Gandolfo, donde se ha reabierto la piscina y una pista de p\u00e1del\"},{\"@type\":\"BreadcrumbList\",\"@id\":\"https:\/\/www.diario21.tv\/noticias\/exclusivo-leon-xiv-disfrutara-del-verano-en-castel-gandolfo-con-piscina-y-pista-de-padel-reabiertas\/#breadcrumb\",\"itemListElement\":[{\"@type\":\"ListItem\",\"position\":1,\"name\":\"Accueil\",\"item\":\"https:\/\/www.diario21.tv\/noticias\/\"},{\"@type\":\"ListItem\",\"position\":2,\"name\":\"\u00a1Exclusivo! Le\u00f3n XIV disfrutar\u00e1 del verano en Castel Gandolfo con piscina y pista de p\u00e1del reabiertas.\"}]},{\"@type\":\"WebSite\",\"@id\":\"https:\/\/www.diario21.tv\/noticias\/#website\",\"url\":\"https:\/\/www.diario21.tv\/noticias\/\",\"name\":\"Diario 21\",\"description\":\"\",\"potentialAction\":[{\"@type\":\"SearchAction\",\"target\":{\"@type\":\"EntryPoint\",\"urlTemplate\":\"https:\/\/www.diario21.tv\/noticias\/?s={search_term_string}\"},\"query-input\":{\"@type\":\"PropertyValueSpecification\",\"valueRequired\":true,\"valueName\":\"search_term_string\"}}],\"inLanguage\":\"es-AR\"},{\"@type\":\"Person\",\"@id\":\"https:\/\/www.diario21.tv\/noticias\/#\/schema\/person\/dfb778f73814d8f09f302618446a526b\",\"name\":\"Juan P\u00e9rez\",\"image\":{\"@type\":\"ImageObject\",\"inLanguage\":\"es-AR\",\"@id\":\"https:\/\/www.diario21.tv\/noticias\/#\/schema\/person\/image\/\",\"url\":\"https:\/\/secure.gravatar.com\/avatar\/c478a405bd10621167f4c3167cc770f5?s=96&d=mm&r=g\",\"contentUrl\":\"https:\/\/secure.gravatar.com\/avatar\/c478a405bd10621167f4c3167cc770f5?s=96&d=mm&r=g\",\"caption\":\"Juan P\u00e9rez\"},\"description\":\"Juan P\u00e9rez es el redactor en jefe de Diario 21. Con m\u00e1s de 10 a\u00f1os de experiencia en el periodismo, se especializa en pol\u00edtica nacional y an\u00e1lisis socioecon\u00f3mico. Su enfoque cr\u00edtico y riguroso aporta una perspectiva \u00fanica a cada art\u00edculo.\",\"sameAs\":[\"https:\/\/www.diario21.tv\/noticias\/\"],\"url\":\"https:\/\/www.diario21.tv\/noticias\/author\/juan-perez\/\"}]}<\/script>\n<!-- \/ Yoast SEO plugin. -->","yoast_head_json":{"title":"\u00a1Exclusivo! Le\u00f3n XIV disfrutar\u00e1 del verano en Castel Gandolfo con piscina y pista de p\u00e1del reabiertas. - Diario 21","robots":{"index":"index","follow":"follow","max-snippet":"max-snippet:-1","max-image-preview":"max-image-preview:large","max-video-preview":"max-video-preview:-1"},"canonical":"https:\/\/www.diario21.tv\/noticias\/exclusivo-leon-xiv-disfrutara-del-verano-en-castel-gandolfo-con-piscina-y-pista-de-padel-reabiertas\/","og_locale":"es_ES","og_type":"article","og_title":"\u00a1Exclusivo! Le\u00f3n XIV disfrutar\u00e1 del verano en Castel Gandolfo con piscina y pista de p\u00e1del reabiertas. - Diario 21","og_description":"Vacaciones Estivales de Le\u00f3n XIV en Castel Gandolfo Este verano, Le\u00f3n XIV disfrutar\u00e1 de sus vacaciones en la pintoresca localidad de Castel Gandolfo, un lugar que ... Seguir leyendo &rarr;","og_url":"https:\/\/www.diario21.tv\/noticias\/exclusivo-leon-xiv-disfrutara-del-verano-en-castel-gandolfo-con-piscina-y-pista-de-padel-reabiertas\/","og_site_name":"Diario 21","article_published_time":"2025-06-19T06:44:14+00:00","article_modified_time":"2025-06-19T06:44:15+00:00","og_image":[{"width":1200,"height":838,"url":"https:\/\/www.diario21.tv\/noticias\/wp-content\/uploads\/2025\/06\/\u00a1Exclusivo-Leon-XIV-disfrutara-del-verano-en-Castel-Gandolfo-con.jpg","type":"image\/jpeg"}],"author":"Juan P\u00e9rez","twitter_card":"summary_large_image","twitter_misc":{"Escrito por":"Juan P\u00e9rez","Tiempo de lectura":"2 minutos"},"schema":{"@context":"https:\/\/schema.org","@graph":[{"@type":"WebPage","@id":"https:\/\/www.diario21.tv\/noticias\/exclusivo-leon-xiv-disfrutara-del-verano-en-castel-gandolfo-con-piscina-y-pista-de-padel-reabiertas\/","url":"https:\/\/www.diario21.tv\/noticias\/exclusivo-leon-xiv-disfrutara-del-verano-en-castel-gandolfo-con-piscina-y-pista-de-padel-reabiertas\/","name":"\u00a1Exclusivo! Le\u00f3n XIV disfrutar\u00e1 del verano en Castel Gandolfo con piscina y pista de p\u00e1del reabiertas. - Diario 21","isPartOf":{"@id":"https:\/\/www.diario21.tv\/noticias\/#website"},"primaryImageOfPage":{"@id":"https:\/\/www.diario21.tv\/noticias\/exclusivo-leon-xiv-disfrutara-del-verano-en-castel-gandolfo-con-piscina-y-pista-de-padel-reabiertas\/#primaryimage"},"image":{"@id":"https:\/\/www.diario21.tv\/noticias\/exclusivo-leon-xiv-disfrutara-del-verano-en-castel-gandolfo-con-piscina-y-pista-de-padel-reabiertas\/#primaryimage"},"thumbnailUrl":"https:\/\/www.diario21.tv\/noticias\/wp-content\/uploads\/2025\/06\/\u00a1Exclusivo-Leon-XIV-disfrutara-del-verano-en-Castel-Gandolfo-con.jpg","datePublished":"2025-06-19T06:44:14+00:00","dateModified":"2025-06-19T06:44:15+00:00","author":{"@id":"https:\/\/www.diario21.tv\/noticias\/#\/schema\/person\/dfb778f73814d8f09f302618446a526b"},"breadcrumb":{"@id":"https:\/\/www.diario21.tv\/noticias\/exclusivo-leon-xiv-disfrutara-del-verano-en-castel-gandolfo-con-piscina-y-pista-de-padel-reabiertas\/#breadcrumb"},"inLanguage":"es-AR","potentialAction":[{"@type":"ReadAction","target":["https:\/\/www.diario21.tv\/noticias\/exclusivo-leon-xiv-disfrutara-del-verano-en-castel-gandolfo-con-piscina-y-pista-de-padel-reabiertas\/"]}]},{"@type":"ImageObject","inLanguage":"es-AR","@id":"https:\/\/www.diario21.tv\/noticias\/exclusivo-leon-xiv-disfrutara-del-verano-en-castel-gandolfo-con-piscina-y-pista-de-padel-reabiertas\/#primaryimage","url":"https:\/\/www.diario21.tv\/noticias\/wp-content\/uploads\/2025\/06\/\u00a1Exclusivo-Leon-XIV-disfrutara-del-verano-en-Castel-Gandolfo-con.jpg","contentUrl":"https:\/\/www.diario21.tv\/noticias\/wp-content\/uploads\/2025\/06\/\u00a1Exclusivo-Leon-XIV-disfrutara-del-verano-en-Castel-Gandolfo-con.jpg","width":1200,"height":838,"caption":"Le\u00f3n XIV pasar\u00e1 sus vacaciones de verano en Castel Gandolfo, donde se ha reabierto la piscina y una pista de p\u00e1del"},{"@type":"BreadcrumbList","@id":"https:\/\/www.diario21.tv\/noticias\/exclusivo-leon-xiv-disfrutara-del-verano-en-castel-gandolfo-con-piscina-y-pista-de-padel-reabiertas\/#breadcrumb","itemListElement":[{"@type":"ListItem","position":1,"name":"Accueil","item":"https:\/\/www.diario21.tv\/noticias\/"},{"@type":"ListItem","position":2,"name":"\u00a1Exclusivo! Le\u00f3n XIV disfrutar\u00e1 del verano en Castel Gandolfo con piscina y pista de p\u00e1del reabiertas."}]},{"@type":"WebSite","@id":"https:\/\/www.diario21.tv\/noticias\/#website","url":"https:\/\/www.diario21.tv\/noticias\/","name":"Diario 21","description":"","potentialAction":[{"@type":"SearchAction","target":{"@type":"EntryPoint","urlTemplate":"https:\/\/www.diario21.tv\/noticias\/?s={search_term_string}"},"query-input":{"@type":"PropertyValueSpecification","valueRequired":true,"valueName":"search_term_string"}}],"inLanguage":"es-AR"},{"@type":"Person","@id":"https:\/\/www.diario21.tv\/noticias\/#\/schema\/person\/dfb778f73814d8f09f302618446a526b","name":"Juan P\u00e9rez","image":{"@type":"ImageObject","inLanguage":"es-AR","@id":"https:\/\/www.diario21.tv\/noticias\/#\/schema\/person\/image\/","url":"https:\/\/secure.gravatar.com\/avatar\/c478a405bd10621167f4c3167cc770f5?s=96&d=mm&r=g","contentUrl":"https:\/\/secure.gravatar.com\/avatar\/c478a405bd10621167f4c3167cc770f5?s=96&d=mm&r=g","caption":"Juan P\u00e9rez"},"description":"Juan P\u00e9rez es el redactor en jefe de Diario 21. Con m\u00e1s de 10 a\u00f1os de experiencia en el periodismo, se especializa en pol\u00edtica nacional y an\u00e1lisis socioecon\u00f3mico. Su enfoque cr\u00edtico y riguroso aporta una perspectiva \u00fanica a cada art\u00edculo.","sameAs":["https:\/\/www.diario21.tv\/noticias\/"],"url":"https:\/\/www.diario21.tv\/noticias\/author\/juan-perez\/"}]}},"_links":{"self":[{"href":"https:\/\/www.diario21.tv\/noticias\/wp-json\/wp\/v2\/posts\/3526"}],"collection":[{"href":"https:\/\/www.diario21.tv\/noticias\/wp-json\/wp\/v2\/posts"}],"about":[{"href":"https:\/\/www.diario21.tv\/noticias\/wp-json\/wp\/v2\/types\/post"}],"author":[{"embeddable":true,"href":"https:\/\/www.diario21.tv\/noticias\/wp-json\/wp\/v2\/users\/20"}],"replies":[{"embeddable":true,"href":"https:\/\/www.diario21.tv\/noticias\/wp-json\/wp\/v2\/comments?post=3526"}],"version-history":[{"count":1,"href":"https:\/\/www.diario21.tv\/noticias\/wp-json\/wp\/v2\/posts\/3526\/revisions"}],"predecessor-version":[{"id":3528,"href":"https:\/\/www.diario21.tv\/noticias\/wp-json\/wp\/v2\/posts\/3526\/revisions\/3528"}],"wp:featuredmedia":[{"embeddable":true,"href":"https:\/\/www.diario21.tv\/noticias\/wp-json\/wp\/v2\/media\/3527"}],"wp:attachment":[{"href":"https:\/\/www.diario21.tv\/noticias\/wp-json\/wp\/v2\/media?parent=3526"}],"wp:term":[{"taxonomy":"category","embeddable":true,"href":"https:\/\/www.diario21.tv\/noticias\/wp-json\/wp\/v2\/categories?post=3526"},{"taxonomy":"post_tag","embeddable":true,"href":"https:\/\/www.diario21.tv\/noticias\/wp-json\/wp\/v2\/tags?post=3526"}],"curies":[{"name":"wp","href":"https:\/\/api.w.org\/{rel}","templated":true}]}}