{"id":3514,"date":"2025-06-18T00:31:28","date_gmt":"2025-06-18T00:31:28","guid":{"rendered":"https:\/\/www.diario21.tv\/noticias\/cuidado-el-calor-un-asesino-silencioso-mas-peligroso-de-lo-que-crees\/"},"modified":"2025-06-18T00:31:29","modified_gmt":"2025-06-18T00:31:29","slug":"cuidado-el-calor-un-asesino-silencioso-mas-peligroso-de-lo-que-crees","status":"publish","type":"post","link":"https:\/\/www.diario21.tv\/noticias\/cuidado-el-calor-un-asesino-silencioso-mas-peligroso-de-lo-que-crees\/","title":{"rendered":"\u00a1Cuidado! El calor, un asesino silencioso m\u00e1s peligroso de lo que crees"},"content":{"rendered":"<h2>El Peligro Silencioso del Calor<\/h2>\n<p>Cuando pensamos en peligros ambientales, a menudo consideramos tormentas severas, inundaciones o incluso terremotos. Sin embargo, hay un asesino menos obvio y frecuentemente subestimado: el calor extremo. Este fen\u00f3meno puede ser muy traicionero porque su letalidad no es tan visible o inmediata como en otros desastres naturales.<\/p>\n<h3>La Subestimaci\u00f3n de los Riesgos del Calor<\/h3>\n<p>Parte de la dificultad para reconocer la amenaza que representa el calor se debe a su naturaleza insidiosa. No es tan dram\u00e1tico como un hurac\u00e1n que arrasa ciudades o un incendio forestal que consume todo a su paso, pero sus efectos pueden ser igualmente devastadores. El calor extremo silenciosamente desgasta la capacidad del cuerpo para regular su temperatura, lo que puede llevar a condiciones potencialmente mortales como el golpe de calor.<\/p>\n<h3>Los S\u00edntomas y Consecuencias del Calor Extremo<\/h3>\n<p>Los s\u00edntomas del golpe de calor incluyen mareos, confusi\u00f3n, dolores de cabeza y, en casos extremos, p\u00e9rdida del conocimiento y muerte. Las olas de calor pueden causar una amplia gama de complicaciones de salud, especialmente en los ancianos, ni\u00f1os, y aquellos con condiciones preexistentes. Adem\u00e1s, las temperaturas elevadas exacerban problemas de salud p\u00fablica como la calidad del aire, aumentando los niveles de ozono que pueden agravar enfermedades respiratorias.<\/p>\n<p>Sin embargo, a pesar de estos riesgos claros, a menudo hay una falta de conciencia o preparaci\u00f3n adecuada para enfrentar las olas de calor. Esto es en parte porque la percepci\u00f3n de su peligro no es tan inmediata o visualmente impactante como otros desastres naturales.<\/p>\n<h3>La Importancia de la Concientizaci\u00f3n y Prevenci\u00f3n<\/h3>\n<p>Es crucial aumentar la conciencia sobre los peligros del calor extremo y c\u00f3mo prevenir sus efectos adversos. Medidas simples como mantenerse hidratado, permanecer en lugares frescos durante las horas de mayor calor, y usar ropa ligera y de colores claros pueden hacer una gran diferencia. Adem\u00e1s, prestar especial atenci\u00f3n a los m\u00e1s vulnerables, como los ancianos y los enfermos cr\u00f3nicos, puede salvar vidas.<\/p>\n<p>Las autoridades tambi\u00e9n desempe\u00f1an un papel fundamental en la gesti\u00f3n de riesgos del calor. Esto incluye desde la implementaci\u00f3n de alertas tempranas hasta la creaci\u00f3n de espacios p\u00fablicos climatizados que pueden ofrecer refugio durante los picos de temperatura.<\/p>\n<p>En conclusi\u00f3n, aunque el calor extremo a menudo no captura titulares como otros fen\u00f3menos meteorol\u00f3gicos extremos, es un peligro serio y mortal. Reconocer esta amenaza y tomar medidas preventivas es esencial para proteger la salud y la seguridad de la poblaci\u00f3n. Asumir la peligrosidad del calor y actuar en consecuencia puede marcar la diferencia entre la vida y la muerte.<\/p>\n\n\n<div class=\"kk-star-ratings kksr-auto kksr-align-left kksr-valign-bottom\"\n    data-payload='{&quot;align&quot;:&quot;left&quot;,&quot;id&quot;:&quot;3514&quot;,&quot;slug&quot;:&quot;default&quot;,&quot;valign&quot;:&quot;bottom&quot;,&quot;ignore&quot;:&quot;&quot;,&quot;reference&quot;:&quot;auto&quot;,&quot;class&quot;:&quot;&quot;,&quot;count&quot;:&quot;0&quot;,&quot;legendonly&quot;:&quot;&quot;,&quot;readonly&quot;:&quot;&quot;,&quot;score&quot;:&quot;0&quot;,&quot;starsonly&quot;:&quot;&quot;,&quot;best&quot;:&quot;5&quot;,&quot;gap&quot;:&quot;5&quot;,&quot;greet&quot;:&quot;Valora este post&quot;,&quot;legend&quot;:&quot;0\\\/5 - (0 votes)&quot;,&quot;size&quot;:&quot;22&quot;,&quot;title&quot;:&quot;\u00a1Cuidado! El calor, un asesino silencioso m\u00e1s peligroso de lo que crees&quot;,&quot;width&quot;:&quot;0&quot;,&quot;_legend&quot;:&quot;{score}\\\/{best} - ({count} {votes})&quot;,&quot;font_factor&quot;:&quot;1.25&quot;}'>\n            \n<div class=\"kksr-stars\">\n    \n<div class=\"kksr-stars-inactive\">\n            <div class=\"kksr-star\" data-star=\"1\" style=\"padding-right: 5px\">\n            \n\n<div class=\"kksr-icon\" style=\"width: 22px; height: 22px;\"><\/div>\n        <\/div>\n            <div class=\"kksr-star\" data-star=\"2\" style=\"padding-right: 5px\">\n            \n\n<div class=\"kksr-icon\" style=\"width: 22px; height: 22px;\"><\/div>\n        <\/div>\n            <div class=\"kksr-star\" data-star=\"3\" style=\"padding-right: 5px\">\n            \n\n<div class=\"kksr-icon\" style=\"width: 22px; height: 22px;\"><\/div>\n        <\/div>\n            <div class=\"kksr-star\" data-star=\"4\" style=\"padding-right: 5px\">\n            \n\n<div class=\"kksr-icon\" style=\"width: 22px; height: 22px;\"><\/div>\n        <\/div>\n            <div class=\"kksr-star\" data-star=\"5\" style=\"padding-right: 5px\">\n            \n\n<div class=\"kksr-icon\" style=\"width: 22px; height: 22px;\"><\/div>\n        <\/div>\n    <\/div>\n    \n<div class=\"kksr-stars-active\" style=\"width: 0px;\">\n            <div class=\"kksr-star\" style=\"padding-right: 5px\">\n            \n\n<div class=\"kksr-icon\" style=\"width: 22px; height: 22px;\"><\/div>\n        <\/div>\n            <div class=\"kksr-star\" style=\"padding-right: 5px\">\n            \n\n<div class=\"kksr-icon\" style=\"width: 22px; height: 22px;\"><\/div>\n        <\/div>\n            <div class=\"kksr-star\" style=\"padding-right: 5px\">\n            \n\n<div class=\"kksr-icon\" style=\"width: 22px; height: 22px;\"><\/div>\n        <\/div>\n            <div class=\"kksr-star\" style=\"padding-right: 5px\">\n            \n\n<div class=\"kksr-icon\" style=\"width: 22px; height: 22px;\"><\/div>\n        <\/div>\n            <div class=\"kksr-star\" style=\"padding-right: 5px\">\n            \n\n<div class=\"kksr-icon\" style=\"width: 22px; height: 22px;\"><\/div>\n        <\/div>\n    <\/div>\n<\/div>\n                \n\n<div class=\"kksr-legend\" style=\"font-size: 17.6px;\">\n            <span class=\"kksr-muted\">Valora este post<\/span>\n    <\/div>\n    <\/div>\n","protected":false},"excerpt":{"rendered":"<p>El Peligro Silencioso del Calor Cuando pensamos en peligros ambientales, a menudo consideramos tormentas severas, inundaciones o incluso terremotos. Sin embargo, hay un asesino menos obvio &#8230; <a title=\"\u00a1Cuidado! El calor, un asesino silencioso m\u00e1s peligroso de lo que crees\" class=\"read-more\" href=\"https:\/\/www.diario21.tv\/noticias\/cuidado-el-calor-un-asesino-silencioso-mas-peligroso-de-lo-que-crees\/\" aria-label=\"Leer m\u00e1s sobre \u00a1Cuidado! El calor, un asesino silencioso m\u00e1s peligroso de lo que crees\">Seguir leyendo &rarr;<\/a><\/p>\n","protected":false},"author":20,"featured_media":3515,"comment_status":"open","ping_status":"open","sticky":false,"template":"","format":"standard","meta":{"footnotes":""},"categories":[13],"tags":[],"class_list":["post-3514","post","type-post","status-publish","format-standard","has-post-thumbnail","hentry","category-portada"],"yoast_head":"<!-- This site is optimized with the Yoast SEO plugin v25.6 - https:\/\/yoast.com\/wordpress\/plugins\/seo\/ -->\n<title>\u00a1Cuidado! El calor, un asesino silencioso m\u00e1s peligroso de lo que crees - Diario 21<\/title>\n<meta name=\"robots\" content=\"index, follow, max-snippet:-1, max-image-preview:large, max-video-preview:-1\" \/>\n<link rel=\"canonical\" href=\"https:\/\/www.diario21.tv\/noticias\/cuidado-el-calor-un-asesino-silencioso-mas-peligroso-de-lo-que-crees\/\" \/>\n<meta property=\"og:locale\" content=\"es_ES\" \/>\n<meta property=\"og:type\" content=\"article\" \/>\n<meta property=\"og:title\" content=\"\u00a1Cuidado! El calor, un asesino silencioso m\u00e1s peligroso de lo que crees - Diario 21\" \/>\n<meta property=\"og:description\" content=\"El Peligro Silencioso del Calor Cuando pensamos en peligros ambientales, a menudo consideramos tormentas severas, inundaciones o incluso terremotos. Sin embargo, hay un asesino menos obvio ... Seguir leyendo &rarr;\" \/>\n<meta property=\"og:url\" content=\"https:\/\/www.diario21.tv\/noticias\/cuidado-el-calor-un-asesino-silencioso-mas-peligroso-de-lo-que-crees\/\" \/>\n<meta property=\"og:site_name\" content=\"Diario 21\" \/>\n<meta property=\"article:published_time\" content=\"2025-06-18T00:31:28+00:00\" \/>\n<meta property=\"article:modified_time\" content=\"2025-06-18T00:31:29+00:00\" \/>\n<meta property=\"og:image\" content=\"https:\/\/www.diario21.tv\/noticias\/wp-content\/uploads\/2025\/06\/\u00a1Cuidado-El-calor-un-asesino-silencioso-mas-peligroso-de-lo.jpg\" \/>\n\t<meta property=\"og:image:width\" content=\"1200\" \/>\n\t<meta property=\"og:image:height\" content=\"840\" \/>\n\t<meta property=\"og:image:type\" content=\"image\/jpeg\" \/>\n<meta name=\"author\" content=\"Juan P\u00e9rez\" \/>\n<meta name=\"twitter:card\" content=\"summary_large_image\" \/>\n<meta name=\"twitter:label1\" content=\"Escrito por\" \/>\n\t<meta name=\"twitter:data1\" content=\"Juan P\u00e9rez\" \/>\n\t<meta name=\"twitter:label2\" content=\"Tiempo de lectura\" \/>\n\t<meta name=\"twitter:data2\" content=\"2 minutos\" \/>\n<script type=\"application\/ld+json\" class=\"yoast-schema-graph\">{\"@context\":\"https:\/\/schema.org\",\"@graph\":[{\"@type\":\"WebPage\",\"@id\":\"https:\/\/www.diario21.tv\/noticias\/cuidado-el-calor-un-asesino-silencioso-mas-peligroso-de-lo-que-crees\/\",\"url\":\"https:\/\/www.diario21.tv\/noticias\/cuidado-el-calor-un-asesino-silencioso-mas-peligroso-de-lo-que-crees\/\",\"name\":\"\u00a1Cuidado! El calor, un asesino silencioso m\u00e1s peligroso de lo que crees - Diario 21\",\"isPartOf\":{\"@id\":\"https:\/\/www.diario21.tv\/noticias\/#website\"},\"primaryImageOfPage\":{\"@id\":\"https:\/\/www.diario21.tv\/noticias\/cuidado-el-calor-un-asesino-silencioso-mas-peligroso-de-lo-que-crees\/#primaryimage\"},\"image\":{\"@id\":\"https:\/\/www.diario21.tv\/noticias\/cuidado-el-calor-un-asesino-silencioso-mas-peligroso-de-lo-que-crees\/#primaryimage\"},\"thumbnailUrl\":\"https:\/\/www.diario21.tv\/noticias\/wp-content\/uploads\/2025\/06\/\u00a1Cuidado-El-calor-un-asesino-silencioso-mas-peligroso-de-lo.jpg\",\"datePublished\":\"2025-06-18T00:31:28+00:00\",\"dateModified\":\"2025-06-18T00:31:29+00:00\",\"author\":{\"@id\":\"https:\/\/www.diario21.tv\/noticias\/#\/schema\/person\/dfb778f73814d8f09f302618446a526b\"},\"breadcrumb\":{\"@id\":\"https:\/\/www.diario21.tv\/noticias\/cuidado-el-calor-un-asesino-silencioso-mas-peligroso-de-lo-que-crees\/#breadcrumb\"},\"inLanguage\":\"es-AR\",\"potentialAction\":[{\"@type\":\"ReadAction\",\"target\":[\"https:\/\/www.diario21.tv\/noticias\/cuidado-el-calor-un-asesino-silencioso-mas-peligroso-de-lo-que-crees\/\"]}]},{\"@type\":\"ImageObject\",\"inLanguage\":\"es-AR\",\"@id\":\"https:\/\/www.diario21.tv\/noticias\/cuidado-el-calor-un-asesino-silencioso-mas-peligroso-de-lo-que-crees\/#primaryimage\",\"url\":\"https:\/\/www.diario21.tv\/noticias\/wp-content\/uploads\/2025\/06\/\u00a1Cuidado-El-calor-un-asesino-silencioso-mas-peligroso-de-lo.jpg\",\"contentUrl\":\"https:\/\/www.diario21.tv\/noticias\/wp-content\/uploads\/2025\/06\/\u00a1Cuidado-El-calor-un-asesino-silencioso-mas-peligroso-de-lo.jpg\",\"width\":1200,\"height\":840,\"caption\":\"\u00abEl calor es un asesino silencioso, por eso no es tan f\u00e1cil asumir lo peligroso que es\u00bb\"},{\"@type\":\"BreadcrumbList\",\"@id\":\"https:\/\/www.diario21.tv\/noticias\/cuidado-el-calor-un-asesino-silencioso-mas-peligroso-de-lo-que-crees\/#breadcrumb\",\"itemListElement\":[{\"@type\":\"ListItem\",\"position\":1,\"name\":\"Accueil\",\"item\":\"https:\/\/www.diario21.tv\/noticias\/\"},{\"@type\":\"ListItem\",\"position\":2,\"name\":\"\u00a1Cuidado! El calor, un asesino silencioso m\u00e1s peligroso de lo que crees\"}]},{\"@type\":\"WebSite\",\"@id\":\"https:\/\/www.diario21.tv\/noticias\/#website\",\"url\":\"https:\/\/www.diario21.tv\/noticias\/\",\"name\":\"Diario 21\",\"description\":\"\",\"potentialAction\":[{\"@type\":\"SearchAction\",\"target\":{\"@type\":\"EntryPoint\",\"urlTemplate\":\"https:\/\/www.diario21.tv\/noticias\/?s={search_term_string}\"},\"query-input\":{\"@type\":\"PropertyValueSpecification\",\"valueRequired\":true,\"valueName\":\"search_term_string\"}}],\"inLanguage\":\"es-AR\"},{\"@type\":\"Person\",\"@id\":\"https:\/\/www.diario21.tv\/noticias\/#\/schema\/person\/dfb778f73814d8f09f302618446a526b\",\"name\":\"Juan P\u00e9rez\",\"image\":{\"@type\":\"ImageObject\",\"inLanguage\":\"es-AR\",\"@id\":\"https:\/\/www.diario21.tv\/noticias\/#\/schema\/person\/image\/\",\"url\":\"https:\/\/secure.gravatar.com\/avatar\/c478a405bd10621167f4c3167cc770f5?s=96&d=mm&r=g\",\"contentUrl\":\"https:\/\/secure.gravatar.com\/avatar\/c478a405bd10621167f4c3167cc770f5?s=96&d=mm&r=g\",\"caption\":\"Juan P\u00e9rez\"},\"description\":\"Juan P\u00e9rez es el redactor en jefe de Diario 21. Con m\u00e1s de 10 a\u00f1os de experiencia en el periodismo, se especializa en pol\u00edtica nacional y an\u00e1lisis socioecon\u00f3mico. Su enfoque cr\u00edtico y riguroso aporta una perspectiva \u00fanica a cada art\u00edculo.\",\"sameAs\":[\"https:\/\/www.diario21.tv\/noticias\/\"],\"url\":\"https:\/\/www.diario21.tv\/noticias\/author\/juan-perez\/\"}]}<\/script>\n<!-- \/ Yoast SEO plugin. -->","yoast_head_json":{"title":"\u00a1Cuidado! El calor, un asesino silencioso m\u00e1s peligroso de lo que crees - Diario 21","robots":{"index":"index","follow":"follow","max-snippet":"max-snippet:-1","max-image-preview":"max-image-preview:large","max-video-preview":"max-video-preview:-1"},"canonical":"https:\/\/www.diario21.tv\/noticias\/cuidado-el-calor-un-asesino-silencioso-mas-peligroso-de-lo-que-crees\/","og_locale":"es_ES","og_type":"article","og_title":"\u00a1Cuidado! El calor, un asesino silencioso m\u00e1s peligroso de lo que crees - Diario 21","og_description":"El Peligro Silencioso del Calor Cuando pensamos en peligros ambientales, a menudo consideramos tormentas severas, inundaciones o incluso terremotos. Sin embargo, hay un asesino menos obvio ... Seguir leyendo &rarr;","og_url":"https:\/\/www.diario21.tv\/noticias\/cuidado-el-calor-un-asesino-silencioso-mas-peligroso-de-lo-que-crees\/","og_site_name":"Diario 21","article_published_time":"2025-06-18T00:31:28+00:00","article_modified_time":"2025-06-18T00:31:29+00:00","og_image":[{"width":1200,"height":840,"url":"https:\/\/www.diario21.tv\/noticias\/wp-content\/uploads\/2025\/06\/\u00a1Cuidado-El-calor-un-asesino-silencioso-mas-peligroso-de-lo.jpg","type":"image\/jpeg"}],"author":"Juan P\u00e9rez","twitter_card":"summary_large_image","twitter_misc":{"Escrito por":"Juan P\u00e9rez","Tiempo de lectura":"2 minutos"},"schema":{"@context":"https:\/\/schema.org","@graph":[{"@type":"WebPage","@id":"https:\/\/www.diario21.tv\/noticias\/cuidado-el-calor-un-asesino-silencioso-mas-peligroso-de-lo-que-crees\/","url":"https:\/\/www.diario21.tv\/noticias\/cuidado-el-calor-un-asesino-silencioso-mas-peligroso-de-lo-que-crees\/","name":"\u00a1Cuidado! El calor, un asesino silencioso m\u00e1s peligroso de lo que crees - Diario 21","isPartOf":{"@id":"https:\/\/www.diario21.tv\/noticias\/#website"},"primaryImageOfPage":{"@id":"https:\/\/www.diario21.tv\/noticias\/cuidado-el-calor-un-asesino-silencioso-mas-peligroso-de-lo-que-crees\/#primaryimage"},"image":{"@id":"https:\/\/www.diario21.tv\/noticias\/cuidado-el-calor-un-asesino-silencioso-mas-peligroso-de-lo-que-crees\/#primaryimage"},"thumbnailUrl":"https:\/\/www.diario21.tv\/noticias\/wp-content\/uploads\/2025\/06\/\u00a1Cuidado-El-calor-un-asesino-silencioso-mas-peligroso-de-lo.jpg","datePublished":"2025-06-18T00:31:28+00:00","dateModified":"2025-06-18T00:31:29+00:00","author":{"@id":"https:\/\/www.diario21.tv\/noticias\/#\/schema\/person\/dfb778f73814d8f09f302618446a526b"},"breadcrumb":{"@id":"https:\/\/www.diario21.tv\/noticias\/cuidado-el-calor-un-asesino-silencioso-mas-peligroso-de-lo-que-crees\/#breadcrumb"},"inLanguage":"es-AR","potentialAction":[{"@type":"ReadAction","target":["https:\/\/www.diario21.tv\/noticias\/cuidado-el-calor-un-asesino-silencioso-mas-peligroso-de-lo-que-crees\/"]}]},{"@type":"ImageObject","inLanguage":"es-AR","@id":"https:\/\/www.diario21.tv\/noticias\/cuidado-el-calor-un-asesino-silencioso-mas-peligroso-de-lo-que-crees\/#primaryimage","url":"https:\/\/www.diario21.tv\/noticias\/wp-content\/uploads\/2025\/06\/\u00a1Cuidado-El-calor-un-asesino-silencioso-mas-peligroso-de-lo.jpg","contentUrl":"https:\/\/www.diario21.tv\/noticias\/wp-content\/uploads\/2025\/06\/\u00a1Cuidado-El-calor-un-asesino-silencioso-mas-peligroso-de-lo.jpg","width":1200,"height":840,"caption":"\u00abEl calor es un asesino silencioso, por eso no es tan f\u00e1cil asumir lo peligroso que es\u00bb"},{"@type":"BreadcrumbList","@id":"https:\/\/www.diario21.tv\/noticias\/cuidado-el-calor-un-asesino-silencioso-mas-peligroso-de-lo-que-crees\/#breadcrumb","itemListElement":[{"@type":"ListItem","position":1,"name":"Accueil","item":"https:\/\/www.diario21.tv\/noticias\/"},{"@type":"ListItem","position":2,"name":"\u00a1Cuidado! El calor, un asesino silencioso m\u00e1s peligroso de lo que crees"}]},{"@type":"WebSite","@id":"https:\/\/www.diario21.tv\/noticias\/#website","url":"https:\/\/www.diario21.tv\/noticias\/","name":"Diario 21","description":"","potentialAction":[{"@type":"SearchAction","target":{"@type":"EntryPoint","urlTemplate":"https:\/\/www.diario21.tv\/noticias\/?s={search_term_string}"},"query-input":{"@type":"PropertyValueSpecification","valueRequired":true,"valueName":"search_term_string"}}],"inLanguage":"es-AR"},{"@type":"Person","@id":"https:\/\/www.diario21.tv\/noticias\/#\/schema\/person\/dfb778f73814d8f09f302618446a526b","name":"Juan P\u00e9rez","image":{"@type":"ImageObject","inLanguage":"es-AR","@id":"https:\/\/www.diario21.tv\/noticias\/#\/schema\/person\/image\/","url":"https:\/\/secure.gravatar.com\/avatar\/c478a405bd10621167f4c3167cc770f5?s=96&d=mm&r=g","contentUrl":"https:\/\/secure.gravatar.com\/avatar\/c478a405bd10621167f4c3167cc770f5?s=96&d=mm&r=g","caption":"Juan P\u00e9rez"},"description":"Juan P\u00e9rez es el redactor en jefe de Diario 21. Con m\u00e1s de 10 a\u00f1os de experiencia en el periodismo, se especializa en pol\u00edtica nacional y an\u00e1lisis socioecon\u00f3mico. Su enfoque cr\u00edtico y riguroso aporta una perspectiva \u00fanica a cada art\u00edculo.","sameAs":["https:\/\/www.diario21.tv\/noticias\/"],"url":"https:\/\/www.diario21.tv\/noticias\/author\/juan-perez\/"}]}},"_links":{"self":[{"href":"https:\/\/www.diario21.tv\/noticias\/wp-json\/wp\/v2\/posts\/3514"}],"collection":[{"href":"https:\/\/www.diario21.tv\/noticias\/wp-json\/wp\/v2\/posts"}],"about":[{"href":"https:\/\/www.diario21.tv\/noticias\/wp-json\/wp\/v2\/types\/post"}],"author":[{"embeddable":true,"href":"https:\/\/www.diario21.tv\/noticias\/wp-json\/wp\/v2\/users\/20"}],"replies":[{"embeddable":true,"href":"https:\/\/www.diario21.tv\/noticias\/wp-json\/wp\/v2\/comments?post=3514"}],"version-history":[{"count":1,"href":"https:\/\/www.diario21.tv\/noticias\/wp-json\/wp\/v2\/posts\/3514\/revisions"}],"predecessor-version":[{"id":3516,"href":"https:\/\/www.diario21.tv\/noticias\/wp-json\/wp\/v2\/posts\/3514\/revisions\/3516"}],"wp:featuredmedia":[{"embeddable":true,"href":"https:\/\/www.diario21.tv\/noticias\/wp-json\/wp\/v2\/media\/3515"}],"wp:attachment":[{"href":"https:\/\/www.diario21.tv\/noticias\/wp-json\/wp\/v2\/media?parent=3514"}],"wp:term":[{"taxonomy":"category","embeddable":true,"href":"https:\/\/www.diario21.tv\/noticias\/wp-json\/wp\/v2\/categories?post=3514"},{"taxonomy":"post_tag","embeddable":true,"href":"https:\/\/www.diario21.tv\/noticias\/wp-json\/wp\/v2\/tags?post=3514"}],"curies":[{"name":"wp","href":"https:\/\/api.w.org\/{rel}","templated":true}]}}