{"id":3505,"date":"2025-06-17T06:19:00","date_gmt":"2025-06-17T06:19:00","guid":{"rendered":"https:\/\/www.diario21.tv\/noticias\/atencion-mercadona-extiende-horarios-de-verano-y-abre-domingos\/"},"modified":"2025-06-17T06:19:01","modified_gmt":"2025-06-17T06:19:01","slug":"atencion-mercadona-extiende-horarios-de-verano-y-abre-domingos","status":"publish","type":"post","link":"https:\/\/www.diario21.tv\/noticias\/atencion-mercadona-extiende-horarios-de-verano-y-abre-domingos\/","title":{"rendered":"\u00a1Atenci\u00f3n! Mercadona extiende horarios de verano y abre domingos"},"content":{"rendered":"<h2>Mercadona Extiende su Horario de Apertura Durante el Verano y A\u00f1ade Aperturas Dominicales<\/h2>\n<p>Este verano, la cadena de supermercados Mercadona ha anunciado una expansi\u00f3n en sus horas de operaci\u00f3n, incluyendo la apertura en seleccionados domingos y festivos. Esta decisi\u00f3n busca adaptarse mejor a las necesidades de su clientela durante la alta temporada.<\/p>\n<h3>Horario Extendido y Apertura en D\u00edas Festivos<\/h3>\n<p>A partir de esta temporada, Mercadona ajustar\u00e1 sus horarios de apertura en diversas ubicaciones para ofrecer un servicio m\u00e1s amplio. En la mayor\u00eda de sus tiendas, el horario se extender\u00e1 hasta las 21:30 h, permitiendo as\u00ed que m\u00e1s clientes realicen sus compras con mayor comodidad y flexibilidad.<\/p>\n<p>Adem\u00e1s, la compa\u00f1\u00eda ha decidido abrir sus puertas algunos domingos y d\u00edas festivos, una estrategia que se aplicar\u00e1 principalmente en zonas tur\u00edsticas o regiones donde el flujo de visitantes aumenta significativamente durante el verano. Esta medida no solo es esperada por los turistas sino tambi\u00e9n por residentes que buscan aprovechar d\u00edas libres para realizar sus compras.<\/p>\n<h3>Preparativos para la Temporada Alta<\/h3>\n<p>Mercadona ha preparado cuidadosamente esta iniciativa para asegurarse de que tanto los clientes como el personal se beneficien de manera \u00f3ptima. El personal de las tiendas recibir\u00e1 horarios adaptados que les permitir\u00e1n gestionar el incremento de actividad sin comprometer el servicio. Adem\u00e1s, la empresa ha reforzado sus equipos en puntos de venta clave para manejar el aumento esperado de shoppers.<\/p>\n<p>La compa\u00f1\u00eda tambi\u00e9n ha invertido en la mejora de sus instalaciones y sistemas para garantizar que la experiencia de compra sea fluida y satisfactoria. Esto incluye desde la optimizaci\u00f3n de los procesos de pago hasta asegurar la disponibilidad de productos durante los d\u00edas de mayor afluencia.<\/p>\n<h3>Impacto Esperado en las Ventas<\/h3>\n<p>Con estas modificaciones, Mercadona espera no solo mejorar la experiencia de compra de sus clientes, sino tambi\u00e9n incrementar sus ventas durante el verano. La extensi\u00f3n de horarios y la apertura en d\u00edas adicionales permitir\u00e1n captar un mayor n\u00famero de transacciones, especialmente en \u00e1reas con alta densidad de turistas.<\/p>\n<p>Este cambio en el horario y d\u00edas de apertura es parte de una estrategia m\u00e1s amplia de la compa\u00f1\u00eda para adaptarse a las tendencias de consumo y preferencias de los clientes, asegurando que puedan acceder a sus productos y servicios cuando m\u00e1s lo necesiten.<\/p>\n<h3>Reacci\u00f3n de los Consumidores<\/h3>\n<p>La respuesta inicial de los consumidores ante el anuncio ha sido mayoritariamente positiva. Muchos aprecian la mayor conveniencia y accesibilidad que ofrecer\u00e1n estos cambios en el horario. Especialmente en ciudades grandes y zonas costeras, los clientes han mostrado entusiasmo ante la posibilidad de hacer sus compras en d\u00edas que tradicionalmente encontraban los supermercados cerrados.<\/p>\n<p>En resumen, la decisi\u00f3n de Mercadona de ampliar su horario y abrir en d\u00edas seleccionados durante el verano es un reflejo de su compromiso continuo con la satisfacci\u00f3n del cliente y la adaptaci\u00f3n a sus necesidades cambiantes. Esta estrategia no solo beneficiar\u00e1 a los consumidores sino que tambi\u00e9n contribuir\u00e1 al crecimiento y \u00e9xito continuado de la cadena en el competitivo mercado de supermercados.<\/p>\n\n\n<div class=\"kk-star-ratings kksr-auto kksr-align-left kksr-valign-bottom\"\n    data-payload='{&quot;align&quot;:&quot;left&quot;,&quot;id&quot;:&quot;3505&quot;,&quot;slug&quot;:&quot;default&quot;,&quot;valign&quot;:&quot;bottom&quot;,&quot;ignore&quot;:&quot;&quot;,&quot;reference&quot;:&quot;auto&quot;,&quot;class&quot;:&quot;&quot;,&quot;count&quot;:&quot;0&quot;,&quot;legendonly&quot;:&quot;&quot;,&quot;readonly&quot;:&quot;&quot;,&quot;score&quot;:&quot;0&quot;,&quot;starsonly&quot;:&quot;&quot;,&quot;best&quot;:&quot;5&quot;,&quot;gap&quot;:&quot;5&quot;,&quot;greet&quot;:&quot;Valora este post&quot;,&quot;legend&quot;:&quot;0\\\/5 - (0 votes)&quot;,&quot;size&quot;:&quot;22&quot;,&quot;title&quot;:&quot;\u00a1Atenci\u00f3n! Mercadona extiende horarios de verano y abre domingos&quot;,&quot;width&quot;:&quot;0&quot;,&quot;_legend&quot;:&quot;{score}\\\/{best} - ({count} {votes})&quot;,&quot;font_factor&quot;:&quot;1.25&quot;}'>\n            \n<div class=\"kksr-stars\">\n    \n<div class=\"kksr-stars-inactive\">\n            <div class=\"kksr-star\" data-star=\"1\" style=\"padding-right: 5px\">\n            \n\n<div class=\"kksr-icon\" style=\"width: 22px; height: 22px;\"><\/div>\n        <\/div>\n            <div class=\"kksr-star\" data-star=\"2\" style=\"padding-right: 5px\">\n            \n\n<div class=\"kksr-icon\" style=\"width: 22px; height: 22px;\"><\/div>\n        <\/div>\n            <div class=\"kksr-star\" data-star=\"3\" style=\"padding-right: 5px\">\n            \n\n<div class=\"kksr-icon\" style=\"width: 22px; height: 22px;\"><\/div>\n        <\/div>\n            <div class=\"kksr-star\" data-star=\"4\" style=\"padding-right: 5px\">\n            \n\n<div class=\"kksr-icon\" style=\"width: 22px; height: 22px;\"><\/div>\n        <\/div>\n            <div class=\"kksr-star\" data-star=\"5\" style=\"padding-right: 5px\">\n            \n\n<div class=\"kksr-icon\" style=\"width: 22px; height: 22px;\"><\/div>\n        <\/div>\n    <\/div>\n    \n<div class=\"kksr-stars-active\" style=\"width: 0px;\">\n            <div class=\"kksr-star\" style=\"padding-right: 5px\">\n            \n\n<div class=\"kksr-icon\" style=\"width: 22px; height: 22px;\"><\/div>\n        <\/div>\n            <div class=\"kksr-star\" style=\"padding-right: 5px\">\n            \n\n<div class=\"kksr-icon\" style=\"width: 22px; height: 22px;\"><\/div>\n        <\/div>\n            <div class=\"kksr-star\" style=\"padding-right: 5px\">\n            \n\n<div class=\"kksr-icon\" style=\"width: 22px; height: 22px;\"><\/div>\n        <\/div>\n            <div class=\"kksr-star\" style=\"padding-right: 5px\">\n            \n\n<div class=\"kksr-icon\" style=\"width: 22px; height: 22px;\"><\/div>\n        <\/div>\n            <div class=\"kksr-star\" style=\"padding-right: 5px\">\n            \n\n<div class=\"kksr-icon\" style=\"width: 22px; height: 22px;\"><\/div>\n        <\/div>\n    <\/div>\n<\/div>\n                \n\n<div class=\"kksr-legend\" style=\"font-size: 17.6px;\">\n            <span class=\"kksr-muted\">Valora este post<\/span>\n    <\/div>\n    <\/div>\n","protected":false},"excerpt":{"rendered":"<p>Mercadona Extiende su Horario de Apertura Durante el Verano y A\u00f1ade Aperturas Dominicales Este verano, la cadena de supermercados Mercadona ha anunciado una expansi\u00f3n en sus &#8230; <a title=\"\u00a1Atenci\u00f3n! Mercadona extiende horarios de verano y abre domingos\" class=\"read-more\" href=\"https:\/\/www.diario21.tv\/noticias\/atencion-mercadona-extiende-horarios-de-verano-y-abre-domingos\/\" aria-label=\"Leer m\u00e1s sobre \u00a1Atenci\u00f3n! Mercadona extiende horarios de verano y abre domingos\">Seguir leyendo &rarr;<\/a><\/p>\n","protected":false},"author":20,"featured_media":3506,"comment_status":"open","ping_status":"open","sticky":false,"template":"","format":"standard","meta":{"footnotes":""},"categories":[13],"tags":[],"class_list":["post-3505","post","type-post","status-publish","format-standard","has-post-thumbnail","hentry","category-portada"],"yoast_head":"<!-- This site is optimized with the Yoast SEO plugin v25.6 - https:\/\/yoast.com\/wordpress\/plugins\/seo\/ -->\n<title>\u00a1Atenci\u00f3n! Mercadona extiende horarios de verano y abre domingos - Diario 21<\/title>\n<meta name=\"robots\" content=\"index, follow, max-snippet:-1, max-image-preview:large, max-video-preview:-1\" \/>\n<link rel=\"canonical\" href=\"https:\/\/www.diario21.tv\/noticias\/atencion-mercadona-extiende-horarios-de-verano-y-abre-domingos\/\" \/>\n<meta property=\"og:locale\" content=\"es_ES\" \/>\n<meta property=\"og:type\" content=\"article\" \/>\n<meta property=\"og:title\" content=\"\u00a1Atenci\u00f3n! Mercadona extiende horarios de verano y abre domingos - Diario 21\" \/>\n<meta property=\"og:description\" content=\"Mercadona Extiende su Horario de Apertura Durante el Verano y A\u00f1ade Aperturas Dominicales Este verano, la cadena de supermercados Mercadona ha anunciado una expansi\u00f3n en sus ... Seguir leyendo &rarr;\" \/>\n<meta property=\"og:url\" content=\"https:\/\/www.diario21.tv\/noticias\/atencion-mercadona-extiende-horarios-de-verano-y-abre-domingos\/\" \/>\n<meta property=\"og:site_name\" content=\"Diario 21\" \/>\n<meta property=\"article:published_time\" content=\"2025-06-17T06:19:00+00:00\" \/>\n<meta property=\"article:modified_time\" content=\"2025-06-17T06:19:01+00:00\" \/>\n<meta property=\"og:image\" content=\"https:\/\/www.diario21.tv\/noticias\/wp-content\/uploads\/2025\/06\/\u00a1Atencion-Mercadona-extiende-horarios-de-verano-y-abre-domingos.jpg\" \/>\n\t<meta property=\"og:image:width\" content=\"1200\" \/>\n\t<meta property=\"og:image:height\" content=\"840\" \/>\n\t<meta property=\"og:image:type\" content=\"image\/jpeg\" \/>\n<meta name=\"author\" content=\"Juan P\u00e9rez\" \/>\n<meta name=\"twitter:card\" content=\"summary_large_image\" \/>\n<meta name=\"twitter:label1\" content=\"Escrito por\" \/>\n\t<meta name=\"twitter:data1\" content=\"Juan P\u00e9rez\" \/>\n\t<meta name=\"twitter:label2\" content=\"Tiempo de lectura\" \/>\n\t<meta name=\"twitter:data2\" content=\"3 minutos\" \/>\n<script type=\"application\/ld+json\" class=\"yoast-schema-graph\">{\"@context\":\"https:\/\/schema.org\",\"@graph\":[{\"@type\":\"WebPage\",\"@id\":\"https:\/\/www.diario21.tv\/noticias\/atencion-mercadona-extiende-horarios-de-verano-y-abre-domingos\/\",\"url\":\"https:\/\/www.diario21.tv\/noticias\/atencion-mercadona-extiende-horarios-de-verano-y-abre-domingos\/\",\"name\":\"\u00a1Atenci\u00f3n! Mercadona extiende horarios de verano y abre domingos - Diario 21\",\"isPartOf\":{\"@id\":\"https:\/\/www.diario21.tv\/noticias\/#website\"},\"primaryImageOfPage\":{\"@id\":\"https:\/\/www.diario21.tv\/noticias\/atencion-mercadona-extiende-horarios-de-verano-y-abre-domingos\/#primaryimage\"},\"image\":{\"@id\":\"https:\/\/www.diario21.tv\/noticias\/atencion-mercadona-extiende-horarios-de-verano-y-abre-domingos\/#primaryimage\"},\"thumbnailUrl\":\"https:\/\/www.diario21.tv\/noticias\/wp-content\/uploads\/2025\/06\/\u00a1Atencion-Mercadona-extiende-horarios-de-verano-y-abre-domingos.jpg\",\"datePublished\":\"2025-06-17T06:19:00+00:00\",\"dateModified\":\"2025-06-17T06:19:01+00:00\",\"author\":{\"@id\":\"https:\/\/www.diario21.tv\/noticias\/#\/schema\/person\/dfb778f73814d8f09f302618446a526b\"},\"breadcrumb\":{\"@id\":\"https:\/\/www.diario21.tv\/noticias\/atencion-mercadona-extiende-horarios-de-verano-y-abre-domingos\/#breadcrumb\"},\"inLanguage\":\"es-AR\",\"potentialAction\":[{\"@type\":\"ReadAction\",\"target\":[\"https:\/\/www.diario21.tv\/noticias\/atencion-mercadona-extiende-horarios-de-verano-y-abre-domingos\/\"]}]},{\"@type\":\"ImageObject\",\"inLanguage\":\"es-AR\",\"@id\":\"https:\/\/www.diario21.tv\/noticias\/atencion-mercadona-extiende-horarios-de-verano-y-abre-domingos\/#primaryimage\",\"url\":\"https:\/\/www.diario21.tv\/noticias\/wp-content\/uploads\/2025\/06\/\u00a1Atencion-Mercadona-extiende-horarios-de-verano-y-abre-domingos.jpg\",\"contentUrl\":\"https:\/\/www.diario21.tv\/noticias\/wp-content\/uploads\/2025\/06\/\u00a1Atencion-Mercadona-extiende-horarios-de-verano-y-abre-domingos.jpg\",\"width\":1200,\"height\":840,\"caption\":\"Mercadona ampl\u00eda su horario este verano y abrir\u00e1 algunos domingos\"},{\"@type\":\"BreadcrumbList\",\"@id\":\"https:\/\/www.diario21.tv\/noticias\/atencion-mercadona-extiende-horarios-de-verano-y-abre-domingos\/#breadcrumb\",\"itemListElement\":[{\"@type\":\"ListItem\",\"position\":1,\"name\":\"Accueil\",\"item\":\"https:\/\/www.diario21.tv\/noticias\/\"},{\"@type\":\"ListItem\",\"position\":2,\"name\":\"\u00a1Atenci\u00f3n! Mercadona extiende horarios de verano y abre domingos\"}]},{\"@type\":\"WebSite\",\"@id\":\"https:\/\/www.diario21.tv\/noticias\/#website\",\"url\":\"https:\/\/www.diario21.tv\/noticias\/\",\"name\":\"Diario 21\",\"description\":\"\",\"potentialAction\":[{\"@type\":\"SearchAction\",\"target\":{\"@type\":\"EntryPoint\",\"urlTemplate\":\"https:\/\/www.diario21.tv\/noticias\/?s={search_term_string}\"},\"query-input\":{\"@type\":\"PropertyValueSpecification\",\"valueRequired\":true,\"valueName\":\"search_term_string\"}}],\"inLanguage\":\"es-AR\"},{\"@type\":\"Person\",\"@id\":\"https:\/\/www.diario21.tv\/noticias\/#\/schema\/person\/dfb778f73814d8f09f302618446a526b\",\"name\":\"Juan P\u00e9rez\",\"image\":{\"@type\":\"ImageObject\",\"inLanguage\":\"es-AR\",\"@id\":\"https:\/\/www.diario21.tv\/noticias\/#\/schema\/person\/image\/\",\"url\":\"https:\/\/secure.gravatar.com\/avatar\/c478a405bd10621167f4c3167cc770f5?s=96&d=mm&r=g\",\"contentUrl\":\"https:\/\/secure.gravatar.com\/avatar\/c478a405bd10621167f4c3167cc770f5?s=96&d=mm&r=g\",\"caption\":\"Juan P\u00e9rez\"},\"description\":\"Juan P\u00e9rez es el redactor en jefe de Diario 21. Con m\u00e1s de 10 a\u00f1os de experiencia en el periodismo, se especializa en pol\u00edtica nacional y an\u00e1lisis socioecon\u00f3mico. Su enfoque cr\u00edtico y riguroso aporta una perspectiva \u00fanica a cada art\u00edculo.\",\"sameAs\":[\"https:\/\/www.diario21.tv\/noticias\/\"],\"url\":\"https:\/\/www.diario21.tv\/noticias\/author\/juan-perez\/\"}]}<\/script>\n<!-- \/ Yoast SEO plugin. -->","yoast_head_json":{"title":"\u00a1Atenci\u00f3n! Mercadona extiende horarios de verano y abre domingos - Diario 21","robots":{"index":"index","follow":"follow","max-snippet":"max-snippet:-1","max-image-preview":"max-image-preview:large","max-video-preview":"max-video-preview:-1"},"canonical":"https:\/\/www.diario21.tv\/noticias\/atencion-mercadona-extiende-horarios-de-verano-y-abre-domingos\/","og_locale":"es_ES","og_type":"article","og_title":"\u00a1Atenci\u00f3n! Mercadona extiende horarios de verano y abre domingos - Diario 21","og_description":"Mercadona Extiende su Horario de Apertura Durante el Verano y A\u00f1ade Aperturas Dominicales Este verano, la cadena de supermercados Mercadona ha anunciado una expansi\u00f3n en sus ... Seguir leyendo &rarr;","og_url":"https:\/\/www.diario21.tv\/noticias\/atencion-mercadona-extiende-horarios-de-verano-y-abre-domingos\/","og_site_name":"Diario 21","article_published_time":"2025-06-17T06:19:00+00:00","article_modified_time":"2025-06-17T06:19:01+00:00","og_image":[{"width":1200,"height":840,"url":"https:\/\/www.diario21.tv\/noticias\/wp-content\/uploads\/2025\/06\/\u00a1Atencion-Mercadona-extiende-horarios-de-verano-y-abre-domingos.jpg","type":"image\/jpeg"}],"author":"Juan P\u00e9rez","twitter_card":"summary_large_image","twitter_misc":{"Escrito por":"Juan P\u00e9rez","Tiempo de lectura":"3 minutos"},"schema":{"@context":"https:\/\/schema.org","@graph":[{"@type":"WebPage","@id":"https:\/\/www.diario21.tv\/noticias\/atencion-mercadona-extiende-horarios-de-verano-y-abre-domingos\/","url":"https:\/\/www.diario21.tv\/noticias\/atencion-mercadona-extiende-horarios-de-verano-y-abre-domingos\/","name":"\u00a1Atenci\u00f3n! Mercadona extiende horarios de verano y abre domingos - Diario 21","isPartOf":{"@id":"https:\/\/www.diario21.tv\/noticias\/#website"},"primaryImageOfPage":{"@id":"https:\/\/www.diario21.tv\/noticias\/atencion-mercadona-extiende-horarios-de-verano-y-abre-domingos\/#primaryimage"},"image":{"@id":"https:\/\/www.diario21.tv\/noticias\/atencion-mercadona-extiende-horarios-de-verano-y-abre-domingos\/#primaryimage"},"thumbnailUrl":"https:\/\/www.diario21.tv\/noticias\/wp-content\/uploads\/2025\/06\/\u00a1Atencion-Mercadona-extiende-horarios-de-verano-y-abre-domingos.jpg","datePublished":"2025-06-17T06:19:00+00:00","dateModified":"2025-06-17T06:19:01+00:00","author":{"@id":"https:\/\/www.diario21.tv\/noticias\/#\/schema\/person\/dfb778f73814d8f09f302618446a526b"},"breadcrumb":{"@id":"https:\/\/www.diario21.tv\/noticias\/atencion-mercadona-extiende-horarios-de-verano-y-abre-domingos\/#breadcrumb"},"inLanguage":"es-AR","potentialAction":[{"@type":"ReadAction","target":["https:\/\/www.diario21.tv\/noticias\/atencion-mercadona-extiende-horarios-de-verano-y-abre-domingos\/"]}]},{"@type":"ImageObject","inLanguage":"es-AR","@id":"https:\/\/www.diario21.tv\/noticias\/atencion-mercadona-extiende-horarios-de-verano-y-abre-domingos\/#primaryimage","url":"https:\/\/www.diario21.tv\/noticias\/wp-content\/uploads\/2025\/06\/\u00a1Atencion-Mercadona-extiende-horarios-de-verano-y-abre-domingos.jpg","contentUrl":"https:\/\/www.diario21.tv\/noticias\/wp-content\/uploads\/2025\/06\/\u00a1Atencion-Mercadona-extiende-horarios-de-verano-y-abre-domingos.jpg","width":1200,"height":840,"caption":"Mercadona ampl\u00eda su horario este verano y abrir\u00e1 algunos domingos"},{"@type":"BreadcrumbList","@id":"https:\/\/www.diario21.tv\/noticias\/atencion-mercadona-extiende-horarios-de-verano-y-abre-domingos\/#breadcrumb","itemListElement":[{"@type":"ListItem","position":1,"name":"Accueil","item":"https:\/\/www.diario21.tv\/noticias\/"},{"@type":"ListItem","position":2,"name":"\u00a1Atenci\u00f3n! Mercadona extiende horarios de verano y abre domingos"}]},{"@type":"WebSite","@id":"https:\/\/www.diario21.tv\/noticias\/#website","url":"https:\/\/www.diario21.tv\/noticias\/","name":"Diario 21","description":"","potentialAction":[{"@type":"SearchAction","target":{"@type":"EntryPoint","urlTemplate":"https:\/\/www.diario21.tv\/noticias\/?s={search_term_string}"},"query-input":{"@type":"PropertyValueSpecification","valueRequired":true,"valueName":"search_term_string"}}],"inLanguage":"es-AR"},{"@type":"Person","@id":"https:\/\/www.diario21.tv\/noticias\/#\/schema\/person\/dfb778f73814d8f09f302618446a526b","name":"Juan P\u00e9rez","image":{"@type":"ImageObject","inLanguage":"es-AR","@id":"https:\/\/www.diario21.tv\/noticias\/#\/schema\/person\/image\/","url":"https:\/\/secure.gravatar.com\/avatar\/c478a405bd10621167f4c3167cc770f5?s=96&d=mm&r=g","contentUrl":"https:\/\/secure.gravatar.com\/avatar\/c478a405bd10621167f4c3167cc770f5?s=96&d=mm&r=g","caption":"Juan P\u00e9rez"},"description":"Juan P\u00e9rez es el redactor en jefe de Diario 21. Con m\u00e1s de 10 a\u00f1os de experiencia en el periodismo, se especializa en pol\u00edtica nacional y an\u00e1lisis socioecon\u00f3mico. Su enfoque cr\u00edtico y riguroso aporta una perspectiva \u00fanica a cada art\u00edculo.","sameAs":["https:\/\/www.diario21.tv\/noticias\/"],"url":"https:\/\/www.diario21.tv\/noticias\/author\/juan-perez\/"}]}},"_links":{"self":[{"href":"https:\/\/www.diario21.tv\/noticias\/wp-json\/wp\/v2\/posts\/3505"}],"collection":[{"href":"https:\/\/www.diario21.tv\/noticias\/wp-json\/wp\/v2\/posts"}],"about":[{"href":"https:\/\/www.diario21.tv\/noticias\/wp-json\/wp\/v2\/types\/post"}],"author":[{"embeddable":true,"href":"https:\/\/www.diario21.tv\/noticias\/wp-json\/wp\/v2\/users\/20"}],"replies":[{"embeddable":true,"href":"https:\/\/www.diario21.tv\/noticias\/wp-json\/wp\/v2\/comments?post=3505"}],"version-history":[{"count":1,"href":"https:\/\/www.diario21.tv\/noticias\/wp-json\/wp\/v2\/posts\/3505\/revisions"}],"predecessor-version":[{"id":3507,"href":"https:\/\/www.diario21.tv\/noticias\/wp-json\/wp\/v2\/posts\/3505\/revisions\/3507"}],"wp:featuredmedia":[{"embeddable":true,"href":"https:\/\/www.diario21.tv\/noticias\/wp-json\/wp\/v2\/media\/3506"}],"wp:attachment":[{"href":"https:\/\/www.diario21.tv\/noticias\/wp-json\/wp\/v2\/media?parent=3505"}],"wp:term":[{"taxonomy":"category","embeddable":true,"href":"https:\/\/www.diario21.tv\/noticias\/wp-json\/wp\/v2\/categories?post=3505"},{"taxonomy":"post_tag","embeddable":true,"href":"https:\/\/www.diario21.tv\/noticias\/wp-json\/wp\/v2\/tags?post=3505"}],"curies":[{"name":"wp","href":"https:\/\/api.w.org\/{rel}","templated":true}]}}