{"id":348,"date":"2024-09-10T04:00:37","date_gmt":"2024-09-10T04:00:37","guid":{"rendered":"https:\/\/www.diario21.tv\/noticias\/increible-roma-limitara-accesos-a-la-famosa-fontana-de-trevi-por-exceso-de-turistas\/"},"modified":"2024-09-10T04:00:42","modified_gmt":"2024-09-10T04:00:42","slug":"increible-roma-limitara-accesos-a-la-famosa-fontana-de-trevi-por-exceso-de-turistas","status":"publish","type":"post","link":"https:\/\/www.diario21.tv\/noticias\/increible-roma-limitara-accesos-a-la-famosa-fontana-de-trevi-por-exceso-de-turistas\/","title":{"rendered":"\u00a1Incre\u00edble! Roma Limitar\u00e1 Accesos a la Famosa Fontana de Trevi por Exceso de Turistas!"},"content":{"rendered":"<h2>Roma implementar\u00e1 control de acceso a la Fontana de Trevi para prevenir el sobrecupo de turistas<\/h2>\n<p>En un esfuerzo por mantener el equilibrio entre la preservaci\u00f3n del patrimonio y el turismo, Roma ha decidido tomar medidas para controlar el acceso a la mundialmente famosa Fontana de Trevi. Este esfuerzo tiene como objetivo prevenir la congesti\u00f3n tur\u00edstica que ha estado afectando este hist\u00f3rico lugar.<\/p>\n<p>La Fontana de Trevi, una de las obras maestras del barroco italiano, se ha convertido en un punto de inter\u00e9s tur\u00edstico muy popular. Atrae a millones de visitantes cada a\u00f1o que vienen a admirar su belleza, lanzar una moneda y hacer un deseo. Sin embargo, esta popularidad ha resultado en una gran cantidad de personas que a menudo se aglomeran en el lugar, lo que ha llevado a la ciudad a considerar la implementaci\u00f3n de medidas de control de acceso.<\/p>\n<p>Estas medidas, que a\u00fan est\u00e1n siendo discutidas, podr\u00edan incluir la instalaci\u00f3n de barreras para regular la entrada y salida de visitantes, as\u00ed como la posibilidad de establecer un n\u00famero m\u00e1ximo de personas que pueden estar en el lugar al mismo tiempo. Esta decisi\u00f3n se toma con el objetivo de garantizar la seguridad de los visitantes y preservar la integridad del monumento.<\/p>\n<p>La decisi\u00f3n de regular los accesos a la Fontana de Trevi ha sido recibida con opiniones mixtas. Algunos aplauden la iniciativa, argumentando que es necesario para proteger el patrimonio cultural y garantizar que futuras generaciones tambi\u00e9n puedan disfrutar de la Fontana. Sin embargo, otros expresan su preocupaci\u00f3n de que estas medidas puedan limitar la accesibilidad y afectar la experiencia tur\u00edstica.<\/p>\n<p>A pesar de las preocupaciones, la ciudad de Roma est\u00e1 decidida a seguir adelante con estas medidas. Se espera que, una vez implementadas, estas regulaciones ayuden a aliviar la congesti\u00f3n en la Fontana de Trevi y garanticen que el lugar pueda seguir siendo un punto de inter\u00e9s tur\u00edstico sostenible para los visitantes en el futuro.<\/p>\n<p>En resumen, la ciudad de Roma est\u00e1 tomando medidas para regular el acceso a la Fontana de Trevi a fin de prevenir la sobrepoblaci\u00f3n tur\u00edstica. Aunque esta decisi\u00f3n ha generado algunas preocupaciones, el objetivo final es garantizar la preservaci\u00f3n del monumento y garantizar una experiencia segura y agradable para todos los visitantes.<\/p>\n\n\n<div class=\"kk-star-ratings kksr-auto kksr-align-left kksr-valign-bottom\"\n    data-payload='{&quot;align&quot;:&quot;left&quot;,&quot;id&quot;:&quot;348&quot;,&quot;slug&quot;:&quot;default&quot;,&quot;valign&quot;:&quot;bottom&quot;,&quot;ignore&quot;:&quot;&quot;,&quot;reference&quot;:&quot;auto&quot;,&quot;class&quot;:&quot;&quot;,&quot;count&quot;:&quot;0&quot;,&quot;legendonly&quot;:&quot;&quot;,&quot;readonly&quot;:&quot;&quot;,&quot;score&quot;:&quot;0&quot;,&quot;starsonly&quot;:&quot;&quot;,&quot;best&quot;:&quot;5&quot;,&quot;gap&quot;:&quot;5&quot;,&quot;greet&quot;:&quot;Valora este post&quot;,&quot;legend&quot;:&quot;0\\\/5 - (0 votes)&quot;,&quot;size&quot;:&quot;22&quot;,&quot;title&quot;:&quot;\u00a1Incre\u00edble! Roma Limitar\u00e1 Accesos a la Famosa Fontana de Trevi por Exceso de Turistas!&quot;,&quot;width&quot;:&quot;0&quot;,&quot;_legend&quot;:&quot;{score}\\\/{best} - ({count} {votes})&quot;,&quot;font_factor&quot;:&quot;1.25&quot;}'>\n            \n<div class=\"kksr-stars\">\n    \n<div class=\"kksr-stars-inactive\">\n            <div class=\"kksr-star\" data-star=\"1\" style=\"padding-right: 5px\">\n            \n\n<div class=\"kksr-icon\" style=\"width: 22px; height: 22px;\"><\/div>\n        <\/div>\n            <div class=\"kksr-star\" data-star=\"2\" style=\"padding-right: 5px\">\n            \n\n<div class=\"kksr-icon\" style=\"width: 22px; height: 22px;\"><\/div>\n        <\/div>\n            <div class=\"kksr-star\" data-star=\"3\" style=\"padding-right: 5px\">\n            \n\n<div class=\"kksr-icon\" style=\"width: 22px; height: 22px;\"><\/div>\n        <\/div>\n            <div class=\"kksr-star\" data-star=\"4\" style=\"padding-right: 5px\">\n            \n\n<div class=\"kksr-icon\" style=\"width: 22px; height: 22px;\"><\/div>\n        <\/div>\n            <div class=\"kksr-star\" data-star=\"5\" style=\"padding-right: 5px\">\n            \n\n<div class=\"kksr-icon\" style=\"width: 22px; height: 22px;\"><\/div>\n        <\/div>\n    <\/div>\n    \n<div class=\"kksr-stars-active\" style=\"width: 0px;\">\n            <div class=\"kksr-star\" style=\"padding-right: 5px\">\n            \n\n<div class=\"kksr-icon\" style=\"width: 22px; height: 22px;\"><\/div>\n        <\/div>\n            <div class=\"kksr-star\" style=\"padding-right: 5px\">\n            \n\n<div class=\"kksr-icon\" style=\"width: 22px; height: 22px;\"><\/div>\n        <\/div>\n            <div class=\"kksr-star\" style=\"padding-right: 5px\">\n            \n\n<div class=\"kksr-icon\" style=\"width: 22px; height: 22px;\"><\/div>\n        <\/div>\n            <div class=\"kksr-star\" style=\"padding-right: 5px\">\n            \n\n<div class=\"kksr-icon\" style=\"width: 22px; height: 22px;\"><\/div>\n        <\/div>\n            <div class=\"kksr-star\" style=\"padding-right: 5px\">\n            \n\n<div class=\"kksr-icon\" style=\"width: 22px; height: 22px;\"><\/div>\n        <\/div>\n    <\/div>\n<\/div>\n                \n\n<div class=\"kksr-legend\" style=\"font-size: 17.6px;\">\n            <span class=\"kksr-muted\">Valora este post<\/span>\n    <\/div>\n    <\/div>\n","protected":false},"excerpt":{"rendered":"<p>Roma implementar\u00e1 control de acceso a la Fontana de Trevi para prevenir el sobrecupo de turistas En un esfuerzo por mantener el equilibrio entre la preservaci\u00f3n &#8230; <a title=\"\u00a1Incre\u00edble! Roma Limitar\u00e1 Accesos a la Famosa Fontana de Trevi por Exceso de Turistas!\" class=\"read-more\" href=\"https:\/\/www.diario21.tv\/noticias\/increible-roma-limitara-accesos-a-la-famosa-fontana-de-trevi-por-exceso-de-turistas\/\" aria-label=\"Leer m\u00e1s sobre \u00a1Incre\u00edble! Roma Limitar\u00e1 Accesos a la Famosa Fontana de Trevi por Exceso de Turistas!\">Seguir leyendo &rarr;<\/a><\/p>\n","protected":false},"author":16,"featured_media":349,"comment_status":"open","ping_status":"open","sticky":false,"template":"","format":"standard","meta":{"footnotes":""},"categories":[12],"tags":[],"class_list":["post-348","post","type-post","status-publish","format-standard","has-post-thumbnail","hentry","category-tendencia"],"yoast_head":"<!-- This site is optimized with the Yoast SEO plugin v25.6 - https:\/\/yoast.com\/wordpress\/plugins\/seo\/ -->\n<title>\u00a1Incre\u00edble! Roma Limitar\u00e1 Accesos a la Famosa Fontana de Trevi por Exceso de Turistas! - Diario 21<\/title>\n<meta name=\"robots\" content=\"index, follow, max-snippet:-1, max-image-preview:large, max-video-preview:-1\" \/>\n<link rel=\"canonical\" href=\"https:\/\/www.diario21.tv\/noticias\/increible-roma-limitara-accesos-a-la-famosa-fontana-de-trevi-por-exceso-de-turistas\/\" \/>\n<meta property=\"og:locale\" content=\"es_ES\" \/>\n<meta property=\"og:type\" content=\"article\" \/>\n<meta property=\"og:title\" content=\"\u00a1Incre\u00edble! Roma Limitar\u00e1 Accesos a la Famosa Fontana de Trevi por Exceso de Turistas! - Diario 21\" \/>\n<meta property=\"og:description\" content=\"Roma implementar\u00e1 control de acceso a la Fontana de Trevi para prevenir el sobrecupo de turistas En un esfuerzo por mantener el equilibrio entre la preservaci\u00f3n ... Seguir leyendo &rarr;\" \/>\n<meta property=\"og:url\" content=\"https:\/\/www.diario21.tv\/noticias\/increible-roma-limitara-accesos-a-la-famosa-fontana-de-trevi-por-exceso-de-turistas\/\" \/>\n<meta property=\"og:site_name\" content=\"Diario 21\" \/>\n<meta property=\"article:published_time\" content=\"2024-09-10T04:00:37+00:00\" \/>\n<meta property=\"article:modified_time\" content=\"2024-09-10T04:00:42+00:00\" \/>\n<meta property=\"og:image\" content=\"https:\/\/www.diario21.tv\/noticias\/wp-content\/uploads\/2024\/09\/\u00a1Increible-Roma-Limitara-Accesos-a-la-Famosa-Fontana-de-Trevi.jpg\" \/>\n\t<meta property=\"og:image:width\" content=\"1920\" \/>\n\t<meta property=\"og:image:height\" content=\"1080\" \/>\n\t<meta property=\"og:image:type\" content=\"image\/jpeg\" \/>\n<meta name=\"author\" content=\"Diario 21\" \/>\n<meta name=\"twitter:card\" content=\"summary_large_image\" \/>\n<meta name=\"twitter:label1\" content=\"Escrito por\" \/>\n\t<meta name=\"twitter:data1\" content=\"Diario 21\" \/>\n\t<meta name=\"twitter:label2\" content=\"Tiempo de lectura\" \/>\n\t<meta name=\"twitter:data2\" content=\"2 minutos\" \/>\n<script type=\"application\/ld+json\" class=\"yoast-schema-graph\">{\"@context\":\"https:\/\/schema.org\",\"@graph\":[{\"@type\":\"WebPage\",\"@id\":\"https:\/\/www.diario21.tv\/noticias\/increible-roma-limitara-accesos-a-la-famosa-fontana-de-trevi-por-exceso-de-turistas\/\",\"url\":\"https:\/\/www.diario21.tv\/noticias\/increible-roma-limitara-accesos-a-la-famosa-fontana-de-trevi-por-exceso-de-turistas\/\",\"name\":\"\u00a1Incre\u00edble! Roma Limitar\u00e1 Accesos a la Famosa Fontana de Trevi por Exceso de Turistas! - Diario 21\",\"isPartOf\":{\"@id\":\"https:\/\/www.diario21.tv\/noticias\/#website\"},\"primaryImageOfPage\":{\"@id\":\"https:\/\/www.diario21.tv\/noticias\/increible-roma-limitara-accesos-a-la-famosa-fontana-de-trevi-por-exceso-de-turistas\/#primaryimage\"},\"image\":{\"@id\":\"https:\/\/www.diario21.tv\/noticias\/increible-roma-limitara-accesos-a-la-famosa-fontana-de-trevi-por-exceso-de-turistas\/#primaryimage\"},\"thumbnailUrl\":\"https:\/\/www.diario21.tv\/noticias\/wp-content\/uploads\/2024\/09\/\u00a1Increible-Roma-Limitara-Accesos-a-la-Famosa-Fontana-de-Trevi.jpg\",\"datePublished\":\"2024-09-10T04:00:37+00:00\",\"dateModified\":\"2024-09-10T04:00:42+00:00\",\"author\":{\"@id\":\"https:\/\/www.diario21.tv\/noticias\/#\/schema\/person\/7de9d6205bd3da5b7f01f5cffb18d715\"},\"breadcrumb\":{\"@id\":\"https:\/\/www.diario21.tv\/noticias\/increible-roma-limitara-accesos-a-la-famosa-fontana-de-trevi-por-exceso-de-turistas\/#breadcrumb\"},\"inLanguage\":\"es-AR\",\"potentialAction\":[{\"@type\":\"ReadAction\",\"target\":[\"https:\/\/www.diario21.tv\/noticias\/increible-roma-limitara-accesos-a-la-famosa-fontana-de-trevi-por-exceso-de-turistas\/\"]}]},{\"@type\":\"ImageObject\",\"inLanguage\":\"es-AR\",\"@id\":\"https:\/\/www.diario21.tv\/noticias\/increible-roma-limitara-accesos-a-la-famosa-fontana-de-trevi-por-exceso-de-turistas\/#primaryimage\",\"url\":\"https:\/\/www.diario21.tv\/noticias\/wp-content\/uploads\/2024\/09\/\u00a1Increible-Roma-Limitara-Accesos-a-la-Famosa-Fontana-de-Trevi.jpg\",\"contentUrl\":\"https:\/\/www.diario21.tv\/noticias\/wp-content\/uploads\/2024\/09\/\u00a1Increible-Roma-Limitara-Accesos-a-la-Famosa-Fontana-de-Trevi.jpg\",\"width\":1920,\"height\":1080,\"caption\":\"Roma regular\u00e1 los accesos a la Fontana de Trevi para evitar la masificaci\u00f3n tur\u00edstica\"},{\"@type\":\"BreadcrumbList\",\"@id\":\"https:\/\/www.diario21.tv\/noticias\/increible-roma-limitara-accesos-a-la-famosa-fontana-de-trevi-por-exceso-de-turistas\/#breadcrumb\",\"itemListElement\":[{\"@type\":\"ListItem\",\"position\":1,\"name\":\"Accueil\",\"item\":\"https:\/\/www.diario21.tv\/noticias\/\"},{\"@type\":\"ListItem\",\"position\":2,\"name\":\"\u00a1Incre\u00edble! Roma Limitar\u00e1 Accesos a la Famosa Fontana de Trevi por Exceso de Turistas!\"}]},{\"@type\":\"WebSite\",\"@id\":\"https:\/\/www.diario21.tv\/noticias\/#website\",\"url\":\"https:\/\/www.diario21.tv\/noticias\/\",\"name\":\"Diario 21\",\"description\":\"\",\"potentialAction\":[{\"@type\":\"SearchAction\",\"target\":{\"@type\":\"EntryPoint\",\"urlTemplate\":\"https:\/\/www.diario21.tv\/noticias\/?s={search_term_string}\"},\"query-input\":{\"@type\":\"PropertyValueSpecification\",\"valueRequired\":true,\"valueName\":\"search_term_string\"}}],\"inLanguage\":\"es-AR\"},{\"@type\":\"Person\",\"@id\":\"https:\/\/www.diario21.tv\/noticias\/#\/schema\/person\/7de9d6205bd3da5b7f01f5cffb18d715\",\"name\":\"Diario 21\",\"image\":{\"@type\":\"ImageObject\",\"inLanguage\":\"es-AR\",\"@id\":\"https:\/\/www.diario21.tv\/noticias\/#\/schema\/person\/image\/\",\"url\":\"https:\/\/secure.gravatar.com\/avatar\/d1d5e764b940c8e5990284cabcd5dea9?s=96&d=mm&r=g\",\"contentUrl\":\"https:\/\/secure.gravatar.com\/avatar\/d1d5e764b940c8e5990284cabcd5dea9?s=96&d=mm&r=g\",\"caption\":\"Diario 21\"},\"url\":\"https:\/\/www.diario21.tv\/noticias\/author\/diario-21\/\"}]}<\/script>\n<!-- \/ Yoast SEO plugin. -->","yoast_head_json":{"title":"\u00a1Incre\u00edble! Roma Limitar\u00e1 Accesos a la Famosa Fontana de Trevi por Exceso de Turistas! - Diario 21","robots":{"index":"index","follow":"follow","max-snippet":"max-snippet:-1","max-image-preview":"max-image-preview:large","max-video-preview":"max-video-preview:-1"},"canonical":"https:\/\/www.diario21.tv\/noticias\/increible-roma-limitara-accesos-a-la-famosa-fontana-de-trevi-por-exceso-de-turistas\/","og_locale":"es_ES","og_type":"article","og_title":"\u00a1Incre\u00edble! Roma Limitar\u00e1 Accesos a la Famosa Fontana de Trevi por Exceso de Turistas! - Diario 21","og_description":"Roma implementar\u00e1 control de acceso a la Fontana de Trevi para prevenir el sobrecupo de turistas En un esfuerzo por mantener el equilibrio entre la preservaci\u00f3n ... Seguir leyendo &rarr;","og_url":"https:\/\/www.diario21.tv\/noticias\/increible-roma-limitara-accesos-a-la-famosa-fontana-de-trevi-por-exceso-de-turistas\/","og_site_name":"Diario 21","article_published_time":"2024-09-10T04:00:37+00:00","article_modified_time":"2024-09-10T04:00:42+00:00","og_image":[{"width":1920,"height":1080,"url":"https:\/\/www.diario21.tv\/noticias\/wp-content\/uploads\/2024\/09\/\u00a1Increible-Roma-Limitara-Accesos-a-la-Famosa-Fontana-de-Trevi.jpg","type":"image\/jpeg"}],"author":"Diario 21","twitter_card":"summary_large_image","twitter_misc":{"Escrito por":"Diario 21","Tiempo de lectura":"2 minutos"},"schema":{"@context":"https:\/\/schema.org","@graph":[{"@type":"WebPage","@id":"https:\/\/www.diario21.tv\/noticias\/increible-roma-limitara-accesos-a-la-famosa-fontana-de-trevi-por-exceso-de-turistas\/","url":"https:\/\/www.diario21.tv\/noticias\/increible-roma-limitara-accesos-a-la-famosa-fontana-de-trevi-por-exceso-de-turistas\/","name":"\u00a1Incre\u00edble! Roma Limitar\u00e1 Accesos a la Famosa Fontana de Trevi por Exceso de Turistas! - Diario 21","isPartOf":{"@id":"https:\/\/www.diario21.tv\/noticias\/#website"},"primaryImageOfPage":{"@id":"https:\/\/www.diario21.tv\/noticias\/increible-roma-limitara-accesos-a-la-famosa-fontana-de-trevi-por-exceso-de-turistas\/#primaryimage"},"image":{"@id":"https:\/\/www.diario21.tv\/noticias\/increible-roma-limitara-accesos-a-la-famosa-fontana-de-trevi-por-exceso-de-turistas\/#primaryimage"},"thumbnailUrl":"https:\/\/www.diario21.tv\/noticias\/wp-content\/uploads\/2024\/09\/\u00a1Increible-Roma-Limitara-Accesos-a-la-Famosa-Fontana-de-Trevi.jpg","datePublished":"2024-09-10T04:00:37+00:00","dateModified":"2024-09-10T04:00:42+00:00","author":{"@id":"https:\/\/www.diario21.tv\/noticias\/#\/schema\/person\/7de9d6205bd3da5b7f01f5cffb18d715"},"breadcrumb":{"@id":"https:\/\/www.diario21.tv\/noticias\/increible-roma-limitara-accesos-a-la-famosa-fontana-de-trevi-por-exceso-de-turistas\/#breadcrumb"},"inLanguage":"es-AR","potentialAction":[{"@type":"ReadAction","target":["https:\/\/www.diario21.tv\/noticias\/increible-roma-limitara-accesos-a-la-famosa-fontana-de-trevi-por-exceso-de-turistas\/"]}]},{"@type":"ImageObject","inLanguage":"es-AR","@id":"https:\/\/www.diario21.tv\/noticias\/increible-roma-limitara-accesos-a-la-famosa-fontana-de-trevi-por-exceso-de-turistas\/#primaryimage","url":"https:\/\/www.diario21.tv\/noticias\/wp-content\/uploads\/2024\/09\/\u00a1Increible-Roma-Limitara-Accesos-a-la-Famosa-Fontana-de-Trevi.jpg","contentUrl":"https:\/\/www.diario21.tv\/noticias\/wp-content\/uploads\/2024\/09\/\u00a1Increible-Roma-Limitara-Accesos-a-la-Famosa-Fontana-de-Trevi.jpg","width":1920,"height":1080,"caption":"Roma regular\u00e1 los accesos a la Fontana de Trevi para evitar la masificaci\u00f3n tur\u00edstica"},{"@type":"BreadcrumbList","@id":"https:\/\/www.diario21.tv\/noticias\/increible-roma-limitara-accesos-a-la-famosa-fontana-de-trevi-por-exceso-de-turistas\/#breadcrumb","itemListElement":[{"@type":"ListItem","position":1,"name":"Accueil","item":"https:\/\/www.diario21.tv\/noticias\/"},{"@type":"ListItem","position":2,"name":"\u00a1Incre\u00edble! Roma Limitar\u00e1 Accesos a la Famosa Fontana de Trevi por Exceso de Turistas!"}]},{"@type":"WebSite","@id":"https:\/\/www.diario21.tv\/noticias\/#website","url":"https:\/\/www.diario21.tv\/noticias\/","name":"Diario 21","description":"","potentialAction":[{"@type":"SearchAction","target":{"@type":"EntryPoint","urlTemplate":"https:\/\/www.diario21.tv\/noticias\/?s={search_term_string}"},"query-input":{"@type":"PropertyValueSpecification","valueRequired":true,"valueName":"search_term_string"}}],"inLanguage":"es-AR"},{"@type":"Person","@id":"https:\/\/www.diario21.tv\/noticias\/#\/schema\/person\/7de9d6205bd3da5b7f01f5cffb18d715","name":"Diario 21","image":{"@type":"ImageObject","inLanguage":"es-AR","@id":"https:\/\/www.diario21.tv\/noticias\/#\/schema\/person\/image\/","url":"https:\/\/secure.gravatar.com\/avatar\/d1d5e764b940c8e5990284cabcd5dea9?s=96&d=mm&r=g","contentUrl":"https:\/\/secure.gravatar.com\/avatar\/d1d5e764b940c8e5990284cabcd5dea9?s=96&d=mm&r=g","caption":"Diario 21"},"url":"https:\/\/www.diario21.tv\/noticias\/author\/diario-21\/"}]}},"_links":{"self":[{"href":"https:\/\/www.diario21.tv\/noticias\/wp-json\/wp\/v2\/posts\/348"}],"collection":[{"href":"https:\/\/www.diario21.tv\/noticias\/wp-json\/wp\/v2\/posts"}],"about":[{"href":"https:\/\/www.diario21.tv\/noticias\/wp-json\/wp\/v2\/types\/post"}],"author":[{"embeddable":true,"href":"https:\/\/www.diario21.tv\/noticias\/wp-json\/wp\/v2\/users\/16"}],"replies":[{"embeddable":true,"href":"https:\/\/www.diario21.tv\/noticias\/wp-json\/wp\/v2\/comments?post=348"}],"version-history":[{"count":1,"href":"https:\/\/www.diario21.tv\/noticias\/wp-json\/wp\/v2\/posts\/348\/revisions"}],"predecessor-version":[{"id":350,"href":"https:\/\/www.diario21.tv\/noticias\/wp-json\/wp\/v2\/posts\/348\/revisions\/350"}],"wp:featuredmedia":[{"embeddable":true,"href":"https:\/\/www.diario21.tv\/noticias\/wp-json\/wp\/v2\/media\/349"}],"wp:attachment":[{"href":"https:\/\/www.diario21.tv\/noticias\/wp-json\/wp\/v2\/media?parent=348"}],"wp:term":[{"taxonomy":"category","embeddable":true,"href":"https:\/\/www.diario21.tv\/noticias\/wp-json\/wp\/v2\/categories?post=348"},{"taxonomy":"post_tag","embeddable":true,"href":"https:\/\/www.diario21.tv\/noticias\/wp-json\/wp\/v2\/tags?post=348"}],"curies":[{"name":"wp","href":"https:\/\/api.w.org\/{rel}","templated":true}]}}