{"id":3466,"date":"2025-06-13T17:43:05","date_gmt":"2025-06-13T17:43:05","guid":{"rendered":"https:\/\/www.diario21.tv\/noticias\/increible-en-el-pais-vasco-los-perros-podran-visitar-a-duenos-hospitalizados\/"},"modified":"2025-06-13T17:43:07","modified_gmt":"2025-06-13T17:43:07","slug":"increible-en-el-pais-vasco-los-perros-podran-visitar-a-duenos-hospitalizados","status":"publish","type":"post","link":"https:\/\/www.diario21.tv\/noticias\/increible-en-el-pais-vasco-los-perros-podran-visitar-a-duenos-hospitalizados\/","title":{"rendered":"\u00a1Incre\u00edble! En el Pa\u00eds Vasco, los perros podr\u00e1n visitar a due\u00f1os hospitalizados."},"content":{"rendered":"<h2>El Pa\u00eds Vasco innova en la atenci\u00f3n hospitalaria permitiendo la entrada de perros<\/h2>\n<p>En una medida pionera en Espa\u00f1a, el Pa\u00eds Vasco ha anunciado una nueva pol\u00edtica que permitir\u00e1 a los perros visitar a sus due\u00f1os durante las hospitalizaciones. Esta iniciativa busca fomentar una recuperaci\u00f3n m\u00e1s amena y reconfortante para los pacientes mediante la compa\u00f1\u00eda de sus mascotas.<\/p>\n<h3>Detalles de la nueva regulaci\u00f3n<\/h3>\n<p>La normativa aprobada por el gobierno vasco establece ciertos requisitos y protocolos para garantizar que las visitas sean seguras y no interfieran con la actividad m\u00e9dica. Los animales deber\u00e1n cumplir con una serie de condiciones de salud e higiene, incluyendo vacunaciones al d\u00eda y un certificado de buen comportamiento emitido por un adiestrador profesional.<\/p>\n<p>Adem\u00e1s, los hospitales tendr\u00e1n \u00e1reas designadas para que los encuentros entre pacientes y sus perros se lleven a cabo sin alterar el funcionamiento del centro ni la seguridad de otros pacientes. Estos espacios estar\u00e1n adecuadamente acondicionados para asegurar un ambiente higi\u00e9nico y controlado.<\/p>\n<h3>Impacto emocional y f\u00edsico en los pacientes<\/h3>\n<p>Los estudios han demostrado que la presencia de mascotas puede tener efectos positivos significativos en el bienestar emocional de las personas. En el contexto hospitalario, se espera que la interacci\u00f3n con los perros ayude a reducir el estr\u00e9s y la ansiedad de los pacientes, facilitando un estado de \u00e1nimo m\u00e1s positivo y potencialmente acelerando el proceso de recuperaci\u00f3n.<\/p>\n<p>El personal m\u00e9dico tambi\u00e9n ha mostrado su apoyo a esta medida, reconociendo los beneficios terap\u00e9uticos de la interacci\u00f3n humano-animal. Sin embargo, han enfatizado la importancia de seguir estrictos protocolos para asegurar que la salud y la seguridad de todos los involucrados se mantengan como prioridad.<\/p>\n<h3>Reacciones y expectativas futuras<\/h3>\n<p>La respuesta de la comunidad ha sido mayoritariamente positiva, con muchos expresando su apoyo a una pol\u00edtica que reconoce la importancia de las mascotas en la vida de las personas. Familias con miembros hospitalizados han acogido con entusiasmo la noticia, esperando que la presencia de sus animales queridos pueda traer consuelo en momentos dif\u00edciles.<\/p>\n<p>A medida que el Pa\u00eds Vasco implemente esta pol\u00edtica, otros sistemas de salud en Espa\u00f1a y Europa observar\u00e1n los resultados para considerar iniciativas similares en sus propios entornos. Esta medida no solo destaca la creciente consideraci\u00f3n de los aspectos emocionales en la atenci\u00f3n m\u00e9dica, sino que tambi\u00e9n pone de manifiesto el papel esencial que juegan las mascotas en el bienestar humano.<\/p>\n\n\n<div class=\"kk-star-ratings kksr-auto kksr-align-left kksr-valign-bottom\"\n    data-payload='{&quot;align&quot;:&quot;left&quot;,&quot;id&quot;:&quot;3466&quot;,&quot;slug&quot;:&quot;default&quot;,&quot;valign&quot;:&quot;bottom&quot;,&quot;ignore&quot;:&quot;&quot;,&quot;reference&quot;:&quot;auto&quot;,&quot;class&quot;:&quot;&quot;,&quot;count&quot;:&quot;0&quot;,&quot;legendonly&quot;:&quot;&quot;,&quot;readonly&quot;:&quot;&quot;,&quot;score&quot;:&quot;0&quot;,&quot;starsonly&quot;:&quot;&quot;,&quot;best&quot;:&quot;5&quot;,&quot;gap&quot;:&quot;5&quot;,&quot;greet&quot;:&quot;Valora este post&quot;,&quot;legend&quot;:&quot;0\\\/5 - (0 votes)&quot;,&quot;size&quot;:&quot;22&quot;,&quot;title&quot;:&quot;\u00a1Incre\u00edble! En el Pa\u00eds Vasco, los perros podr\u00e1n visitar a due\u00f1os hospitalizados.&quot;,&quot;width&quot;:&quot;0&quot;,&quot;_legend&quot;:&quot;{score}\\\/{best} - ({count} {votes})&quot;,&quot;font_factor&quot;:&quot;1.25&quot;}'>\n            \n<div class=\"kksr-stars\">\n    \n<div class=\"kksr-stars-inactive\">\n            <div class=\"kksr-star\" data-star=\"1\" style=\"padding-right: 5px\">\n            \n\n<div class=\"kksr-icon\" style=\"width: 22px; height: 22px;\"><\/div>\n        <\/div>\n            <div class=\"kksr-star\" data-star=\"2\" style=\"padding-right: 5px\">\n            \n\n<div class=\"kksr-icon\" style=\"width: 22px; height: 22px;\"><\/div>\n        <\/div>\n            <div class=\"kksr-star\" data-star=\"3\" style=\"padding-right: 5px\">\n            \n\n<div class=\"kksr-icon\" style=\"width: 22px; height: 22px;\"><\/div>\n        <\/div>\n            <div class=\"kksr-star\" data-star=\"4\" style=\"padding-right: 5px\">\n            \n\n<div class=\"kksr-icon\" style=\"width: 22px; height: 22px;\"><\/div>\n        <\/div>\n            <div class=\"kksr-star\" data-star=\"5\" style=\"padding-right: 5px\">\n            \n\n<div class=\"kksr-icon\" style=\"width: 22px; height: 22px;\"><\/div>\n        <\/div>\n    <\/div>\n    \n<div class=\"kksr-stars-active\" style=\"width: 0px;\">\n            <div class=\"kksr-star\" style=\"padding-right: 5px\">\n            \n\n<div class=\"kksr-icon\" style=\"width: 22px; height: 22px;\"><\/div>\n        <\/div>\n            <div class=\"kksr-star\" style=\"padding-right: 5px\">\n            \n\n<div class=\"kksr-icon\" style=\"width: 22px; height: 22px;\"><\/div>\n        <\/div>\n            <div class=\"kksr-star\" style=\"padding-right: 5px\">\n            \n\n<div class=\"kksr-icon\" style=\"width: 22px; height: 22px;\"><\/div>\n        <\/div>\n            <div class=\"kksr-star\" style=\"padding-right: 5px\">\n            \n\n<div class=\"kksr-icon\" style=\"width: 22px; height: 22px;\"><\/div>\n        <\/div>\n            <div class=\"kksr-star\" style=\"padding-right: 5px\">\n            \n\n<div class=\"kksr-icon\" style=\"width: 22px; height: 22px;\"><\/div>\n        <\/div>\n    <\/div>\n<\/div>\n                \n\n<div class=\"kksr-legend\" style=\"font-size: 17.6px;\">\n            <span class=\"kksr-muted\">Valora este post<\/span>\n    <\/div>\n    <\/div>\n","protected":false},"excerpt":{"rendered":"<p>El Pa\u00eds Vasco innova en la atenci\u00f3n hospitalaria permitiendo la entrada de perros En una medida pionera en Espa\u00f1a, el Pa\u00eds Vasco ha anunciado una nueva &#8230; <a title=\"\u00a1Incre\u00edble! En el Pa\u00eds Vasco, los perros podr\u00e1n visitar a due\u00f1os hospitalizados.\" class=\"read-more\" href=\"https:\/\/www.diario21.tv\/noticias\/increible-en-el-pais-vasco-los-perros-podran-visitar-a-duenos-hospitalizados\/\" aria-label=\"Leer m\u00e1s sobre \u00a1Incre\u00edble! En el Pa\u00eds Vasco, los perros podr\u00e1n visitar a due\u00f1os hospitalizados.\">Seguir leyendo &rarr;<\/a><\/p>\n","protected":false},"author":20,"featured_media":3467,"comment_status":"open","ping_status":"open","sticky":false,"template":"","format":"standard","meta":{"footnotes":""},"categories":[13],"tags":[],"class_list":["post-3466","post","type-post","status-publish","format-standard","has-post-thumbnail","hentry","category-portada"],"yoast_head":"<!-- This site is optimized with the Yoast SEO plugin v25.6 - https:\/\/yoast.com\/wordpress\/plugins\/seo\/ -->\n<title>\u00a1Incre\u00edble! En el Pa\u00eds Vasco, los perros podr\u00e1n visitar a due\u00f1os hospitalizados. - Diario 21<\/title>\n<meta name=\"robots\" content=\"index, follow, max-snippet:-1, max-image-preview:large, max-video-preview:-1\" \/>\n<link rel=\"canonical\" href=\"https:\/\/www.diario21.tv\/noticias\/increible-en-el-pais-vasco-los-perros-podran-visitar-a-duenos-hospitalizados\/\" \/>\n<meta property=\"og:locale\" content=\"es_ES\" \/>\n<meta property=\"og:type\" content=\"article\" \/>\n<meta property=\"og:title\" content=\"\u00a1Incre\u00edble! En el Pa\u00eds Vasco, los perros podr\u00e1n visitar a due\u00f1os hospitalizados. - Diario 21\" \/>\n<meta property=\"og:description\" content=\"El Pa\u00eds Vasco innova en la atenci\u00f3n hospitalaria permitiendo la entrada de perros En una medida pionera en Espa\u00f1a, el Pa\u00eds Vasco ha anunciado una nueva ... Seguir leyendo &rarr;\" \/>\n<meta property=\"og:url\" content=\"https:\/\/www.diario21.tv\/noticias\/increible-en-el-pais-vasco-los-perros-podran-visitar-a-duenos-hospitalizados\/\" \/>\n<meta property=\"og:site_name\" content=\"Diario 21\" \/>\n<meta property=\"article:published_time\" content=\"2025-06-13T17:43:05+00:00\" \/>\n<meta property=\"article:modified_time\" content=\"2025-06-13T17:43:07+00:00\" \/>\n<meta property=\"og:image\" content=\"https:\/\/www.diario21.tv\/noticias\/wp-content\/uploads\/2025\/06\/\u00a1Increible-En-el-Pais-Vasco-los-perros-podran-visitar-a.jpg\" \/>\n\t<meta property=\"og:image:width\" content=\"1200\" \/>\n\t<meta property=\"og:image:height\" content=\"840\" \/>\n\t<meta property=\"og:image:type\" content=\"image\/jpeg\" \/>\n<meta name=\"author\" content=\"Juan P\u00e9rez\" \/>\n<meta name=\"twitter:card\" content=\"summary_large_image\" \/>\n<meta name=\"twitter:label1\" content=\"Escrito por\" \/>\n\t<meta name=\"twitter:data1\" content=\"Juan P\u00e9rez\" \/>\n\t<meta name=\"twitter:label2\" content=\"Tiempo de lectura\" \/>\n\t<meta name=\"twitter:data2\" content=\"2 minutos\" \/>\n<script type=\"application\/ld+json\" class=\"yoast-schema-graph\">{\"@context\":\"https:\/\/schema.org\",\"@graph\":[{\"@type\":\"WebPage\",\"@id\":\"https:\/\/www.diario21.tv\/noticias\/increible-en-el-pais-vasco-los-perros-podran-visitar-a-duenos-hospitalizados\/\",\"url\":\"https:\/\/www.diario21.tv\/noticias\/increible-en-el-pais-vasco-los-perros-podran-visitar-a-duenos-hospitalizados\/\",\"name\":\"\u00a1Incre\u00edble! En el Pa\u00eds Vasco, los perros podr\u00e1n visitar a due\u00f1os hospitalizados. - Diario 21\",\"isPartOf\":{\"@id\":\"https:\/\/www.diario21.tv\/noticias\/#website\"},\"primaryImageOfPage\":{\"@id\":\"https:\/\/www.diario21.tv\/noticias\/increible-en-el-pais-vasco-los-perros-podran-visitar-a-duenos-hospitalizados\/#primaryimage\"},\"image\":{\"@id\":\"https:\/\/www.diario21.tv\/noticias\/increible-en-el-pais-vasco-los-perros-podran-visitar-a-duenos-hospitalizados\/#primaryimage\"},\"thumbnailUrl\":\"https:\/\/www.diario21.tv\/noticias\/wp-content\/uploads\/2025\/06\/\u00a1Increible-En-el-Pais-Vasco-los-perros-podran-visitar-a.jpg\",\"datePublished\":\"2025-06-13T17:43:05+00:00\",\"dateModified\":\"2025-06-13T17:43:07+00:00\",\"author\":{\"@id\":\"https:\/\/www.diario21.tv\/noticias\/#\/schema\/person\/dfb778f73814d8f09f302618446a526b\"},\"breadcrumb\":{\"@id\":\"https:\/\/www.diario21.tv\/noticias\/increible-en-el-pais-vasco-los-perros-podran-visitar-a-duenos-hospitalizados\/#breadcrumb\"},\"inLanguage\":\"es-AR\",\"potentialAction\":[{\"@type\":\"ReadAction\",\"target\":[\"https:\/\/www.diario21.tv\/noticias\/increible-en-el-pais-vasco-los-perros-podran-visitar-a-duenos-hospitalizados\/\"]}]},{\"@type\":\"ImageObject\",\"inLanguage\":\"es-AR\",\"@id\":\"https:\/\/www.diario21.tv\/noticias\/increible-en-el-pais-vasco-los-perros-podran-visitar-a-duenos-hospitalizados\/#primaryimage\",\"url\":\"https:\/\/www.diario21.tv\/noticias\/wp-content\/uploads\/2025\/06\/\u00a1Increible-En-el-Pais-Vasco-los-perros-podran-visitar-a.jpg\",\"contentUrl\":\"https:\/\/www.diario21.tv\/noticias\/wp-content\/uploads\/2025\/06\/\u00a1Increible-En-el-Pais-Vasco-los-perros-podran-visitar-a.jpg\",\"width\":1200,\"height\":840,\"caption\":\"El Pa\u00eds Vasco permitir\u00e1 que los perros acompa\u00f1en a sus due\u00f1os hospitalizados\"},{\"@type\":\"BreadcrumbList\",\"@id\":\"https:\/\/www.diario21.tv\/noticias\/increible-en-el-pais-vasco-los-perros-podran-visitar-a-duenos-hospitalizados\/#breadcrumb\",\"itemListElement\":[{\"@type\":\"ListItem\",\"position\":1,\"name\":\"Accueil\",\"item\":\"https:\/\/www.diario21.tv\/noticias\/\"},{\"@type\":\"ListItem\",\"position\":2,\"name\":\"\u00a1Incre\u00edble! En el Pa\u00eds Vasco, los perros podr\u00e1n visitar a due\u00f1os hospitalizados.\"}]},{\"@type\":\"WebSite\",\"@id\":\"https:\/\/www.diario21.tv\/noticias\/#website\",\"url\":\"https:\/\/www.diario21.tv\/noticias\/\",\"name\":\"Diario 21\",\"description\":\"\",\"potentialAction\":[{\"@type\":\"SearchAction\",\"target\":{\"@type\":\"EntryPoint\",\"urlTemplate\":\"https:\/\/www.diario21.tv\/noticias\/?s={search_term_string}\"},\"query-input\":{\"@type\":\"PropertyValueSpecification\",\"valueRequired\":true,\"valueName\":\"search_term_string\"}}],\"inLanguage\":\"es-AR\"},{\"@type\":\"Person\",\"@id\":\"https:\/\/www.diario21.tv\/noticias\/#\/schema\/person\/dfb778f73814d8f09f302618446a526b\",\"name\":\"Juan P\u00e9rez\",\"image\":{\"@type\":\"ImageObject\",\"inLanguage\":\"es-AR\",\"@id\":\"https:\/\/www.diario21.tv\/noticias\/#\/schema\/person\/image\/\",\"url\":\"https:\/\/secure.gravatar.com\/avatar\/c478a405bd10621167f4c3167cc770f5?s=96&d=mm&r=g\",\"contentUrl\":\"https:\/\/secure.gravatar.com\/avatar\/c478a405bd10621167f4c3167cc770f5?s=96&d=mm&r=g\",\"caption\":\"Juan P\u00e9rez\"},\"description\":\"Juan P\u00e9rez es el redactor en jefe de Diario 21. Con m\u00e1s de 10 a\u00f1os de experiencia en el periodismo, se especializa en pol\u00edtica nacional y an\u00e1lisis socioecon\u00f3mico. Su enfoque cr\u00edtico y riguroso aporta una perspectiva \u00fanica a cada art\u00edculo.\",\"sameAs\":[\"https:\/\/www.diario21.tv\/noticias\/\"],\"url\":\"https:\/\/www.diario21.tv\/noticias\/author\/juan-perez\/\"}]}<\/script>\n<!-- \/ Yoast SEO plugin. -->","yoast_head_json":{"title":"\u00a1Incre\u00edble! En el Pa\u00eds Vasco, los perros podr\u00e1n visitar a due\u00f1os hospitalizados. - Diario 21","robots":{"index":"index","follow":"follow","max-snippet":"max-snippet:-1","max-image-preview":"max-image-preview:large","max-video-preview":"max-video-preview:-1"},"canonical":"https:\/\/www.diario21.tv\/noticias\/increible-en-el-pais-vasco-los-perros-podran-visitar-a-duenos-hospitalizados\/","og_locale":"es_ES","og_type":"article","og_title":"\u00a1Incre\u00edble! En el Pa\u00eds Vasco, los perros podr\u00e1n visitar a due\u00f1os hospitalizados. - Diario 21","og_description":"El Pa\u00eds Vasco innova en la atenci\u00f3n hospitalaria permitiendo la entrada de perros En una medida pionera en Espa\u00f1a, el Pa\u00eds Vasco ha anunciado una nueva ... Seguir leyendo &rarr;","og_url":"https:\/\/www.diario21.tv\/noticias\/increible-en-el-pais-vasco-los-perros-podran-visitar-a-duenos-hospitalizados\/","og_site_name":"Diario 21","article_published_time":"2025-06-13T17:43:05+00:00","article_modified_time":"2025-06-13T17:43:07+00:00","og_image":[{"width":1200,"height":840,"url":"https:\/\/www.diario21.tv\/noticias\/wp-content\/uploads\/2025\/06\/\u00a1Increible-En-el-Pais-Vasco-los-perros-podran-visitar-a.jpg","type":"image\/jpeg"}],"author":"Juan P\u00e9rez","twitter_card":"summary_large_image","twitter_misc":{"Escrito por":"Juan P\u00e9rez","Tiempo de lectura":"2 minutos"},"schema":{"@context":"https:\/\/schema.org","@graph":[{"@type":"WebPage","@id":"https:\/\/www.diario21.tv\/noticias\/increible-en-el-pais-vasco-los-perros-podran-visitar-a-duenos-hospitalizados\/","url":"https:\/\/www.diario21.tv\/noticias\/increible-en-el-pais-vasco-los-perros-podran-visitar-a-duenos-hospitalizados\/","name":"\u00a1Incre\u00edble! En el Pa\u00eds Vasco, los perros podr\u00e1n visitar a due\u00f1os hospitalizados. - Diario 21","isPartOf":{"@id":"https:\/\/www.diario21.tv\/noticias\/#website"},"primaryImageOfPage":{"@id":"https:\/\/www.diario21.tv\/noticias\/increible-en-el-pais-vasco-los-perros-podran-visitar-a-duenos-hospitalizados\/#primaryimage"},"image":{"@id":"https:\/\/www.diario21.tv\/noticias\/increible-en-el-pais-vasco-los-perros-podran-visitar-a-duenos-hospitalizados\/#primaryimage"},"thumbnailUrl":"https:\/\/www.diario21.tv\/noticias\/wp-content\/uploads\/2025\/06\/\u00a1Increible-En-el-Pais-Vasco-los-perros-podran-visitar-a.jpg","datePublished":"2025-06-13T17:43:05+00:00","dateModified":"2025-06-13T17:43:07+00:00","author":{"@id":"https:\/\/www.diario21.tv\/noticias\/#\/schema\/person\/dfb778f73814d8f09f302618446a526b"},"breadcrumb":{"@id":"https:\/\/www.diario21.tv\/noticias\/increible-en-el-pais-vasco-los-perros-podran-visitar-a-duenos-hospitalizados\/#breadcrumb"},"inLanguage":"es-AR","potentialAction":[{"@type":"ReadAction","target":["https:\/\/www.diario21.tv\/noticias\/increible-en-el-pais-vasco-los-perros-podran-visitar-a-duenos-hospitalizados\/"]}]},{"@type":"ImageObject","inLanguage":"es-AR","@id":"https:\/\/www.diario21.tv\/noticias\/increible-en-el-pais-vasco-los-perros-podran-visitar-a-duenos-hospitalizados\/#primaryimage","url":"https:\/\/www.diario21.tv\/noticias\/wp-content\/uploads\/2025\/06\/\u00a1Increible-En-el-Pais-Vasco-los-perros-podran-visitar-a.jpg","contentUrl":"https:\/\/www.diario21.tv\/noticias\/wp-content\/uploads\/2025\/06\/\u00a1Increible-En-el-Pais-Vasco-los-perros-podran-visitar-a.jpg","width":1200,"height":840,"caption":"El Pa\u00eds Vasco permitir\u00e1 que los perros acompa\u00f1en a sus due\u00f1os hospitalizados"},{"@type":"BreadcrumbList","@id":"https:\/\/www.diario21.tv\/noticias\/increible-en-el-pais-vasco-los-perros-podran-visitar-a-duenos-hospitalizados\/#breadcrumb","itemListElement":[{"@type":"ListItem","position":1,"name":"Accueil","item":"https:\/\/www.diario21.tv\/noticias\/"},{"@type":"ListItem","position":2,"name":"\u00a1Incre\u00edble! En el Pa\u00eds Vasco, los perros podr\u00e1n visitar a due\u00f1os hospitalizados."}]},{"@type":"WebSite","@id":"https:\/\/www.diario21.tv\/noticias\/#website","url":"https:\/\/www.diario21.tv\/noticias\/","name":"Diario 21","description":"","potentialAction":[{"@type":"SearchAction","target":{"@type":"EntryPoint","urlTemplate":"https:\/\/www.diario21.tv\/noticias\/?s={search_term_string}"},"query-input":{"@type":"PropertyValueSpecification","valueRequired":true,"valueName":"search_term_string"}}],"inLanguage":"es-AR"},{"@type":"Person","@id":"https:\/\/www.diario21.tv\/noticias\/#\/schema\/person\/dfb778f73814d8f09f302618446a526b","name":"Juan P\u00e9rez","image":{"@type":"ImageObject","inLanguage":"es-AR","@id":"https:\/\/www.diario21.tv\/noticias\/#\/schema\/person\/image\/","url":"https:\/\/secure.gravatar.com\/avatar\/c478a405bd10621167f4c3167cc770f5?s=96&d=mm&r=g","contentUrl":"https:\/\/secure.gravatar.com\/avatar\/c478a405bd10621167f4c3167cc770f5?s=96&d=mm&r=g","caption":"Juan P\u00e9rez"},"description":"Juan P\u00e9rez es el redactor en jefe de Diario 21. Con m\u00e1s de 10 a\u00f1os de experiencia en el periodismo, se especializa en pol\u00edtica nacional y an\u00e1lisis socioecon\u00f3mico. Su enfoque cr\u00edtico y riguroso aporta una perspectiva \u00fanica a cada art\u00edculo.","sameAs":["https:\/\/www.diario21.tv\/noticias\/"],"url":"https:\/\/www.diario21.tv\/noticias\/author\/juan-perez\/"}]}},"_links":{"self":[{"href":"https:\/\/www.diario21.tv\/noticias\/wp-json\/wp\/v2\/posts\/3466"}],"collection":[{"href":"https:\/\/www.diario21.tv\/noticias\/wp-json\/wp\/v2\/posts"}],"about":[{"href":"https:\/\/www.diario21.tv\/noticias\/wp-json\/wp\/v2\/types\/post"}],"author":[{"embeddable":true,"href":"https:\/\/www.diario21.tv\/noticias\/wp-json\/wp\/v2\/users\/20"}],"replies":[{"embeddable":true,"href":"https:\/\/www.diario21.tv\/noticias\/wp-json\/wp\/v2\/comments?post=3466"}],"version-history":[{"count":1,"href":"https:\/\/www.diario21.tv\/noticias\/wp-json\/wp\/v2\/posts\/3466\/revisions"}],"predecessor-version":[{"id":3468,"href":"https:\/\/www.diario21.tv\/noticias\/wp-json\/wp\/v2\/posts\/3466\/revisions\/3468"}],"wp:featuredmedia":[{"embeddable":true,"href":"https:\/\/www.diario21.tv\/noticias\/wp-json\/wp\/v2\/media\/3467"}],"wp:attachment":[{"href":"https:\/\/www.diario21.tv\/noticias\/wp-json\/wp\/v2\/media?parent=3466"}],"wp:term":[{"taxonomy":"category","embeddable":true,"href":"https:\/\/www.diario21.tv\/noticias\/wp-json\/wp\/v2\/categories?post=3466"},{"taxonomy":"post_tag","embeddable":true,"href":"https:\/\/www.diario21.tv\/noticias\/wp-json\/wp\/v2\/tags?post=3466"}],"curies":[{"name":"wp","href":"https:\/\/api.w.org\/{rel}","templated":true}]}}