{"id":3451,"date":"2025-06-12T11:30:05","date_gmt":"2025-06-12T11:30:05","guid":{"rendered":"https:\/\/www.diario21.tv\/noticias\/fin-de-los-ataques-de-orcas-a-barcos-descubre-lo-que-esta-pasando-ahora\/"},"modified":"2025-06-12T11:30:06","modified_gmt":"2025-06-12T11:30:06","slug":"fin-de-los-ataques-de-orcas-a-barcos-descubre-lo-que-esta-pasando-ahora","status":"publish","type":"post","link":"https:\/\/www.diario21.tv\/noticias\/fin-de-los-ataques-de-orcas-a-barcos-descubre-lo-que-esta-pasando-ahora\/","title":{"rendered":"\u00bfFin de los ataques de orcas a barcos? Descubre lo que est\u00e1 pasando ahora"},"content":{"rendered":"<h2>\u00bfHan cesado los incidentes de orcas interactuando agresivamente con embarcaciones?<\/h2>\n<p>En los \u00faltimos tiempos, ha habido un notable aumento en los reportes de orcas que aparentemente &#8220;atacan&#8221; embarcaciones. Estos eventos han causado preocupaci\u00f3n tanto en navegantes como en investigadores. Sin embargo, parece que estos incidentes han disminuido o, al menos, no se han reportado con la misma frecuencia que antes. Pero, \u00bfrealmente han cesado estas interacciones o simplemente no est\u00e1n siendo reportadas?<\/p>\n<h3>Contexto de los encuentros con orcas<\/h3>\n<p>Las orcas, tambi\u00e9n conocidas como ballenas asesinas, son mam\u00edferos marinos que pertenecen a la familia de los delfines. Son conocidas por su inteligencia y comportamiento social complejo. Aunque se les llama &#8220;asesinas&#8221;, las orcas generalmente no representan una amenaza para los humanos. Sin embargo, en recientes a\u00f1os, ha habido un aumento en los reportes de orcas que parecen mostrar un comportamiento agresivo hacia las embarcaciones.<\/p>\n<h3>\u00bfQu\u00e9 ha cambiado en el comportamiento de las orcas?<\/h3>\n<p>Cient\u00edficos y expertos han estado investigando estos comportamientos para entender mejor qu\u00e9 podr\u00eda estar motiv\u00e1ndolos. Algunas teor\u00edas sugieren que las orcas podr\u00edan estar reaccionando a amenazas percibidas o perturbaciones en su h\u00e1bitat, como la contaminaci\u00f3n ac\u00fastica provocada por los barcos. Otros creen que podr\u00eda ser una respuesta a un cambio en la disponibilidad de alimento, lo que les llevar\u00eda a comportarse de manera inusual.<\/p>\n<h3>Reducci\u00f3n en los reportes de interacciones<\/h3>\n<p>Recientemente, ha habido una disminuci\u00f3n en los reportes de estos encuentros entre orcas y embarcaciones. Esto podr\u00eda deberse a varias razones. Por un lado, podr\u00eda ser que las orcas hayan ajustado sus comportamientos o migrado a otras \u00e1reas donde no interact\u00faan tanto con humanos. Por otro lado, podr\u00eda ser resultado de una mayor conciencia y precauci\u00f3n por parte de los marineros, quienes podr\u00edan estar evitando \u00e1reas conocidas por tener alta actividad de orcas.<\/p>\n<h3>Implicaciones para la conservaci\u00f3n y la navegaci\u00f3n<\/h3>\n<p>Esta disminuci\u00f3n en los encuentros tiene implicaciones significativas tanto para la conservaci\u00f3n de las orcas como para la seguridad en la navegaci\u00f3n. Es crucial continuar monitoreando estos comportamientos y entender mejor las causas subyacentes de cualquier cambio. Esto ayudar\u00e1 no solo a proteger a las orcas, sino tambi\u00e9n a asegurar que las interacciones entre humanos y estas majestuosas criaturas sean seguras y respetuosas.<\/p>\n<p>En resumen, aunque parece que ha habido una disminuci\u00f3n en los reportes de orcas interactuando agresivamente con embarcaciones, es importante mantener una actitud vigilante y seguir investigando estos comportamientos. La coexistencia pac\u00edfica entre humanos y orcas depende de nuestro entendimiento continuo y respeto hacia estos impresionantes mam\u00edferos marinos.<\/p>\n\n\n<div class=\"kk-star-ratings kksr-auto kksr-align-left kksr-valign-bottom\"\n    data-payload='{&quot;align&quot;:&quot;left&quot;,&quot;id&quot;:&quot;3451&quot;,&quot;slug&quot;:&quot;default&quot;,&quot;valign&quot;:&quot;bottom&quot;,&quot;ignore&quot;:&quot;&quot;,&quot;reference&quot;:&quot;auto&quot;,&quot;class&quot;:&quot;&quot;,&quot;count&quot;:&quot;0&quot;,&quot;legendonly&quot;:&quot;&quot;,&quot;readonly&quot;:&quot;&quot;,&quot;score&quot;:&quot;0&quot;,&quot;starsonly&quot;:&quot;&quot;,&quot;best&quot;:&quot;5&quot;,&quot;gap&quot;:&quot;5&quot;,&quot;greet&quot;:&quot;Valora este post&quot;,&quot;legend&quot;:&quot;0\\\/5 - (0 votes)&quot;,&quot;size&quot;:&quot;22&quot;,&quot;title&quot;:&quot;\u00bfFin de los ataques de orcas a barcos? Descubre lo que est\u00e1 pasando ahora&quot;,&quot;width&quot;:&quot;0&quot;,&quot;_legend&quot;:&quot;{score}\\\/{best} - ({count} {votes})&quot;,&quot;font_factor&quot;:&quot;1.25&quot;}'>\n            \n<div class=\"kksr-stars\">\n    \n<div class=\"kksr-stars-inactive\">\n            <div class=\"kksr-star\" data-star=\"1\" style=\"padding-right: 5px\">\n            \n\n<div class=\"kksr-icon\" style=\"width: 22px; height: 22px;\"><\/div>\n        <\/div>\n            <div class=\"kksr-star\" data-star=\"2\" style=\"padding-right: 5px\">\n            \n\n<div class=\"kksr-icon\" style=\"width: 22px; height: 22px;\"><\/div>\n        <\/div>\n            <div class=\"kksr-star\" data-star=\"3\" style=\"padding-right: 5px\">\n            \n\n<div class=\"kksr-icon\" style=\"width: 22px; height: 22px;\"><\/div>\n        <\/div>\n            <div class=\"kksr-star\" data-star=\"4\" style=\"padding-right: 5px\">\n            \n\n<div class=\"kksr-icon\" style=\"width: 22px; height: 22px;\"><\/div>\n        <\/div>\n            <div class=\"kksr-star\" data-star=\"5\" style=\"padding-right: 5px\">\n            \n\n<div class=\"kksr-icon\" style=\"width: 22px; height: 22px;\"><\/div>\n        <\/div>\n    <\/div>\n    \n<div class=\"kksr-stars-active\" style=\"width: 0px;\">\n            <div class=\"kksr-star\" style=\"padding-right: 5px\">\n            \n\n<div class=\"kksr-icon\" style=\"width: 22px; height: 22px;\"><\/div>\n        <\/div>\n            <div class=\"kksr-star\" style=\"padding-right: 5px\">\n            \n\n<div class=\"kksr-icon\" style=\"width: 22px; height: 22px;\"><\/div>\n        <\/div>\n            <div class=\"kksr-star\" style=\"padding-right: 5px\">\n            \n\n<div class=\"kksr-icon\" style=\"width: 22px; height: 22px;\"><\/div>\n        <\/div>\n            <div class=\"kksr-star\" style=\"padding-right: 5px\">\n            \n\n<div class=\"kksr-icon\" style=\"width: 22px; height: 22px;\"><\/div>\n        <\/div>\n            <div class=\"kksr-star\" style=\"padding-right: 5px\">\n            \n\n<div class=\"kksr-icon\" style=\"width: 22px; height: 22px;\"><\/div>\n        <\/div>\n    <\/div>\n<\/div>\n                \n\n<div class=\"kksr-legend\" style=\"font-size: 17.6px;\">\n            <span class=\"kksr-muted\">Valora este post<\/span>\n    <\/div>\n    <\/div>\n","protected":false},"excerpt":{"rendered":"<p>\u00bfHan cesado los incidentes de orcas interactuando agresivamente con embarcaciones? En los \u00faltimos tiempos, ha habido un notable aumento en los reportes de orcas que aparentemente &#8230; <a title=\"\u00bfFin de los ataques de orcas a barcos? Descubre lo que est\u00e1 pasando ahora\" class=\"read-more\" href=\"https:\/\/www.diario21.tv\/noticias\/fin-de-los-ataques-de-orcas-a-barcos-descubre-lo-que-esta-pasando-ahora\/\" aria-label=\"Leer m\u00e1s sobre \u00bfFin de los ataques de orcas a barcos? Descubre lo que est\u00e1 pasando ahora\">Seguir leyendo &rarr;<\/a><\/p>\n","protected":false},"author":20,"featured_media":3452,"comment_status":"open","ping_status":"open","sticky":false,"template":"","format":"standard","meta":{"footnotes":""},"categories":[13],"tags":[],"class_list":["post-3451","post","type-post","status-publish","format-standard","has-post-thumbnail","hentry","category-portada"],"yoast_head":"<!-- This site is optimized with the Yoast SEO plugin v25.6 - https:\/\/yoast.com\/wordpress\/plugins\/seo\/ -->\n<title>\u00bfFin de los ataques de orcas a barcos? Descubre lo que est\u00e1 pasando ahora - Diario 21<\/title>\n<meta name=\"robots\" content=\"index, follow, max-snippet:-1, max-image-preview:large, max-video-preview:-1\" \/>\n<link rel=\"canonical\" href=\"https:\/\/www.diario21.tv\/noticias\/fin-de-los-ataques-de-orcas-a-barcos-descubre-lo-que-esta-pasando-ahora\/\" \/>\n<meta property=\"og:locale\" content=\"es_ES\" \/>\n<meta property=\"og:type\" content=\"article\" \/>\n<meta property=\"og:title\" content=\"\u00bfFin de los ataques de orcas a barcos? Descubre lo que est\u00e1 pasando ahora - Diario 21\" \/>\n<meta property=\"og:description\" content=\"\u00bfHan cesado los incidentes de orcas interactuando agresivamente con embarcaciones? En los \u00faltimos tiempos, ha habido un notable aumento en los reportes de orcas que aparentemente ... Seguir leyendo &rarr;\" \/>\n<meta property=\"og:url\" content=\"https:\/\/www.diario21.tv\/noticias\/fin-de-los-ataques-de-orcas-a-barcos-descubre-lo-que-esta-pasando-ahora\/\" \/>\n<meta property=\"og:site_name\" content=\"Diario 21\" \/>\n<meta property=\"article:published_time\" content=\"2025-06-12T11:30:05+00:00\" \/>\n<meta property=\"article:modified_time\" content=\"2025-06-12T11:30:06+00:00\" \/>\n<meta property=\"og:image\" content=\"https:\/\/www.diario21.tv\/noticias\/wp-content\/uploads\/2025\/06\/\u00bfFin-de-los-ataques-de-orcas-a-barcos-Descubre-lo.jpg\" \/>\n\t<meta property=\"og:image:width\" content=\"1200\" \/>\n\t<meta property=\"og:image:height\" content=\"840\" \/>\n\t<meta property=\"og:image:type\" content=\"image\/jpeg\" \/>\n<meta name=\"author\" content=\"Juan P\u00e9rez\" \/>\n<meta name=\"twitter:card\" content=\"summary_large_image\" \/>\n<meta name=\"twitter:label1\" content=\"Escrito por\" \/>\n\t<meta name=\"twitter:data1\" content=\"Juan P\u00e9rez\" \/>\n\t<meta name=\"twitter:label2\" content=\"Tiempo de lectura\" \/>\n\t<meta name=\"twitter:data2\" content=\"2 minutos\" \/>\n<script type=\"application\/ld+json\" class=\"yoast-schema-graph\">{\"@context\":\"https:\/\/schema.org\",\"@graph\":[{\"@type\":\"WebPage\",\"@id\":\"https:\/\/www.diario21.tv\/noticias\/fin-de-los-ataques-de-orcas-a-barcos-descubre-lo-que-esta-pasando-ahora\/\",\"url\":\"https:\/\/www.diario21.tv\/noticias\/fin-de-los-ataques-de-orcas-a-barcos-descubre-lo-que-esta-pasando-ahora\/\",\"name\":\"\u00bfFin de los ataques de orcas a barcos? Descubre lo que est\u00e1 pasando ahora - Diario 21\",\"isPartOf\":{\"@id\":\"https:\/\/www.diario21.tv\/noticias\/#website\"},\"primaryImageOfPage\":{\"@id\":\"https:\/\/www.diario21.tv\/noticias\/fin-de-los-ataques-de-orcas-a-barcos-descubre-lo-que-esta-pasando-ahora\/#primaryimage\"},\"image\":{\"@id\":\"https:\/\/www.diario21.tv\/noticias\/fin-de-los-ataques-de-orcas-a-barcos-descubre-lo-que-esta-pasando-ahora\/#primaryimage\"},\"thumbnailUrl\":\"https:\/\/www.diario21.tv\/noticias\/wp-content\/uploads\/2025\/06\/\u00bfFin-de-los-ataques-de-orcas-a-barcos-Descubre-lo.jpg\",\"datePublished\":\"2025-06-12T11:30:05+00:00\",\"dateModified\":\"2025-06-12T11:30:06+00:00\",\"author\":{\"@id\":\"https:\/\/www.diario21.tv\/noticias\/#\/schema\/person\/dfb778f73814d8f09f302618446a526b\"},\"breadcrumb\":{\"@id\":\"https:\/\/www.diario21.tv\/noticias\/fin-de-los-ataques-de-orcas-a-barcos-descubre-lo-que-esta-pasando-ahora\/#breadcrumb\"},\"inLanguage\":\"es-AR\",\"potentialAction\":[{\"@type\":\"ReadAction\",\"target\":[\"https:\/\/www.diario21.tv\/noticias\/fin-de-los-ataques-de-orcas-a-barcos-descubre-lo-que-esta-pasando-ahora\/\"]}]},{\"@type\":\"ImageObject\",\"inLanguage\":\"es-AR\",\"@id\":\"https:\/\/www.diario21.tv\/noticias\/fin-de-los-ataques-de-orcas-a-barcos-descubre-lo-que-esta-pasando-ahora\/#primaryimage\",\"url\":\"https:\/\/www.diario21.tv\/noticias\/wp-content\/uploads\/2025\/06\/\u00bfFin-de-los-ataques-de-orcas-a-barcos-Descubre-lo.jpg\",\"contentUrl\":\"https:\/\/www.diario21.tv\/noticias\/wp-content\/uploads\/2025\/06\/\u00bfFin-de-los-ataques-de-orcas-a-barcos-Descubre-lo.jpg\",\"width\":1200,\"height\":840,\"caption\":\"\u00bfSe han acabado los &amp;#039;ataques&amp;#039; de orcas a los barcos?\"},{\"@type\":\"BreadcrumbList\",\"@id\":\"https:\/\/www.diario21.tv\/noticias\/fin-de-los-ataques-de-orcas-a-barcos-descubre-lo-que-esta-pasando-ahora\/#breadcrumb\",\"itemListElement\":[{\"@type\":\"ListItem\",\"position\":1,\"name\":\"Accueil\",\"item\":\"https:\/\/www.diario21.tv\/noticias\/\"},{\"@type\":\"ListItem\",\"position\":2,\"name\":\"\u00bfFin de los ataques de orcas a barcos? Descubre lo que est\u00e1 pasando ahora\"}]},{\"@type\":\"WebSite\",\"@id\":\"https:\/\/www.diario21.tv\/noticias\/#website\",\"url\":\"https:\/\/www.diario21.tv\/noticias\/\",\"name\":\"Diario 21\",\"description\":\"\",\"potentialAction\":[{\"@type\":\"SearchAction\",\"target\":{\"@type\":\"EntryPoint\",\"urlTemplate\":\"https:\/\/www.diario21.tv\/noticias\/?s={search_term_string}\"},\"query-input\":{\"@type\":\"PropertyValueSpecification\",\"valueRequired\":true,\"valueName\":\"search_term_string\"}}],\"inLanguage\":\"es-AR\"},{\"@type\":\"Person\",\"@id\":\"https:\/\/www.diario21.tv\/noticias\/#\/schema\/person\/dfb778f73814d8f09f302618446a526b\",\"name\":\"Juan P\u00e9rez\",\"image\":{\"@type\":\"ImageObject\",\"inLanguage\":\"es-AR\",\"@id\":\"https:\/\/www.diario21.tv\/noticias\/#\/schema\/person\/image\/\",\"url\":\"https:\/\/secure.gravatar.com\/avatar\/c478a405bd10621167f4c3167cc770f5?s=96&d=mm&r=g\",\"contentUrl\":\"https:\/\/secure.gravatar.com\/avatar\/c478a405bd10621167f4c3167cc770f5?s=96&d=mm&r=g\",\"caption\":\"Juan P\u00e9rez\"},\"description\":\"Juan P\u00e9rez es el redactor en jefe de Diario 21. Con m\u00e1s de 10 a\u00f1os de experiencia en el periodismo, se especializa en pol\u00edtica nacional y an\u00e1lisis socioecon\u00f3mico. Su enfoque cr\u00edtico y riguroso aporta una perspectiva \u00fanica a cada art\u00edculo.\",\"sameAs\":[\"https:\/\/www.diario21.tv\/noticias\/\"],\"url\":\"https:\/\/www.diario21.tv\/noticias\/author\/juan-perez\/\"}]}<\/script>\n<!-- \/ Yoast SEO plugin. -->","yoast_head_json":{"title":"\u00bfFin de los ataques de orcas a barcos? Descubre lo que est\u00e1 pasando ahora - Diario 21","robots":{"index":"index","follow":"follow","max-snippet":"max-snippet:-1","max-image-preview":"max-image-preview:large","max-video-preview":"max-video-preview:-1"},"canonical":"https:\/\/www.diario21.tv\/noticias\/fin-de-los-ataques-de-orcas-a-barcos-descubre-lo-que-esta-pasando-ahora\/","og_locale":"es_ES","og_type":"article","og_title":"\u00bfFin de los ataques de orcas a barcos? Descubre lo que est\u00e1 pasando ahora - Diario 21","og_description":"\u00bfHan cesado los incidentes de orcas interactuando agresivamente con embarcaciones? En los \u00faltimos tiempos, ha habido un notable aumento en los reportes de orcas que aparentemente ... Seguir leyendo &rarr;","og_url":"https:\/\/www.diario21.tv\/noticias\/fin-de-los-ataques-de-orcas-a-barcos-descubre-lo-que-esta-pasando-ahora\/","og_site_name":"Diario 21","article_published_time":"2025-06-12T11:30:05+00:00","article_modified_time":"2025-06-12T11:30:06+00:00","og_image":[{"width":1200,"height":840,"url":"https:\/\/www.diario21.tv\/noticias\/wp-content\/uploads\/2025\/06\/\u00bfFin-de-los-ataques-de-orcas-a-barcos-Descubre-lo.jpg","type":"image\/jpeg"}],"author":"Juan P\u00e9rez","twitter_card":"summary_large_image","twitter_misc":{"Escrito por":"Juan P\u00e9rez","Tiempo de lectura":"2 minutos"},"schema":{"@context":"https:\/\/schema.org","@graph":[{"@type":"WebPage","@id":"https:\/\/www.diario21.tv\/noticias\/fin-de-los-ataques-de-orcas-a-barcos-descubre-lo-que-esta-pasando-ahora\/","url":"https:\/\/www.diario21.tv\/noticias\/fin-de-los-ataques-de-orcas-a-barcos-descubre-lo-que-esta-pasando-ahora\/","name":"\u00bfFin de los ataques de orcas a barcos? Descubre lo que est\u00e1 pasando ahora - Diario 21","isPartOf":{"@id":"https:\/\/www.diario21.tv\/noticias\/#website"},"primaryImageOfPage":{"@id":"https:\/\/www.diario21.tv\/noticias\/fin-de-los-ataques-de-orcas-a-barcos-descubre-lo-que-esta-pasando-ahora\/#primaryimage"},"image":{"@id":"https:\/\/www.diario21.tv\/noticias\/fin-de-los-ataques-de-orcas-a-barcos-descubre-lo-que-esta-pasando-ahora\/#primaryimage"},"thumbnailUrl":"https:\/\/www.diario21.tv\/noticias\/wp-content\/uploads\/2025\/06\/\u00bfFin-de-los-ataques-de-orcas-a-barcos-Descubre-lo.jpg","datePublished":"2025-06-12T11:30:05+00:00","dateModified":"2025-06-12T11:30:06+00:00","author":{"@id":"https:\/\/www.diario21.tv\/noticias\/#\/schema\/person\/dfb778f73814d8f09f302618446a526b"},"breadcrumb":{"@id":"https:\/\/www.diario21.tv\/noticias\/fin-de-los-ataques-de-orcas-a-barcos-descubre-lo-que-esta-pasando-ahora\/#breadcrumb"},"inLanguage":"es-AR","potentialAction":[{"@type":"ReadAction","target":["https:\/\/www.diario21.tv\/noticias\/fin-de-los-ataques-de-orcas-a-barcos-descubre-lo-que-esta-pasando-ahora\/"]}]},{"@type":"ImageObject","inLanguage":"es-AR","@id":"https:\/\/www.diario21.tv\/noticias\/fin-de-los-ataques-de-orcas-a-barcos-descubre-lo-que-esta-pasando-ahora\/#primaryimage","url":"https:\/\/www.diario21.tv\/noticias\/wp-content\/uploads\/2025\/06\/\u00bfFin-de-los-ataques-de-orcas-a-barcos-Descubre-lo.jpg","contentUrl":"https:\/\/www.diario21.tv\/noticias\/wp-content\/uploads\/2025\/06\/\u00bfFin-de-los-ataques-de-orcas-a-barcos-Descubre-lo.jpg","width":1200,"height":840,"caption":"\u00bfSe han acabado los &amp;#039;ataques&amp;#039; de orcas a los barcos?"},{"@type":"BreadcrumbList","@id":"https:\/\/www.diario21.tv\/noticias\/fin-de-los-ataques-de-orcas-a-barcos-descubre-lo-que-esta-pasando-ahora\/#breadcrumb","itemListElement":[{"@type":"ListItem","position":1,"name":"Accueil","item":"https:\/\/www.diario21.tv\/noticias\/"},{"@type":"ListItem","position":2,"name":"\u00bfFin de los ataques de orcas a barcos? Descubre lo que est\u00e1 pasando ahora"}]},{"@type":"WebSite","@id":"https:\/\/www.diario21.tv\/noticias\/#website","url":"https:\/\/www.diario21.tv\/noticias\/","name":"Diario 21","description":"","potentialAction":[{"@type":"SearchAction","target":{"@type":"EntryPoint","urlTemplate":"https:\/\/www.diario21.tv\/noticias\/?s={search_term_string}"},"query-input":{"@type":"PropertyValueSpecification","valueRequired":true,"valueName":"search_term_string"}}],"inLanguage":"es-AR"},{"@type":"Person","@id":"https:\/\/www.diario21.tv\/noticias\/#\/schema\/person\/dfb778f73814d8f09f302618446a526b","name":"Juan P\u00e9rez","image":{"@type":"ImageObject","inLanguage":"es-AR","@id":"https:\/\/www.diario21.tv\/noticias\/#\/schema\/person\/image\/","url":"https:\/\/secure.gravatar.com\/avatar\/c478a405bd10621167f4c3167cc770f5?s=96&d=mm&r=g","contentUrl":"https:\/\/secure.gravatar.com\/avatar\/c478a405bd10621167f4c3167cc770f5?s=96&d=mm&r=g","caption":"Juan P\u00e9rez"},"description":"Juan P\u00e9rez es el redactor en jefe de Diario 21. Con m\u00e1s de 10 a\u00f1os de experiencia en el periodismo, se especializa en pol\u00edtica nacional y an\u00e1lisis socioecon\u00f3mico. Su enfoque cr\u00edtico y riguroso aporta una perspectiva \u00fanica a cada art\u00edculo.","sameAs":["https:\/\/www.diario21.tv\/noticias\/"],"url":"https:\/\/www.diario21.tv\/noticias\/author\/juan-perez\/"}]}},"_links":{"self":[{"href":"https:\/\/www.diario21.tv\/noticias\/wp-json\/wp\/v2\/posts\/3451"}],"collection":[{"href":"https:\/\/www.diario21.tv\/noticias\/wp-json\/wp\/v2\/posts"}],"about":[{"href":"https:\/\/www.diario21.tv\/noticias\/wp-json\/wp\/v2\/types\/post"}],"author":[{"embeddable":true,"href":"https:\/\/www.diario21.tv\/noticias\/wp-json\/wp\/v2\/users\/20"}],"replies":[{"embeddable":true,"href":"https:\/\/www.diario21.tv\/noticias\/wp-json\/wp\/v2\/comments?post=3451"}],"version-history":[{"count":1,"href":"https:\/\/www.diario21.tv\/noticias\/wp-json\/wp\/v2\/posts\/3451\/revisions"}],"predecessor-version":[{"id":3453,"href":"https:\/\/www.diario21.tv\/noticias\/wp-json\/wp\/v2\/posts\/3451\/revisions\/3453"}],"wp:featuredmedia":[{"embeddable":true,"href":"https:\/\/www.diario21.tv\/noticias\/wp-json\/wp\/v2\/media\/3452"}],"wp:attachment":[{"href":"https:\/\/www.diario21.tv\/noticias\/wp-json\/wp\/v2\/media?parent=3451"}],"wp:term":[{"taxonomy":"category","embeddable":true,"href":"https:\/\/www.diario21.tv\/noticias\/wp-json\/wp\/v2\/categories?post=3451"},{"taxonomy":"post_tag","embeddable":true,"href":"https:\/\/www.diario21.tv\/noticias\/wp-json\/wp\/v2\/tags?post=3451"}],"curies":[{"name":"wp","href":"https:\/\/api.w.org\/{rel}","templated":true}]}}