{"id":345,"date":"2024-09-09T19:50:40","date_gmt":"2024-09-09T19:50:40","guid":{"rendered":"https:\/\/www.diario21.tv\/noticias\/impactante-dos-gruas-arrastradas-en-fatal-accidente-en-gijon-muerte-de-dos-operarios\/"},"modified":"2024-09-09T19:50:43","modified_gmt":"2024-09-09T19:50:43","slug":"impactante-dos-gruas-arrastradas-en-fatal-accidente-en-gijon-muerte-de-dos-operarios","status":"publish","type":"post","link":"https:\/\/www.diario21.tv\/noticias\/impactante-dos-gruas-arrastradas-en-fatal-accidente-en-gijon-muerte-de-dos-operarios\/","title":{"rendered":"\u00a1Impactante! Dos gr\u00faas arrastradas en fatal accidente en Gij\u00f3n: muerte de dos operarios"},"content":{"rendered":"<p>A continuaci\u00f3n te presento la reescritura del art\u00edculo en espa\u00f1ol:<\/p>\n<h2>La tr\u00e1gica colisi\u00f3n en Gij\u00f3n que result\u00f3 en la muerte de dos trabajadores: la caseta se derrumb\u00f3 y arrastr\u00f3 a dos gr\u00faas<\/h2>\n<p>El incidente fatal que sacudi\u00f3 Gij\u00f3n tuvo lugar cuando una caseta cedi\u00f3 bajo su propio peso, lo que desencaden\u00f3 una serie de eventos catastr\u00f3ficos. Dos gr\u00faas fueron arrastradas en el proceso, causando la muerte de dos operarios que trabajaban en el lugar.<\/p>\n<p>El lugar del siniestro fue un hervidero de actividad mientras los equipos de emergencia luchaban por controlar la situaci\u00f3n. Sin embargo, a pesar de sus mejores esfuerzos, no pudieron salvar a los dos trabajadores atrapados en el derrumbe.<\/p>\n<p>El desplome de la caseta, que fue el catalizador de esta tragedia, ocurri\u00f3 sin previo aviso. Esto dej\u00f3 a los trabajadores con poco tiempo para reaccionar y, lamentablemente, dos gr\u00faas fueron arrastradas junto con la caseta.<\/p>\n<p>Las gr\u00faas, que se utilizaban para tareas de construcci\u00f3n en el lugar, fueron arrastradas por la caseta en ca\u00edda. Los dos operarios que se encontraban cerca no tuvieron tiempo de escapar de la trayectoria de la caseta y las gr\u00faas, lo que result\u00f3 en su fallecimiento.<\/p>\n<p>Este tr\u00e1gico incidente ha dejado una marca indeleble en Gij\u00f3n y ha ensombrecido la industria de la construcci\u00f3n en la regi\u00f3n. La p\u00e9rdida de dos vidas en el desempe\u00f1o de su labor ha conmocionado a la comunidad y ha puesto en evidencia la importancia de la seguridad en el lugar de trabajo.<\/p>\n<p>Las investigaciones sobre el incidente a\u00fan est\u00e1n en curso, y se espera que proporcionen respuestas sobre c\u00f3mo y por qu\u00e9 ocurri\u00f3 este desastre. Mientras tanto, la comunidad de Gij\u00f3n y la industria de la construcci\u00f3n est\u00e1n de luto por la p\u00e9rdida de dos de sus propios trabajadores.<\/p>\n<p>En resumen, el derrumbe de una caseta en Gij\u00f3n desencaden\u00f3 una serie de eventos que resultaron en la muerte de dos operarios. Las gr\u00faas que estaban en el lugar fueron arrastradas en el proceso, atrapando a los trabajadores en su camino. El incidente ha dejado una profunda huella en la comunidad y ha resaltado la importancia de la seguridad en el lugar de trabajo.<\/p>\n\n\n<div class=\"kk-star-ratings kksr-auto kksr-align-left kksr-valign-bottom\"\n    data-payload='{&quot;align&quot;:&quot;left&quot;,&quot;id&quot;:&quot;345&quot;,&quot;slug&quot;:&quot;default&quot;,&quot;valign&quot;:&quot;bottom&quot;,&quot;ignore&quot;:&quot;&quot;,&quot;reference&quot;:&quot;auto&quot;,&quot;class&quot;:&quot;&quot;,&quot;count&quot;:&quot;0&quot;,&quot;legendonly&quot;:&quot;&quot;,&quot;readonly&quot;:&quot;&quot;,&quot;score&quot;:&quot;0&quot;,&quot;starsonly&quot;:&quot;&quot;,&quot;best&quot;:&quot;5&quot;,&quot;gap&quot;:&quot;5&quot;,&quot;greet&quot;:&quot;Valora este post&quot;,&quot;legend&quot;:&quot;0\\\/5 - (0 votes)&quot;,&quot;size&quot;:&quot;22&quot;,&quot;title&quot;:&quot;\u00a1Impactante! Dos gr\u00faas arrastradas en fatal accidente en Gij\u00f3n: muerte de dos operarios&quot;,&quot;width&quot;:&quot;0&quot;,&quot;_legend&quot;:&quot;{score}\\\/{best} - ({count} {votes})&quot;,&quot;font_factor&quot;:&quot;1.25&quot;}'>\n            \n<div class=\"kksr-stars\">\n    \n<div class=\"kksr-stars-inactive\">\n            <div class=\"kksr-star\" data-star=\"1\" style=\"padding-right: 5px\">\n            \n\n<div class=\"kksr-icon\" style=\"width: 22px; height: 22px;\"><\/div>\n        <\/div>\n            <div class=\"kksr-star\" data-star=\"2\" style=\"padding-right: 5px\">\n            \n\n<div class=\"kksr-icon\" style=\"width: 22px; height: 22px;\"><\/div>\n        <\/div>\n            <div class=\"kksr-star\" data-star=\"3\" style=\"padding-right: 5px\">\n            \n\n<div class=\"kksr-icon\" style=\"width: 22px; height: 22px;\"><\/div>\n        <\/div>\n            <div class=\"kksr-star\" data-star=\"4\" style=\"padding-right: 5px\">\n            \n\n<div class=\"kksr-icon\" style=\"width: 22px; height: 22px;\"><\/div>\n        <\/div>\n            <div class=\"kksr-star\" data-star=\"5\" style=\"padding-right: 5px\">\n            \n\n<div class=\"kksr-icon\" style=\"width: 22px; height: 22px;\"><\/div>\n        <\/div>\n    <\/div>\n    \n<div class=\"kksr-stars-active\" style=\"width: 0px;\">\n            <div class=\"kksr-star\" style=\"padding-right: 5px\">\n            \n\n<div class=\"kksr-icon\" style=\"width: 22px; height: 22px;\"><\/div>\n        <\/div>\n            <div class=\"kksr-star\" style=\"padding-right: 5px\">\n            \n\n<div class=\"kksr-icon\" style=\"width: 22px; height: 22px;\"><\/div>\n        <\/div>\n            <div class=\"kksr-star\" style=\"padding-right: 5px\">\n            \n\n<div class=\"kksr-icon\" style=\"width: 22px; height: 22px;\"><\/div>\n        <\/div>\n            <div class=\"kksr-star\" style=\"padding-right: 5px\">\n            \n\n<div class=\"kksr-icon\" style=\"width: 22px; height: 22px;\"><\/div>\n        <\/div>\n            <div class=\"kksr-star\" style=\"padding-right: 5px\">\n            \n\n<div class=\"kksr-icon\" style=\"width: 22px; height: 22px;\"><\/div>\n        <\/div>\n    <\/div>\n<\/div>\n                \n\n<div class=\"kksr-legend\" style=\"font-size: 17.6px;\">\n            <span class=\"kksr-muted\">Valora este post<\/span>\n    <\/div>\n    <\/div>\n","protected":false},"excerpt":{"rendered":"<p>A continuaci\u00f3n te presento la reescritura del art\u00edculo en espa\u00f1ol: La tr\u00e1gica colisi\u00f3n en Gij\u00f3n que result\u00f3 en la muerte de dos trabajadores: la caseta se &#8230; <a title=\"\u00a1Impactante! Dos gr\u00faas arrastradas en fatal accidente en Gij\u00f3n: muerte de dos operarios\" class=\"read-more\" href=\"https:\/\/www.diario21.tv\/noticias\/impactante-dos-gruas-arrastradas-en-fatal-accidente-en-gijon-muerte-de-dos-operarios\/\" aria-label=\"Leer m\u00e1s sobre \u00a1Impactante! Dos gr\u00faas arrastradas en fatal accidente en Gij\u00f3n: muerte de dos operarios\">Seguir leyendo &rarr;<\/a><\/p>\n","protected":false},"author":16,"featured_media":346,"comment_status":"open","ping_status":"open","sticky":false,"template":"","format":"standard","meta":{"footnotes":""},"categories":[12],"tags":[],"class_list":["post-345","post","type-post","status-publish","format-standard","has-post-thumbnail","hentry","category-tendencia"],"yoast_head":"<!-- This site is optimized with the Yoast SEO plugin v25.6 - https:\/\/yoast.com\/wordpress\/plugins\/seo\/ -->\n<title>\u00a1Impactante! Dos gr\u00faas arrastradas en fatal accidente en Gij\u00f3n: muerte de dos operarios - Diario 21<\/title>\n<meta name=\"robots\" content=\"index, follow, max-snippet:-1, max-image-preview:large, max-video-preview:-1\" \/>\n<link rel=\"canonical\" href=\"https:\/\/www.diario21.tv\/noticias\/impactante-dos-gruas-arrastradas-en-fatal-accidente-en-gijon-muerte-de-dos-operarios\/\" \/>\n<meta property=\"og:locale\" content=\"es_ES\" \/>\n<meta property=\"og:type\" content=\"article\" \/>\n<meta property=\"og:title\" content=\"\u00a1Impactante! Dos gr\u00faas arrastradas en fatal accidente en Gij\u00f3n: muerte de dos operarios - Diario 21\" \/>\n<meta property=\"og:description\" content=\"A continuaci\u00f3n te presento la reescritura del art\u00edculo en espa\u00f1ol: La tr\u00e1gica colisi\u00f3n en Gij\u00f3n que result\u00f3 en la muerte de dos trabajadores: la caseta se ... Seguir leyendo &rarr;\" \/>\n<meta property=\"og:url\" content=\"https:\/\/www.diario21.tv\/noticias\/impactante-dos-gruas-arrastradas-en-fatal-accidente-en-gijon-muerte-de-dos-operarios\/\" \/>\n<meta property=\"og:site_name\" content=\"Diario 21\" \/>\n<meta property=\"article:published_time\" content=\"2024-09-09T19:50:40+00:00\" \/>\n<meta property=\"article:modified_time\" content=\"2024-09-09T19:50:43+00:00\" \/>\n<meta property=\"og:image\" content=\"https:\/\/www.diario21.tv\/noticias\/wp-content\/uploads\/2024\/09\/\u00a1Impactante-Dos-gruas-arrastradas-en-fatal-accidente-en-Gijon-muerte.png\" \/>\n\t<meta property=\"og:image:width\" content=\"646\" \/>\n\t<meta property=\"og:image:height\" content=\"455\" \/>\n\t<meta property=\"og:image:type\" content=\"image\/png\" \/>\n<meta name=\"author\" content=\"Diario 21\" \/>\n<meta name=\"twitter:card\" content=\"summary_large_image\" \/>\n<meta name=\"twitter:label1\" content=\"Escrito por\" \/>\n\t<meta name=\"twitter:data1\" content=\"Diario 21\" \/>\n\t<meta name=\"twitter:label2\" content=\"Tiempo de lectura\" \/>\n\t<meta name=\"twitter:data2\" content=\"2 minutos\" \/>\n<script type=\"application\/ld+json\" class=\"yoast-schema-graph\">{\"@context\":\"https:\/\/schema.org\",\"@graph\":[{\"@type\":\"WebPage\",\"@id\":\"https:\/\/www.diario21.tv\/noticias\/impactante-dos-gruas-arrastradas-en-fatal-accidente-en-gijon-muerte-de-dos-operarios\/\",\"url\":\"https:\/\/www.diario21.tv\/noticias\/impactante-dos-gruas-arrastradas-en-fatal-accidente-en-gijon-muerte-de-dos-operarios\/\",\"name\":\"\u00a1Impactante! Dos gr\u00faas arrastradas en fatal accidente en Gij\u00f3n: muerte de dos operarios - Diario 21\",\"isPartOf\":{\"@id\":\"https:\/\/www.diario21.tv\/noticias\/#website\"},\"primaryImageOfPage\":{\"@id\":\"https:\/\/www.diario21.tv\/noticias\/impactante-dos-gruas-arrastradas-en-fatal-accidente-en-gijon-muerte-de-dos-operarios\/#primaryimage\"},\"image\":{\"@id\":\"https:\/\/www.diario21.tv\/noticias\/impactante-dos-gruas-arrastradas-en-fatal-accidente-en-gijon-muerte-de-dos-operarios\/#primaryimage\"},\"thumbnailUrl\":\"https:\/\/www.diario21.tv\/noticias\/wp-content\/uploads\/2024\/09\/\u00a1Impactante-Dos-gruas-arrastradas-en-fatal-accidente-en-Gijon-muerte.png\",\"datePublished\":\"2024-09-09T19:50:40+00:00\",\"dateModified\":\"2024-09-09T19:50:43+00:00\",\"author\":{\"@id\":\"https:\/\/www.diario21.tv\/noticias\/#\/schema\/person\/7de9d6205bd3da5b7f01f5cffb18d715\"},\"breadcrumb\":{\"@id\":\"https:\/\/www.diario21.tv\/noticias\/impactante-dos-gruas-arrastradas-en-fatal-accidente-en-gijon-muerte-de-dos-operarios\/#breadcrumb\"},\"inLanguage\":\"es-AR\",\"potentialAction\":[{\"@type\":\"ReadAction\",\"target\":[\"https:\/\/www.diario21.tv\/noticias\/impactante-dos-gruas-arrastradas-en-fatal-accidente-en-gijon-muerte-de-dos-operarios\/\"]}]},{\"@type\":\"ImageObject\",\"inLanguage\":\"es-AR\",\"@id\":\"https:\/\/www.diario21.tv\/noticias\/impactante-dos-gruas-arrastradas-en-fatal-accidente-en-gijon-muerte-de-dos-operarios\/#primaryimage\",\"url\":\"https:\/\/www.diario21.tv\/noticias\/wp-content\/uploads\/2024\/09\/\u00a1Impactante-Dos-gruas-arrastradas-en-fatal-accidente-en-Gijon-muerte.png\",\"contentUrl\":\"https:\/\/www.diario21.tv\/noticias\/wp-content\/uploads\/2024\/09\/\u00a1Impactante-Dos-gruas-arrastradas-en-fatal-accidente-en-Gijon-muerte.png\",\"width\":646,\"height\":455,\"caption\":\"As\u00ed fue el fatal accidente en Gij\u00f3n en el que murieron dos operarios: el caset\u00f3n cedi\u00f3 y arrastr\u00f3 a dos gr\u00faas\"},{\"@type\":\"BreadcrumbList\",\"@id\":\"https:\/\/www.diario21.tv\/noticias\/impactante-dos-gruas-arrastradas-en-fatal-accidente-en-gijon-muerte-de-dos-operarios\/#breadcrumb\",\"itemListElement\":[{\"@type\":\"ListItem\",\"position\":1,\"name\":\"Accueil\",\"item\":\"https:\/\/www.diario21.tv\/noticias\/\"},{\"@type\":\"ListItem\",\"position\":2,\"name\":\"\u00a1Impactante! Dos gr\u00faas arrastradas en fatal accidente en Gij\u00f3n: muerte de dos operarios\"}]},{\"@type\":\"WebSite\",\"@id\":\"https:\/\/www.diario21.tv\/noticias\/#website\",\"url\":\"https:\/\/www.diario21.tv\/noticias\/\",\"name\":\"Diario 21\",\"description\":\"\",\"potentialAction\":[{\"@type\":\"SearchAction\",\"target\":{\"@type\":\"EntryPoint\",\"urlTemplate\":\"https:\/\/www.diario21.tv\/noticias\/?s={search_term_string}\"},\"query-input\":{\"@type\":\"PropertyValueSpecification\",\"valueRequired\":true,\"valueName\":\"search_term_string\"}}],\"inLanguage\":\"es-AR\"},{\"@type\":\"Person\",\"@id\":\"https:\/\/www.diario21.tv\/noticias\/#\/schema\/person\/7de9d6205bd3da5b7f01f5cffb18d715\",\"name\":\"Diario 21\",\"image\":{\"@type\":\"ImageObject\",\"inLanguage\":\"es-AR\",\"@id\":\"https:\/\/www.diario21.tv\/noticias\/#\/schema\/person\/image\/\",\"url\":\"https:\/\/secure.gravatar.com\/avatar\/d1d5e764b940c8e5990284cabcd5dea9?s=96&d=mm&r=g\",\"contentUrl\":\"https:\/\/secure.gravatar.com\/avatar\/d1d5e764b940c8e5990284cabcd5dea9?s=96&d=mm&r=g\",\"caption\":\"Diario 21\"},\"url\":\"https:\/\/www.diario21.tv\/noticias\/author\/diario-21\/\"}]}<\/script>\n<!-- \/ Yoast SEO plugin. -->","yoast_head_json":{"title":"\u00a1Impactante! Dos gr\u00faas arrastradas en fatal accidente en Gij\u00f3n: muerte de dos operarios - Diario 21","robots":{"index":"index","follow":"follow","max-snippet":"max-snippet:-1","max-image-preview":"max-image-preview:large","max-video-preview":"max-video-preview:-1"},"canonical":"https:\/\/www.diario21.tv\/noticias\/impactante-dos-gruas-arrastradas-en-fatal-accidente-en-gijon-muerte-de-dos-operarios\/","og_locale":"es_ES","og_type":"article","og_title":"\u00a1Impactante! Dos gr\u00faas arrastradas en fatal accidente en Gij\u00f3n: muerte de dos operarios - Diario 21","og_description":"A continuaci\u00f3n te presento la reescritura del art\u00edculo en espa\u00f1ol: La tr\u00e1gica colisi\u00f3n en Gij\u00f3n que result\u00f3 en la muerte de dos trabajadores: la caseta se ... Seguir leyendo &rarr;","og_url":"https:\/\/www.diario21.tv\/noticias\/impactante-dos-gruas-arrastradas-en-fatal-accidente-en-gijon-muerte-de-dos-operarios\/","og_site_name":"Diario 21","article_published_time":"2024-09-09T19:50:40+00:00","article_modified_time":"2024-09-09T19:50:43+00:00","og_image":[{"width":646,"height":455,"url":"https:\/\/www.diario21.tv\/noticias\/wp-content\/uploads\/2024\/09\/\u00a1Impactante-Dos-gruas-arrastradas-en-fatal-accidente-en-Gijon-muerte.png","type":"image\/png"}],"author":"Diario 21","twitter_card":"summary_large_image","twitter_misc":{"Escrito por":"Diario 21","Tiempo de lectura":"2 minutos"},"schema":{"@context":"https:\/\/schema.org","@graph":[{"@type":"WebPage","@id":"https:\/\/www.diario21.tv\/noticias\/impactante-dos-gruas-arrastradas-en-fatal-accidente-en-gijon-muerte-de-dos-operarios\/","url":"https:\/\/www.diario21.tv\/noticias\/impactante-dos-gruas-arrastradas-en-fatal-accidente-en-gijon-muerte-de-dos-operarios\/","name":"\u00a1Impactante! Dos gr\u00faas arrastradas en fatal accidente en Gij\u00f3n: muerte de dos operarios - Diario 21","isPartOf":{"@id":"https:\/\/www.diario21.tv\/noticias\/#website"},"primaryImageOfPage":{"@id":"https:\/\/www.diario21.tv\/noticias\/impactante-dos-gruas-arrastradas-en-fatal-accidente-en-gijon-muerte-de-dos-operarios\/#primaryimage"},"image":{"@id":"https:\/\/www.diario21.tv\/noticias\/impactante-dos-gruas-arrastradas-en-fatal-accidente-en-gijon-muerte-de-dos-operarios\/#primaryimage"},"thumbnailUrl":"https:\/\/www.diario21.tv\/noticias\/wp-content\/uploads\/2024\/09\/\u00a1Impactante-Dos-gruas-arrastradas-en-fatal-accidente-en-Gijon-muerte.png","datePublished":"2024-09-09T19:50:40+00:00","dateModified":"2024-09-09T19:50:43+00:00","author":{"@id":"https:\/\/www.diario21.tv\/noticias\/#\/schema\/person\/7de9d6205bd3da5b7f01f5cffb18d715"},"breadcrumb":{"@id":"https:\/\/www.diario21.tv\/noticias\/impactante-dos-gruas-arrastradas-en-fatal-accidente-en-gijon-muerte-de-dos-operarios\/#breadcrumb"},"inLanguage":"es-AR","potentialAction":[{"@type":"ReadAction","target":["https:\/\/www.diario21.tv\/noticias\/impactante-dos-gruas-arrastradas-en-fatal-accidente-en-gijon-muerte-de-dos-operarios\/"]}]},{"@type":"ImageObject","inLanguage":"es-AR","@id":"https:\/\/www.diario21.tv\/noticias\/impactante-dos-gruas-arrastradas-en-fatal-accidente-en-gijon-muerte-de-dos-operarios\/#primaryimage","url":"https:\/\/www.diario21.tv\/noticias\/wp-content\/uploads\/2024\/09\/\u00a1Impactante-Dos-gruas-arrastradas-en-fatal-accidente-en-Gijon-muerte.png","contentUrl":"https:\/\/www.diario21.tv\/noticias\/wp-content\/uploads\/2024\/09\/\u00a1Impactante-Dos-gruas-arrastradas-en-fatal-accidente-en-Gijon-muerte.png","width":646,"height":455,"caption":"As\u00ed fue el fatal accidente en Gij\u00f3n en el que murieron dos operarios: el caset\u00f3n cedi\u00f3 y arrastr\u00f3 a dos gr\u00faas"},{"@type":"BreadcrumbList","@id":"https:\/\/www.diario21.tv\/noticias\/impactante-dos-gruas-arrastradas-en-fatal-accidente-en-gijon-muerte-de-dos-operarios\/#breadcrumb","itemListElement":[{"@type":"ListItem","position":1,"name":"Accueil","item":"https:\/\/www.diario21.tv\/noticias\/"},{"@type":"ListItem","position":2,"name":"\u00a1Impactante! Dos gr\u00faas arrastradas en fatal accidente en Gij\u00f3n: muerte de dos operarios"}]},{"@type":"WebSite","@id":"https:\/\/www.diario21.tv\/noticias\/#website","url":"https:\/\/www.diario21.tv\/noticias\/","name":"Diario 21","description":"","potentialAction":[{"@type":"SearchAction","target":{"@type":"EntryPoint","urlTemplate":"https:\/\/www.diario21.tv\/noticias\/?s={search_term_string}"},"query-input":{"@type":"PropertyValueSpecification","valueRequired":true,"valueName":"search_term_string"}}],"inLanguage":"es-AR"},{"@type":"Person","@id":"https:\/\/www.diario21.tv\/noticias\/#\/schema\/person\/7de9d6205bd3da5b7f01f5cffb18d715","name":"Diario 21","image":{"@type":"ImageObject","inLanguage":"es-AR","@id":"https:\/\/www.diario21.tv\/noticias\/#\/schema\/person\/image\/","url":"https:\/\/secure.gravatar.com\/avatar\/d1d5e764b940c8e5990284cabcd5dea9?s=96&d=mm&r=g","contentUrl":"https:\/\/secure.gravatar.com\/avatar\/d1d5e764b940c8e5990284cabcd5dea9?s=96&d=mm&r=g","caption":"Diario 21"},"url":"https:\/\/www.diario21.tv\/noticias\/author\/diario-21\/"}]}},"_links":{"self":[{"href":"https:\/\/www.diario21.tv\/noticias\/wp-json\/wp\/v2\/posts\/345"}],"collection":[{"href":"https:\/\/www.diario21.tv\/noticias\/wp-json\/wp\/v2\/posts"}],"about":[{"href":"https:\/\/www.diario21.tv\/noticias\/wp-json\/wp\/v2\/types\/post"}],"author":[{"embeddable":true,"href":"https:\/\/www.diario21.tv\/noticias\/wp-json\/wp\/v2\/users\/16"}],"replies":[{"embeddable":true,"href":"https:\/\/www.diario21.tv\/noticias\/wp-json\/wp\/v2\/comments?post=345"}],"version-history":[{"count":1,"href":"https:\/\/www.diario21.tv\/noticias\/wp-json\/wp\/v2\/posts\/345\/revisions"}],"predecessor-version":[{"id":347,"href":"https:\/\/www.diario21.tv\/noticias\/wp-json\/wp\/v2\/posts\/345\/revisions\/347"}],"wp:featuredmedia":[{"embeddable":true,"href":"https:\/\/www.diario21.tv\/noticias\/wp-json\/wp\/v2\/media\/346"}],"wp:attachment":[{"href":"https:\/\/www.diario21.tv\/noticias\/wp-json\/wp\/v2\/media?parent=345"}],"wp:term":[{"taxonomy":"category","embeddable":true,"href":"https:\/\/www.diario21.tv\/noticias\/wp-json\/wp\/v2\/categories?post=345"},{"taxonomy":"post_tag","embeddable":true,"href":"https:\/\/www.diario21.tv\/noticias\/wp-json\/wp\/v2\/tags?post=345"}],"curies":[{"name":"wp","href":"https:\/\/api.w.org\/{rel}","templated":true}]}}