{"id":3448,"date":"2025-06-12T05:19:47","date_gmt":"2025-06-12T05:19:47","guid":{"rendered":"https:\/\/www.diario21.tv\/noticias\/homenaje-conmovedor-a-espanolas-en-ravensbruck-descubre-sus-historias\/"},"modified":"2025-06-12T05:19:48","modified_gmt":"2025-06-12T05:19:48","slug":"homenaje-conmovedor-a-espanolas-en-ravensbruck-descubre-sus-historias","status":"publish","type":"post","link":"https:\/\/www.diario21.tv\/noticias\/homenaje-conmovedor-a-espanolas-en-ravensbruck-descubre-sus-historias\/","title":{"rendered":"Homenaje conmovedor a espa\u00f1olas en Ravensbr\u00fcck: \u00a1Descubre sus historias!"},"content":{"rendered":"<h2>Deportaci\u00f3n de Mujeres Espa\u00f1olas a Ravensbr\u00fcck<\/h2>\n<p><\/p>\n<p class=\"v-p\">Entre 1942 y 1945, durante los \u00faltimos a\u00f1os de la Segunda Guerra Mundial, un grupo de mujeres espa\u00f1olas que hab\u00eda buscado refugio en Francia fue deportado al campo de concentraci\u00f3n de Ravensbr\u00fcck. Entre ellas se encontraba Neus Catal\u00e0, quien tras ser sometida a interrogatorios y torturas, fue obligada a realizar trabajos forzados en este campo de exterminio. En febrero de 1944, Neus lleg\u00f3 junto a otras mil mujeres, en su mayor\u00eda integrantes de la resistencia antifascista. Seg\u00fan recuerda su hija, Margarita Catal\u00e1, en el evento &#8216;Olvidadas&#8217; de la Instituci\u00f3n Libre de Ense\u00f1anza, estas mujeres eran forzadas a trabajar en la producci\u00f3n de armamento alem\u00e1n, actividad que intentaban sabotear a pesar de los riesgos mortales. &#8220;Algunas fueron descubiertas y ejecutadas&#8221;, relata Margarita.<\/p>\n<h2>La Vida en los Campos de Concentraci\u00f3n<\/h2>\n<p><\/p>\n<p class=\"v-p\">Las condiciones en los campos de concentraci\u00f3n eran extremadamente duras. Adem\u00e1s de los horrores del exterminio perpetrado por los nazis, las prisioneras enfrentaban violencia sexual y violencia &#8220;maternal&#8221;, explica la historiadora Amalia Rosado Orqu\u00edn, autora del libro &#8216;Espa\u00f1olas en los campos nazis&#8217;. Aproximadamente 400 espa\u00f1olas fueron encerradas en estos lugares de terror, como Auschwitz, Bergen-Belsen, Buchenwald, Dachau y Ravensbr\u00fcck, y muchas de ellas permanecen an\u00f3nimas a d\u00eda de hoy.<\/p>\n<h2>Formas de Resistencia en Medio del Horror<\/h2>\n<p><\/p>\n<p class=\"v-p\">A pesar del entorno de desolaci\u00f3n y crueldad, las prisioneras encontraron maneras de resistir a trav\u00e9s de la expresi\u00f3n cultural, tal como lo destaca Catal\u00e0. Su madre, que pose\u00eda una voz de soprano, junto a otras mujeres, form\u00f3 coros dentro de los comandos de trabajo. &#8220;En medio de esa vida vac\u00eda y brutal, se organizaban representaciones teatrales, se impart\u00edan clases de idiomas, historia y dibujo; todas actividades que estaban prohibidas y eran severamente castigadas&#8221;, explica Catal\u00e0. Sin embargo, el canto se convert\u00eda en un veh\u00edculo para la esperanza y el deseo de vivir, sirviendo como un puente que las conectaba con su pasado libre y fortalec\u00eda los lazos entre ellas.<\/p>\n\n\n<div class=\"kk-star-ratings kksr-auto kksr-align-left kksr-valign-bottom\"\n    data-payload='{&quot;align&quot;:&quot;left&quot;,&quot;id&quot;:&quot;3448&quot;,&quot;slug&quot;:&quot;default&quot;,&quot;valign&quot;:&quot;bottom&quot;,&quot;ignore&quot;:&quot;&quot;,&quot;reference&quot;:&quot;auto&quot;,&quot;class&quot;:&quot;&quot;,&quot;count&quot;:&quot;1&quot;,&quot;legendonly&quot;:&quot;&quot;,&quot;readonly&quot;:&quot;&quot;,&quot;score&quot;:&quot;1&quot;,&quot;starsonly&quot;:&quot;&quot;,&quot;best&quot;:&quot;5&quot;,&quot;gap&quot;:&quot;5&quot;,&quot;greet&quot;:&quot;Valora este post&quot;,&quot;legend&quot;:&quot;1\\\/5 - (1 vote)&quot;,&quot;size&quot;:&quot;22&quot;,&quot;title&quot;:&quot;Homenaje conmovedor a espa\u00f1olas en Ravensbr\u00fcck: \u00a1Descubre sus historias!&quot;,&quot;width&quot;:&quot;24.5&quot;,&quot;_legend&quot;:&quot;{score}\\\/{best} - ({count} {votes})&quot;,&quot;font_factor&quot;:&quot;1.25&quot;}'>\n            \n<div class=\"kksr-stars\">\n    \n<div class=\"kksr-stars-inactive\">\n            <div class=\"kksr-star\" data-star=\"1\" style=\"padding-right: 5px\">\n            \n\n<div class=\"kksr-icon\" style=\"width: 22px; height: 22px;\"><\/div>\n        <\/div>\n            <div class=\"kksr-star\" data-star=\"2\" style=\"padding-right: 5px\">\n            \n\n<div class=\"kksr-icon\" style=\"width: 22px; height: 22px;\"><\/div>\n        <\/div>\n            <div class=\"kksr-star\" data-star=\"3\" style=\"padding-right: 5px\">\n            \n\n<div class=\"kksr-icon\" style=\"width: 22px; height: 22px;\"><\/div>\n        <\/div>\n            <div class=\"kksr-star\" data-star=\"4\" style=\"padding-right: 5px\">\n            \n\n<div class=\"kksr-icon\" style=\"width: 22px; height: 22px;\"><\/div>\n        <\/div>\n            <div class=\"kksr-star\" data-star=\"5\" style=\"padding-right: 5px\">\n            \n\n<div class=\"kksr-icon\" style=\"width: 22px; height: 22px;\"><\/div>\n        <\/div>\n    <\/div>\n    \n<div class=\"kksr-stars-active\" style=\"width: 24.5px;\">\n            <div class=\"kksr-star\" style=\"padding-right: 5px\">\n            \n\n<div class=\"kksr-icon\" style=\"width: 22px; height: 22px;\"><\/div>\n        <\/div>\n            <div class=\"kksr-star\" style=\"padding-right: 5px\">\n            \n\n<div class=\"kksr-icon\" style=\"width: 22px; height: 22px;\"><\/div>\n        <\/div>\n            <div class=\"kksr-star\" style=\"padding-right: 5px\">\n            \n\n<div class=\"kksr-icon\" style=\"width: 22px; height: 22px;\"><\/div>\n        <\/div>\n            <div class=\"kksr-star\" style=\"padding-right: 5px\">\n            \n\n<div class=\"kksr-icon\" style=\"width: 22px; height: 22px;\"><\/div>\n        <\/div>\n            <div class=\"kksr-star\" style=\"padding-right: 5px\">\n            \n\n<div class=\"kksr-icon\" style=\"width: 22px; height: 22px;\"><\/div>\n        <\/div>\n    <\/div>\n<\/div>\n                \n\n<div class=\"kksr-legend\" style=\"font-size: 17.6px;\">\n            1\/5 - (1 vote)    <\/div>\n    <\/div>\n","protected":false},"excerpt":{"rendered":"<p>Deportaci\u00f3n de Mujeres Espa\u00f1olas a Ravensbr\u00fcck Entre 1942 y 1945, durante los \u00faltimos a\u00f1os de la Segunda Guerra Mundial, un grupo de mujeres espa\u00f1olas que hab\u00eda &#8230; <a title=\"Homenaje conmovedor a espa\u00f1olas en Ravensbr\u00fcck: \u00a1Descubre sus historias!\" class=\"read-more\" href=\"https:\/\/www.diario21.tv\/noticias\/homenaje-conmovedor-a-espanolas-en-ravensbruck-descubre-sus-historias\/\" aria-label=\"Leer m\u00e1s sobre Homenaje conmovedor a espa\u00f1olas en Ravensbr\u00fcck: \u00a1Descubre sus historias!\">Seguir leyendo &rarr;<\/a><\/p>\n","protected":false},"author":20,"featured_media":3449,"comment_status":"open","ping_status":"open","sticky":false,"template":"","format":"standard","meta":{"footnotes":""},"categories":[13],"tags":[],"class_list":["post-3448","post","type-post","status-publish","format-standard","has-post-thumbnail","hentry","category-portada"],"yoast_head":"<!-- This site is optimized with the Yoast SEO plugin v25.6 - https:\/\/yoast.com\/wordpress\/plugins\/seo\/ -->\n<title>Homenaje conmovedor a espa\u00f1olas en Ravensbr\u00fcck: \u00a1Descubre sus historias! - Diario 21<\/title>\n<meta name=\"robots\" content=\"index, follow, max-snippet:-1, max-image-preview:large, max-video-preview:-1\" \/>\n<link rel=\"canonical\" href=\"https:\/\/www.diario21.tv\/noticias\/homenaje-conmovedor-a-espanolas-en-ravensbruck-descubre-sus-historias\/\" \/>\n<meta property=\"og:locale\" content=\"es_ES\" \/>\n<meta property=\"og:type\" content=\"article\" \/>\n<meta property=\"og:title\" content=\"Homenaje conmovedor a espa\u00f1olas en Ravensbr\u00fcck: \u00a1Descubre sus historias! - Diario 21\" \/>\n<meta property=\"og:description\" content=\"Deportaci\u00f3n de Mujeres Espa\u00f1olas a Ravensbr\u00fcck Entre 1942 y 1945, durante los \u00faltimos a\u00f1os de la Segunda Guerra Mundial, un grupo de mujeres espa\u00f1olas que hab\u00eda ... Seguir leyendo &rarr;\" \/>\n<meta property=\"og:url\" content=\"https:\/\/www.diario21.tv\/noticias\/homenaje-conmovedor-a-espanolas-en-ravensbruck-descubre-sus-historias\/\" \/>\n<meta property=\"og:site_name\" content=\"Diario 21\" \/>\n<meta property=\"article:published_time\" content=\"2025-06-12T05:19:47+00:00\" \/>\n<meta property=\"article:modified_time\" content=\"2025-06-12T05:19:48+00:00\" \/>\n<meta property=\"og:image\" content=\"https:\/\/www.diario21.tv\/noticias\/wp-content\/uploads\/2025\/06\/Homenaje-conmovedor-a-espanolas-en-Ravensbruck-\u00a1Descubre-sus-historias.jpg\" \/>\n\t<meta property=\"og:image:width\" content=\"1200\" \/>\n\t<meta property=\"og:image:height\" content=\"840\" \/>\n\t<meta property=\"og:image:type\" content=\"image\/jpeg\" \/>\n<meta name=\"author\" content=\"Juan P\u00e9rez\" \/>\n<meta name=\"twitter:card\" content=\"summary_large_image\" \/>\n<meta name=\"twitter:label1\" content=\"Escrito por\" \/>\n\t<meta name=\"twitter:data1\" content=\"Juan P\u00e9rez\" \/>\n\t<meta name=\"twitter:label2\" content=\"Tiempo de lectura\" \/>\n\t<meta name=\"twitter:data2\" content=\"2 minutos\" \/>\n<script type=\"application\/ld+json\" class=\"yoast-schema-graph\">{\"@context\":\"https:\/\/schema.org\",\"@graph\":[{\"@type\":\"WebPage\",\"@id\":\"https:\/\/www.diario21.tv\/noticias\/homenaje-conmovedor-a-espanolas-en-ravensbruck-descubre-sus-historias\/\",\"url\":\"https:\/\/www.diario21.tv\/noticias\/homenaje-conmovedor-a-espanolas-en-ravensbruck-descubre-sus-historias\/\",\"name\":\"Homenaje conmovedor a espa\u00f1olas en Ravensbr\u00fcck: \u00a1Descubre sus historias! - Diario 21\",\"isPartOf\":{\"@id\":\"https:\/\/www.diario21.tv\/noticias\/#website\"},\"primaryImageOfPage\":{\"@id\":\"https:\/\/www.diario21.tv\/noticias\/homenaje-conmovedor-a-espanolas-en-ravensbruck-descubre-sus-historias\/#primaryimage\"},\"image\":{\"@id\":\"https:\/\/www.diario21.tv\/noticias\/homenaje-conmovedor-a-espanolas-en-ravensbruck-descubre-sus-historias\/#primaryimage\"},\"thumbnailUrl\":\"https:\/\/www.diario21.tv\/noticias\/wp-content\/uploads\/2025\/06\/Homenaje-conmovedor-a-espanolas-en-Ravensbruck-\u00a1Descubre-sus-historias.jpg\",\"datePublished\":\"2025-06-12T05:19:47+00:00\",\"dateModified\":\"2025-06-12T05:19:48+00:00\",\"author\":{\"@id\":\"https:\/\/www.diario21.tv\/noticias\/#\/schema\/person\/dfb778f73814d8f09f302618446a526b\"},\"breadcrumb\":{\"@id\":\"https:\/\/www.diario21.tv\/noticias\/homenaje-conmovedor-a-espanolas-en-ravensbruck-descubre-sus-historias\/#breadcrumb\"},\"inLanguage\":\"es-AR\",\"potentialAction\":[{\"@type\":\"ReadAction\",\"target\":[\"https:\/\/www.diario21.tv\/noticias\/homenaje-conmovedor-a-espanolas-en-ravensbruck-descubre-sus-historias\/\"]}]},{\"@type\":\"ImageObject\",\"inLanguage\":\"es-AR\",\"@id\":\"https:\/\/www.diario21.tv\/noticias\/homenaje-conmovedor-a-espanolas-en-ravensbruck-descubre-sus-historias\/#primaryimage\",\"url\":\"https:\/\/www.diario21.tv\/noticias\/wp-content\/uploads\/2025\/06\/Homenaje-conmovedor-a-espanolas-en-Ravensbruck-\u00a1Descubre-sus-historias.jpg\",\"contentUrl\":\"https:\/\/www.diario21.tv\/noticias\/wp-content\/uploads\/2025\/06\/Homenaje-conmovedor-a-espanolas-en-Ravensbruck-\u00a1Descubre-sus-historias.jpg\",\"width\":1200,\"height\":840,\"caption\":\"Homenaje a las espa\u00f1olas deportadas al campo de concentraci\u00f3n de Ravensbr\u00fcck\"},{\"@type\":\"BreadcrumbList\",\"@id\":\"https:\/\/www.diario21.tv\/noticias\/homenaje-conmovedor-a-espanolas-en-ravensbruck-descubre-sus-historias\/#breadcrumb\",\"itemListElement\":[{\"@type\":\"ListItem\",\"position\":1,\"name\":\"Accueil\",\"item\":\"https:\/\/www.diario21.tv\/noticias\/\"},{\"@type\":\"ListItem\",\"position\":2,\"name\":\"Homenaje conmovedor a espa\u00f1olas en Ravensbr\u00fcck: \u00a1Descubre sus historias!\"}]},{\"@type\":\"WebSite\",\"@id\":\"https:\/\/www.diario21.tv\/noticias\/#website\",\"url\":\"https:\/\/www.diario21.tv\/noticias\/\",\"name\":\"Diario 21\",\"description\":\"\",\"potentialAction\":[{\"@type\":\"SearchAction\",\"target\":{\"@type\":\"EntryPoint\",\"urlTemplate\":\"https:\/\/www.diario21.tv\/noticias\/?s={search_term_string}\"},\"query-input\":{\"@type\":\"PropertyValueSpecification\",\"valueRequired\":true,\"valueName\":\"search_term_string\"}}],\"inLanguage\":\"es-AR\"},{\"@type\":\"Person\",\"@id\":\"https:\/\/www.diario21.tv\/noticias\/#\/schema\/person\/dfb778f73814d8f09f302618446a526b\",\"name\":\"Juan P\u00e9rez\",\"image\":{\"@type\":\"ImageObject\",\"inLanguage\":\"es-AR\",\"@id\":\"https:\/\/www.diario21.tv\/noticias\/#\/schema\/person\/image\/\",\"url\":\"https:\/\/secure.gravatar.com\/avatar\/c478a405bd10621167f4c3167cc770f5?s=96&d=mm&r=g\",\"contentUrl\":\"https:\/\/secure.gravatar.com\/avatar\/c478a405bd10621167f4c3167cc770f5?s=96&d=mm&r=g\",\"caption\":\"Juan P\u00e9rez\"},\"description\":\"Juan P\u00e9rez es el redactor en jefe de Diario 21. Con m\u00e1s de 10 a\u00f1os de experiencia en el periodismo, se especializa en pol\u00edtica nacional y an\u00e1lisis socioecon\u00f3mico. Su enfoque cr\u00edtico y riguroso aporta una perspectiva \u00fanica a cada art\u00edculo.\",\"sameAs\":[\"https:\/\/www.diario21.tv\/noticias\/\"],\"url\":\"https:\/\/www.diario21.tv\/noticias\/author\/juan-perez\/\"}]}<\/script>\n<!-- \/ Yoast SEO plugin. -->","yoast_head_json":{"title":"Homenaje conmovedor a espa\u00f1olas en Ravensbr\u00fcck: \u00a1Descubre sus historias! - Diario 21","robots":{"index":"index","follow":"follow","max-snippet":"max-snippet:-1","max-image-preview":"max-image-preview:large","max-video-preview":"max-video-preview:-1"},"canonical":"https:\/\/www.diario21.tv\/noticias\/homenaje-conmovedor-a-espanolas-en-ravensbruck-descubre-sus-historias\/","og_locale":"es_ES","og_type":"article","og_title":"Homenaje conmovedor a espa\u00f1olas en Ravensbr\u00fcck: \u00a1Descubre sus historias! - Diario 21","og_description":"Deportaci\u00f3n de Mujeres Espa\u00f1olas a Ravensbr\u00fcck Entre 1942 y 1945, durante los \u00faltimos a\u00f1os de la Segunda Guerra Mundial, un grupo de mujeres espa\u00f1olas que hab\u00eda ... Seguir leyendo &rarr;","og_url":"https:\/\/www.diario21.tv\/noticias\/homenaje-conmovedor-a-espanolas-en-ravensbruck-descubre-sus-historias\/","og_site_name":"Diario 21","article_published_time":"2025-06-12T05:19:47+00:00","article_modified_time":"2025-06-12T05:19:48+00:00","og_image":[{"width":1200,"height":840,"url":"https:\/\/www.diario21.tv\/noticias\/wp-content\/uploads\/2025\/06\/Homenaje-conmovedor-a-espanolas-en-Ravensbruck-\u00a1Descubre-sus-historias.jpg","type":"image\/jpeg"}],"author":"Juan P\u00e9rez","twitter_card":"summary_large_image","twitter_misc":{"Escrito por":"Juan P\u00e9rez","Tiempo de lectura":"2 minutos"},"schema":{"@context":"https:\/\/schema.org","@graph":[{"@type":"WebPage","@id":"https:\/\/www.diario21.tv\/noticias\/homenaje-conmovedor-a-espanolas-en-ravensbruck-descubre-sus-historias\/","url":"https:\/\/www.diario21.tv\/noticias\/homenaje-conmovedor-a-espanolas-en-ravensbruck-descubre-sus-historias\/","name":"Homenaje conmovedor a espa\u00f1olas en Ravensbr\u00fcck: \u00a1Descubre sus historias! - Diario 21","isPartOf":{"@id":"https:\/\/www.diario21.tv\/noticias\/#website"},"primaryImageOfPage":{"@id":"https:\/\/www.diario21.tv\/noticias\/homenaje-conmovedor-a-espanolas-en-ravensbruck-descubre-sus-historias\/#primaryimage"},"image":{"@id":"https:\/\/www.diario21.tv\/noticias\/homenaje-conmovedor-a-espanolas-en-ravensbruck-descubre-sus-historias\/#primaryimage"},"thumbnailUrl":"https:\/\/www.diario21.tv\/noticias\/wp-content\/uploads\/2025\/06\/Homenaje-conmovedor-a-espanolas-en-Ravensbruck-\u00a1Descubre-sus-historias.jpg","datePublished":"2025-06-12T05:19:47+00:00","dateModified":"2025-06-12T05:19:48+00:00","author":{"@id":"https:\/\/www.diario21.tv\/noticias\/#\/schema\/person\/dfb778f73814d8f09f302618446a526b"},"breadcrumb":{"@id":"https:\/\/www.diario21.tv\/noticias\/homenaje-conmovedor-a-espanolas-en-ravensbruck-descubre-sus-historias\/#breadcrumb"},"inLanguage":"es-AR","potentialAction":[{"@type":"ReadAction","target":["https:\/\/www.diario21.tv\/noticias\/homenaje-conmovedor-a-espanolas-en-ravensbruck-descubre-sus-historias\/"]}]},{"@type":"ImageObject","inLanguage":"es-AR","@id":"https:\/\/www.diario21.tv\/noticias\/homenaje-conmovedor-a-espanolas-en-ravensbruck-descubre-sus-historias\/#primaryimage","url":"https:\/\/www.diario21.tv\/noticias\/wp-content\/uploads\/2025\/06\/Homenaje-conmovedor-a-espanolas-en-Ravensbruck-\u00a1Descubre-sus-historias.jpg","contentUrl":"https:\/\/www.diario21.tv\/noticias\/wp-content\/uploads\/2025\/06\/Homenaje-conmovedor-a-espanolas-en-Ravensbruck-\u00a1Descubre-sus-historias.jpg","width":1200,"height":840,"caption":"Homenaje a las espa\u00f1olas deportadas al campo de concentraci\u00f3n de Ravensbr\u00fcck"},{"@type":"BreadcrumbList","@id":"https:\/\/www.diario21.tv\/noticias\/homenaje-conmovedor-a-espanolas-en-ravensbruck-descubre-sus-historias\/#breadcrumb","itemListElement":[{"@type":"ListItem","position":1,"name":"Accueil","item":"https:\/\/www.diario21.tv\/noticias\/"},{"@type":"ListItem","position":2,"name":"Homenaje conmovedor a espa\u00f1olas en Ravensbr\u00fcck: \u00a1Descubre sus historias!"}]},{"@type":"WebSite","@id":"https:\/\/www.diario21.tv\/noticias\/#website","url":"https:\/\/www.diario21.tv\/noticias\/","name":"Diario 21","description":"","potentialAction":[{"@type":"SearchAction","target":{"@type":"EntryPoint","urlTemplate":"https:\/\/www.diario21.tv\/noticias\/?s={search_term_string}"},"query-input":{"@type":"PropertyValueSpecification","valueRequired":true,"valueName":"search_term_string"}}],"inLanguage":"es-AR"},{"@type":"Person","@id":"https:\/\/www.diario21.tv\/noticias\/#\/schema\/person\/dfb778f73814d8f09f302618446a526b","name":"Juan P\u00e9rez","image":{"@type":"ImageObject","inLanguage":"es-AR","@id":"https:\/\/www.diario21.tv\/noticias\/#\/schema\/person\/image\/","url":"https:\/\/secure.gravatar.com\/avatar\/c478a405bd10621167f4c3167cc770f5?s=96&d=mm&r=g","contentUrl":"https:\/\/secure.gravatar.com\/avatar\/c478a405bd10621167f4c3167cc770f5?s=96&d=mm&r=g","caption":"Juan P\u00e9rez"},"description":"Juan P\u00e9rez es el redactor en jefe de Diario 21. Con m\u00e1s de 10 a\u00f1os de experiencia en el periodismo, se especializa en pol\u00edtica nacional y an\u00e1lisis socioecon\u00f3mico. Su enfoque cr\u00edtico y riguroso aporta una perspectiva \u00fanica a cada art\u00edculo.","sameAs":["https:\/\/www.diario21.tv\/noticias\/"],"url":"https:\/\/www.diario21.tv\/noticias\/author\/juan-perez\/"}]}},"_links":{"self":[{"href":"https:\/\/www.diario21.tv\/noticias\/wp-json\/wp\/v2\/posts\/3448"}],"collection":[{"href":"https:\/\/www.diario21.tv\/noticias\/wp-json\/wp\/v2\/posts"}],"about":[{"href":"https:\/\/www.diario21.tv\/noticias\/wp-json\/wp\/v2\/types\/post"}],"author":[{"embeddable":true,"href":"https:\/\/www.diario21.tv\/noticias\/wp-json\/wp\/v2\/users\/20"}],"replies":[{"embeddable":true,"href":"https:\/\/www.diario21.tv\/noticias\/wp-json\/wp\/v2\/comments?post=3448"}],"version-history":[{"count":1,"href":"https:\/\/www.diario21.tv\/noticias\/wp-json\/wp\/v2\/posts\/3448\/revisions"}],"predecessor-version":[{"id":3450,"href":"https:\/\/www.diario21.tv\/noticias\/wp-json\/wp\/v2\/posts\/3448\/revisions\/3450"}],"wp:featuredmedia":[{"embeddable":true,"href":"https:\/\/www.diario21.tv\/noticias\/wp-json\/wp\/v2\/media\/3449"}],"wp:attachment":[{"href":"https:\/\/www.diario21.tv\/noticias\/wp-json\/wp\/v2\/media?parent=3448"}],"wp:term":[{"taxonomy":"category","embeddable":true,"href":"https:\/\/www.diario21.tv\/noticias\/wp-json\/wp\/v2\/categories?post=3448"},{"taxonomy":"post_tag","embeddable":true,"href":"https:\/\/www.diario21.tv\/noticias\/wp-json\/wp\/v2\/tags?post=3448"}],"curies":[{"name":"wp","href":"https:\/\/api.w.org\/{rel}","templated":true}]}}