{"id":3418,"date":"2025-06-09T16:46:26","date_gmt":"2025-06-09T16:46:26","guid":{"rendered":"https:\/\/www.diario21.tv\/noticias\/impactante-exmonja-vive-en-la-calle-con-solo-500-euros-tras-20-anos-de-servicio\/"},"modified":"2025-06-09T16:46:27","modified_gmt":"2025-06-09T16:46:27","slug":"impactante-exmonja-vive-en-la-calle-con-solo-500-euros-tras-20-anos-de-servicio","status":"publish","type":"post","link":"https:\/\/www.diario21.tv\/noticias\/impactante-exmonja-vive-en-la-calle-con-solo-500-euros-tras-20-anos-de-servicio\/","title":{"rendered":"\u00a1Impactante! Exmonja vive en la calle con solo 500 euros tras 20 a\u00f1os de servicio"},"content":{"rendered":"<h2>Abandonada a Su Suerte Tras Dos D\u00e9cadas de Servicio Religioso<\/h2>\n<p>Despu\u00e9s de dedicar veinte a\u00f1os de su vida al servicio religioso, una exmonja se encuentra en una situaci\u00f3n de desamparo econ\u00f3mico y social, sobreviviendo apenas con 500 euros al mes y sin acceso a la seguridad social. Este caso ha resaltado las dificultades que enfrentan algunos individuos al abandonar instituciones eclesi\u00e1sticas, donde los apoyos y garant\u00edas laborales pueden ser insuficientes.<\/p>\n<h3>Vida Dedicada a la Fe, Enfrentando la Realidad Econ\u00f3mica<\/h3>\n<p>La mujer, que prefiri\u00f3 mantenerse en el anonimato, ingres\u00f3 a la vida religiosa con grandes esperanzas y compromiso espiritual. Durante dos d\u00e9cadas, su vida estuvo dedicada completamente a la comunidad religiosa, asumiendo diversas responsabilidades y roles. Sin embargo, al dejar la congregaci\u00f3n, se encontr\u00f3 con la dura realidad de no tener derecho a pensiones ni beneficios laborales t\u00edpicos, ya que su labor como monja no fue reconocida como un empleo formal ante las autoridades de seguridad social.<\/p>\n<h3>Desamparo Post-Vida Consagrada<\/h3>\n<p>Al salir de la vida consagrada, la exmonja descubri\u00f3 que su futuro era incierto. La falta de recursos y apoyos se convirti\u00f3 en una barrera casi insuperable para integrarse nuevamente a la sociedad civil. Con solamente 500 euros al mes, obtenidos a trav\u00e9s de peque\u00f1os trabajos y la ayuda ocasional de conocidos, su capacidad para mantener un nivel de vida estable es extremadamente limitada.<\/p>\n<p>Esta situaci\u00f3n no es exclusiva de ella; muchos que dejan la vida consagrada enfrentan obst\u00e1culos similares. La transici\u00f3n de la vida religiosa a la vida secular a menudo viene acompa\u00f1ada de enormes desaf\u00edos, especialmente cuando no existen medidas de seguridad social que reconozcan el tiempo dedicado a labores religiosas.<\/p>\n<h3>Un Llamado a la Reflexi\u00f3n y Acci\u00f3n<\/h3>\n<p>El caso de esta exmonja es un claro llamado a la reflexi\u00f3n sobre c\u00f3mo las instituciones religiosas y la sociedad en general manejan la transici\u00f3n de sus miembros hacia la vida secular. La necesidad de establecer sistemas que proporcionen seguridad y estabilidad a quienes deciden dejar la vida consagrada es evidente, para asegurar que estos individuos puedan reintegrarse sin enfrentar pobreza extrema.<\/p>\n<p>Adem\u00e1s, es crucial considerar reformas en las pol\u00edticas de seguridad social que incluyan reconocimiento del tiempo de servicio religioso como parte de la vida laboral. Esto no solo ayudar\u00eda a garantizar una transici\u00f3n m\u00e1s suave para los exmiembros de congregaciones religiosas, sino que tambi\u00e9n resaltar\u00eda el valor social de su dedicaci\u00f3n y servicio.<\/p>\n<p>En resumen, mientras la sociedad contin\u00faa evolucionando, tambi\u00e9n lo deben hacer las estructuras de apoyo para todos sus miembros, incluyendo aquellos que han dedicado a\u00f1os significativos de su vida a la espiritualidad y el servicio comunitario.<\/p>\n\n\n<div class=\"kk-star-ratings kksr-auto kksr-align-left kksr-valign-bottom\"\n    data-payload='{&quot;align&quot;:&quot;left&quot;,&quot;id&quot;:&quot;3418&quot;,&quot;slug&quot;:&quot;default&quot;,&quot;valign&quot;:&quot;bottom&quot;,&quot;ignore&quot;:&quot;&quot;,&quot;reference&quot;:&quot;auto&quot;,&quot;class&quot;:&quot;&quot;,&quot;count&quot;:&quot;0&quot;,&quot;legendonly&quot;:&quot;&quot;,&quot;readonly&quot;:&quot;&quot;,&quot;score&quot;:&quot;0&quot;,&quot;starsonly&quot;:&quot;&quot;,&quot;best&quot;:&quot;5&quot;,&quot;gap&quot;:&quot;5&quot;,&quot;greet&quot;:&quot;Valora este post&quot;,&quot;legend&quot;:&quot;0\\\/5 - (0 votes)&quot;,&quot;size&quot;:&quot;22&quot;,&quot;title&quot;:&quot;\u00a1Impactante! Exmonja vive en la calle con solo 500 euros tras 20 a\u00f1os de servicio&quot;,&quot;width&quot;:&quot;0&quot;,&quot;_legend&quot;:&quot;{score}\\\/{best} - ({count} {votes})&quot;,&quot;font_factor&quot;:&quot;1.25&quot;}'>\n            \n<div class=\"kksr-stars\">\n    \n<div class=\"kksr-stars-inactive\">\n            <div class=\"kksr-star\" data-star=\"1\" style=\"padding-right: 5px\">\n            \n\n<div class=\"kksr-icon\" style=\"width: 22px; height: 22px;\"><\/div>\n        <\/div>\n            <div class=\"kksr-star\" data-star=\"2\" style=\"padding-right: 5px\">\n            \n\n<div class=\"kksr-icon\" style=\"width: 22px; height: 22px;\"><\/div>\n        <\/div>\n            <div class=\"kksr-star\" data-star=\"3\" style=\"padding-right: 5px\">\n            \n\n<div class=\"kksr-icon\" style=\"width: 22px; height: 22px;\"><\/div>\n        <\/div>\n            <div class=\"kksr-star\" data-star=\"4\" style=\"padding-right: 5px\">\n            \n\n<div class=\"kksr-icon\" style=\"width: 22px; height: 22px;\"><\/div>\n        <\/div>\n            <div class=\"kksr-star\" data-star=\"5\" style=\"padding-right: 5px\">\n            \n\n<div class=\"kksr-icon\" style=\"width: 22px; height: 22px;\"><\/div>\n        <\/div>\n    <\/div>\n    \n<div class=\"kksr-stars-active\" style=\"width: 0px;\">\n            <div class=\"kksr-star\" style=\"padding-right: 5px\">\n            \n\n<div class=\"kksr-icon\" style=\"width: 22px; height: 22px;\"><\/div>\n        <\/div>\n            <div class=\"kksr-star\" style=\"padding-right: 5px\">\n            \n\n<div class=\"kksr-icon\" style=\"width: 22px; height: 22px;\"><\/div>\n        <\/div>\n            <div class=\"kksr-star\" style=\"padding-right: 5px\">\n            \n\n<div class=\"kksr-icon\" style=\"width: 22px; height: 22px;\"><\/div>\n        <\/div>\n            <div class=\"kksr-star\" style=\"padding-right: 5px\">\n            \n\n<div class=\"kksr-icon\" style=\"width: 22px; height: 22px;\"><\/div>\n        <\/div>\n            <div class=\"kksr-star\" style=\"padding-right: 5px\">\n            \n\n<div class=\"kksr-icon\" style=\"width: 22px; height: 22px;\"><\/div>\n        <\/div>\n    <\/div>\n<\/div>\n                \n\n<div class=\"kksr-legend\" style=\"font-size: 17.6px;\">\n            <span class=\"kksr-muted\">Valora este post<\/span>\n    <\/div>\n    <\/div>\n","protected":false},"excerpt":{"rendered":"<p>Abandonada a Su Suerte Tras Dos D\u00e9cadas de Servicio Religioso Despu\u00e9s de dedicar veinte a\u00f1os de su vida al servicio religioso, una exmonja se encuentra en &#8230; <a title=\"\u00a1Impactante! Exmonja vive en la calle con solo 500 euros tras 20 a\u00f1os de servicio\" class=\"read-more\" href=\"https:\/\/www.diario21.tv\/noticias\/impactante-exmonja-vive-en-la-calle-con-solo-500-euros-tras-20-anos-de-servicio\/\" aria-label=\"Leer m\u00e1s sobre \u00a1Impactante! Exmonja vive en la calle con solo 500 euros tras 20 a\u00f1os de servicio\">Seguir leyendo &rarr;<\/a><\/p>\n","protected":false},"author":20,"featured_media":3419,"comment_status":"open","ping_status":"open","sticky":false,"template":"","format":"standard","meta":{"footnotes":""},"categories":[13],"tags":[],"class_list":["post-3418","post","type-post","status-publish","format-standard","has-post-thumbnail","hentry","category-portada"],"yoast_head":"<!-- This site is optimized with the Yoast SEO plugin v25.6 - https:\/\/yoast.com\/wordpress\/plugins\/seo\/ -->\n<title>\u00a1Impactante! Exmonja vive en la calle con solo 500 euros tras 20 a\u00f1os de servicio - Diario 21<\/title>\n<meta name=\"robots\" content=\"index, follow, max-snippet:-1, max-image-preview:large, max-video-preview:-1\" \/>\n<link rel=\"canonical\" href=\"https:\/\/www.diario21.tv\/noticias\/impactante-exmonja-vive-en-la-calle-con-solo-500-euros-tras-20-anos-de-servicio\/\" \/>\n<meta property=\"og:locale\" content=\"es_ES\" \/>\n<meta property=\"og:type\" content=\"article\" \/>\n<meta property=\"og:title\" content=\"\u00a1Impactante! Exmonja vive en la calle con solo 500 euros tras 20 a\u00f1os de servicio - Diario 21\" \/>\n<meta property=\"og:description\" content=\"Abandonada a Su Suerte Tras Dos D\u00e9cadas de Servicio Religioso Despu\u00e9s de dedicar veinte a\u00f1os de su vida al servicio religioso, una exmonja se encuentra en ... Seguir leyendo &rarr;\" \/>\n<meta property=\"og:url\" content=\"https:\/\/www.diario21.tv\/noticias\/impactante-exmonja-vive-en-la-calle-con-solo-500-euros-tras-20-anos-de-servicio\/\" \/>\n<meta property=\"og:site_name\" content=\"Diario 21\" \/>\n<meta property=\"article:published_time\" content=\"2025-06-09T16:46:26+00:00\" \/>\n<meta property=\"article:modified_time\" content=\"2025-06-09T16:46:27+00:00\" \/>\n<meta property=\"og:image\" content=\"https:\/\/www.diario21.tv\/noticias\/wp-content\/uploads\/2025\/06\/\u00a1Impactante-Exmonja-vive-en-la-calle-con-solo-500-euros.jpg\" \/>\n\t<meta property=\"og:image:width\" content=\"1200\" \/>\n\t<meta property=\"og:image:height\" content=\"840\" \/>\n\t<meta property=\"og:image:type\" content=\"image\/jpeg\" \/>\n<meta name=\"author\" content=\"Juan P\u00e9rez\" \/>\n<meta name=\"twitter:card\" content=\"summary_large_image\" \/>\n<meta name=\"twitter:label1\" content=\"Escrito por\" \/>\n\t<meta name=\"twitter:data1\" content=\"Juan P\u00e9rez\" \/>\n\t<meta name=\"twitter:label2\" content=\"Tiempo de lectura\" \/>\n\t<meta name=\"twitter:data2\" content=\"2 minutos\" \/>\n<script type=\"application\/ld+json\" class=\"yoast-schema-graph\">{\"@context\":\"https:\/\/schema.org\",\"@graph\":[{\"@type\":\"WebPage\",\"@id\":\"https:\/\/www.diario21.tv\/noticias\/impactante-exmonja-vive-en-la-calle-con-solo-500-euros-tras-20-anos-de-servicio\/\",\"url\":\"https:\/\/www.diario21.tv\/noticias\/impactante-exmonja-vive-en-la-calle-con-solo-500-euros-tras-20-anos-de-servicio\/\",\"name\":\"\u00a1Impactante! Exmonja vive en la calle con solo 500 euros tras 20 a\u00f1os de servicio - Diario 21\",\"isPartOf\":{\"@id\":\"https:\/\/www.diario21.tv\/noticias\/#website\"},\"primaryImageOfPage\":{\"@id\":\"https:\/\/www.diario21.tv\/noticias\/impactante-exmonja-vive-en-la-calle-con-solo-500-euros-tras-20-anos-de-servicio\/#primaryimage\"},\"image\":{\"@id\":\"https:\/\/www.diario21.tv\/noticias\/impactante-exmonja-vive-en-la-calle-con-solo-500-euros-tras-20-anos-de-servicio\/#primaryimage\"},\"thumbnailUrl\":\"https:\/\/www.diario21.tv\/noticias\/wp-content\/uploads\/2025\/06\/\u00a1Impactante-Exmonja-vive-en-la-calle-con-solo-500-euros.jpg\",\"datePublished\":\"2025-06-09T16:46:26+00:00\",\"dateModified\":\"2025-06-09T16:46:27+00:00\",\"author\":{\"@id\":\"https:\/\/www.diario21.tv\/noticias\/#\/schema\/person\/dfb778f73814d8f09f302618446a526b\"},\"breadcrumb\":{\"@id\":\"https:\/\/www.diario21.tv\/noticias\/impactante-exmonja-vive-en-la-calle-con-solo-500-euros-tras-20-anos-de-servicio\/#breadcrumb\"},\"inLanguage\":\"es-AR\",\"potentialAction\":[{\"@type\":\"ReadAction\",\"target\":[\"https:\/\/www.diario21.tv\/noticias\/impactante-exmonja-vive-en-la-calle-con-solo-500-euros-tras-20-anos-de-servicio\/\"]}]},{\"@type\":\"ImageObject\",\"inLanguage\":\"es-AR\",\"@id\":\"https:\/\/www.diario21.tv\/noticias\/impactante-exmonja-vive-en-la-calle-con-solo-500-euros-tras-20-anos-de-servicio\/#primaryimage\",\"url\":\"https:\/\/www.diario21.tv\/noticias\/wp-content\/uploads\/2025\/06\/\u00a1Impactante-Exmonja-vive-en-la-calle-con-solo-500-euros.jpg\",\"contentUrl\":\"https:\/\/www.diario21.tv\/noticias\/wp-content\/uploads\/2025\/06\/\u00a1Impactante-Exmonja-vive-en-la-calle-con-solo-500-euros.jpg\",\"width\":1200,\"height\":840,\"caption\":\"En la calle sin seguridad social y con solo 500 euros despu\u00e9s de 20 a\u00f1os como monja\"},{\"@type\":\"BreadcrumbList\",\"@id\":\"https:\/\/www.diario21.tv\/noticias\/impactante-exmonja-vive-en-la-calle-con-solo-500-euros-tras-20-anos-de-servicio\/#breadcrumb\",\"itemListElement\":[{\"@type\":\"ListItem\",\"position\":1,\"name\":\"Accueil\",\"item\":\"https:\/\/www.diario21.tv\/noticias\/\"},{\"@type\":\"ListItem\",\"position\":2,\"name\":\"\u00a1Impactante! Exmonja vive en la calle con solo 500 euros tras 20 a\u00f1os de servicio\"}]},{\"@type\":\"WebSite\",\"@id\":\"https:\/\/www.diario21.tv\/noticias\/#website\",\"url\":\"https:\/\/www.diario21.tv\/noticias\/\",\"name\":\"Diario 21\",\"description\":\"\",\"potentialAction\":[{\"@type\":\"SearchAction\",\"target\":{\"@type\":\"EntryPoint\",\"urlTemplate\":\"https:\/\/www.diario21.tv\/noticias\/?s={search_term_string}\"},\"query-input\":{\"@type\":\"PropertyValueSpecification\",\"valueRequired\":true,\"valueName\":\"search_term_string\"}}],\"inLanguage\":\"es-AR\"},{\"@type\":\"Person\",\"@id\":\"https:\/\/www.diario21.tv\/noticias\/#\/schema\/person\/dfb778f73814d8f09f302618446a526b\",\"name\":\"Juan P\u00e9rez\",\"image\":{\"@type\":\"ImageObject\",\"inLanguage\":\"es-AR\",\"@id\":\"https:\/\/www.diario21.tv\/noticias\/#\/schema\/person\/image\/\",\"url\":\"https:\/\/secure.gravatar.com\/avatar\/c478a405bd10621167f4c3167cc770f5?s=96&d=mm&r=g\",\"contentUrl\":\"https:\/\/secure.gravatar.com\/avatar\/c478a405bd10621167f4c3167cc770f5?s=96&d=mm&r=g\",\"caption\":\"Juan P\u00e9rez\"},\"description\":\"Juan P\u00e9rez es el redactor en jefe de Diario 21. Con m\u00e1s de 10 a\u00f1os de experiencia en el periodismo, se especializa en pol\u00edtica nacional y an\u00e1lisis socioecon\u00f3mico. Su enfoque cr\u00edtico y riguroso aporta una perspectiva \u00fanica a cada art\u00edculo.\",\"sameAs\":[\"https:\/\/www.diario21.tv\/noticias\/\"],\"url\":\"https:\/\/www.diario21.tv\/noticias\/author\/juan-perez\/\"}]}<\/script>\n<!-- \/ Yoast SEO plugin. -->","yoast_head_json":{"title":"\u00a1Impactante! Exmonja vive en la calle con solo 500 euros tras 20 a\u00f1os de servicio - Diario 21","robots":{"index":"index","follow":"follow","max-snippet":"max-snippet:-1","max-image-preview":"max-image-preview:large","max-video-preview":"max-video-preview:-1"},"canonical":"https:\/\/www.diario21.tv\/noticias\/impactante-exmonja-vive-en-la-calle-con-solo-500-euros-tras-20-anos-de-servicio\/","og_locale":"es_ES","og_type":"article","og_title":"\u00a1Impactante! Exmonja vive en la calle con solo 500 euros tras 20 a\u00f1os de servicio - Diario 21","og_description":"Abandonada a Su Suerte Tras Dos D\u00e9cadas de Servicio Religioso Despu\u00e9s de dedicar veinte a\u00f1os de su vida al servicio religioso, una exmonja se encuentra en ... Seguir leyendo &rarr;","og_url":"https:\/\/www.diario21.tv\/noticias\/impactante-exmonja-vive-en-la-calle-con-solo-500-euros-tras-20-anos-de-servicio\/","og_site_name":"Diario 21","article_published_time":"2025-06-09T16:46:26+00:00","article_modified_time":"2025-06-09T16:46:27+00:00","og_image":[{"width":1200,"height":840,"url":"https:\/\/www.diario21.tv\/noticias\/wp-content\/uploads\/2025\/06\/\u00a1Impactante-Exmonja-vive-en-la-calle-con-solo-500-euros.jpg","type":"image\/jpeg"}],"author":"Juan P\u00e9rez","twitter_card":"summary_large_image","twitter_misc":{"Escrito por":"Juan P\u00e9rez","Tiempo de lectura":"2 minutos"},"schema":{"@context":"https:\/\/schema.org","@graph":[{"@type":"WebPage","@id":"https:\/\/www.diario21.tv\/noticias\/impactante-exmonja-vive-en-la-calle-con-solo-500-euros-tras-20-anos-de-servicio\/","url":"https:\/\/www.diario21.tv\/noticias\/impactante-exmonja-vive-en-la-calle-con-solo-500-euros-tras-20-anos-de-servicio\/","name":"\u00a1Impactante! Exmonja vive en la calle con solo 500 euros tras 20 a\u00f1os de servicio - Diario 21","isPartOf":{"@id":"https:\/\/www.diario21.tv\/noticias\/#website"},"primaryImageOfPage":{"@id":"https:\/\/www.diario21.tv\/noticias\/impactante-exmonja-vive-en-la-calle-con-solo-500-euros-tras-20-anos-de-servicio\/#primaryimage"},"image":{"@id":"https:\/\/www.diario21.tv\/noticias\/impactante-exmonja-vive-en-la-calle-con-solo-500-euros-tras-20-anos-de-servicio\/#primaryimage"},"thumbnailUrl":"https:\/\/www.diario21.tv\/noticias\/wp-content\/uploads\/2025\/06\/\u00a1Impactante-Exmonja-vive-en-la-calle-con-solo-500-euros.jpg","datePublished":"2025-06-09T16:46:26+00:00","dateModified":"2025-06-09T16:46:27+00:00","author":{"@id":"https:\/\/www.diario21.tv\/noticias\/#\/schema\/person\/dfb778f73814d8f09f302618446a526b"},"breadcrumb":{"@id":"https:\/\/www.diario21.tv\/noticias\/impactante-exmonja-vive-en-la-calle-con-solo-500-euros-tras-20-anos-de-servicio\/#breadcrumb"},"inLanguage":"es-AR","potentialAction":[{"@type":"ReadAction","target":["https:\/\/www.diario21.tv\/noticias\/impactante-exmonja-vive-en-la-calle-con-solo-500-euros-tras-20-anos-de-servicio\/"]}]},{"@type":"ImageObject","inLanguage":"es-AR","@id":"https:\/\/www.diario21.tv\/noticias\/impactante-exmonja-vive-en-la-calle-con-solo-500-euros-tras-20-anos-de-servicio\/#primaryimage","url":"https:\/\/www.diario21.tv\/noticias\/wp-content\/uploads\/2025\/06\/\u00a1Impactante-Exmonja-vive-en-la-calle-con-solo-500-euros.jpg","contentUrl":"https:\/\/www.diario21.tv\/noticias\/wp-content\/uploads\/2025\/06\/\u00a1Impactante-Exmonja-vive-en-la-calle-con-solo-500-euros.jpg","width":1200,"height":840,"caption":"En la calle sin seguridad social y con solo 500 euros despu\u00e9s de 20 a\u00f1os como monja"},{"@type":"BreadcrumbList","@id":"https:\/\/www.diario21.tv\/noticias\/impactante-exmonja-vive-en-la-calle-con-solo-500-euros-tras-20-anos-de-servicio\/#breadcrumb","itemListElement":[{"@type":"ListItem","position":1,"name":"Accueil","item":"https:\/\/www.diario21.tv\/noticias\/"},{"@type":"ListItem","position":2,"name":"\u00a1Impactante! Exmonja vive en la calle con solo 500 euros tras 20 a\u00f1os de servicio"}]},{"@type":"WebSite","@id":"https:\/\/www.diario21.tv\/noticias\/#website","url":"https:\/\/www.diario21.tv\/noticias\/","name":"Diario 21","description":"","potentialAction":[{"@type":"SearchAction","target":{"@type":"EntryPoint","urlTemplate":"https:\/\/www.diario21.tv\/noticias\/?s={search_term_string}"},"query-input":{"@type":"PropertyValueSpecification","valueRequired":true,"valueName":"search_term_string"}}],"inLanguage":"es-AR"},{"@type":"Person","@id":"https:\/\/www.diario21.tv\/noticias\/#\/schema\/person\/dfb778f73814d8f09f302618446a526b","name":"Juan P\u00e9rez","image":{"@type":"ImageObject","inLanguage":"es-AR","@id":"https:\/\/www.diario21.tv\/noticias\/#\/schema\/person\/image\/","url":"https:\/\/secure.gravatar.com\/avatar\/c478a405bd10621167f4c3167cc770f5?s=96&d=mm&r=g","contentUrl":"https:\/\/secure.gravatar.com\/avatar\/c478a405bd10621167f4c3167cc770f5?s=96&d=mm&r=g","caption":"Juan P\u00e9rez"},"description":"Juan P\u00e9rez es el redactor en jefe de Diario 21. Con m\u00e1s de 10 a\u00f1os de experiencia en el periodismo, se especializa en pol\u00edtica nacional y an\u00e1lisis socioecon\u00f3mico. Su enfoque cr\u00edtico y riguroso aporta una perspectiva \u00fanica a cada art\u00edculo.","sameAs":["https:\/\/www.diario21.tv\/noticias\/"],"url":"https:\/\/www.diario21.tv\/noticias\/author\/juan-perez\/"}]}},"_links":{"self":[{"href":"https:\/\/www.diario21.tv\/noticias\/wp-json\/wp\/v2\/posts\/3418"}],"collection":[{"href":"https:\/\/www.diario21.tv\/noticias\/wp-json\/wp\/v2\/posts"}],"about":[{"href":"https:\/\/www.diario21.tv\/noticias\/wp-json\/wp\/v2\/types\/post"}],"author":[{"embeddable":true,"href":"https:\/\/www.diario21.tv\/noticias\/wp-json\/wp\/v2\/users\/20"}],"replies":[{"embeddable":true,"href":"https:\/\/www.diario21.tv\/noticias\/wp-json\/wp\/v2\/comments?post=3418"}],"version-history":[{"count":1,"href":"https:\/\/www.diario21.tv\/noticias\/wp-json\/wp\/v2\/posts\/3418\/revisions"}],"predecessor-version":[{"id":3420,"href":"https:\/\/www.diario21.tv\/noticias\/wp-json\/wp\/v2\/posts\/3418\/revisions\/3420"}],"wp:featuredmedia":[{"embeddable":true,"href":"https:\/\/www.diario21.tv\/noticias\/wp-json\/wp\/v2\/media\/3419"}],"wp:attachment":[{"href":"https:\/\/www.diario21.tv\/noticias\/wp-json\/wp\/v2\/media?parent=3418"}],"wp:term":[{"taxonomy":"category","embeddable":true,"href":"https:\/\/www.diario21.tv\/noticias\/wp-json\/wp\/v2\/categories?post=3418"},{"taxonomy":"post_tag","embeddable":true,"href":"https:\/\/www.diario21.tv\/noticias\/wp-json\/wp\/v2\/tags?post=3418"}],"curies":[{"name":"wp","href":"https:\/\/api.w.org\/{rel}","templated":true}]}}