{"id":3412,"date":"2025-06-08T22:40:39","date_gmt":"2025-06-08T22:40:39","guid":{"rendered":"https:\/\/www.diario21.tv\/noticias\/sanidad-invierte-10-millones-en-cuidadores-24h-para-pacientes-criticos-de-ela\/"},"modified":"2025-06-08T22:40:40","modified_gmt":"2025-06-08T22:40:40","slug":"sanidad-invierte-10-millones-en-cuidadores-24h-para-pacientes-criticos-de-ela","status":"publish","type":"post","link":"https:\/\/www.diario21.tv\/noticias\/sanidad-invierte-10-millones-en-cuidadores-24h-para-pacientes-criticos-de-ela\/","title":{"rendered":"Sanidad invierte 10 millones en cuidadores 24h para pacientes cr\u00edticos de ELA"},"content":{"rendered":"<h2>El Ministerio de Salud destinar\u00e1 10 millones de euros para asistencia continua a pacientes de ELA<\/h2>\n<p>El Ministerio de Sanidad ha anunciado un nuevo plan de apoyo financiero destinado a mejorar la calidad de vida de los pacientes con Esclerosis Lateral Amiotr\u00f3fica (ELA) en su fase m\u00e1s severa. Este plan incluye una asignaci\u00f3n de 10 millones de euros que se utilizar\u00e1 espec\u00edficamente para cubrir los costos de cuidadores que proporcionen atenci\u00f3n las 24 horas del d\u00eda.<\/p>\n<h3>Ayuda dirigida a los casos m\u00e1s graves<\/h3>\n<p>La iniciativa se centra en aquellos pacientes que sufren las etapas m\u00e1s cr\u00edticas de la ELA, una enfermedad neurol\u00f3gica progresiva y debilitante que afecta a las c\u00e9lulas nerviosas del cerebro y la m\u00e9dula espinal, provocando una p\u00e9rdida gradual de la movilidad y la funci\u00f3n muscular. El objetivo de este soporte financiero es asegurar que estos pacientes reciban la asistencia necesaria en su propio hogar, promoviendo una mejor calidad de vida y evitando, en la medida de lo posible, la hospitalizaci\u00f3n prolongada.<\/p>\n<h3>Proceso de solicitud y asignaci\u00f3n de fondos<\/h3>\n<p>Los detalles espec\u00edficos sobre c\u00f3mo aplicar para estos fondos ser\u00e1n proporcionados por las autoridades sanitarias locales, que ser\u00e1n las encargadas de evaluar individualmente cada caso para determinar la elegibilidad de los pacientes. Se dar\u00e1 prioridad a aquellos en situaciones m\u00e1s cr\u00edticas, donde la falta de un cuidador permanente podr\u00eda comprometer seriamente su bienestar y seguridad.<\/p>\n<p>Este programa no solo busca dar un respiro a las familias y cuidadores habituales de los enfermos de ELA, sino tambi\u00e9n mejorar los est\u00e1ndares de atenci\u00f3n, proporcionando recursos suficientes para garantizar una atenci\u00f3n adecuada y continua. Esta medida es un reflejo del compromiso del gobierno con la salud y el bienestar de todos los ciudadanos, especialmente aquellos en circunstancias excepcionalmente dif\u00edciles.<\/p>\n\n\n<div class=\"kk-star-ratings kksr-auto kksr-align-left kksr-valign-bottom\"\n    data-payload='{&quot;align&quot;:&quot;left&quot;,&quot;id&quot;:&quot;3412&quot;,&quot;slug&quot;:&quot;default&quot;,&quot;valign&quot;:&quot;bottom&quot;,&quot;ignore&quot;:&quot;&quot;,&quot;reference&quot;:&quot;auto&quot;,&quot;class&quot;:&quot;&quot;,&quot;count&quot;:&quot;0&quot;,&quot;legendonly&quot;:&quot;&quot;,&quot;readonly&quot;:&quot;&quot;,&quot;score&quot;:&quot;0&quot;,&quot;starsonly&quot;:&quot;&quot;,&quot;best&quot;:&quot;5&quot;,&quot;gap&quot;:&quot;5&quot;,&quot;greet&quot;:&quot;Valora este post&quot;,&quot;legend&quot;:&quot;0\\\/5 - (0 votes)&quot;,&quot;size&quot;:&quot;22&quot;,&quot;title&quot;:&quot;Sanidad invierte 10 millones en cuidadores 24h para pacientes cr\u00edticos de ELA&quot;,&quot;width&quot;:&quot;0&quot;,&quot;_legend&quot;:&quot;{score}\\\/{best} - ({count} {votes})&quot;,&quot;font_factor&quot;:&quot;1.25&quot;}'>\n            \n<div class=\"kksr-stars\">\n    \n<div class=\"kksr-stars-inactive\">\n            <div class=\"kksr-star\" data-star=\"1\" style=\"padding-right: 5px\">\n            \n\n<div class=\"kksr-icon\" style=\"width: 22px; height: 22px;\"><\/div>\n        <\/div>\n            <div class=\"kksr-star\" data-star=\"2\" style=\"padding-right: 5px\">\n            \n\n<div class=\"kksr-icon\" style=\"width: 22px; height: 22px;\"><\/div>\n        <\/div>\n            <div class=\"kksr-star\" data-star=\"3\" style=\"padding-right: 5px\">\n            \n\n<div class=\"kksr-icon\" style=\"width: 22px; height: 22px;\"><\/div>\n        <\/div>\n            <div class=\"kksr-star\" data-star=\"4\" style=\"padding-right: 5px\">\n            \n\n<div class=\"kksr-icon\" style=\"width: 22px; height: 22px;\"><\/div>\n        <\/div>\n            <div class=\"kksr-star\" data-star=\"5\" style=\"padding-right: 5px\">\n            \n\n<div class=\"kksr-icon\" style=\"width: 22px; height: 22px;\"><\/div>\n        <\/div>\n    <\/div>\n    \n<div class=\"kksr-stars-active\" style=\"width: 0px;\">\n            <div class=\"kksr-star\" style=\"padding-right: 5px\">\n            \n\n<div class=\"kksr-icon\" style=\"width: 22px; height: 22px;\"><\/div>\n        <\/div>\n            <div class=\"kksr-star\" style=\"padding-right: 5px\">\n            \n\n<div class=\"kksr-icon\" style=\"width: 22px; height: 22px;\"><\/div>\n        <\/div>\n            <div class=\"kksr-star\" style=\"padding-right: 5px\">\n            \n\n<div class=\"kksr-icon\" style=\"width: 22px; height: 22px;\"><\/div>\n        <\/div>\n            <div class=\"kksr-star\" style=\"padding-right: 5px\">\n            \n\n<div class=\"kksr-icon\" style=\"width: 22px; height: 22px;\"><\/div>\n        <\/div>\n            <div class=\"kksr-star\" style=\"padding-right: 5px\">\n            \n\n<div class=\"kksr-icon\" style=\"width: 22px; height: 22px;\"><\/div>\n        <\/div>\n    <\/div>\n<\/div>\n                \n\n<div class=\"kksr-legend\" style=\"font-size: 17.6px;\">\n            <span class=\"kksr-muted\">Valora este post<\/span>\n    <\/div>\n    <\/div>\n","protected":false},"excerpt":{"rendered":"<p>El Ministerio de Salud destinar\u00e1 10 millones de euros para asistencia continua a pacientes de ELA El Ministerio de Sanidad ha anunciado un nuevo plan de &#8230; <a title=\"Sanidad invierte 10 millones en cuidadores 24h para pacientes cr\u00edticos de ELA\" class=\"read-more\" href=\"https:\/\/www.diario21.tv\/noticias\/sanidad-invierte-10-millones-en-cuidadores-24h-para-pacientes-criticos-de-ela\/\" aria-label=\"Leer m\u00e1s sobre Sanidad invierte 10 millones en cuidadores 24h para pacientes cr\u00edticos de ELA\">Seguir leyendo &rarr;<\/a><\/p>\n","protected":false},"author":20,"featured_media":3413,"comment_status":"open","ping_status":"open","sticky":false,"template":"","format":"standard","meta":{"footnotes":""},"categories":[13],"tags":[],"class_list":["post-3412","post","type-post","status-publish","format-standard","has-post-thumbnail","hentry","category-portada"],"yoast_head":"<!-- This site is optimized with the Yoast SEO plugin v25.6 - https:\/\/yoast.com\/wordpress\/plugins\/seo\/ -->\n<title>Sanidad invierte 10 millones en cuidadores 24h para pacientes cr\u00edticos de ELA - Diario 21<\/title>\n<meta name=\"robots\" content=\"index, follow, max-snippet:-1, max-image-preview:large, max-video-preview:-1\" \/>\n<link rel=\"canonical\" href=\"https:\/\/www.diario21.tv\/noticias\/sanidad-invierte-10-millones-en-cuidadores-24h-para-pacientes-criticos-de-ela\/\" \/>\n<meta property=\"og:locale\" content=\"es_ES\" \/>\n<meta property=\"og:type\" content=\"article\" \/>\n<meta property=\"og:title\" content=\"Sanidad invierte 10 millones en cuidadores 24h para pacientes cr\u00edticos de ELA - Diario 21\" \/>\n<meta property=\"og:description\" content=\"El Ministerio de Salud destinar\u00e1 10 millones de euros para asistencia continua a pacientes de ELA El Ministerio de Sanidad ha anunciado un nuevo plan de ... Seguir leyendo &rarr;\" \/>\n<meta property=\"og:url\" content=\"https:\/\/www.diario21.tv\/noticias\/sanidad-invierte-10-millones-en-cuidadores-24h-para-pacientes-criticos-de-ela\/\" \/>\n<meta property=\"og:site_name\" content=\"Diario 21\" \/>\n<meta property=\"article:published_time\" content=\"2025-06-08T22:40:39+00:00\" \/>\n<meta property=\"article:modified_time\" content=\"2025-06-08T22:40:40+00:00\" \/>\n<meta property=\"og:image\" content=\"https:\/\/www.diario21.tv\/noticias\/wp-content\/uploads\/2025\/06\/Sanidad-invierte-10-millones-en-cuidadores-24h-para-pacientes-criticos.JPG\" \/>\n\t<meta property=\"og:image:width\" content=\"1200\" \/>\n\t<meta property=\"og:image:height\" content=\"840\" \/>\n\t<meta property=\"og:image:type\" content=\"image\/jpeg\" \/>\n<meta name=\"author\" content=\"Juan P\u00e9rez\" \/>\n<meta name=\"twitter:card\" content=\"summary_large_image\" \/>\n<meta name=\"twitter:label1\" content=\"Escrito por\" \/>\n\t<meta name=\"twitter:data1\" content=\"Juan P\u00e9rez\" \/>\n\t<meta name=\"twitter:label2\" content=\"Tiempo de lectura\" \/>\n\t<meta name=\"twitter:data2\" content=\"2 minutos\" \/>\n<script type=\"application\/ld+json\" class=\"yoast-schema-graph\">{\"@context\":\"https:\/\/schema.org\",\"@graph\":[{\"@type\":\"WebPage\",\"@id\":\"https:\/\/www.diario21.tv\/noticias\/sanidad-invierte-10-millones-en-cuidadores-24h-para-pacientes-criticos-de-ela\/\",\"url\":\"https:\/\/www.diario21.tv\/noticias\/sanidad-invierte-10-millones-en-cuidadores-24h-para-pacientes-criticos-de-ela\/\",\"name\":\"Sanidad invierte 10 millones en cuidadores 24h para pacientes cr\u00edticos de ELA - Diario 21\",\"isPartOf\":{\"@id\":\"https:\/\/www.diario21.tv\/noticias\/#website\"},\"primaryImageOfPage\":{\"@id\":\"https:\/\/www.diario21.tv\/noticias\/sanidad-invierte-10-millones-en-cuidadores-24h-para-pacientes-criticos-de-ela\/#primaryimage\"},\"image\":{\"@id\":\"https:\/\/www.diario21.tv\/noticias\/sanidad-invierte-10-millones-en-cuidadores-24h-para-pacientes-criticos-de-ela\/#primaryimage\"},\"thumbnailUrl\":\"https:\/\/www.diario21.tv\/noticias\/wp-content\/uploads\/2025\/06\/Sanidad-invierte-10-millones-en-cuidadores-24h-para-pacientes-criticos.JPG\",\"datePublished\":\"2025-06-08T22:40:39+00:00\",\"dateModified\":\"2025-06-08T22:40:40+00:00\",\"author\":{\"@id\":\"https:\/\/www.diario21.tv\/noticias\/#\/schema\/person\/dfb778f73814d8f09f302618446a526b\"},\"breadcrumb\":{\"@id\":\"https:\/\/www.diario21.tv\/noticias\/sanidad-invierte-10-millones-en-cuidadores-24h-para-pacientes-criticos-de-ela\/#breadcrumb\"},\"inLanguage\":\"es-AR\",\"potentialAction\":[{\"@type\":\"ReadAction\",\"target\":[\"https:\/\/www.diario21.tv\/noticias\/sanidad-invierte-10-millones-en-cuidadores-24h-para-pacientes-criticos-de-ela\/\"]}]},{\"@type\":\"ImageObject\",\"inLanguage\":\"es-AR\",\"@id\":\"https:\/\/www.diario21.tv\/noticias\/sanidad-invierte-10-millones-en-cuidadores-24h-para-pacientes-criticos-de-ela\/#primaryimage\",\"url\":\"https:\/\/www.diario21.tv\/noticias\/wp-content\/uploads\/2025\/06\/Sanidad-invierte-10-millones-en-cuidadores-24h-para-pacientes-criticos.JPG\",\"contentUrl\":\"https:\/\/www.diario21.tv\/noticias\/wp-content\/uploads\/2025\/06\/Sanidad-invierte-10-millones-en-cuidadores-24h-para-pacientes-criticos.JPG\",\"width\":1200,\"height\":840,\"caption\":\"Sanidad dar\u00e1 10 millones para pagar cuidadores 24 horas a los enfermos de ELA m\u00e1s cr\u00edticos\"},{\"@type\":\"BreadcrumbList\",\"@id\":\"https:\/\/www.diario21.tv\/noticias\/sanidad-invierte-10-millones-en-cuidadores-24h-para-pacientes-criticos-de-ela\/#breadcrumb\",\"itemListElement\":[{\"@type\":\"ListItem\",\"position\":1,\"name\":\"Accueil\",\"item\":\"https:\/\/www.diario21.tv\/noticias\/\"},{\"@type\":\"ListItem\",\"position\":2,\"name\":\"Sanidad invierte 10 millones en cuidadores 24h para pacientes cr\u00edticos de ELA\"}]},{\"@type\":\"WebSite\",\"@id\":\"https:\/\/www.diario21.tv\/noticias\/#website\",\"url\":\"https:\/\/www.diario21.tv\/noticias\/\",\"name\":\"Diario 21\",\"description\":\"\",\"potentialAction\":[{\"@type\":\"SearchAction\",\"target\":{\"@type\":\"EntryPoint\",\"urlTemplate\":\"https:\/\/www.diario21.tv\/noticias\/?s={search_term_string}\"},\"query-input\":{\"@type\":\"PropertyValueSpecification\",\"valueRequired\":true,\"valueName\":\"search_term_string\"}}],\"inLanguage\":\"es-AR\"},{\"@type\":\"Person\",\"@id\":\"https:\/\/www.diario21.tv\/noticias\/#\/schema\/person\/dfb778f73814d8f09f302618446a526b\",\"name\":\"Juan P\u00e9rez\",\"image\":{\"@type\":\"ImageObject\",\"inLanguage\":\"es-AR\",\"@id\":\"https:\/\/www.diario21.tv\/noticias\/#\/schema\/person\/image\/\",\"url\":\"https:\/\/secure.gravatar.com\/avatar\/c478a405bd10621167f4c3167cc770f5?s=96&d=mm&r=g\",\"contentUrl\":\"https:\/\/secure.gravatar.com\/avatar\/c478a405bd10621167f4c3167cc770f5?s=96&d=mm&r=g\",\"caption\":\"Juan P\u00e9rez\"},\"description\":\"Juan P\u00e9rez es el redactor en jefe de Diario 21. Con m\u00e1s de 10 a\u00f1os de experiencia en el periodismo, se especializa en pol\u00edtica nacional y an\u00e1lisis socioecon\u00f3mico. Su enfoque cr\u00edtico y riguroso aporta una perspectiva \u00fanica a cada art\u00edculo.\",\"sameAs\":[\"https:\/\/www.diario21.tv\/noticias\/\"],\"url\":\"https:\/\/www.diario21.tv\/noticias\/author\/juan-perez\/\"}]}<\/script>\n<!-- \/ Yoast SEO plugin. -->","yoast_head_json":{"title":"Sanidad invierte 10 millones en cuidadores 24h para pacientes cr\u00edticos de ELA - Diario 21","robots":{"index":"index","follow":"follow","max-snippet":"max-snippet:-1","max-image-preview":"max-image-preview:large","max-video-preview":"max-video-preview:-1"},"canonical":"https:\/\/www.diario21.tv\/noticias\/sanidad-invierte-10-millones-en-cuidadores-24h-para-pacientes-criticos-de-ela\/","og_locale":"es_ES","og_type":"article","og_title":"Sanidad invierte 10 millones en cuidadores 24h para pacientes cr\u00edticos de ELA - Diario 21","og_description":"El Ministerio de Salud destinar\u00e1 10 millones de euros para asistencia continua a pacientes de ELA El Ministerio de Sanidad ha anunciado un nuevo plan de ... Seguir leyendo &rarr;","og_url":"https:\/\/www.diario21.tv\/noticias\/sanidad-invierte-10-millones-en-cuidadores-24h-para-pacientes-criticos-de-ela\/","og_site_name":"Diario 21","article_published_time":"2025-06-08T22:40:39+00:00","article_modified_time":"2025-06-08T22:40:40+00:00","og_image":[{"width":1200,"height":840,"url":"https:\/\/www.diario21.tv\/noticias\/wp-content\/uploads\/2025\/06\/Sanidad-invierte-10-millones-en-cuidadores-24h-para-pacientes-criticos.JPG","type":"image\/jpeg"}],"author":"Juan P\u00e9rez","twitter_card":"summary_large_image","twitter_misc":{"Escrito por":"Juan P\u00e9rez","Tiempo de lectura":"2 minutos"},"schema":{"@context":"https:\/\/schema.org","@graph":[{"@type":"WebPage","@id":"https:\/\/www.diario21.tv\/noticias\/sanidad-invierte-10-millones-en-cuidadores-24h-para-pacientes-criticos-de-ela\/","url":"https:\/\/www.diario21.tv\/noticias\/sanidad-invierte-10-millones-en-cuidadores-24h-para-pacientes-criticos-de-ela\/","name":"Sanidad invierte 10 millones en cuidadores 24h para pacientes cr\u00edticos de ELA - Diario 21","isPartOf":{"@id":"https:\/\/www.diario21.tv\/noticias\/#website"},"primaryImageOfPage":{"@id":"https:\/\/www.diario21.tv\/noticias\/sanidad-invierte-10-millones-en-cuidadores-24h-para-pacientes-criticos-de-ela\/#primaryimage"},"image":{"@id":"https:\/\/www.diario21.tv\/noticias\/sanidad-invierte-10-millones-en-cuidadores-24h-para-pacientes-criticos-de-ela\/#primaryimage"},"thumbnailUrl":"https:\/\/www.diario21.tv\/noticias\/wp-content\/uploads\/2025\/06\/Sanidad-invierte-10-millones-en-cuidadores-24h-para-pacientes-criticos.JPG","datePublished":"2025-06-08T22:40:39+00:00","dateModified":"2025-06-08T22:40:40+00:00","author":{"@id":"https:\/\/www.diario21.tv\/noticias\/#\/schema\/person\/dfb778f73814d8f09f302618446a526b"},"breadcrumb":{"@id":"https:\/\/www.diario21.tv\/noticias\/sanidad-invierte-10-millones-en-cuidadores-24h-para-pacientes-criticos-de-ela\/#breadcrumb"},"inLanguage":"es-AR","potentialAction":[{"@type":"ReadAction","target":["https:\/\/www.diario21.tv\/noticias\/sanidad-invierte-10-millones-en-cuidadores-24h-para-pacientes-criticos-de-ela\/"]}]},{"@type":"ImageObject","inLanguage":"es-AR","@id":"https:\/\/www.diario21.tv\/noticias\/sanidad-invierte-10-millones-en-cuidadores-24h-para-pacientes-criticos-de-ela\/#primaryimage","url":"https:\/\/www.diario21.tv\/noticias\/wp-content\/uploads\/2025\/06\/Sanidad-invierte-10-millones-en-cuidadores-24h-para-pacientes-criticos.JPG","contentUrl":"https:\/\/www.diario21.tv\/noticias\/wp-content\/uploads\/2025\/06\/Sanidad-invierte-10-millones-en-cuidadores-24h-para-pacientes-criticos.JPG","width":1200,"height":840,"caption":"Sanidad dar\u00e1 10 millones para pagar cuidadores 24 horas a los enfermos de ELA m\u00e1s cr\u00edticos"},{"@type":"BreadcrumbList","@id":"https:\/\/www.diario21.tv\/noticias\/sanidad-invierte-10-millones-en-cuidadores-24h-para-pacientes-criticos-de-ela\/#breadcrumb","itemListElement":[{"@type":"ListItem","position":1,"name":"Accueil","item":"https:\/\/www.diario21.tv\/noticias\/"},{"@type":"ListItem","position":2,"name":"Sanidad invierte 10 millones en cuidadores 24h para pacientes cr\u00edticos de ELA"}]},{"@type":"WebSite","@id":"https:\/\/www.diario21.tv\/noticias\/#website","url":"https:\/\/www.diario21.tv\/noticias\/","name":"Diario 21","description":"","potentialAction":[{"@type":"SearchAction","target":{"@type":"EntryPoint","urlTemplate":"https:\/\/www.diario21.tv\/noticias\/?s={search_term_string}"},"query-input":{"@type":"PropertyValueSpecification","valueRequired":true,"valueName":"search_term_string"}}],"inLanguage":"es-AR"},{"@type":"Person","@id":"https:\/\/www.diario21.tv\/noticias\/#\/schema\/person\/dfb778f73814d8f09f302618446a526b","name":"Juan P\u00e9rez","image":{"@type":"ImageObject","inLanguage":"es-AR","@id":"https:\/\/www.diario21.tv\/noticias\/#\/schema\/person\/image\/","url":"https:\/\/secure.gravatar.com\/avatar\/c478a405bd10621167f4c3167cc770f5?s=96&d=mm&r=g","contentUrl":"https:\/\/secure.gravatar.com\/avatar\/c478a405bd10621167f4c3167cc770f5?s=96&d=mm&r=g","caption":"Juan P\u00e9rez"},"description":"Juan P\u00e9rez es el redactor en jefe de Diario 21. Con m\u00e1s de 10 a\u00f1os de experiencia en el periodismo, se especializa en pol\u00edtica nacional y an\u00e1lisis socioecon\u00f3mico. Su enfoque cr\u00edtico y riguroso aporta una perspectiva \u00fanica a cada art\u00edculo.","sameAs":["https:\/\/www.diario21.tv\/noticias\/"],"url":"https:\/\/www.diario21.tv\/noticias\/author\/juan-perez\/"}]}},"_links":{"self":[{"href":"https:\/\/www.diario21.tv\/noticias\/wp-json\/wp\/v2\/posts\/3412"}],"collection":[{"href":"https:\/\/www.diario21.tv\/noticias\/wp-json\/wp\/v2\/posts"}],"about":[{"href":"https:\/\/www.diario21.tv\/noticias\/wp-json\/wp\/v2\/types\/post"}],"author":[{"embeddable":true,"href":"https:\/\/www.diario21.tv\/noticias\/wp-json\/wp\/v2\/users\/20"}],"replies":[{"embeddable":true,"href":"https:\/\/www.diario21.tv\/noticias\/wp-json\/wp\/v2\/comments?post=3412"}],"version-history":[{"count":1,"href":"https:\/\/www.diario21.tv\/noticias\/wp-json\/wp\/v2\/posts\/3412\/revisions"}],"predecessor-version":[{"id":3414,"href":"https:\/\/www.diario21.tv\/noticias\/wp-json\/wp\/v2\/posts\/3412\/revisions\/3414"}],"wp:featuredmedia":[{"embeddable":true,"href":"https:\/\/www.diario21.tv\/noticias\/wp-json\/wp\/v2\/media\/3413"}],"wp:attachment":[{"href":"https:\/\/www.diario21.tv\/noticias\/wp-json\/wp\/v2\/media?parent=3412"}],"wp:term":[{"taxonomy":"category","embeddable":true,"href":"https:\/\/www.diario21.tv\/noticias\/wp-json\/wp\/v2\/categories?post=3412"},{"taxonomy":"post_tag","embeddable":true,"href":"https:\/\/www.diario21.tv\/noticias\/wp-json\/wp\/v2\/tags?post=3412"}],"curies":[{"name":"wp","href":"https:\/\/api.w.org\/{rel}","templated":true}]}}