{"id":3391,"date":"2025-06-07T04:12:59","date_gmt":"2025-06-07T04:12:59","guid":{"rendered":"https:\/\/www.diario21.tv\/noticias\/increible-el-museo-nacional-de-antropologia-de-mexico-gana-el-premio-princesa-de-asturias-2025\/"},"modified":"2025-06-07T04:13:00","modified_gmt":"2025-06-07T04:13:00","slug":"increible-el-museo-nacional-de-antropologia-de-mexico-gana-el-premio-princesa-de-asturias-2025","status":"publish","type":"post","link":"https:\/\/www.diario21.tv\/noticias\/increible-el-museo-nacional-de-antropologia-de-mexico-gana-el-premio-princesa-de-asturias-2025\/","title":{"rendered":"\u00a1Incre\u00edble! El Museo Nacional de Antropolog\u00eda de M\u00e9xico gana el Premio Princesa de Asturias 2025"},"content":{"rendered":"<h2>El Premio Princesa de Asturias de la Concordia 2025 Otorgado al Museo Nacional de Antropolog\u00eda de M\u00e9xico<\/h2>\n<p>El Museo Nacional de Antropolog\u00eda de M\u00e9xico ha sido galardonado con el prestigioso Premio Princesa de Asturias de la Concordia del a\u00f1o 2025. Este reconocimiento, uno de los m\u00e1s significativos en el \u00e1mbito de las ciencias sociales y la cultura, subraya la importancia del museo como un pilar en la preservaci\u00f3n y difusi\u00f3n del patrimonio cultural e hist\u00f3rico de M\u00e9xico.<\/p>\n<h3>Un Recinto de Invaluable Riqueza Cultural<\/h3>\n<p>Ubicado en el coraz\u00f3n de la Ciudad de M\u00e9xico, el Museo Nacional de Antropolog\u00eda se erige como un emblema de la identidad y la diversidad cultural del pa\u00eds. Desde su inauguraci\u00f3n en 1964, el museo ha jugado un papel crucial en la conservaci\u00f3n de los tesoros arqueol\u00f3gicos y etnogr\u00e1ficos de M\u00e9xico, ofreciendo a visitantes nacionales e internacionales una ventana al pasado prehisp\u00e1nico y contempor\u00e1neo del pa\u00eds.<\/p>\n<p>Las salas del museo albergan una impresionante colecci\u00f3n de artefactos que incluyen desde la famosa Piedra del Sol o Calendario Azteca, hasta vestigios mayas y testimonios de las culturas vivas de M\u00e9xico. Cada exposici\u00f3n est\u00e1 dise\u00f1ada para proporcionar un conocimiento profundo y respetuoso de las m\u00faltiples civilizaciones que han habitado el territorio mexicano.<\/p>\n<h3>Contribuciones a la Concordia y al Entendimiento Cultural<\/h3>\n<p>El otorgamiento del Premio Princesa de Asturias de la Concordia reconoce no solo la labor del Museo Nacional de Antropolog\u00eda como custodio de la riqueza hist\u00f3rica, sino tambi\u00e9n su papel activo en fomentar el di\u00e1logo y la comprensi\u00f3n entre diferentes culturas. A trav\u00e9s de sus programas educativos y exposiciones, el museo ha contribuido significativamente a la educaci\u00f3n cultural y a la construcci\u00f3n de puentes de entendimiento entre generaciones y pueblos de diversas herencias.<\/p>\n<p>Este premio resalta la capacidad del museo para actuar como un foro de encuentro y reflexi\u00f3n sobre la diversidad cultural, promoviendo valores de respeto, conocimiento mutuo y cohesi\u00f3n social. La labor del museo demuestra c\u00f3mo los espacios culturales pueden servir como catalizadores de la concordia y la paz social.<\/p>\n<h3>Un Futuro Prometedor<\/h3>\n<p>Con la recepci\u00f3n de este importante galard\u00f3n, el Museo Nacional de Antropolog\u00eda se proyecta hacia un futuro donde contin\u00faa desempe\u00f1ando un rol vital en la educaci\u00f3n y cultura, tanto en M\u00e9xico como en el escenario global. Este reconocimiento internacional no solo reafirma el valor del museo como instituci\u00f3n cultural sino que tambi\u00e9n refuerza su compromiso con la excelencia y la innovaci\u00f3n en la conservaci\u00f3n del patrimonio mundial.<\/p>\n<p>El premio tambi\u00e9n es un testimonio del esfuerzo continuo del museo por adaptarse y responder a los desaf\u00edos contempor\u00e1neos de la sociedad, manteniendo siempre viva la historia y las tradiciones que definen la rica tapestria cultural de M\u00e9xico. Con el apoyo y reconocimiento tanto nacional como internacional, el Museo Nacional de Antropolog\u00eda est\u00e1 destinado a seguir siendo una fuente de conocimiento y orgullo para futuras generaciones.<\/p>\n\n\n<div class=\"kk-star-ratings kksr-auto kksr-align-left kksr-valign-bottom\"\n    data-payload='{&quot;align&quot;:&quot;left&quot;,&quot;id&quot;:&quot;3391&quot;,&quot;slug&quot;:&quot;default&quot;,&quot;valign&quot;:&quot;bottom&quot;,&quot;ignore&quot;:&quot;&quot;,&quot;reference&quot;:&quot;auto&quot;,&quot;class&quot;:&quot;&quot;,&quot;count&quot;:&quot;0&quot;,&quot;legendonly&quot;:&quot;&quot;,&quot;readonly&quot;:&quot;&quot;,&quot;score&quot;:&quot;0&quot;,&quot;starsonly&quot;:&quot;&quot;,&quot;best&quot;:&quot;5&quot;,&quot;gap&quot;:&quot;5&quot;,&quot;greet&quot;:&quot;Valora este post&quot;,&quot;legend&quot;:&quot;0\\\/5 - (0 votes)&quot;,&quot;size&quot;:&quot;22&quot;,&quot;title&quot;:&quot;\u00a1Incre\u00edble! El Museo Nacional de Antropolog\u00eda de M\u00e9xico gana el Premio Princesa de Asturias 2025&quot;,&quot;width&quot;:&quot;0&quot;,&quot;_legend&quot;:&quot;{score}\\\/{best} - ({count} {votes})&quot;,&quot;font_factor&quot;:&quot;1.25&quot;}'>\n            \n<div class=\"kksr-stars\">\n    \n<div class=\"kksr-stars-inactive\">\n            <div class=\"kksr-star\" data-star=\"1\" style=\"padding-right: 5px\">\n            \n\n<div class=\"kksr-icon\" style=\"width: 22px; height: 22px;\"><\/div>\n        <\/div>\n            <div class=\"kksr-star\" data-star=\"2\" style=\"padding-right: 5px\">\n            \n\n<div class=\"kksr-icon\" style=\"width: 22px; height: 22px;\"><\/div>\n        <\/div>\n            <div class=\"kksr-star\" data-star=\"3\" style=\"padding-right: 5px\">\n            \n\n<div class=\"kksr-icon\" style=\"width: 22px; height: 22px;\"><\/div>\n        <\/div>\n            <div class=\"kksr-star\" data-star=\"4\" style=\"padding-right: 5px\">\n            \n\n<div class=\"kksr-icon\" style=\"width: 22px; height: 22px;\"><\/div>\n        <\/div>\n            <div class=\"kksr-star\" data-star=\"5\" style=\"padding-right: 5px\">\n            \n\n<div class=\"kksr-icon\" style=\"width: 22px; height: 22px;\"><\/div>\n        <\/div>\n    <\/div>\n    \n<div class=\"kksr-stars-active\" style=\"width: 0px;\">\n            <div class=\"kksr-star\" style=\"padding-right: 5px\">\n            \n\n<div class=\"kksr-icon\" style=\"width: 22px; height: 22px;\"><\/div>\n        <\/div>\n            <div class=\"kksr-star\" style=\"padding-right: 5px\">\n            \n\n<div class=\"kksr-icon\" style=\"width: 22px; height: 22px;\"><\/div>\n        <\/div>\n            <div class=\"kksr-star\" style=\"padding-right: 5px\">\n            \n\n<div class=\"kksr-icon\" style=\"width: 22px; height: 22px;\"><\/div>\n        <\/div>\n            <div class=\"kksr-star\" style=\"padding-right: 5px\">\n            \n\n<div class=\"kksr-icon\" style=\"width: 22px; height: 22px;\"><\/div>\n        <\/div>\n            <div class=\"kksr-star\" style=\"padding-right: 5px\">\n            \n\n<div class=\"kksr-icon\" style=\"width: 22px; height: 22px;\"><\/div>\n        <\/div>\n    <\/div>\n<\/div>\n                \n\n<div class=\"kksr-legend\" style=\"font-size: 17.6px;\">\n            <span class=\"kksr-muted\">Valora este post<\/span>\n    <\/div>\n    <\/div>\n","protected":false},"excerpt":{"rendered":"<p>El Premio Princesa de Asturias de la Concordia 2025 Otorgado al Museo Nacional de Antropolog\u00eda de M\u00e9xico El Museo Nacional de Antropolog\u00eda de M\u00e9xico ha sido &#8230; <a title=\"\u00a1Incre\u00edble! El Museo Nacional de Antropolog\u00eda de M\u00e9xico gana el Premio Princesa de Asturias 2025\" class=\"read-more\" href=\"https:\/\/www.diario21.tv\/noticias\/increible-el-museo-nacional-de-antropologia-de-mexico-gana-el-premio-princesa-de-asturias-2025\/\" aria-label=\"Leer m\u00e1s sobre \u00a1Incre\u00edble! El Museo Nacional de Antropolog\u00eda de M\u00e9xico gana el Premio Princesa de Asturias 2025\">Seguir leyendo &rarr;<\/a><\/p>\n","protected":false},"author":20,"featured_media":3392,"comment_status":"open","ping_status":"open","sticky":false,"template":"","format":"standard","meta":{"footnotes":""},"categories":[13],"tags":[],"class_list":["post-3391","post","type-post","status-publish","format-standard","has-post-thumbnail","hentry","category-portada"],"yoast_head":"<!-- This site is optimized with the Yoast SEO plugin v25.6 - https:\/\/yoast.com\/wordpress\/plugins\/seo\/ -->\n<title>\u00a1Incre\u00edble! El Museo Nacional de Antropolog\u00eda de M\u00e9xico gana el Premio Princesa de Asturias 2025 - Diario 21<\/title>\n<meta name=\"robots\" content=\"index, follow, max-snippet:-1, max-image-preview:large, max-video-preview:-1\" \/>\n<link rel=\"canonical\" href=\"https:\/\/www.diario21.tv\/noticias\/increible-el-museo-nacional-de-antropologia-de-mexico-gana-el-premio-princesa-de-asturias-2025\/\" \/>\n<meta property=\"og:locale\" content=\"es_ES\" \/>\n<meta property=\"og:type\" content=\"article\" \/>\n<meta property=\"og:title\" content=\"\u00a1Incre\u00edble! El Museo Nacional de Antropolog\u00eda de M\u00e9xico gana el Premio Princesa de Asturias 2025 - Diario 21\" \/>\n<meta property=\"og:description\" content=\"El Premio Princesa de Asturias de la Concordia 2025 Otorgado al Museo Nacional de Antropolog\u00eda de M\u00e9xico El Museo Nacional de Antropolog\u00eda de M\u00e9xico ha sido ... Seguir leyendo &rarr;\" \/>\n<meta property=\"og:url\" content=\"https:\/\/www.diario21.tv\/noticias\/increible-el-museo-nacional-de-antropologia-de-mexico-gana-el-premio-princesa-de-asturias-2025\/\" \/>\n<meta property=\"og:site_name\" content=\"Diario 21\" \/>\n<meta property=\"article:published_time\" content=\"2025-06-07T04:12:59+00:00\" \/>\n<meta property=\"article:modified_time\" content=\"2025-06-07T04:13:00+00:00\" \/>\n<meta property=\"og:image\" content=\"https:\/\/www.diario21.tv\/noticias\/wp-content\/uploads\/2025\/06\/\u00a1Increible-El-Museo-Nacional-de-Antropologia-de-Mexico-gana-el.jpg\" \/>\n\t<meta property=\"og:image:width\" content=\"1200\" \/>\n\t<meta property=\"og:image:height\" content=\"840\" \/>\n\t<meta property=\"og:image:type\" content=\"image\/jpeg\" \/>\n<meta name=\"author\" content=\"Juan P\u00e9rez\" \/>\n<meta name=\"twitter:card\" content=\"summary_large_image\" \/>\n<meta name=\"twitter:label1\" content=\"Escrito por\" \/>\n\t<meta name=\"twitter:data1\" content=\"Juan P\u00e9rez\" \/>\n\t<meta name=\"twitter:label2\" content=\"Tiempo de lectura\" \/>\n\t<meta name=\"twitter:data2\" content=\"3 minutos\" \/>\n<script type=\"application\/ld+json\" class=\"yoast-schema-graph\">{\"@context\":\"https:\/\/schema.org\",\"@graph\":[{\"@type\":\"WebPage\",\"@id\":\"https:\/\/www.diario21.tv\/noticias\/increible-el-museo-nacional-de-antropologia-de-mexico-gana-el-premio-princesa-de-asturias-2025\/\",\"url\":\"https:\/\/www.diario21.tv\/noticias\/increible-el-museo-nacional-de-antropologia-de-mexico-gana-el-premio-princesa-de-asturias-2025\/\",\"name\":\"\u00a1Incre\u00edble! El Museo Nacional de Antropolog\u00eda de M\u00e9xico gana el Premio Princesa de Asturias 2025 - Diario 21\",\"isPartOf\":{\"@id\":\"https:\/\/www.diario21.tv\/noticias\/#website\"},\"primaryImageOfPage\":{\"@id\":\"https:\/\/www.diario21.tv\/noticias\/increible-el-museo-nacional-de-antropologia-de-mexico-gana-el-premio-princesa-de-asturias-2025\/#primaryimage\"},\"image\":{\"@id\":\"https:\/\/www.diario21.tv\/noticias\/increible-el-museo-nacional-de-antropologia-de-mexico-gana-el-premio-princesa-de-asturias-2025\/#primaryimage\"},\"thumbnailUrl\":\"https:\/\/www.diario21.tv\/noticias\/wp-content\/uploads\/2025\/06\/\u00a1Increible-El-Museo-Nacional-de-Antropologia-de-Mexico-gana-el.jpg\",\"datePublished\":\"2025-06-07T04:12:59+00:00\",\"dateModified\":\"2025-06-07T04:13:00+00:00\",\"author\":{\"@id\":\"https:\/\/www.diario21.tv\/noticias\/#\/schema\/person\/dfb778f73814d8f09f302618446a526b\"},\"breadcrumb\":{\"@id\":\"https:\/\/www.diario21.tv\/noticias\/increible-el-museo-nacional-de-antropologia-de-mexico-gana-el-premio-princesa-de-asturias-2025\/#breadcrumb\"},\"inLanguage\":\"es-AR\",\"potentialAction\":[{\"@type\":\"ReadAction\",\"target\":[\"https:\/\/www.diario21.tv\/noticias\/increible-el-museo-nacional-de-antropologia-de-mexico-gana-el-premio-princesa-de-asturias-2025\/\"]}]},{\"@type\":\"ImageObject\",\"inLanguage\":\"es-AR\",\"@id\":\"https:\/\/www.diario21.tv\/noticias\/increible-el-museo-nacional-de-antropologia-de-mexico-gana-el-premio-princesa-de-asturias-2025\/#primaryimage\",\"url\":\"https:\/\/www.diario21.tv\/noticias\/wp-content\/uploads\/2025\/06\/\u00a1Increible-El-Museo-Nacional-de-Antropologia-de-Mexico-gana-el.jpg\",\"contentUrl\":\"https:\/\/www.diario21.tv\/noticias\/wp-content\/uploads\/2025\/06\/\u00a1Increible-El-Museo-Nacional-de-Antropologia-de-Mexico-gana-el.jpg\",\"width\":1200,\"height\":840,\"caption\":\"El Museo Nacional de Antropolog\u00eda de M\u00e9xico, Premio Princesa de Asturias de la Concordia 2025\"},{\"@type\":\"BreadcrumbList\",\"@id\":\"https:\/\/www.diario21.tv\/noticias\/increible-el-museo-nacional-de-antropologia-de-mexico-gana-el-premio-princesa-de-asturias-2025\/#breadcrumb\",\"itemListElement\":[{\"@type\":\"ListItem\",\"position\":1,\"name\":\"Accueil\",\"item\":\"https:\/\/www.diario21.tv\/noticias\/\"},{\"@type\":\"ListItem\",\"position\":2,\"name\":\"\u00a1Incre\u00edble! El Museo Nacional de Antropolog\u00eda de M\u00e9xico gana el Premio Princesa de Asturias 2025\"}]},{\"@type\":\"WebSite\",\"@id\":\"https:\/\/www.diario21.tv\/noticias\/#website\",\"url\":\"https:\/\/www.diario21.tv\/noticias\/\",\"name\":\"Diario 21\",\"description\":\"\",\"potentialAction\":[{\"@type\":\"SearchAction\",\"target\":{\"@type\":\"EntryPoint\",\"urlTemplate\":\"https:\/\/www.diario21.tv\/noticias\/?s={search_term_string}\"},\"query-input\":{\"@type\":\"PropertyValueSpecification\",\"valueRequired\":true,\"valueName\":\"search_term_string\"}}],\"inLanguage\":\"es-AR\"},{\"@type\":\"Person\",\"@id\":\"https:\/\/www.diario21.tv\/noticias\/#\/schema\/person\/dfb778f73814d8f09f302618446a526b\",\"name\":\"Juan P\u00e9rez\",\"image\":{\"@type\":\"ImageObject\",\"inLanguage\":\"es-AR\",\"@id\":\"https:\/\/www.diario21.tv\/noticias\/#\/schema\/person\/image\/\",\"url\":\"https:\/\/secure.gravatar.com\/avatar\/c478a405bd10621167f4c3167cc770f5?s=96&d=mm&r=g\",\"contentUrl\":\"https:\/\/secure.gravatar.com\/avatar\/c478a405bd10621167f4c3167cc770f5?s=96&d=mm&r=g\",\"caption\":\"Juan P\u00e9rez\"},\"description\":\"Juan P\u00e9rez es el redactor en jefe de Diario 21. Con m\u00e1s de 10 a\u00f1os de experiencia en el periodismo, se especializa en pol\u00edtica nacional y an\u00e1lisis socioecon\u00f3mico. Su enfoque cr\u00edtico y riguroso aporta una perspectiva \u00fanica a cada art\u00edculo.\",\"sameAs\":[\"https:\/\/www.diario21.tv\/noticias\/\"],\"url\":\"https:\/\/www.diario21.tv\/noticias\/author\/juan-perez\/\"}]}<\/script>\n<!-- \/ Yoast SEO plugin. -->","yoast_head_json":{"title":"\u00a1Incre\u00edble! El Museo Nacional de Antropolog\u00eda de M\u00e9xico gana el Premio Princesa de Asturias 2025 - Diario 21","robots":{"index":"index","follow":"follow","max-snippet":"max-snippet:-1","max-image-preview":"max-image-preview:large","max-video-preview":"max-video-preview:-1"},"canonical":"https:\/\/www.diario21.tv\/noticias\/increible-el-museo-nacional-de-antropologia-de-mexico-gana-el-premio-princesa-de-asturias-2025\/","og_locale":"es_ES","og_type":"article","og_title":"\u00a1Incre\u00edble! El Museo Nacional de Antropolog\u00eda de M\u00e9xico gana el Premio Princesa de Asturias 2025 - Diario 21","og_description":"El Premio Princesa de Asturias de la Concordia 2025 Otorgado al Museo Nacional de Antropolog\u00eda de M\u00e9xico El Museo Nacional de Antropolog\u00eda de M\u00e9xico ha sido ... Seguir leyendo &rarr;","og_url":"https:\/\/www.diario21.tv\/noticias\/increible-el-museo-nacional-de-antropologia-de-mexico-gana-el-premio-princesa-de-asturias-2025\/","og_site_name":"Diario 21","article_published_time":"2025-06-07T04:12:59+00:00","article_modified_time":"2025-06-07T04:13:00+00:00","og_image":[{"width":1200,"height":840,"url":"https:\/\/www.diario21.tv\/noticias\/wp-content\/uploads\/2025\/06\/\u00a1Increible-El-Museo-Nacional-de-Antropologia-de-Mexico-gana-el.jpg","type":"image\/jpeg"}],"author":"Juan P\u00e9rez","twitter_card":"summary_large_image","twitter_misc":{"Escrito por":"Juan P\u00e9rez","Tiempo de lectura":"3 minutos"},"schema":{"@context":"https:\/\/schema.org","@graph":[{"@type":"WebPage","@id":"https:\/\/www.diario21.tv\/noticias\/increible-el-museo-nacional-de-antropologia-de-mexico-gana-el-premio-princesa-de-asturias-2025\/","url":"https:\/\/www.diario21.tv\/noticias\/increible-el-museo-nacional-de-antropologia-de-mexico-gana-el-premio-princesa-de-asturias-2025\/","name":"\u00a1Incre\u00edble! El Museo Nacional de Antropolog\u00eda de M\u00e9xico gana el Premio Princesa de Asturias 2025 - Diario 21","isPartOf":{"@id":"https:\/\/www.diario21.tv\/noticias\/#website"},"primaryImageOfPage":{"@id":"https:\/\/www.diario21.tv\/noticias\/increible-el-museo-nacional-de-antropologia-de-mexico-gana-el-premio-princesa-de-asturias-2025\/#primaryimage"},"image":{"@id":"https:\/\/www.diario21.tv\/noticias\/increible-el-museo-nacional-de-antropologia-de-mexico-gana-el-premio-princesa-de-asturias-2025\/#primaryimage"},"thumbnailUrl":"https:\/\/www.diario21.tv\/noticias\/wp-content\/uploads\/2025\/06\/\u00a1Increible-El-Museo-Nacional-de-Antropologia-de-Mexico-gana-el.jpg","datePublished":"2025-06-07T04:12:59+00:00","dateModified":"2025-06-07T04:13:00+00:00","author":{"@id":"https:\/\/www.diario21.tv\/noticias\/#\/schema\/person\/dfb778f73814d8f09f302618446a526b"},"breadcrumb":{"@id":"https:\/\/www.diario21.tv\/noticias\/increible-el-museo-nacional-de-antropologia-de-mexico-gana-el-premio-princesa-de-asturias-2025\/#breadcrumb"},"inLanguage":"es-AR","potentialAction":[{"@type":"ReadAction","target":["https:\/\/www.diario21.tv\/noticias\/increible-el-museo-nacional-de-antropologia-de-mexico-gana-el-premio-princesa-de-asturias-2025\/"]}]},{"@type":"ImageObject","inLanguage":"es-AR","@id":"https:\/\/www.diario21.tv\/noticias\/increible-el-museo-nacional-de-antropologia-de-mexico-gana-el-premio-princesa-de-asturias-2025\/#primaryimage","url":"https:\/\/www.diario21.tv\/noticias\/wp-content\/uploads\/2025\/06\/\u00a1Increible-El-Museo-Nacional-de-Antropologia-de-Mexico-gana-el.jpg","contentUrl":"https:\/\/www.diario21.tv\/noticias\/wp-content\/uploads\/2025\/06\/\u00a1Increible-El-Museo-Nacional-de-Antropologia-de-Mexico-gana-el.jpg","width":1200,"height":840,"caption":"El Museo Nacional de Antropolog\u00eda de M\u00e9xico, Premio Princesa de Asturias de la Concordia 2025"},{"@type":"BreadcrumbList","@id":"https:\/\/www.diario21.tv\/noticias\/increible-el-museo-nacional-de-antropologia-de-mexico-gana-el-premio-princesa-de-asturias-2025\/#breadcrumb","itemListElement":[{"@type":"ListItem","position":1,"name":"Accueil","item":"https:\/\/www.diario21.tv\/noticias\/"},{"@type":"ListItem","position":2,"name":"\u00a1Incre\u00edble! El Museo Nacional de Antropolog\u00eda de M\u00e9xico gana el Premio Princesa de Asturias 2025"}]},{"@type":"WebSite","@id":"https:\/\/www.diario21.tv\/noticias\/#website","url":"https:\/\/www.diario21.tv\/noticias\/","name":"Diario 21","description":"","potentialAction":[{"@type":"SearchAction","target":{"@type":"EntryPoint","urlTemplate":"https:\/\/www.diario21.tv\/noticias\/?s={search_term_string}"},"query-input":{"@type":"PropertyValueSpecification","valueRequired":true,"valueName":"search_term_string"}}],"inLanguage":"es-AR"},{"@type":"Person","@id":"https:\/\/www.diario21.tv\/noticias\/#\/schema\/person\/dfb778f73814d8f09f302618446a526b","name":"Juan P\u00e9rez","image":{"@type":"ImageObject","inLanguage":"es-AR","@id":"https:\/\/www.diario21.tv\/noticias\/#\/schema\/person\/image\/","url":"https:\/\/secure.gravatar.com\/avatar\/c478a405bd10621167f4c3167cc770f5?s=96&d=mm&r=g","contentUrl":"https:\/\/secure.gravatar.com\/avatar\/c478a405bd10621167f4c3167cc770f5?s=96&d=mm&r=g","caption":"Juan P\u00e9rez"},"description":"Juan P\u00e9rez es el redactor en jefe de Diario 21. Con m\u00e1s de 10 a\u00f1os de experiencia en el periodismo, se especializa en pol\u00edtica nacional y an\u00e1lisis socioecon\u00f3mico. Su enfoque cr\u00edtico y riguroso aporta una perspectiva \u00fanica a cada art\u00edculo.","sameAs":["https:\/\/www.diario21.tv\/noticias\/"],"url":"https:\/\/www.diario21.tv\/noticias\/author\/juan-perez\/"}]}},"_links":{"self":[{"href":"https:\/\/www.diario21.tv\/noticias\/wp-json\/wp\/v2\/posts\/3391"}],"collection":[{"href":"https:\/\/www.diario21.tv\/noticias\/wp-json\/wp\/v2\/posts"}],"about":[{"href":"https:\/\/www.diario21.tv\/noticias\/wp-json\/wp\/v2\/types\/post"}],"author":[{"embeddable":true,"href":"https:\/\/www.diario21.tv\/noticias\/wp-json\/wp\/v2\/users\/20"}],"replies":[{"embeddable":true,"href":"https:\/\/www.diario21.tv\/noticias\/wp-json\/wp\/v2\/comments?post=3391"}],"version-history":[{"count":1,"href":"https:\/\/www.diario21.tv\/noticias\/wp-json\/wp\/v2\/posts\/3391\/revisions"}],"predecessor-version":[{"id":3393,"href":"https:\/\/www.diario21.tv\/noticias\/wp-json\/wp\/v2\/posts\/3391\/revisions\/3393"}],"wp:featuredmedia":[{"embeddable":true,"href":"https:\/\/www.diario21.tv\/noticias\/wp-json\/wp\/v2\/media\/3392"}],"wp:attachment":[{"href":"https:\/\/www.diario21.tv\/noticias\/wp-json\/wp\/v2\/media?parent=3391"}],"wp:term":[{"taxonomy":"category","embeddable":true,"href":"https:\/\/www.diario21.tv\/noticias\/wp-json\/wp\/v2\/categories?post=3391"},{"taxonomy":"post_tag","embeddable":true,"href":"https:\/\/www.diario21.tv\/noticias\/wp-json\/wp\/v2\/tags?post=3391"}],"curies":[{"name":"wp","href":"https:\/\/api.w.org\/{rel}","templated":true}]}}