{"id":3370,"date":"2025-06-05T09:58:46","date_gmt":"2025-06-05T09:58:46","guid":{"rendered":"https:\/\/www.diario21.tv\/noticias\/alerta-aemps-riesgos-comunes-del-ibuprofeno-y-paracetamol-que-debes-conocer\/"},"modified":"2025-06-05T09:58:47","modified_gmt":"2025-06-05T09:58:47","slug":"alerta-aemps-riesgos-comunes-del-ibuprofeno-y-paracetamol-que-debes-conocer","status":"publish","type":"post","link":"https:\/\/www.diario21.tv\/noticias\/alerta-aemps-riesgos-comunes-del-ibuprofeno-y-paracetamol-que-debes-conocer\/","title":{"rendered":"\u00a1Alerta AEMPS! Riesgos comunes del ibuprofeno y paracetamol que debes conocer"},"content":{"rendered":"<h2>Advertencia de la AEMPS Acerca de Riesgos Asociados al Uso de Ibuprofeno y Paracetamol<\/h2>\n<p>La Agencia Espa\u00f1ola de Medicamentos y Productos Sanitarios (AEMPS) ha emitido recientemente una advertencia dirigida a los consumidores sobre los riesgos potenciales del consumo habitual de dos medicamentos muy conocidos: el ibuprofeno y el paracetamol. Estos analg\u00e9sicos, ampliamente utilizados para aliviar el dolor y reducir la fiebre, pueden conllevar serias implicaciones para la salud si no se administran correctamente.<\/p>\n<h3>Potenciales Efectos Secundarios del Ibuprofeno<\/h3>\n<p>El ibuprofeno, un antiinflamatorio no esteroideo, es frecuentemente utilizado para combatir dolores moderados, as\u00ed como para disminuir inflamaciones y dolores musculares. Sin embargo, su uso no est\u00e1 exento de riesgos. La AEMPS subraya que el consumo excesivo de ibuprofeno puede llevar a problemas gastrointestinales graves, como \u00falceras o sangrado gastrointestinal. Adem\u00e1s, este medicamento podr\u00eda incrementar las probabilidades de sufrir problemas card\u00edacos o renales, especialmente en aquellos usuarios que ya presentan condiciones preexistentes o que consumen el medicamento de manera prolongada.<\/p>\n<h3>Riesgos del Uso Prolongado de Paracetamol<\/h3>\n<p>Por su parte, el paracetamol es com\u00fanmente prescrito para la gesti\u00f3n del dolor leve a moderado y es conocido por su capacidad para reducir la fiebre. A pesar de su amplia aceptaci\u00f3n y percepci\u00f3n de seguridad, la AEMPS advierte que el uso excesivo o prolongado de paracetamol puede causar da\u00f1o hep\u00e1tico severo. La toxicidad del h\u00edgado es particularmente preocupante en casos de sobredosis, ya sea accidental o intencional. Es vital que los usuarios se adhieran estrictamente a las dosis recomendadas y eviten combinar este medicamento con alcohol o con otros medicamentos que tambi\u00e9n puedan afectar al h\u00edgado.<\/p>\n<h3>Recomendaciones de la AEMPS<\/h3>\n<p>La AEMPS recomienda que tanto el ibuprofeno como el paracetamol sean consumidos con precauci\u00f3n. Los usuarios deben asegurarse de seguir las indicaciones de dosificaci\u00f3n proporcionadas por los profesionales de la salud y nunca exceder la cantidad m\u00e1xima recomendada. Es esencial consultar a un m\u00e9dico antes de iniciar un tratamiento con estos medicamentos, especialmente si se tienen condiciones de salud preexistentes o se est\u00e1n tomando otros medicamentos.<\/p>\n<p>Adem\u00e1s, la agencia enfatiza la importancia de leer detenidamente los prospectos incluidos con estos medicamentos, donde se detallan los posibles efectos secundarios y las advertencias espec\u00edficas. La educaci\u00f3n y la conciencia sobre c\u00f3mo y cu\u00e1ndo usar estos analg\u00e9sicos pueden reducir significativamente los riesgos asociados y garantizar un uso seguro y efectivo.<\/p>\n<p>En resumen, mientras que el ibuprofeno y el paracetamol son herramientas eficaces en la gesti\u00f3n del dolor y la fiebre, es crucial usar estos medicamentos con prudencia para evitar complicaciones de salud serias. La AEMPS contin\u00faa su labor de monitoreo y regulaci\u00f3n para asegurar la seguridad de todos los medicamentos disponibles en el mercado.<\/p>\n\n\n<div class=\"kk-star-ratings kksr-auto kksr-align-left kksr-valign-bottom\"\n    data-payload='{&quot;align&quot;:&quot;left&quot;,&quot;id&quot;:&quot;3370&quot;,&quot;slug&quot;:&quot;default&quot;,&quot;valign&quot;:&quot;bottom&quot;,&quot;ignore&quot;:&quot;&quot;,&quot;reference&quot;:&quot;auto&quot;,&quot;class&quot;:&quot;&quot;,&quot;count&quot;:&quot;0&quot;,&quot;legendonly&quot;:&quot;&quot;,&quot;readonly&quot;:&quot;&quot;,&quot;score&quot;:&quot;0&quot;,&quot;starsonly&quot;:&quot;&quot;,&quot;best&quot;:&quot;5&quot;,&quot;gap&quot;:&quot;5&quot;,&quot;greet&quot;:&quot;Valora este post&quot;,&quot;legend&quot;:&quot;0\\\/5 - (0 votes)&quot;,&quot;size&quot;:&quot;22&quot;,&quot;title&quot;:&quot;\u00a1Alerta AEMPS! Riesgos comunes del ibuprofeno y paracetamol que debes conocer&quot;,&quot;width&quot;:&quot;0&quot;,&quot;_legend&quot;:&quot;{score}\\\/{best} - ({count} {votes})&quot;,&quot;font_factor&quot;:&quot;1.25&quot;}'>\n            \n<div class=\"kksr-stars\">\n    \n<div class=\"kksr-stars-inactive\">\n            <div class=\"kksr-star\" data-star=\"1\" style=\"padding-right: 5px\">\n            \n\n<div class=\"kksr-icon\" style=\"width: 22px; height: 22px;\"><\/div>\n        <\/div>\n            <div class=\"kksr-star\" data-star=\"2\" style=\"padding-right: 5px\">\n            \n\n<div class=\"kksr-icon\" style=\"width: 22px; height: 22px;\"><\/div>\n        <\/div>\n            <div class=\"kksr-star\" data-star=\"3\" style=\"padding-right: 5px\">\n            \n\n<div class=\"kksr-icon\" style=\"width: 22px; height: 22px;\"><\/div>\n        <\/div>\n            <div class=\"kksr-star\" data-star=\"4\" style=\"padding-right: 5px\">\n            \n\n<div class=\"kksr-icon\" style=\"width: 22px; height: 22px;\"><\/div>\n        <\/div>\n            <div class=\"kksr-star\" data-star=\"5\" style=\"padding-right: 5px\">\n            \n\n<div class=\"kksr-icon\" style=\"width: 22px; height: 22px;\"><\/div>\n        <\/div>\n    <\/div>\n    \n<div class=\"kksr-stars-active\" style=\"width: 0px;\">\n            <div class=\"kksr-star\" style=\"padding-right: 5px\">\n            \n\n<div class=\"kksr-icon\" style=\"width: 22px; height: 22px;\"><\/div>\n        <\/div>\n            <div class=\"kksr-star\" style=\"padding-right: 5px\">\n            \n\n<div class=\"kksr-icon\" style=\"width: 22px; height: 22px;\"><\/div>\n        <\/div>\n            <div class=\"kksr-star\" style=\"padding-right: 5px\">\n            \n\n<div class=\"kksr-icon\" style=\"width: 22px; height: 22px;\"><\/div>\n        <\/div>\n            <div class=\"kksr-star\" style=\"padding-right: 5px\">\n            \n\n<div class=\"kksr-icon\" style=\"width: 22px; height: 22px;\"><\/div>\n        <\/div>\n            <div class=\"kksr-star\" style=\"padding-right: 5px\">\n            \n\n<div class=\"kksr-icon\" style=\"width: 22px; height: 22px;\"><\/div>\n        <\/div>\n    <\/div>\n<\/div>\n                \n\n<div class=\"kksr-legend\" style=\"font-size: 17.6px;\">\n            <span class=\"kksr-muted\">Valora este post<\/span>\n    <\/div>\n    <\/div>\n","protected":false},"excerpt":{"rendered":"<p>Advertencia de la AEMPS Acerca de Riesgos Asociados al Uso de Ibuprofeno y Paracetamol La Agencia Espa\u00f1ola de Medicamentos y Productos Sanitarios (AEMPS) ha emitido recientemente &#8230; <a title=\"\u00a1Alerta AEMPS! Riesgos comunes del ibuprofeno y paracetamol que debes conocer\" class=\"read-more\" href=\"https:\/\/www.diario21.tv\/noticias\/alerta-aemps-riesgos-comunes-del-ibuprofeno-y-paracetamol-que-debes-conocer\/\" aria-label=\"Leer m\u00e1s sobre \u00a1Alerta AEMPS! Riesgos comunes del ibuprofeno y paracetamol que debes conocer\">Seguir leyendo &rarr;<\/a><\/p>\n","protected":false},"author":20,"featured_media":3371,"comment_status":"open","ping_status":"open","sticky":false,"template":"","format":"standard","meta":{"footnotes":""},"categories":[13],"tags":[],"class_list":["post-3370","post","type-post","status-publish","format-standard","has-post-thumbnail","hentry","category-portada"],"yoast_head":"<!-- This site is optimized with the Yoast SEO plugin v25.6 - https:\/\/yoast.com\/wordpress\/plugins\/seo\/ -->\n<title>\u00a1Alerta AEMPS! Riesgos comunes del ibuprofeno y paracetamol que debes conocer - Diario 21<\/title>\n<meta name=\"robots\" content=\"index, follow, max-snippet:-1, max-image-preview:large, max-video-preview:-1\" \/>\n<link rel=\"canonical\" href=\"https:\/\/www.diario21.tv\/noticias\/alerta-aemps-riesgos-comunes-del-ibuprofeno-y-paracetamol-que-debes-conocer\/\" \/>\n<meta property=\"og:locale\" content=\"es_ES\" \/>\n<meta property=\"og:type\" content=\"article\" \/>\n<meta property=\"og:title\" content=\"\u00a1Alerta AEMPS! Riesgos comunes del ibuprofeno y paracetamol que debes conocer - Diario 21\" \/>\n<meta property=\"og:description\" content=\"Advertencia de la AEMPS Acerca de Riesgos Asociados al Uso de Ibuprofeno y Paracetamol La Agencia Espa\u00f1ola de Medicamentos y Productos Sanitarios (AEMPS) ha emitido recientemente ... Seguir leyendo &rarr;\" \/>\n<meta property=\"og:url\" content=\"https:\/\/www.diario21.tv\/noticias\/alerta-aemps-riesgos-comunes-del-ibuprofeno-y-paracetamol-que-debes-conocer\/\" \/>\n<meta property=\"og:site_name\" content=\"Diario 21\" \/>\n<meta property=\"article:published_time\" content=\"2025-06-05T09:58:46+00:00\" \/>\n<meta property=\"article:modified_time\" content=\"2025-06-05T09:58:47+00:00\" \/>\n<meta property=\"og:image\" content=\"https:\/\/www.diario21.tv\/noticias\/wp-content\/uploads\/2025\/06\/\u00a1Alerta-AEMPS-Riesgos-comunes-del-ibuprofeno-y-paracetamol-que-debes.jpg\" \/>\n\t<meta property=\"og:image:width\" content=\"1920\" \/>\n\t<meta property=\"og:image:height\" content=\"1280\" \/>\n\t<meta property=\"og:image:type\" content=\"image\/jpeg\" \/>\n<meta name=\"author\" content=\"Juan P\u00e9rez\" \/>\n<meta name=\"twitter:card\" content=\"summary_large_image\" \/>\n<meta name=\"twitter:label1\" content=\"Escrito por\" \/>\n\t<meta name=\"twitter:data1\" content=\"Juan P\u00e9rez\" \/>\n\t<meta name=\"twitter:label2\" content=\"Tiempo de lectura\" \/>\n\t<meta name=\"twitter:data2\" content=\"2 minutos\" \/>\n<script type=\"application\/ld+json\" class=\"yoast-schema-graph\">{\"@context\":\"https:\/\/schema.org\",\"@graph\":[{\"@type\":\"WebPage\",\"@id\":\"https:\/\/www.diario21.tv\/noticias\/alerta-aemps-riesgos-comunes-del-ibuprofeno-y-paracetamol-que-debes-conocer\/\",\"url\":\"https:\/\/www.diario21.tv\/noticias\/alerta-aemps-riesgos-comunes-del-ibuprofeno-y-paracetamol-que-debes-conocer\/\",\"name\":\"\u00a1Alerta AEMPS! Riesgos comunes del ibuprofeno y paracetamol que debes conocer - Diario 21\",\"isPartOf\":{\"@id\":\"https:\/\/www.diario21.tv\/noticias\/#website\"},\"primaryImageOfPage\":{\"@id\":\"https:\/\/www.diario21.tv\/noticias\/alerta-aemps-riesgos-comunes-del-ibuprofeno-y-paracetamol-que-debes-conocer\/#primaryimage\"},\"image\":{\"@id\":\"https:\/\/www.diario21.tv\/noticias\/alerta-aemps-riesgos-comunes-del-ibuprofeno-y-paracetamol-que-debes-conocer\/#primaryimage\"},\"thumbnailUrl\":\"https:\/\/www.diario21.tv\/noticias\/wp-content\/uploads\/2025\/06\/\u00a1Alerta-AEMPS-Riesgos-comunes-del-ibuprofeno-y-paracetamol-que-debes.jpg\",\"datePublished\":\"2025-06-05T09:58:46+00:00\",\"dateModified\":\"2025-06-05T09:58:47+00:00\",\"author\":{\"@id\":\"https:\/\/www.diario21.tv\/noticias\/#\/schema\/person\/dfb778f73814d8f09f302618446a526b\"},\"breadcrumb\":{\"@id\":\"https:\/\/www.diario21.tv\/noticias\/alerta-aemps-riesgos-comunes-del-ibuprofeno-y-paracetamol-que-debes-conocer\/#breadcrumb\"},\"inLanguage\":\"es-AR\",\"potentialAction\":[{\"@type\":\"ReadAction\",\"target\":[\"https:\/\/www.diario21.tv\/noticias\/alerta-aemps-riesgos-comunes-del-ibuprofeno-y-paracetamol-que-debes-conocer\/\"]}]},{\"@type\":\"ImageObject\",\"inLanguage\":\"es-AR\",\"@id\":\"https:\/\/www.diario21.tv\/noticias\/alerta-aemps-riesgos-comunes-del-ibuprofeno-y-paracetamol-que-debes-conocer\/#primaryimage\",\"url\":\"https:\/\/www.diario21.tv\/noticias\/wp-content\/uploads\/2025\/06\/\u00a1Alerta-AEMPS-Riesgos-comunes-del-ibuprofeno-y-paracetamol-que-debes.jpg\",\"contentUrl\":\"https:\/\/www.diario21.tv\/noticias\/wp-content\/uploads\/2025\/06\/\u00a1Alerta-AEMPS-Riesgos-comunes-del-ibuprofeno-y-paracetamol-que-debes.jpg\",\"width\":1920,\"height\":1280,\"caption\":\"La AEMPS alerta sobre un peligro com\u00fan del ibuprofeno y el paracetamol\"},{\"@type\":\"BreadcrumbList\",\"@id\":\"https:\/\/www.diario21.tv\/noticias\/alerta-aemps-riesgos-comunes-del-ibuprofeno-y-paracetamol-que-debes-conocer\/#breadcrumb\",\"itemListElement\":[{\"@type\":\"ListItem\",\"position\":1,\"name\":\"Accueil\",\"item\":\"https:\/\/www.diario21.tv\/noticias\/\"},{\"@type\":\"ListItem\",\"position\":2,\"name\":\"\u00a1Alerta AEMPS! Riesgos comunes del ibuprofeno y paracetamol que debes conocer\"}]},{\"@type\":\"WebSite\",\"@id\":\"https:\/\/www.diario21.tv\/noticias\/#website\",\"url\":\"https:\/\/www.diario21.tv\/noticias\/\",\"name\":\"Diario 21\",\"description\":\"\",\"potentialAction\":[{\"@type\":\"SearchAction\",\"target\":{\"@type\":\"EntryPoint\",\"urlTemplate\":\"https:\/\/www.diario21.tv\/noticias\/?s={search_term_string}\"},\"query-input\":{\"@type\":\"PropertyValueSpecification\",\"valueRequired\":true,\"valueName\":\"search_term_string\"}}],\"inLanguage\":\"es-AR\"},{\"@type\":\"Person\",\"@id\":\"https:\/\/www.diario21.tv\/noticias\/#\/schema\/person\/dfb778f73814d8f09f302618446a526b\",\"name\":\"Juan P\u00e9rez\",\"image\":{\"@type\":\"ImageObject\",\"inLanguage\":\"es-AR\",\"@id\":\"https:\/\/www.diario21.tv\/noticias\/#\/schema\/person\/image\/\",\"url\":\"https:\/\/secure.gravatar.com\/avatar\/c478a405bd10621167f4c3167cc770f5?s=96&d=mm&r=g\",\"contentUrl\":\"https:\/\/secure.gravatar.com\/avatar\/c478a405bd10621167f4c3167cc770f5?s=96&d=mm&r=g\",\"caption\":\"Juan P\u00e9rez\"},\"description\":\"Juan P\u00e9rez es el redactor en jefe de Diario 21. Con m\u00e1s de 10 a\u00f1os de experiencia en el periodismo, se especializa en pol\u00edtica nacional y an\u00e1lisis socioecon\u00f3mico. Su enfoque cr\u00edtico y riguroso aporta una perspectiva \u00fanica a cada art\u00edculo.\",\"sameAs\":[\"https:\/\/www.diario21.tv\/noticias\/\"],\"url\":\"https:\/\/www.diario21.tv\/noticias\/author\/juan-perez\/\"}]}<\/script>\n<!-- \/ Yoast SEO plugin. -->","yoast_head_json":{"title":"\u00a1Alerta AEMPS! Riesgos comunes del ibuprofeno y paracetamol que debes conocer - Diario 21","robots":{"index":"index","follow":"follow","max-snippet":"max-snippet:-1","max-image-preview":"max-image-preview:large","max-video-preview":"max-video-preview:-1"},"canonical":"https:\/\/www.diario21.tv\/noticias\/alerta-aemps-riesgos-comunes-del-ibuprofeno-y-paracetamol-que-debes-conocer\/","og_locale":"es_ES","og_type":"article","og_title":"\u00a1Alerta AEMPS! Riesgos comunes del ibuprofeno y paracetamol que debes conocer - Diario 21","og_description":"Advertencia de la AEMPS Acerca de Riesgos Asociados al Uso de Ibuprofeno y Paracetamol La Agencia Espa\u00f1ola de Medicamentos y Productos Sanitarios (AEMPS) ha emitido recientemente ... Seguir leyendo &rarr;","og_url":"https:\/\/www.diario21.tv\/noticias\/alerta-aemps-riesgos-comunes-del-ibuprofeno-y-paracetamol-que-debes-conocer\/","og_site_name":"Diario 21","article_published_time":"2025-06-05T09:58:46+00:00","article_modified_time":"2025-06-05T09:58:47+00:00","og_image":[{"width":1920,"height":1280,"url":"https:\/\/www.diario21.tv\/noticias\/wp-content\/uploads\/2025\/06\/\u00a1Alerta-AEMPS-Riesgos-comunes-del-ibuprofeno-y-paracetamol-que-debes.jpg","type":"image\/jpeg"}],"author":"Juan P\u00e9rez","twitter_card":"summary_large_image","twitter_misc":{"Escrito por":"Juan P\u00e9rez","Tiempo de lectura":"2 minutos"},"schema":{"@context":"https:\/\/schema.org","@graph":[{"@type":"WebPage","@id":"https:\/\/www.diario21.tv\/noticias\/alerta-aemps-riesgos-comunes-del-ibuprofeno-y-paracetamol-que-debes-conocer\/","url":"https:\/\/www.diario21.tv\/noticias\/alerta-aemps-riesgos-comunes-del-ibuprofeno-y-paracetamol-que-debes-conocer\/","name":"\u00a1Alerta AEMPS! Riesgos comunes del ibuprofeno y paracetamol que debes conocer - Diario 21","isPartOf":{"@id":"https:\/\/www.diario21.tv\/noticias\/#website"},"primaryImageOfPage":{"@id":"https:\/\/www.diario21.tv\/noticias\/alerta-aemps-riesgos-comunes-del-ibuprofeno-y-paracetamol-que-debes-conocer\/#primaryimage"},"image":{"@id":"https:\/\/www.diario21.tv\/noticias\/alerta-aemps-riesgos-comunes-del-ibuprofeno-y-paracetamol-que-debes-conocer\/#primaryimage"},"thumbnailUrl":"https:\/\/www.diario21.tv\/noticias\/wp-content\/uploads\/2025\/06\/\u00a1Alerta-AEMPS-Riesgos-comunes-del-ibuprofeno-y-paracetamol-que-debes.jpg","datePublished":"2025-06-05T09:58:46+00:00","dateModified":"2025-06-05T09:58:47+00:00","author":{"@id":"https:\/\/www.diario21.tv\/noticias\/#\/schema\/person\/dfb778f73814d8f09f302618446a526b"},"breadcrumb":{"@id":"https:\/\/www.diario21.tv\/noticias\/alerta-aemps-riesgos-comunes-del-ibuprofeno-y-paracetamol-que-debes-conocer\/#breadcrumb"},"inLanguage":"es-AR","potentialAction":[{"@type":"ReadAction","target":["https:\/\/www.diario21.tv\/noticias\/alerta-aemps-riesgos-comunes-del-ibuprofeno-y-paracetamol-que-debes-conocer\/"]}]},{"@type":"ImageObject","inLanguage":"es-AR","@id":"https:\/\/www.diario21.tv\/noticias\/alerta-aemps-riesgos-comunes-del-ibuprofeno-y-paracetamol-que-debes-conocer\/#primaryimage","url":"https:\/\/www.diario21.tv\/noticias\/wp-content\/uploads\/2025\/06\/\u00a1Alerta-AEMPS-Riesgos-comunes-del-ibuprofeno-y-paracetamol-que-debes.jpg","contentUrl":"https:\/\/www.diario21.tv\/noticias\/wp-content\/uploads\/2025\/06\/\u00a1Alerta-AEMPS-Riesgos-comunes-del-ibuprofeno-y-paracetamol-que-debes.jpg","width":1920,"height":1280,"caption":"La AEMPS alerta sobre un peligro com\u00fan del ibuprofeno y el paracetamol"},{"@type":"BreadcrumbList","@id":"https:\/\/www.diario21.tv\/noticias\/alerta-aemps-riesgos-comunes-del-ibuprofeno-y-paracetamol-que-debes-conocer\/#breadcrumb","itemListElement":[{"@type":"ListItem","position":1,"name":"Accueil","item":"https:\/\/www.diario21.tv\/noticias\/"},{"@type":"ListItem","position":2,"name":"\u00a1Alerta AEMPS! Riesgos comunes del ibuprofeno y paracetamol que debes conocer"}]},{"@type":"WebSite","@id":"https:\/\/www.diario21.tv\/noticias\/#website","url":"https:\/\/www.diario21.tv\/noticias\/","name":"Diario 21","description":"","potentialAction":[{"@type":"SearchAction","target":{"@type":"EntryPoint","urlTemplate":"https:\/\/www.diario21.tv\/noticias\/?s={search_term_string}"},"query-input":{"@type":"PropertyValueSpecification","valueRequired":true,"valueName":"search_term_string"}}],"inLanguage":"es-AR"},{"@type":"Person","@id":"https:\/\/www.diario21.tv\/noticias\/#\/schema\/person\/dfb778f73814d8f09f302618446a526b","name":"Juan P\u00e9rez","image":{"@type":"ImageObject","inLanguage":"es-AR","@id":"https:\/\/www.diario21.tv\/noticias\/#\/schema\/person\/image\/","url":"https:\/\/secure.gravatar.com\/avatar\/c478a405bd10621167f4c3167cc770f5?s=96&d=mm&r=g","contentUrl":"https:\/\/secure.gravatar.com\/avatar\/c478a405bd10621167f4c3167cc770f5?s=96&d=mm&r=g","caption":"Juan P\u00e9rez"},"description":"Juan P\u00e9rez es el redactor en jefe de Diario 21. Con m\u00e1s de 10 a\u00f1os de experiencia en el periodismo, se especializa en pol\u00edtica nacional y an\u00e1lisis socioecon\u00f3mico. Su enfoque cr\u00edtico y riguroso aporta una perspectiva \u00fanica a cada art\u00edculo.","sameAs":["https:\/\/www.diario21.tv\/noticias\/"],"url":"https:\/\/www.diario21.tv\/noticias\/author\/juan-perez\/"}]}},"_links":{"self":[{"href":"https:\/\/www.diario21.tv\/noticias\/wp-json\/wp\/v2\/posts\/3370"}],"collection":[{"href":"https:\/\/www.diario21.tv\/noticias\/wp-json\/wp\/v2\/posts"}],"about":[{"href":"https:\/\/www.diario21.tv\/noticias\/wp-json\/wp\/v2\/types\/post"}],"author":[{"embeddable":true,"href":"https:\/\/www.diario21.tv\/noticias\/wp-json\/wp\/v2\/users\/20"}],"replies":[{"embeddable":true,"href":"https:\/\/www.diario21.tv\/noticias\/wp-json\/wp\/v2\/comments?post=3370"}],"version-history":[{"count":1,"href":"https:\/\/www.diario21.tv\/noticias\/wp-json\/wp\/v2\/posts\/3370\/revisions"}],"predecessor-version":[{"id":3372,"href":"https:\/\/www.diario21.tv\/noticias\/wp-json\/wp\/v2\/posts\/3370\/revisions\/3372"}],"wp:featuredmedia":[{"embeddable":true,"href":"https:\/\/www.diario21.tv\/noticias\/wp-json\/wp\/v2\/media\/3371"}],"wp:attachment":[{"href":"https:\/\/www.diario21.tv\/noticias\/wp-json\/wp\/v2\/media?parent=3370"}],"wp:term":[{"taxonomy":"category","embeddable":true,"href":"https:\/\/www.diario21.tv\/noticias\/wp-json\/wp\/v2\/categories?post=3370"},{"taxonomy":"post_tag","embeddable":true,"href":"https:\/\/www.diario21.tv\/noticias\/wp-json\/wp\/v2\/tags?post=3370"}],"curies":[{"name":"wp","href":"https:\/\/api.w.org\/{rel}","templated":true}]}}