{"id":3337,"date":"2025-06-02T09:28:31","date_gmt":"2025-06-02T09:28:31","guid":{"rendered":"https:\/\/www.diario21.tv\/noticias\/exclusivo-la-decapitadora-de-castro-urdiales-renuncia-a-la-herencia-del-piso-de-su-novio\/"},"modified":"2025-06-02T09:28:32","modified_gmt":"2025-06-02T09:28:32","slug":"exclusivo-la-decapitadora-de-castro-urdiales-renuncia-a-la-herencia-del-piso-de-su-novio","status":"publish","type":"post","link":"https:\/\/www.diario21.tv\/noticias\/exclusivo-la-decapitadora-de-castro-urdiales-renuncia-a-la-herencia-del-piso-de-su-novio\/","title":{"rendered":"\u00a1Exclusivo! La decapitadora de Castro Urdiales renuncia a la herencia del piso de su novio"},"content":{"rendered":"<h2>La mujer de Castro Urdiales renuncia a la herencia del apartamento de su pareja<\/h2>\n<p>En un giro reciente en los acontecimientos en Castro Urdiales, la mujer acusada de decapitar a su novio ha decidido renunciar a cualquier derecho hereditario sobre el apartamento de su pareja. Este suceso ha captado la atenci\u00f3n no solo de la localidad sino tambi\u00e9n de medios nacionales, dada la naturaleza macabra del caso y las complicaciones legales que ha suscitado.<\/p>\n<h3>Detalles del Caso<\/h3>\n<p>La implicada, cuyo nombre no ha sido revelado por razones legales, fue arrestada tras un hallazgo horripilante: la cabeza de su novio en una caja. Este descubrimiento se produjo luego de que las autoridades fueran alertadas por vecinos preocupados por la desaparici\u00f3n del hombre. La investigaci\u00f3n posterior llev\u00f3 a la detenci\u00f3n de la mujer, quien ha estado en el centro de un intenso debate legal y medi\u00e1tico.<\/p>\n<h3>Renuncia a la Herencia<\/h3>\n<p>Como parte de las deliberaciones legales, se ha confirmado que la mujer ha accedido voluntariamente a renunciar a cualquier reclamaci\u00f3n sobre el apartamento de su difunto novio. Este apartamento, situado en una zona c\u00e9ntrica de Castro Urdiales, era propiedad exclusiva del hombre antes de su tr\u00e1gica muerte. La decisi\u00f3n de la acusada de no reclamar la herencia podr\u00eda ser vista como un intento de simplificar el proceso legal en curso, aunque las especulaciones sobre sus motivos contin\u00faan.<\/p>\n<h3>Implicaciones Legales<\/h3>\n<p>La renuncia a la herencia por parte de la acusada no pone fin a las complicaciones legales en este caso. Ella enfrenta cargos graves que incluyen homicidio y desmembramiento, y su juicio est\u00e1 previsto para los pr\u00f3ximos meses. El proceso se anticipa tenso y cargado de emociones, dado el brutal asesinato y las circunstancias perturbadoras relacionadas con el caso.<\/p>\n<h3>Reacciones de la Comunidad<\/h3>\n<p>La comunidad de Castro Urdiales ha reaccionado con shock y consternaci\u00f3n ante la noticia del crimen y los detalles que han ido emergiendo. La seguridad y la tranquilidad del barrio se han visto afectadas, y muchos residentes han expresado su preocupaci\u00f3n por el impacto a largo plazo de este suceso en la reputaci\u00f3n de la localidad.<\/p>\n<p>En conclusi\u00f3n, la decisi\u00f3n de la mujer de renunciar a la herencia del apartamento de su novio es solo un aspecto de un caso mucho m\u00e1s amplio y complejo que sigue desarroll\u00e1ndose. La atenci\u00f3n ahora se centra en el juicio pr\u00f3ximo, donde se esperan m\u00e1s detalles y, eventualmente, un veredicto sobre los escalofriantes actos que han sacudido a esta peque\u00f1a comunidad.<\/p>\n\n\n<div class=\"kk-star-ratings kksr-auto kksr-align-left kksr-valign-bottom\"\n    data-payload='{&quot;align&quot;:&quot;left&quot;,&quot;id&quot;:&quot;3337&quot;,&quot;slug&quot;:&quot;default&quot;,&quot;valign&quot;:&quot;bottom&quot;,&quot;ignore&quot;:&quot;&quot;,&quot;reference&quot;:&quot;auto&quot;,&quot;class&quot;:&quot;&quot;,&quot;count&quot;:&quot;0&quot;,&quot;legendonly&quot;:&quot;&quot;,&quot;readonly&quot;:&quot;&quot;,&quot;score&quot;:&quot;0&quot;,&quot;starsonly&quot;:&quot;&quot;,&quot;best&quot;:&quot;5&quot;,&quot;gap&quot;:&quot;5&quot;,&quot;greet&quot;:&quot;Valora este post&quot;,&quot;legend&quot;:&quot;0\\\/5 - (0 votes)&quot;,&quot;size&quot;:&quot;22&quot;,&quot;title&quot;:&quot;\u00a1Exclusivo! La decapitadora de Castro Urdiales renuncia a la herencia del piso de su novio&quot;,&quot;width&quot;:&quot;0&quot;,&quot;_legend&quot;:&quot;{score}\\\/{best} - ({count} {votes})&quot;,&quot;font_factor&quot;:&quot;1.25&quot;}'>\n            \n<div class=\"kksr-stars\">\n    \n<div class=\"kksr-stars-inactive\">\n            <div class=\"kksr-star\" data-star=\"1\" style=\"padding-right: 5px\">\n            \n\n<div class=\"kksr-icon\" style=\"width: 22px; height: 22px;\"><\/div>\n        <\/div>\n            <div class=\"kksr-star\" data-star=\"2\" style=\"padding-right: 5px\">\n            \n\n<div class=\"kksr-icon\" style=\"width: 22px; height: 22px;\"><\/div>\n        <\/div>\n            <div class=\"kksr-star\" data-star=\"3\" style=\"padding-right: 5px\">\n            \n\n<div class=\"kksr-icon\" style=\"width: 22px; height: 22px;\"><\/div>\n        <\/div>\n            <div class=\"kksr-star\" data-star=\"4\" style=\"padding-right: 5px\">\n            \n\n<div class=\"kksr-icon\" style=\"width: 22px; height: 22px;\"><\/div>\n        <\/div>\n            <div class=\"kksr-star\" data-star=\"5\" style=\"padding-right: 5px\">\n            \n\n<div class=\"kksr-icon\" style=\"width: 22px; height: 22px;\"><\/div>\n        <\/div>\n    <\/div>\n    \n<div class=\"kksr-stars-active\" style=\"width: 0px;\">\n            <div class=\"kksr-star\" style=\"padding-right: 5px\">\n            \n\n<div class=\"kksr-icon\" style=\"width: 22px; height: 22px;\"><\/div>\n        <\/div>\n            <div class=\"kksr-star\" style=\"padding-right: 5px\">\n            \n\n<div class=\"kksr-icon\" style=\"width: 22px; height: 22px;\"><\/div>\n        <\/div>\n            <div class=\"kksr-star\" style=\"padding-right: 5px\">\n            \n\n<div class=\"kksr-icon\" style=\"width: 22px; height: 22px;\"><\/div>\n        <\/div>\n            <div class=\"kksr-star\" style=\"padding-right: 5px\">\n            \n\n<div class=\"kksr-icon\" style=\"width: 22px; height: 22px;\"><\/div>\n        <\/div>\n            <div class=\"kksr-star\" style=\"padding-right: 5px\">\n            \n\n<div class=\"kksr-icon\" style=\"width: 22px; height: 22px;\"><\/div>\n        <\/div>\n    <\/div>\n<\/div>\n                \n\n<div class=\"kksr-legend\" style=\"font-size: 17.6px;\">\n            <span class=\"kksr-muted\">Valora este post<\/span>\n    <\/div>\n    <\/div>\n","protected":false},"excerpt":{"rendered":"<p>La mujer de Castro Urdiales renuncia a la herencia del apartamento de su pareja En un giro reciente en los acontecimientos en Castro Urdiales, la mujer &#8230; <a title=\"\u00a1Exclusivo! La decapitadora de Castro Urdiales renuncia a la herencia del piso de su novio\" class=\"read-more\" href=\"https:\/\/www.diario21.tv\/noticias\/exclusivo-la-decapitadora-de-castro-urdiales-renuncia-a-la-herencia-del-piso-de-su-novio\/\" aria-label=\"Leer m\u00e1s sobre \u00a1Exclusivo! La decapitadora de Castro Urdiales renuncia a la herencia del piso de su novio\">Seguir leyendo &rarr;<\/a><\/p>\n","protected":false},"author":20,"featured_media":3338,"comment_status":"open","ping_status":"open","sticky":false,"template":"","format":"standard","meta":{"footnotes":""},"categories":[13],"tags":[],"class_list":["post-3337","post","type-post","status-publish","format-standard","has-post-thumbnail","hentry","category-portada"],"yoast_head":"<!-- This site is optimized with the Yoast SEO plugin v25.6 - https:\/\/yoast.com\/wordpress\/plugins\/seo\/ -->\n<title>\u00a1Exclusivo! La decapitadora de Castro Urdiales renuncia a la herencia del piso de su novio - Diario 21<\/title>\n<meta name=\"robots\" content=\"index, follow, max-snippet:-1, max-image-preview:large, max-video-preview:-1\" \/>\n<link rel=\"canonical\" href=\"https:\/\/www.diario21.tv\/noticias\/exclusivo-la-decapitadora-de-castro-urdiales-renuncia-a-la-herencia-del-piso-de-su-novio\/\" \/>\n<meta property=\"og:locale\" content=\"es_ES\" \/>\n<meta property=\"og:type\" content=\"article\" \/>\n<meta property=\"og:title\" content=\"\u00a1Exclusivo! La decapitadora de Castro Urdiales renuncia a la herencia del piso de su novio - Diario 21\" \/>\n<meta property=\"og:description\" content=\"La mujer de Castro Urdiales renuncia a la herencia del apartamento de su pareja En un giro reciente en los acontecimientos en Castro Urdiales, la mujer ... Seguir leyendo &rarr;\" \/>\n<meta property=\"og:url\" content=\"https:\/\/www.diario21.tv\/noticias\/exclusivo-la-decapitadora-de-castro-urdiales-renuncia-a-la-herencia-del-piso-de-su-novio\/\" \/>\n<meta property=\"og:site_name\" content=\"Diario 21\" \/>\n<meta property=\"article:published_time\" content=\"2025-06-02T09:28:31+00:00\" \/>\n<meta property=\"article:modified_time\" content=\"2025-06-02T09:28:32+00:00\" \/>\n<meta property=\"og:image\" content=\"https:\/\/www.diario21.tv\/noticias\/wp-content\/uploads\/2025\/06\/\u00a1Exclusivo-La-decapitadora-de-Castro-Urdiales-renuncia-a-la-herencia.jpg\" \/>\n\t<meta property=\"og:image:width\" content=\"1200\" \/>\n\t<meta property=\"og:image:height\" content=\"840\" \/>\n\t<meta property=\"og:image:type\" content=\"image\/jpeg\" \/>\n<meta name=\"author\" content=\"Juan P\u00e9rez\" \/>\n<meta name=\"twitter:card\" content=\"summary_large_image\" \/>\n<meta name=\"twitter:label1\" content=\"Escrito por\" \/>\n\t<meta name=\"twitter:data1\" content=\"Juan P\u00e9rez\" \/>\n\t<meta name=\"twitter:label2\" content=\"Tiempo de lectura\" \/>\n\t<meta name=\"twitter:data2\" content=\"2 minutos\" \/>\n<script type=\"application\/ld+json\" class=\"yoast-schema-graph\">{\"@context\":\"https:\/\/schema.org\",\"@graph\":[{\"@type\":\"WebPage\",\"@id\":\"https:\/\/www.diario21.tv\/noticias\/exclusivo-la-decapitadora-de-castro-urdiales-renuncia-a-la-herencia-del-piso-de-su-novio\/\",\"url\":\"https:\/\/www.diario21.tv\/noticias\/exclusivo-la-decapitadora-de-castro-urdiales-renuncia-a-la-herencia-del-piso-de-su-novio\/\",\"name\":\"\u00a1Exclusivo! La decapitadora de Castro Urdiales renuncia a la herencia del piso de su novio - Diario 21\",\"isPartOf\":{\"@id\":\"https:\/\/www.diario21.tv\/noticias\/#website\"},\"primaryImageOfPage\":{\"@id\":\"https:\/\/www.diario21.tv\/noticias\/exclusivo-la-decapitadora-de-castro-urdiales-renuncia-a-la-herencia-del-piso-de-su-novio\/#primaryimage\"},\"image\":{\"@id\":\"https:\/\/www.diario21.tv\/noticias\/exclusivo-la-decapitadora-de-castro-urdiales-renuncia-a-la-herencia-del-piso-de-su-novio\/#primaryimage\"},\"thumbnailUrl\":\"https:\/\/www.diario21.tv\/noticias\/wp-content\/uploads\/2025\/06\/\u00a1Exclusivo-La-decapitadora-de-Castro-Urdiales-renuncia-a-la-herencia.jpg\",\"datePublished\":\"2025-06-02T09:28:31+00:00\",\"dateModified\":\"2025-06-02T09:28:32+00:00\",\"author\":{\"@id\":\"https:\/\/www.diario21.tv\/noticias\/#\/schema\/person\/dfb778f73814d8f09f302618446a526b\"},\"breadcrumb\":{\"@id\":\"https:\/\/www.diario21.tv\/noticias\/exclusivo-la-decapitadora-de-castro-urdiales-renuncia-a-la-herencia-del-piso-de-su-novio\/#breadcrumb\"},\"inLanguage\":\"es-AR\",\"potentialAction\":[{\"@type\":\"ReadAction\",\"target\":[\"https:\/\/www.diario21.tv\/noticias\/exclusivo-la-decapitadora-de-castro-urdiales-renuncia-a-la-herencia-del-piso-de-su-novio\/\"]}]},{\"@type\":\"ImageObject\",\"inLanguage\":\"es-AR\",\"@id\":\"https:\/\/www.diario21.tv\/noticias\/exclusivo-la-decapitadora-de-castro-urdiales-renuncia-a-la-herencia-del-piso-de-su-novio\/#primaryimage\",\"url\":\"https:\/\/www.diario21.tv\/noticias\/wp-content\/uploads\/2025\/06\/\u00a1Exclusivo-La-decapitadora-de-Castro-Urdiales-renuncia-a-la-herencia.jpg\",\"contentUrl\":\"https:\/\/www.diario21.tv\/noticias\/wp-content\/uploads\/2025\/06\/\u00a1Exclusivo-La-decapitadora-de-Castro-Urdiales-renuncia-a-la-herencia.jpg\",\"width\":1200,\"height\":840,\"caption\":\"La decapitadora de Castro Urdiales accede a no heredar el piso de su novio\"},{\"@type\":\"BreadcrumbList\",\"@id\":\"https:\/\/www.diario21.tv\/noticias\/exclusivo-la-decapitadora-de-castro-urdiales-renuncia-a-la-herencia-del-piso-de-su-novio\/#breadcrumb\",\"itemListElement\":[{\"@type\":\"ListItem\",\"position\":1,\"name\":\"Accueil\",\"item\":\"https:\/\/www.diario21.tv\/noticias\/\"},{\"@type\":\"ListItem\",\"position\":2,\"name\":\"\u00a1Exclusivo! La decapitadora de Castro Urdiales renuncia a la herencia del piso de su novio\"}]},{\"@type\":\"WebSite\",\"@id\":\"https:\/\/www.diario21.tv\/noticias\/#website\",\"url\":\"https:\/\/www.diario21.tv\/noticias\/\",\"name\":\"Diario 21\",\"description\":\"\",\"potentialAction\":[{\"@type\":\"SearchAction\",\"target\":{\"@type\":\"EntryPoint\",\"urlTemplate\":\"https:\/\/www.diario21.tv\/noticias\/?s={search_term_string}\"},\"query-input\":{\"@type\":\"PropertyValueSpecification\",\"valueRequired\":true,\"valueName\":\"search_term_string\"}}],\"inLanguage\":\"es-AR\"},{\"@type\":\"Person\",\"@id\":\"https:\/\/www.diario21.tv\/noticias\/#\/schema\/person\/dfb778f73814d8f09f302618446a526b\",\"name\":\"Juan P\u00e9rez\",\"image\":{\"@type\":\"ImageObject\",\"inLanguage\":\"es-AR\",\"@id\":\"https:\/\/www.diario21.tv\/noticias\/#\/schema\/person\/image\/\",\"url\":\"https:\/\/secure.gravatar.com\/avatar\/c478a405bd10621167f4c3167cc770f5?s=96&d=mm&r=g\",\"contentUrl\":\"https:\/\/secure.gravatar.com\/avatar\/c478a405bd10621167f4c3167cc770f5?s=96&d=mm&r=g\",\"caption\":\"Juan P\u00e9rez\"},\"description\":\"Juan P\u00e9rez es el redactor en jefe de Diario 21. Con m\u00e1s de 10 a\u00f1os de experiencia en el periodismo, se especializa en pol\u00edtica nacional y an\u00e1lisis socioecon\u00f3mico. Su enfoque cr\u00edtico y riguroso aporta una perspectiva \u00fanica a cada art\u00edculo.\",\"sameAs\":[\"https:\/\/www.diario21.tv\/noticias\/\"],\"url\":\"https:\/\/www.diario21.tv\/noticias\/author\/juan-perez\/\"}]}<\/script>\n<!-- \/ Yoast SEO plugin. -->","yoast_head_json":{"title":"\u00a1Exclusivo! La decapitadora de Castro Urdiales renuncia a la herencia del piso de su novio - Diario 21","robots":{"index":"index","follow":"follow","max-snippet":"max-snippet:-1","max-image-preview":"max-image-preview:large","max-video-preview":"max-video-preview:-1"},"canonical":"https:\/\/www.diario21.tv\/noticias\/exclusivo-la-decapitadora-de-castro-urdiales-renuncia-a-la-herencia-del-piso-de-su-novio\/","og_locale":"es_ES","og_type":"article","og_title":"\u00a1Exclusivo! La decapitadora de Castro Urdiales renuncia a la herencia del piso de su novio - Diario 21","og_description":"La mujer de Castro Urdiales renuncia a la herencia del apartamento de su pareja En un giro reciente en los acontecimientos en Castro Urdiales, la mujer ... Seguir leyendo &rarr;","og_url":"https:\/\/www.diario21.tv\/noticias\/exclusivo-la-decapitadora-de-castro-urdiales-renuncia-a-la-herencia-del-piso-de-su-novio\/","og_site_name":"Diario 21","article_published_time":"2025-06-02T09:28:31+00:00","article_modified_time":"2025-06-02T09:28:32+00:00","og_image":[{"width":1200,"height":840,"url":"https:\/\/www.diario21.tv\/noticias\/wp-content\/uploads\/2025\/06\/\u00a1Exclusivo-La-decapitadora-de-Castro-Urdiales-renuncia-a-la-herencia.jpg","type":"image\/jpeg"}],"author":"Juan P\u00e9rez","twitter_card":"summary_large_image","twitter_misc":{"Escrito por":"Juan P\u00e9rez","Tiempo de lectura":"2 minutos"},"schema":{"@context":"https:\/\/schema.org","@graph":[{"@type":"WebPage","@id":"https:\/\/www.diario21.tv\/noticias\/exclusivo-la-decapitadora-de-castro-urdiales-renuncia-a-la-herencia-del-piso-de-su-novio\/","url":"https:\/\/www.diario21.tv\/noticias\/exclusivo-la-decapitadora-de-castro-urdiales-renuncia-a-la-herencia-del-piso-de-su-novio\/","name":"\u00a1Exclusivo! La decapitadora de Castro Urdiales renuncia a la herencia del piso de su novio - Diario 21","isPartOf":{"@id":"https:\/\/www.diario21.tv\/noticias\/#website"},"primaryImageOfPage":{"@id":"https:\/\/www.diario21.tv\/noticias\/exclusivo-la-decapitadora-de-castro-urdiales-renuncia-a-la-herencia-del-piso-de-su-novio\/#primaryimage"},"image":{"@id":"https:\/\/www.diario21.tv\/noticias\/exclusivo-la-decapitadora-de-castro-urdiales-renuncia-a-la-herencia-del-piso-de-su-novio\/#primaryimage"},"thumbnailUrl":"https:\/\/www.diario21.tv\/noticias\/wp-content\/uploads\/2025\/06\/\u00a1Exclusivo-La-decapitadora-de-Castro-Urdiales-renuncia-a-la-herencia.jpg","datePublished":"2025-06-02T09:28:31+00:00","dateModified":"2025-06-02T09:28:32+00:00","author":{"@id":"https:\/\/www.diario21.tv\/noticias\/#\/schema\/person\/dfb778f73814d8f09f302618446a526b"},"breadcrumb":{"@id":"https:\/\/www.diario21.tv\/noticias\/exclusivo-la-decapitadora-de-castro-urdiales-renuncia-a-la-herencia-del-piso-de-su-novio\/#breadcrumb"},"inLanguage":"es-AR","potentialAction":[{"@type":"ReadAction","target":["https:\/\/www.diario21.tv\/noticias\/exclusivo-la-decapitadora-de-castro-urdiales-renuncia-a-la-herencia-del-piso-de-su-novio\/"]}]},{"@type":"ImageObject","inLanguage":"es-AR","@id":"https:\/\/www.diario21.tv\/noticias\/exclusivo-la-decapitadora-de-castro-urdiales-renuncia-a-la-herencia-del-piso-de-su-novio\/#primaryimage","url":"https:\/\/www.diario21.tv\/noticias\/wp-content\/uploads\/2025\/06\/\u00a1Exclusivo-La-decapitadora-de-Castro-Urdiales-renuncia-a-la-herencia.jpg","contentUrl":"https:\/\/www.diario21.tv\/noticias\/wp-content\/uploads\/2025\/06\/\u00a1Exclusivo-La-decapitadora-de-Castro-Urdiales-renuncia-a-la-herencia.jpg","width":1200,"height":840,"caption":"La decapitadora de Castro Urdiales accede a no heredar el piso de su novio"},{"@type":"BreadcrumbList","@id":"https:\/\/www.diario21.tv\/noticias\/exclusivo-la-decapitadora-de-castro-urdiales-renuncia-a-la-herencia-del-piso-de-su-novio\/#breadcrumb","itemListElement":[{"@type":"ListItem","position":1,"name":"Accueil","item":"https:\/\/www.diario21.tv\/noticias\/"},{"@type":"ListItem","position":2,"name":"\u00a1Exclusivo! La decapitadora de Castro Urdiales renuncia a la herencia del piso de su novio"}]},{"@type":"WebSite","@id":"https:\/\/www.diario21.tv\/noticias\/#website","url":"https:\/\/www.diario21.tv\/noticias\/","name":"Diario 21","description":"","potentialAction":[{"@type":"SearchAction","target":{"@type":"EntryPoint","urlTemplate":"https:\/\/www.diario21.tv\/noticias\/?s={search_term_string}"},"query-input":{"@type":"PropertyValueSpecification","valueRequired":true,"valueName":"search_term_string"}}],"inLanguage":"es-AR"},{"@type":"Person","@id":"https:\/\/www.diario21.tv\/noticias\/#\/schema\/person\/dfb778f73814d8f09f302618446a526b","name":"Juan P\u00e9rez","image":{"@type":"ImageObject","inLanguage":"es-AR","@id":"https:\/\/www.diario21.tv\/noticias\/#\/schema\/person\/image\/","url":"https:\/\/secure.gravatar.com\/avatar\/c478a405bd10621167f4c3167cc770f5?s=96&d=mm&r=g","contentUrl":"https:\/\/secure.gravatar.com\/avatar\/c478a405bd10621167f4c3167cc770f5?s=96&d=mm&r=g","caption":"Juan P\u00e9rez"},"description":"Juan P\u00e9rez es el redactor en jefe de Diario 21. Con m\u00e1s de 10 a\u00f1os de experiencia en el periodismo, se especializa en pol\u00edtica nacional y an\u00e1lisis socioecon\u00f3mico. Su enfoque cr\u00edtico y riguroso aporta una perspectiva \u00fanica a cada art\u00edculo.","sameAs":["https:\/\/www.diario21.tv\/noticias\/"],"url":"https:\/\/www.diario21.tv\/noticias\/author\/juan-perez\/"}]}},"_links":{"self":[{"href":"https:\/\/www.diario21.tv\/noticias\/wp-json\/wp\/v2\/posts\/3337"}],"collection":[{"href":"https:\/\/www.diario21.tv\/noticias\/wp-json\/wp\/v2\/posts"}],"about":[{"href":"https:\/\/www.diario21.tv\/noticias\/wp-json\/wp\/v2\/types\/post"}],"author":[{"embeddable":true,"href":"https:\/\/www.diario21.tv\/noticias\/wp-json\/wp\/v2\/users\/20"}],"replies":[{"embeddable":true,"href":"https:\/\/www.diario21.tv\/noticias\/wp-json\/wp\/v2\/comments?post=3337"}],"version-history":[{"count":1,"href":"https:\/\/www.diario21.tv\/noticias\/wp-json\/wp\/v2\/posts\/3337\/revisions"}],"predecessor-version":[{"id":3339,"href":"https:\/\/www.diario21.tv\/noticias\/wp-json\/wp\/v2\/posts\/3337\/revisions\/3339"}],"wp:featuredmedia":[{"embeddable":true,"href":"https:\/\/www.diario21.tv\/noticias\/wp-json\/wp\/v2\/media\/3338"}],"wp:attachment":[{"href":"https:\/\/www.diario21.tv\/noticias\/wp-json\/wp\/v2\/media?parent=3337"}],"wp:term":[{"taxonomy":"category","embeddable":true,"href":"https:\/\/www.diario21.tv\/noticias\/wp-json\/wp\/v2\/categories?post=3337"},{"taxonomy":"post_tag","embeddable":true,"href":"https:\/\/www.diario21.tv\/noticias\/wp-json\/wp\/v2\/tags?post=3337"}],"curies":[{"name":"wp","href":"https:\/\/api.w.org\/{rel}","templated":true}]}}