{"id":3289,"date":"2025-05-29T02:37:57","date_gmt":"2025-05-29T02:37:57","guid":{"rendered":"https:\/\/www.diario21.tv\/noticias\/cambio-radical-el-govern-catalan-renombra-la-dgaia-y-reduce-sus-poderes\/"},"modified":"2025-05-29T02:37:58","modified_gmt":"2025-05-29T02:37:58","slug":"cambio-radical-el-govern-catalan-renombra-la-dgaia-y-reduce-sus-poderes","status":"publish","type":"post","link":"https:\/\/www.diario21.tv\/noticias\/cambio-radical-el-govern-catalan-renombra-la-dgaia-y-reduce-sus-poderes\/","title":{"rendered":"\u00a1Cambio radical! El Govern catal\u00e1n renombra la DGAIA y reduce sus poderes"},"content":{"rendered":"<h2>El Gobierno de Catalu\u00f1a renombra la DGAIA y reduce sus facultades<\/h2>\n<p>En una medida reciente, el gobierno catal\u00e1n ha decidido modificar tanto el nombre como las competencias de la Direcci\u00f3n General de Atenci\u00f3n a la Infancia y la Adolescencia (DGAIA). Este cambio es parte de un esfuerzo m\u00e1s amplio por reformar y actualizar la administraci\u00f3n p\u00fablica en esta comunidad aut\u00f3noma.<\/p>\n<h3>Un nuevo nombre para una nueva era<\/h3>\n<p>La DGAIA, conocida por ser la autoridad principal en Catalu\u00f1a en cuanto a la protecci\u00f3n y el bienestar de los menores, ahora ser\u00e1 conocida como la Direcci\u00f3n General de Protecci\u00f3n a la Infancia y la Adolescencia. Esta modificaci\u00f3n nominal busca reflejar mejor las responsabilidades y la naturaleza del organismo, centr\u00e1ndose m\u00e1s expl\u00edcitamente en la protecci\u00f3n de los derechos de los ni\u00f1os y adolescentes.<\/p>\n<h3>Reducci\u00f3n de poderes<\/h3>\n<p>Adem\u00e1s del cambio de nombre, el gobierno catal\u00e1n ha implementado una reestructuraci\u00f3n en las competencias de la reci\u00e9n nombrada Direcci\u00f3n. La intenci\u00f3n detr\u00e1s de esta reorganizaci\u00f3n es optimizar los recursos y mejorar la eficacia en la respuesta a las necesidades de los menores. Esta decisi\u00f3n ha generado diversas opiniones entre los expertos y la comunidad en general, algunos apoyando la medida por considerarla un paso hacia una gesti\u00f3n m\u00e1s eficiente, mientras que otros expresan preocupaci\u00f3n por la posible disminuci\u00f3n en la capacidad de respuesta y protecci\u00f3n hacia los menores.<\/p>\n<h3>Impacto esperado de los cambios<\/h3>\n<p>Con estos cambios, el Gobierno de Catalu\u00f1a espera no solo mejorar la calidad del servicio ofrecido a los ni\u00f1os y adolescentes, sino tambi\u00e9n aumentar la transparencia y la accountability de la Direcci\u00f3n. Se anticipa que la nueva estructura permitir\u00e1 una mejor coordinaci\u00f3n con otras entidades y organizaciones tanto a nivel nacional como internacional.<\/p>\n<p>Los pr\u00f3ximos meses ser\u00e1n clave para evaluar el impacto real de estas modificaciones en el sistema de protecci\u00f3n infantil y adolescente de Catalu\u00f1a. La comunidad y los profesionales del sector estar\u00e1n especialmente atentos para asegurarse de que los cambios resulten en mejoras tangibles en la atenci\u00f3n y protecci\u00f3n de los menores en la regi\u00f3n.<\/p>\n\n\n<div class=\"kk-star-ratings kksr-auto kksr-align-left kksr-valign-bottom\"\n    data-payload='{&quot;align&quot;:&quot;left&quot;,&quot;id&quot;:&quot;3289&quot;,&quot;slug&quot;:&quot;default&quot;,&quot;valign&quot;:&quot;bottom&quot;,&quot;ignore&quot;:&quot;&quot;,&quot;reference&quot;:&quot;auto&quot;,&quot;class&quot;:&quot;&quot;,&quot;count&quot;:&quot;0&quot;,&quot;legendonly&quot;:&quot;&quot;,&quot;readonly&quot;:&quot;&quot;,&quot;score&quot;:&quot;0&quot;,&quot;starsonly&quot;:&quot;&quot;,&quot;best&quot;:&quot;5&quot;,&quot;gap&quot;:&quot;5&quot;,&quot;greet&quot;:&quot;Valora este post&quot;,&quot;legend&quot;:&quot;0\\\/5 - (0 votes)&quot;,&quot;size&quot;:&quot;22&quot;,&quot;title&quot;:&quot;\u00a1Cambio radical! El Govern catal\u00e1n renombra la DGAIA y reduce sus poderes&quot;,&quot;width&quot;:&quot;0&quot;,&quot;_legend&quot;:&quot;{score}\\\/{best} - ({count} {votes})&quot;,&quot;font_factor&quot;:&quot;1.25&quot;}'>\n            \n<div class=\"kksr-stars\">\n    \n<div class=\"kksr-stars-inactive\">\n            <div class=\"kksr-star\" data-star=\"1\" style=\"padding-right: 5px\">\n            \n\n<div class=\"kksr-icon\" style=\"width: 22px; height: 22px;\"><\/div>\n        <\/div>\n            <div class=\"kksr-star\" data-star=\"2\" style=\"padding-right: 5px\">\n            \n\n<div class=\"kksr-icon\" style=\"width: 22px; height: 22px;\"><\/div>\n        <\/div>\n            <div class=\"kksr-star\" data-star=\"3\" style=\"padding-right: 5px\">\n            \n\n<div class=\"kksr-icon\" style=\"width: 22px; height: 22px;\"><\/div>\n        <\/div>\n            <div class=\"kksr-star\" data-star=\"4\" style=\"padding-right: 5px\">\n            \n\n<div class=\"kksr-icon\" style=\"width: 22px; height: 22px;\"><\/div>\n        <\/div>\n            <div class=\"kksr-star\" data-star=\"5\" style=\"padding-right: 5px\">\n            \n\n<div class=\"kksr-icon\" style=\"width: 22px; height: 22px;\"><\/div>\n        <\/div>\n    <\/div>\n    \n<div class=\"kksr-stars-active\" style=\"width: 0px;\">\n            <div class=\"kksr-star\" style=\"padding-right: 5px\">\n            \n\n<div class=\"kksr-icon\" style=\"width: 22px; height: 22px;\"><\/div>\n        <\/div>\n            <div class=\"kksr-star\" style=\"padding-right: 5px\">\n            \n\n<div class=\"kksr-icon\" style=\"width: 22px; height: 22px;\"><\/div>\n        <\/div>\n            <div class=\"kksr-star\" style=\"padding-right: 5px\">\n            \n\n<div class=\"kksr-icon\" style=\"width: 22px; height: 22px;\"><\/div>\n        <\/div>\n            <div class=\"kksr-star\" style=\"padding-right: 5px\">\n            \n\n<div class=\"kksr-icon\" style=\"width: 22px; height: 22px;\"><\/div>\n        <\/div>\n            <div class=\"kksr-star\" style=\"padding-right: 5px\">\n            \n\n<div class=\"kksr-icon\" style=\"width: 22px; height: 22px;\"><\/div>\n        <\/div>\n    <\/div>\n<\/div>\n                \n\n<div class=\"kksr-legend\" style=\"font-size: 17.6px;\">\n            <span class=\"kksr-muted\">Valora este post<\/span>\n    <\/div>\n    <\/div>\n","protected":false},"excerpt":{"rendered":"<p>El Gobierno de Catalu\u00f1a renombra la DGAIA y reduce sus facultades En una medida reciente, el gobierno catal\u00e1n ha decidido modificar tanto el nombre como las &#8230; <a title=\"\u00a1Cambio radical! El Govern catal\u00e1n renombra la DGAIA y reduce sus poderes\" class=\"read-more\" href=\"https:\/\/www.diario21.tv\/noticias\/cambio-radical-el-govern-catalan-renombra-la-dgaia-y-reduce-sus-poderes\/\" aria-label=\"Leer m\u00e1s sobre \u00a1Cambio radical! El Govern catal\u00e1n renombra la DGAIA y reduce sus poderes\">Seguir leyendo &rarr;<\/a><\/p>\n","protected":false},"author":20,"featured_media":3290,"comment_status":"open","ping_status":"open","sticky":false,"template":"","format":"standard","meta":{"footnotes":""},"categories":[13],"tags":[],"class_list":["post-3289","post","type-post","status-publish","format-standard","has-post-thumbnail","hentry","category-portada"],"yoast_head":"<!-- This site is optimized with the Yoast SEO plugin v25.6 - https:\/\/yoast.com\/wordpress\/plugins\/seo\/ -->\n<title>\u00a1Cambio radical! El Govern catal\u00e1n renombra la DGAIA y reduce sus poderes - Diario 21<\/title>\n<meta name=\"robots\" content=\"index, follow, max-snippet:-1, max-image-preview:large, max-video-preview:-1\" \/>\n<link rel=\"canonical\" href=\"https:\/\/www.diario21.tv\/noticias\/cambio-radical-el-govern-catalan-renombra-la-dgaia-y-reduce-sus-poderes\/\" \/>\n<meta property=\"og:locale\" content=\"es_ES\" \/>\n<meta property=\"og:type\" content=\"article\" \/>\n<meta property=\"og:title\" content=\"\u00a1Cambio radical! El Govern catal\u00e1n renombra la DGAIA y reduce sus poderes - Diario 21\" \/>\n<meta property=\"og:description\" content=\"El Gobierno de Catalu\u00f1a renombra la DGAIA y reduce sus facultades En una medida reciente, el gobierno catal\u00e1n ha decidido modificar tanto el nombre como las ... Seguir leyendo &rarr;\" \/>\n<meta property=\"og:url\" content=\"https:\/\/www.diario21.tv\/noticias\/cambio-radical-el-govern-catalan-renombra-la-dgaia-y-reduce-sus-poderes\/\" \/>\n<meta property=\"og:site_name\" content=\"Diario 21\" \/>\n<meta property=\"article:published_time\" content=\"2025-05-29T02:37:57+00:00\" \/>\n<meta property=\"article:modified_time\" content=\"2025-05-29T02:37:58+00:00\" \/>\n<meta property=\"og:image\" content=\"https:\/\/www.diario21.tv\/noticias\/wp-content\/uploads\/2025\/05\/\u00a1Cambio-radical-El-Govern-catalan-renombra-la-DGAIA-y-reduce.png\" \/>\n\t<meta property=\"og:image:width\" content=\"1197\" \/>\n\t<meta property=\"og:image:height\" content=\"839\" \/>\n\t<meta property=\"og:image:type\" content=\"image\/png\" \/>\n<meta name=\"author\" content=\"Juan P\u00e9rez\" \/>\n<meta name=\"twitter:card\" content=\"summary_large_image\" \/>\n<meta name=\"twitter:label1\" content=\"Escrito por\" \/>\n\t<meta name=\"twitter:data1\" content=\"Juan P\u00e9rez\" \/>\n\t<meta name=\"twitter:label2\" content=\"Tiempo de lectura\" \/>\n\t<meta name=\"twitter:data2\" content=\"2 minutos\" \/>\n<script type=\"application\/ld+json\" class=\"yoast-schema-graph\">{\"@context\":\"https:\/\/schema.org\",\"@graph\":[{\"@type\":\"WebPage\",\"@id\":\"https:\/\/www.diario21.tv\/noticias\/cambio-radical-el-govern-catalan-renombra-la-dgaia-y-reduce-sus-poderes\/\",\"url\":\"https:\/\/www.diario21.tv\/noticias\/cambio-radical-el-govern-catalan-renombra-la-dgaia-y-reduce-sus-poderes\/\",\"name\":\"\u00a1Cambio radical! El Govern catal\u00e1n renombra la DGAIA y reduce sus poderes - Diario 21\",\"isPartOf\":{\"@id\":\"https:\/\/www.diario21.tv\/noticias\/#website\"},\"primaryImageOfPage\":{\"@id\":\"https:\/\/www.diario21.tv\/noticias\/cambio-radical-el-govern-catalan-renombra-la-dgaia-y-reduce-sus-poderes\/#primaryimage\"},\"image\":{\"@id\":\"https:\/\/www.diario21.tv\/noticias\/cambio-radical-el-govern-catalan-renombra-la-dgaia-y-reduce-sus-poderes\/#primaryimage\"},\"thumbnailUrl\":\"https:\/\/www.diario21.tv\/noticias\/wp-content\/uploads\/2025\/05\/\u00a1Cambio-radical-El-Govern-catalan-renombra-la-DGAIA-y-reduce.png\",\"datePublished\":\"2025-05-29T02:37:57+00:00\",\"dateModified\":\"2025-05-29T02:37:58+00:00\",\"author\":{\"@id\":\"https:\/\/www.diario21.tv\/noticias\/#\/schema\/person\/dfb778f73814d8f09f302618446a526b\"},\"breadcrumb\":{\"@id\":\"https:\/\/www.diario21.tv\/noticias\/cambio-radical-el-govern-catalan-renombra-la-dgaia-y-reduce-sus-poderes\/#breadcrumb\"},\"inLanguage\":\"es-AR\",\"potentialAction\":[{\"@type\":\"ReadAction\",\"target\":[\"https:\/\/www.diario21.tv\/noticias\/cambio-radical-el-govern-catalan-renombra-la-dgaia-y-reduce-sus-poderes\/\"]}]},{\"@type\":\"ImageObject\",\"inLanguage\":\"es-AR\",\"@id\":\"https:\/\/www.diario21.tv\/noticias\/cambio-radical-el-govern-catalan-renombra-la-dgaia-y-reduce-sus-poderes\/#primaryimage\",\"url\":\"https:\/\/www.diario21.tv\/noticias\/wp-content\/uploads\/2025\/05\/\u00a1Cambio-radical-El-Govern-catalan-renombra-la-DGAIA-y-reduce.png\",\"contentUrl\":\"https:\/\/www.diario21.tv\/noticias\/wp-content\/uploads\/2025\/05\/\u00a1Cambio-radical-El-Govern-catalan-renombra-la-DGAIA-y-reduce.png\",\"width\":1197,\"height\":839,\"caption\":\"El Govern catal\u00e1n le cambia el nombre a la DGAIA y le quita poder\"},{\"@type\":\"BreadcrumbList\",\"@id\":\"https:\/\/www.diario21.tv\/noticias\/cambio-radical-el-govern-catalan-renombra-la-dgaia-y-reduce-sus-poderes\/#breadcrumb\",\"itemListElement\":[{\"@type\":\"ListItem\",\"position\":1,\"name\":\"Accueil\",\"item\":\"https:\/\/www.diario21.tv\/noticias\/\"},{\"@type\":\"ListItem\",\"position\":2,\"name\":\"\u00a1Cambio radical! El Govern catal\u00e1n renombra la DGAIA y reduce sus poderes\"}]},{\"@type\":\"WebSite\",\"@id\":\"https:\/\/www.diario21.tv\/noticias\/#website\",\"url\":\"https:\/\/www.diario21.tv\/noticias\/\",\"name\":\"Diario 21\",\"description\":\"\",\"potentialAction\":[{\"@type\":\"SearchAction\",\"target\":{\"@type\":\"EntryPoint\",\"urlTemplate\":\"https:\/\/www.diario21.tv\/noticias\/?s={search_term_string}\"},\"query-input\":{\"@type\":\"PropertyValueSpecification\",\"valueRequired\":true,\"valueName\":\"search_term_string\"}}],\"inLanguage\":\"es-AR\"},{\"@type\":\"Person\",\"@id\":\"https:\/\/www.diario21.tv\/noticias\/#\/schema\/person\/dfb778f73814d8f09f302618446a526b\",\"name\":\"Juan P\u00e9rez\",\"image\":{\"@type\":\"ImageObject\",\"inLanguage\":\"es-AR\",\"@id\":\"https:\/\/www.diario21.tv\/noticias\/#\/schema\/person\/image\/\",\"url\":\"https:\/\/secure.gravatar.com\/avatar\/c478a405bd10621167f4c3167cc770f5?s=96&d=mm&r=g\",\"contentUrl\":\"https:\/\/secure.gravatar.com\/avatar\/c478a405bd10621167f4c3167cc770f5?s=96&d=mm&r=g\",\"caption\":\"Juan P\u00e9rez\"},\"description\":\"Juan P\u00e9rez es el redactor en jefe de Diario 21. Con m\u00e1s de 10 a\u00f1os de experiencia en el periodismo, se especializa en pol\u00edtica nacional y an\u00e1lisis socioecon\u00f3mico. Su enfoque cr\u00edtico y riguroso aporta una perspectiva \u00fanica a cada art\u00edculo.\",\"sameAs\":[\"https:\/\/www.diario21.tv\/noticias\/\"],\"url\":\"https:\/\/www.diario21.tv\/noticias\/author\/juan-perez\/\"}]}<\/script>\n<!-- \/ Yoast SEO plugin. -->","yoast_head_json":{"title":"\u00a1Cambio radical! El Govern catal\u00e1n renombra la DGAIA y reduce sus poderes - Diario 21","robots":{"index":"index","follow":"follow","max-snippet":"max-snippet:-1","max-image-preview":"max-image-preview:large","max-video-preview":"max-video-preview:-1"},"canonical":"https:\/\/www.diario21.tv\/noticias\/cambio-radical-el-govern-catalan-renombra-la-dgaia-y-reduce-sus-poderes\/","og_locale":"es_ES","og_type":"article","og_title":"\u00a1Cambio radical! El Govern catal\u00e1n renombra la DGAIA y reduce sus poderes - Diario 21","og_description":"El Gobierno de Catalu\u00f1a renombra la DGAIA y reduce sus facultades En una medida reciente, el gobierno catal\u00e1n ha decidido modificar tanto el nombre como las ... Seguir leyendo &rarr;","og_url":"https:\/\/www.diario21.tv\/noticias\/cambio-radical-el-govern-catalan-renombra-la-dgaia-y-reduce-sus-poderes\/","og_site_name":"Diario 21","article_published_time":"2025-05-29T02:37:57+00:00","article_modified_time":"2025-05-29T02:37:58+00:00","og_image":[{"width":1197,"height":839,"url":"https:\/\/www.diario21.tv\/noticias\/wp-content\/uploads\/2025\/05\/\u00a1Cambio-radical-El-Govern-catalan-renombra-la-DGAIA-y-reduce.png","type":"image\/png"}],"author":"Juan P\u00e9rez","twitter_card":"summary_large_image","twitter_misc":{"Escrito por":"Juan P\u00e9rez","Tiempo de lectura":"2 minutos"},"schema":{"@context":"https:\/\/schema.org","@graph":[{"@type":"WebPage","@id":"https:\/\/www.diario21.tv\/noticias\/cambio-radical-el-govern-catalan-renombra-la-dgaia-y-reduce-sus-poderes\/","url":"https:\/\/www.diario21.tv\/noticias\/cambio-radical-el-govern-catalan-renombra-la-dgaia-y-reduce-sus-poderes\/","name":"\u00a1Cambio radical! El Govern catal\u00e1n renombra la DGAIA y reduce sus poderes - Diario 21","isPartOf":{"@id":"https:\/\/www.diario21.tv\/noticias\/#website"},"primaryImageOfPage":{"@id":"https:\/\/www.diario21.tv\/noticias\/cambio-radical-el-govern-catalan-renombra-la-dgaia-y-reduce-sus-poderes\/#primaryimage"},"image":{"@id":"https:\/\/www.diario21.tv\/noticias\/cambio-radical-el-govern-catalan-renombra-la-dgaia-y-reduce-sus-poderes\/#primaryimage"},"thumbnailUrl":"https:\/\/www.diario21.tv\/noticias\/wp-content\/uploads\/2025\/05\/\u00a1Cambio-radical-El-Govern-catalan-renombra-la-DGAIA-y-reduce.png","datePublished":"2025-05-29T02:37:57+00:00","dateModified":"2025-05-29T02:37:58+00:00","author":{"@id":"https:\/\/www.diario21.tv\/noticias\/#\/schema\/person\/dfb778f73814d8f09f302618446a526b"},"breadcrumb":{"@id":"https:\/\/www.diario21.tv\/noticias\/cambio-radical-el-govern-catalan-renombra-la-dgaia-y-reduce-sus-poderes\/#breadcrumb"},"inLanguage":"es-AR","potentialAction":[{"@type":"ReadAction","target":["https:\/\/www.diario21.tv\/noticias\/cambio-radical-el-govern-catalan-renombra-la-dgaia-y-reduce-sus-poderes\/"]}]},{"@type":"ImageObject","inLanguage":"es-AR","@id":"https:\/\/www.diario21.tv\/noticias\/cambio-radical-el-govern-catalan-renombra-la-dgaia-y-reduce-sus-poderes\/#primaryimage","url":"https:\/\/www.diario21.tv\/noticias\/wp-content\/uploads\/2025\/05\/\u00a1Cambio-radical-El-Govern-catalan-renombra-la-DGAIA-y-reduce.png","contentUrl":"https:\/\/www.diario21.tv\/noticias\/wp-content\/uploads\/2025\/05\/\u00a1Cambio-radical-El-Govern-catalan-renombra-la-DGAIA-y-reduce.png","width":1197,"height":839,"caption":"El Govern catal\u00e1n le cambia el nombre a la DGAIA y le quita poder"},{"@type":"BreadcrumbList","@id":"https:\/\/www.diario21.tv\/noticias\/cambio-radical-el-govern-catalan-renombra-la-dgaia-y-reduce-sus-poderes\/#breadcrumb","itemListElement":[{"@type":"ListItem","position":1,"name":"Accueil","item":"https:\/\/www.diario21.tv\/noticias\/"},{"@type":"ListItem","position":2,"name":"\u00a1Cambio radical! El Govern catal\u00e1n renombra la DGAIA y reduce sus poderes"}]},{"@type":"WebSite","@id":"https:\/\/www.diario21.tv\/noticias\/#website","url":"https:\/\/www.diario21.tv\/noticias\/","name":"Diario 21","description":"","potentialAction":[{"@type":"SearchAction","target":{"@type":"EntryPoint","urlTemplate":"https:\/\/www.diario21.tv\/noticias\/?s={search_term_string}"},"query-input":{"@type":"PropertyValueSpecification","valueRequired":true,"valueName":"search_term_string"}}],"inLanguage":"es-AR"},{"@type":"Person","@id":"https:\/\/www.diario21.tv\/noticias\/#\/schema\/person\/dfb778f73814d8f09f302618446a526b","name":"Juan P\u00e9rez","image":{"@type":"ImageObject","inLanguage":"es-AR","@id":"https:\/\/www.diario21.tv\/noticias\/#\/schema\/person\/image\/","url":"https:\/\/secure.gravatar.com\/avatar\/c478a405bd10621167f4c3167cc770f5?s=96&d=mm&r=g","contentUrl":"https:\/\/secure.gravatar.com\/avatar\/c478a405bd10621167f4c3167cc770f5?s=96&d=mm&r=g","caption":"Juan P\u00e9rez"},"description":"Juan P\u00e9rez es el redactor en jefe de Diario 21. Con m\u00e1s de 10 a\u00f1os de experiencia en el periodismo, se especializa en pol\u00edtica nacional y an\u00e1lisis socioecon\u00f3mico. Su enfoque cr\u00edtico y riguroso aporta una perspectiva \u00fanica a cada art\u00edculo.","sameAs":["https:\/\/www.diario21.tv\/noticias\/"],"url":"https:\/\/www.diario21.tv\/noticias\/author\/juan-perez\/"}]}},"_links":{"self":[{"href":"https:\/\/www.diario21.tv\/noticias\/wp-json\/wp\/v2\/posts\/3289"}],"collection":[{"href":"https:\/\/www.diario21.tv\/noticias\/wp-json\/wp\/v2\/posts"}],"about":[{"href":"https:\/\/www.diario21.tv\/noticias\/wp-json\/wp\/v2\/types\/post"}],"author":[{"embeddable":true,"href":"https:\/\/www.diario21.tv\/noticias\/wp-json\/wp\/v2\/users\/20"}],"replies":[{"embeddable":true,"href":"https:\/\/www.diario21.tv\/noticias\/wp-json\/wp\/v2\/comments?post=3289"}],"version-history":[{"count":1,"href":"https:\/\/www.diario21.tv\/noticias\/wp-json\/wp\/v2\/posts\/3289\/revisions"}],"predecessor-version":[{"id":3291,"href":"https:\/\/www.diario21.tv\/noticias\/wp-json\/wp\/v2\/posts\/3289\/revisions\/3291"}],"wp:featuredmedia":[{"embeddable":true,"href":"https:\/\/www.diario21.tv\/noticias\/wp-json\/wp\/v2\/media\/3290"}],"wp:attachment":[{"href":"https:\/\/www.diario21.tv\/noticias\/wp-json\/wp\/v2\/media?parent=3289"}],"wp:term":[{"taxonomy":"category","embeddable":true,"href":"https:\/\/www.diario21.tv\/noticias\/wp-json\/wp\/v2\/categories?post=3289"},{"taxonomy":"post_tag","embeddable":true,"href":"https:\/\/www.diario21.tv\/noticias\/wp-json\/wp\/v2\/tags?post=3289"}],"curies":[{"name":"wp","href":"https:\/\/api.w.org\/{rel}","templated":true}]}}