{"id":3286,"date":"2025-05-28T20:37:35","date_gmt":"2025-05-28T20:37:35","guid":{"rendered":"https:\/\/www.diario21.tv\/noticias\/impactante-psoe-madrid-se-involucra-en-caso-de-muertes-en-residencias-por-la-pandemia\/"},"modified":"2025-05-28T20:37:36","modified_gmt":"2025-05-28T20:37:36","slug":"impactante-psoe-madrid-se-involucra-en-caso-de-muertes-en-residencias-por-la-pandemia","status":"publish","type":"post","link":"https:\/\/www.diario21.tv\/noticias\/impactante-psoe-madrid-se-involucra-en-caso-de-muertes-en-residencias-por-la-pandemia\/","title":{"rendered":"\u00a1Impactante! PSOE Madrid se involucra en caso de muertes en residencias por la pandemia"},"content":{"rendered":"<h2>El PSOE Madrile\u00f1o Participa en el Proceso Judicial Relacionado con las Defunciones en Centros de Mayores Durante la Crisis Sanitaria<\/h2>\n<p>En un reciente movimiento legal, el Partido Socialista Obrero Espa\u00f1ol (PSOE) de Madrid ha decidido involucrarse activamente en la investigaci\u00f3n judicial que se lleva a cabo por los fallecimientos ocurridos en las residencias de ancianos durante el per\u00edodo m\u00e1s cr\u00edtico de la pandemia de COVID-19. Esta decisi\u00f3n subraya la importancia que el partido otorga a esclarecer las circunstancias y responsabilidades detr\u00e1s de estas lamentables p\u00e9rdidas.<\/p>\n<h3>Antecedentes del Caso<\/h3>\n<p>Desde el inicio de la pandemia, las residencias de ancianos en Madrid han sido uno de los lugares m\u00e1s afectados, acumulando un alto n\u00famero de fallecimientos entre sus residentes. La gesti\u00f3n de la crisis en estos centros ha sido objeto de numerosas cr\u00edticas y cuestionamientos, lo que ha llevado a la apertura de investigaciones para determinar posibles negligencias o malas pr\u00e1cticas administrativas.<\/p>\n<p>El PSOE de Madrid, al tomar la acci\u00f3n de personarse en la causa, busca aportar a la transparencia del proceso y asegurar que se haga justicia para las familias de los fallecidos. Seg\u00fan declaraciones de representantes del partido, es fundamental que se aclaren todas las dudas respecto a c\u00f3mo se manejaron las situaciones de emergencia en estos centros y se identifiquen las responsabilidades correspondientes.<\/p>\n<h3>Implicaciones de la Personaci\u00f3n<\/h3>\n<p>La decisi\u00f3n del PSOE de Madrid de formar parte del proceso judicial no solo refuerza el compromiso del partido con los derechos y el bienestar de los mayores, sino que tambi\u00e9n pone de manifiesto la necesidad de una revisi\u00f3n profunda en la gesti\u00f3n de las pol\u00edticas de salud p\u00fablica, especialmente en lo que respecta a la atenci\u00f3n de los m\u00e1s vulnerables.<\/p>\n<p>Al personarse en la causa, el PSOE pretende no solo seguir de cerca el desarrollo de las investigaciones sino tambi\u00e9n colaborar en la b\u00fasqueda de respuestas y soluciones que prevengan la repetici\u00f3n de errores similares en el futuro. Esta acci\u00f3n tambi\u00e9n podr\u00eda influir en la opini\u00f3n p\u00fablica y en las pol\u00edticas futuras relacionadas con la gesti\u00f3n de crisis sanitarias y el cuidado de la poblaci\u00f3n anciana.<\/p>\n<h3>Reacciones y Expectativas<\/h3>\n<p>La comunidad, especialmente las familias de los afectados, ha recibido con esperanza la noticia de la personaci\u00f3n del PSOE en la causa. Muchos ven en este paso un indicativo de que se tomar\u00e1n en serio las demandas de justicia y responsabilidad. Sin embargo, tambi\u00e9n hay quien es esc\u00e9ptico respecto a los resultados que este proceso pueda acarrear.<\/p>\n<p>En conclusi\u00f3n, la participaci\u00f3n del PSOE de Madrid en este proceso judicial es un reflejo de su compromiso con la justicia social y la defensa de los derechos de los sectores m\u00e1s desfavorecidos de la sociedad. Con el avance de la causa, se espera que se esclarezcan muchos puntos oscuros de la gesti\u00f3n de la pandemia en las residencias de mayores y se establezcan directrices m\u00e1s claras para el manejo de futuras crisis sanitarias.<\/p>\n\n\n<div class=\"kk-star-ratings kksr-auto kksr-align-left kksr-valign-bottom\"\n    data-payload='{&quot;align&quot;:&quot;left&quot;,&quot;id&quot;:&quot;3286&quot;,&quot;slug&quot;:&quot;default&quot;,&quot;valign&quot;:&quot;bottom&quot;,&quot;ignore&quot;:&quot;&quot;,&quot;reference&quot;:&quot;auto&quot;,&quot;class&quot;:&quot;&quot;,&quot;count&quot;:&quot;0&quot;,&quot;legendonly&quot;:&quot;&quot;,&quot;readonly&quot;:&quot;&quot;,&quot;score&quot;:&quot;0&quot;,&quot;starsonly&quot;:&quot;&quot;,&quot;best&quot;:&quot;5&quot;,&quot;gap&quot;:&quot;5&quot;,&quot;greet&quot;:&quot;Valora este post&quot;,&quot;legend&quot;:&quot;0\\\/5 - (0 votes)&quot;,&quot;size&quot;:&quot;22&quot;,&quot;title&quot;:&quot;\u00a1Impactante! PSOE Madrid se involucra en caso de muertes en residencias por la pandemia&quot;,&quot;width&quot;:&quot;0&quot;,&quot;_legend&quot;:&quot;{score}\\\/{best} - ({count} {votes})&quot;,&quot;font_factor&quot;:&quot;1.25&quot;}'>\n            \n<div class=\"kksr-stars\">\n    \n<div class=\"kksr-stars-inactive\">\n            <div class=\"kksr-star\" data-star=\"1\" style=\"padding-right: 5px\">\n            \n\n<div class=\"kksr-icon\" style=\"width: 22px; height: 22px;\"><\/div>\n        <\/div>\n            <div class=\"kksr-star\" data-star=\"2\" style=\"padding-right: 5px\">\n            \n\n<div class=\"kksr-icon\" style=\"width: 22px; height: 22px;\"><\/div>\n        <\/div>\n            <div class=\"kksr-star\" data-star=\"3\" style=\"padding-right: 5px\">\n            \n\n<div class=\"kksr-icon\" style=\"width: 22px; height: 22px;\"><\/div>\n        <\/div>\n            <div class=\"kksr-star\" data-star=\"4\" style=\"padding-right: 5px\">\n            \n\n<div class=\"kksr-icon\" style=\"width: 22px; height: 22px;\"><\/div>\n        <\/div>\n            <div class=\"kksr-star\" data-star=\"5\" style=\"padding-right: 5px\">\n            \n\n<div class=\"kksr-icon\" style=\"width: 22px; height: 22px;\"><\/div>\n        <\/div>\n    <\/div>\n    \n<div class=\"kksr-stars-active\" style=\"width: 0px;\">\n            <div class=\"kksr-star\" style=\"padding-right: 5px\">\n            \n\n<div class=\"kksr-icon\" style=\"width: 22px; height: 22px;\"><\/div>\n        <\/div>\n            <div class=\"kksr-star\" style=\"padding-right: 5px\">\n            \n\n<div class=\"kksr-icon\" style=\"width: 22px; height: 22px;\"><\/div>\n        <\/div>\n            <div class=\"kksr-star\" style=\"padding-right: 5px\">\n            \n\n<div class=\"kksr-icon\" style=\"width: 22px; height: 22px;\"><\/div>\n        <\/div>\n            <div class=\"kksr-star\" style=\"padding-right: 5px\">\n            \n\n<div class=\"kksr-icon\" style=\"width: 22px; height: 22px;\"><\/div>\n        <\/div>\n            <div class=\"kksr-star\" style=\"padding-right: 5px\">\n            \n\n<div class=\"kksr-icon\" style=\"width: 22px; height: 22px;\"><\/div>\n        <\/div>\n    <\/div>\n<\/div>\n                \n\n<div class=\"kksr-legend\" style=\"font-size: 17.6px;\">\n            <span class=\"kksr-muted\">Valora este post<\/span>\n    <\/div>\n    <\/div>\n","protected":false},"excerpt":{"rendered":"<p>El PSOE Madrile\u00f1o Participa en el Proceso Judicial Relacionado con las Defunciones en Centros de Mayores Durante la Crisis Sanitaria En un reciente movimiento legal, el &#8230; <a title=\"\u00a1Impactante! PSOE Madrid se involucra en caso de muertes en residencias por la pandemia\" class=\"read-more\" href=\"https:\/\/www.diario21.tv\/noticias\/impactante-psoe-madrid-se-involucra-en-caso-de-muertes-en-residencias-por-la-pandemia\/\" aria-label=\"Leer m\u00e1s sobre \u00a1Impactante! PSOE Madrid se involucra en caso de muertes en residencias por la pandemia\">Seguir leyendo &rarr;<\/a><\/p>\n","protected":false},"author":20,"featured_media":3287,"comment_status":"open","ping_status":"open","sticky":false,"template":"","format":"standard","meta":{"footnotes":""},"categories":[13],"tags":[],"class_list":["post-3286","post","type-post","status-publish","format-standard","has-post-thumbnail","hentry","category-portada"],"yoast_head":"<!-- This site is optimized with the Yoast SEO plugin v25.6 - https:\/\/yoast.com\/wordpress\/plugins\/seo\/ -->\n<title>\u00a1Impactante! PSOE Madrid se involucra en caso de muertes en residencias por la pandemia - Diario 21<\/title>\n<meta name=\"robots\" content=\"index, follow, max-snippet:-1, max-image-preview:large, max-video-preview:-1\" \/>\n<link rel=\"canonical\" href=\"https:\/\/www.diario21.tv\/noticias\/impactante-psoe-madrid-se-involucra-en-caso-de-muertes-en-residencias-por-la-pandemia\/\" \/>\n<meta property=\"og:locale\" content=\"es_ES\" \/>\n<meta property=\"og:type\" content=\"article\" \/>\n<meta property=\"og:title\" content=\"\u00a1Impactante! PSOE Madrid se involucra en caso de muertes en residencias por la pandemia - Diario 21\" \/>\n<meta property=\"og:description\" content=\"El PSOE Madrile\u00f1o Participa en el Proceso Judicial Relacionado con las Defunciones en Centros de Mayores Durante la Crisis Sanitaria En un reciente movimiento legal, el ... Seguir leyendo &rarr;\" \/>\n<meta property=\"og:url\" content=\"https:\/\/www.diario21.tv\/noticias\/impactante-psoe-madrid-se-involucra-en-caso-de-muertes-en-residencias-por-la-pandemia\/\" \/>\n<meta property=\"og:site_name\" content=\"Diario 21\" \/>\n<meta property=\"article:published_time\" content=\"2025-05-28T20:37:35+00:00\" \/>\n<meta property=\"article:modified_time\" content=\"2025-05-28T20:37:36+00:00\" \/>\n<meta property=\"og:image\" content=\"https:\/\/www.diario21.tv\/noticias\/wp-content\/uploads\/2025\/05\/\u00a1Impactante-PSOE-Madrid-se-involucra-en-caso-de-muertes-en.jpg\" \/>\n\t<meta property=\"og:image:width\" content=\"1200\" \/>\n\t<meta property=\"og:image:height\" content=\"840\" \/>\n\t<meta property=\"og:image:type\" content=\"image\/jpeg\" \/>\n<meta name=\"author\" content=\"Juan P\u00e9rez\" \/>\n<meta name=\"twitter:card\" content=\"summary_large_image\" \/>\n<meta name=\"twitter:label1\" content=\"Escrito por\" \/>\n\t<meta name=\"twitter:data1\" content=\"Juan P\u00e9rez\" \/>\n\t<meta name=\"twitter:label2\" content=\"Tiempo de lectura\" \/>\n\t<meta name=\"twitter:data2\" content=\"3 minutos\" \/>\n<script type=\"application\/ld+json\" class=\"yoast-schema-graph\">{\"@context\":\"https:\/\/schema.org\",\"@graph\":[{\"@type\":\"WebPage\",\"@id\":\"https:\/\/www.diario21.tv\/noticias\/impactante-psoe-madrid-se-involucra-en-caso-de-muertes-en-residencias-por-la-pandemia\/\",\"url\":\"https:\/\/www.diario21.tv\/noticias\/impactante-psoe-madrid-se-involucra-en-caso-de-muertes-en-residencias-por-la-pandemia\/\",\"name\":\"\u00a1Impactante! PSOE Madrid se involucra en caso de muertes en residencias por la pandemia - Diario 21\",\"isPartOf\":{\"@id\":\"https:\/\/www.diario21.tv\/noticias\/#website\"},\"primaryImageOfPage\":{\"@id\":\"https:\/\/www.diario21.tv\/noticias\/impactante-psoe-madrid-se-involucra-en-caso-de-muertes-en-residencias-por-la-pandemia\/#primaryimage\"},\"image\":{\"@id\":\"https:\/\/www.diario21.tv\/noticias\/impactante-psoe-madrid-se-involucra-en-caso-de-muertes-en-residencias-por-la-pandemia\/#primaryimage\"},\"thumbnailUrl\":\"https:\/\/www.diario21.tv\/noticias\/wp-content\/uploads\/2025\/05\/\u00a1Impactante-PSOE-Madrid-se-involucra-en-caso-de-muertes-en.jpg\",\"datePublished\":\"2025-05-28T20:37:35+00:00\",\"dateModified\":\"2025-05-28T20:37:36+00:00\",\"author\":{\"@id\":\"https:\/\/www.diario21.tv\/noticias\/#\/schema\/person\/dfb778f73814d8f09f302618446a526b\"},\"breadcrumb\":{\"@id\":\"https:\/\/www.diario21.tv\/noticias\/impactante-psoe-madrid-se-involucra-en-caso-de-muertes-en-residencias-por-la-pandemia\/#breadcrumb\"},\"inLanguage\":\"es-AR\",\"potentialAction\":[{\"@type\":\"ReadAction\",\"target\":[\"https:\/\/www.diario21.tv\/noticias\/impactante-psoe-madrid-se-involucra-en-caso-de-muertes-en-residencias-por-la-pandemia\/\"]}]},{\"@type\":\"ImageObject\",\"inLanguage\":\"es-AR\",\"@id\":\"https:\/\/www.diario21.tv\/noticias\/impactante-psoe-madrid-se-involucra-en-caso-de-muertes-en-residencias-por-la-pandemia\/#primaryimage\",\"url\":\"https:\/\/www.diario21.tv\/noticias\/wp-content\/uploads\/2025\/05\/\u00a1Impactante-PSOE-Madrid-se-involucra-en-caso-de-muertes-en.jpg\",\"contentUrl\":\"https:\/\/www.diario21.tv\/noticias\/wp-content\/uploads\/2025\/05\/\u00a1Impactante-PSOE-Madrid-se-involucra-en-caso-de-muertes-en.jpg\",\"width\":1200,\"height\":840,\"caption\":\"El PSOE de Madrid se persona en la causa por las muertes en las residencias durante la pandemia\"},{\"@type\":\"BreadcrumbList\",\"@id\":\"https:\/\/www.diario21.tv\/noticias\/impactante-psoe-madrid-se-involucra-en-caso-de-muertes-en-residencias-por-la-pandemia\/#breadcrumb\",\"itemListElement\":[{\"@type\":\"ListItem\",\"position\":1,\"name\":\"Accueil\",\"item\":\"https:\/\/www.diario21.tv\/noticias\/\"},{\"@type\":\"ListItem\",\"position\":2,\"name\":\"\u00a1Impactante! PSOE Madrid se involucra en caso de muertes en residencias por la pandemia\"}]},{\"@type\":\"WebSite\",\"@id\":\"https:\/\/www.diario21.tv\/noticias\/#website\",\"url\":\"https:\/\/www.diario21.tv\/noticias\/\",\"name\":\"Diario 21\",\"description\":\"\",\"potentialAction\":[{\"@type\":\"SearchAction\",\"target\":{\"@type\":\"EntryPoint\",\"urlTemplate\":\"https:\/\/www.diario21.tv\/noticias\/?s={search_term_string}\"},\"query-input\":{\"@type\":\"PropertyValueSpecification\",\"valueRequired\":true,\"valueName\":\"search_term_string\"}}],\"inLanguage\":\"es-AR\"},{\"@type\":\"Person\",\"@id\":\"https:\/\/www.diario21.tv\/noticias\/#\/schema\/person\/dfb778f73814d8f09f302618446a526b\",\"name\":\"Juan P\u00e9rez\",\"image\":{\"@type\":\"ImageObject\",\"inLanguage\":\"es-AR\",\"@id\":\"https:\/\/www.diario21.tv\/noticias\/#\/schema\/person\/image\/\",\"url\":\"https:\/\/secure.gravatar.com\/avatar\/c478a405bd10621167f4c3167cc770f5?s=96&d=mm&r=g\",\"contentUrl\":\"https:\/\/secure.gravatar.com\/avatar\/c478a405bd10621167f4c3167cc770f5?s=96&d=mm&r=g\",\"caption\":\"Juan P\u00e9rez\"},\"description\":\"Juan P\u00e9rez es el redactor en jefe de Diario 21. Con m\u00e1s de 10 a\u00f1os de experiencia en el periodismo, se especializa en pol\u00edtica nacional y an\u00e1lisis socioecon\u00f3mico. Su enfoque cr\u00edtico y riguroso aporta una perspectiva \u00fanica a cada art\u00edculo.\",\"sameAs\":[\"https:\/\/www.diario21.tv\/noticias\/\"],\"url\":\"https:\/\/www.diario21.tv\/noticias\/author\/juan-perez\/\"}]}<\/script>\n<!-- \/ Yoast SEO plugin. -->","yoast_head_json":{"title":"\u00a1Impactante! PSOE Madrid se involucra en caso de muertes en residencias por la pandemia - Diario 21","robots":{"index":"index","follow":"follow","max-snippet":"max-snippet:-1","max-image-preview":"max-image-preview:large","max-video-preview":"max-video-preview:-1"},"canonical":"https:\/\/www.diario21.tv\/noticias\/impactante-psoe-madrid-se-involucra-en-caso-de-muertes-en-residencias-por-la-pandemia\/","og_locale":"es_ES","og_type":"article","og_title":"\u00a1Impactante! PSOE Madrid se involucra en caso de muertes en residencias por la pandemia - Diario 21","og_description":"El PSOE Madrile\u00f1o Participa en el Proceso Judicial Relacionado con las Defunciones en Centros de Mayores Durante la Crisis Sanitaria En un reciente movimiento legal, el ... Seguir leyendo &rarr;","og_url":"https:\/\/www.diario21.tv\/noticias\/impactante-psoe-madrid-se-involucra-en-caso-de-muertes-en-residencias-por-la-pandemia\/","og_site_name":"Diario 21","article_published_time":"2025-05-28T20:37:35+00:00","article_modified_time":"2025-05-28T20:37:36+00:00","og_image":[{"width":1200,"height":840,"url":"https:\/\/www.diario21.tv\/noticias\/wp-content\/uploads\/2025\/05\/\u00a1Impactante-PSOE-Madrid-se-involucra-en-caso-de-muertes-en.jpg","type":"image\/jpeg"}],"author":"Juan P\u00e9rez","twitter_card":"summary_large_image","twitter_misc":{"Escrito por":"Juan P\u00e9rez","Tiempo de lectura":"3 minutos"},"schema":{"@context":"https:\/\/schema.org","@graph":[{"@type":"WebPage","@id":"https:\/\/www.diario21.tv\/noticias\/impactante-psoe-madrid-se-involucra-en-caso-de-muertes-en-residencias-por-la-pandemia\/","url":"https:\/\/www.diario21.tv\/noticias\/impactante-psoe-madrid-se-involucra-en-caso-de-muertes-en-residencias-por-la-pandemia\/","name":"\u00a1Impactante! PSOE Madrid se involucra en caso de muertes en residencias por la pandemia - Diario 21","isPartOf":{"@id":"https:\/\/www.diario21.tv\/noticias\/#website"},"primaryImageOfPage":{"@id":"https:\/\/www.diario21.tv\/noticias\/impactante-psoe-madrid-se-involucra-en-caso-de-muertes-en-residencias-por-la-pandemia\/#primaryimage"},"image":{"@id":"https:\/\/www.diario21.tv\/noticias\/impactante-psoe-madrid-se-involucra-en-caso-de-muertes-en-residencias-por-la-pandemia\/#primaryimage"},"thumbnailUrl":"https:\/\/www.diario21.tv\/noticias\/wp-content\/uploads\/2025\/05\/\u00a1Impactante-PSOE-Madrid-se-involucra-en-caso-de-muertes-en.jpg","datePublished":"2025-05-28T20:37:35+00:00","dateModified":"2025-05-28T20:37:36+00:00","author":{"@id":"https:\/\/www.diario21.tv\/noticias\/#\/schema\/person\/dfb778f73814d8f09f302618446a526b"},"breadcrumb":{"@id":"https:\/\/www.diario21.tv\/noticias\/impactante-psoe-madrid-se-involucra-en-caso-de-muertes-en-residencias-por-la-pandemia\/#breadcrumb"},"inLanguage":"es-AR","potentialAction":[{"@type":"ReadAction","target":["https:\/\/www.diario21.tv\/noticias\/impactante-psoe-madrid-se-involucra-en-caso-de-muertes-en-residencias-por-la-pandemia\/"]}]},{"@type":"ImageObject","inLanguage":"es-AR","@id":"https:\/\/www.diario21.tv\/noticias\/impactante-psoe-madrid-se-involucra-en-caso-de-muertes-en-residencias-por-la-pandemia\/#primaryimage","url":"https:\/\/www.diario21.tv\/noticias\/wp-content\/uploads\/2025\/05\/\u00a1Impactante-PSOE-Madrid-se-involucra-en-caso-de-muertes-en.jpg","contentUrl":"https:\/\/www.diario21.tv\/noticias\/wp-content\/uploads\/2025\/05\/\u00a1Impactante-PSOE-Madrid-se-involucra-en-caso-de-muertes-en.jpg","width":1200,"height":840,"caption":"El PSOE de Madrid se persona en la causa por las muertes en las residencias durante la pandemia"},{"@type":"BreadcrumbList","@id":"https:\/\/www.diario21.tv\/noticias\/impactante-psoe-madrid-se-involucra-en-caso-de-muertes-en-residencias-por-la-pandemia\/#breadcrumb","itemListElement":[{"@type":"ListItem","position":1,"name":"Accueil","item":"https:\/\/www.diario21.tv\/noticias\/"},{"@type":"ListItem","position":2,"name":"\u00a1Impactante! PSOE Madrid se involucra en caso de muertes en residencias por la pandemia"}]},{"@type":"WebSite","@id":"https:\/\/www.diario21.tv\/noticias\/#website","url":"https:\/\/www.diario21.tv\/noticias\/","name":"Diario 21","description":"","potentialAction":[{"@type":"SearchAction","target":{"@type":"EntryPoint","urlTemplate":"https:\/\/www.diario21.tv\/noticias\/?s={search_term_string}"},"query-input":{"@type":"PropertyValueSpecification","valueRequired":true,"valueName":"search_term_string"}}],"inLanguage":"es-AR"},{"@type":"Person","@id":"https:\/\/www.diario21.tv\/noticias\/#\/schema\/person\/dfb778f73814d8f09f302618446a526b","name":"Juan P\u00e9rez","image":{"@type":"ImageObject","inLanguage":"es-AR","@id":"https:\/\/www.diario21.tv\/noticias\/#\/schema\/person\/image\/","url":"https:\/\/secure.gravatar.com\/avatar\/c478a405bd10621167f4c3167cc770f5?s=96&d=mm&r=g","contentUrl":"https:\/\/secure.gravatar.com\/avatar\/c478a405bd10621167f4c3167cc770f5?s=96&d=mm&r=g","caption":"Juan P\u00e9rez"},"description":"Juan P\u00e9rez es el redactor en jefe de Diario 21. Con m\u00e1s de 10 a\u00f1os de experiencia en el periodismo, se especializa en pol\u00edtica nacional y an\u00e1lisis socioecon\u00f3mico. Su enfoque cr\u00edtico y riguroso aporta una perspectiva \u00fanica a cada art\u00edculo.","sameAs":["https:\/\/www.diario21.tv\/noticias\/"],"url":"https:\/\/www.diario21.tv\/noticias\/author\/juan-perez\/"}]}},"_links":{"self":[{"href":"https:\/\/www.diario21.tv\/noticias\/wp-json\/wp\/v2\/posts\/3286"}],"collection":[{"href":"https:\/\/www.diario21.tv\/noticias\/wp-json\/wp\/v2\/posts"}],"about":[{"href":"https:\/\/www.diario21.tv\/noticias\/wp-json\/wp\/v2\/types\/post"}],"author":[{"embeddable":true,"href":"https:\/\/www.diario21.tv\/noticias\/wp-json\/wp\/v2\/users\/20"}],"replies":[{"embeddable":true,"href":"https:\/\/www.diario21.tv\/noticias\/wp-json\/wp\/v2\/comments?post=3286"}],"version-history":[{"count":1,"href":"https:\/\/www.diario21.tv\/noticias\/wp-json\/wp\/v2\/posts\/3286\/revisions"}],"predecessor-version":[{"id":3288,"href":"https:\/\/www.diario21.tv\/noticias\/wp-json\/wp\/v2\/posts\/3286\/revisions\/3288"}],"wp:featuredmedia":[{"embeddable":true,"href":"https:\/\/www.diario21.tv\/noticias\/wp-json\/wp\/v2\/media\/3287"}],"wp:attachment":[{"href":"https:\/\/www.diario21.tv\/noticias\/wp-json\/wp\/v2\/media?parent=3286"}],"wp:term":[{"taxonomy":"category","embeddable":true,"href":"https:\/\/www.diario21.tv\/noticias\/wp-json\/wp\/v2\/categories?post=3286"},{"taxonomy":"post_tag","embeddable":true,"href":"https:\/\/www.diario21.tv\/noticias\/wp-json\/wp\/v2\/tags?post=3286"}],"curies":[{"name":"wp","href":"https:\/\/api.w.org\/{rel}","templated":true}]}}