{"id":3277,"date":"2025-05-28T02:25:22","date_gmt":"2025-05-28T02:25:22","guid":{"rendered":"https:\/\/www.diario21.tv\/noticias\/increible-rescate-indigente-y-su-perro-sobreviven-al-voraz-incendio-en-la-nave\/"},"modified":"2025-05-28T02:25:34","modified_gmt":"2025-05-28T02:25:34","slug":"increible-rescate-indigente-y-su-perro-sobreviven-al-voraz-incendio-en-la-nave","status":"publish","type":"post","link":"https:\/\/www.diario21.tv\/noticias\/increible-rescate-indigente-y-su-perro-sobreviven-al-voraz-incendio-en-la-nave\/","title":{"rendered":"\u00a1Incre\u00edble rescate! Indigente y su perro sobreviven al voraz incendio en la nave."},"content":{"rendered":"<h2>Encuentran a un Sinhogar y su Mascota Vivos tras Incendio en un Almac\u00e9n<\/h2>\n<p>En un impresionante giro de los acontecimientos, un hombre sin hogar y su fiel perro han sido encontrados vivos despu\u00e9s de que un voraz incendio consumiera un almac\u00e9n afectado recientemente por la DANA (Depresi\u00f3n Aislada en Niveles Altos). Este incidente, que pudo haber terminado en tragedia, tuvo lugar en una zona industrial de la ciudad, donde el fuego se desat\u00f3 en las primeras horas de la ma\u00f1ana.<\/p>\n<h3>El Descubrimiento<\/h3>\n<p>Los bomberos, que respondieron r\u00e1pidamente al alerta de incendio, lograron controlar las llamas despu\u00e9s de varias horas de arduo trabajo. Fue durante las labores de enfriamiento y remoci\u00f3n de escombros que uno de los equipos de rescate escuch\u00f3 d\u00e9biles sonidos provenientes de una esquina semi-derrumbada del almac\u00e9n. Al investigar, descubrieron al hombre y su perro, ambos en estado de shock pero sorprendentemente ilesos.<\/p>\n<h3>Reacci\u00f3n y Rescate<\/h3>\n<p>El equipo de rescate actu\u00f3 de manera inmediata para asegurar la salud y seguridad tanto del hombre como de su animal. Ambos fueron trasladados a un centro m\u00e9dico local para recibir atenci\u00f3n. A pesar de la intensidad del fuego y la cantidad de escombros, la r\u00e1pida intervenci\u00f3n de los servicios de emergencia permiti\u00f3 que esta historia no se convirtiera en una m\u00e1s de desgracia.<\/p>\n<h3>Causas del Incendio<\/h3>\n<p>Investigadores del incendio est\u00e1n actualmente evaluando el lugar para determinar la causa exacta del siniestro. Preliminarmente, no se descarta que el fuego haya sido iniciado accidentalmente, posiblemente por una fogata mal apagada o alg\u00fan dispositivo el\u00e9ctrico defectuoso. Este incidente subraya los peligros que enfrentan aquellos que, por desgracia, se ven obligados a refugiarse en estructuras abandonadas o inseguras.<\/p>\n<h3>Reacciones de la Comunidad<\/h3>\n<p>La comunidad local ha respondido con una mezcla de alivio y preocupaci\u00f3n tras el incendio. Muchos se han volcado a ofrecer ayuda, tanto al hombre y su perro rescatados, como a los equipos de emergencia que respondieron al llamado. Este evento ha reavivado el debate sobre la necesidad de proporcionar mejores recursos y apoyo a las personas sin hogar, para evitar que incidentes como este se repitan.<\/p>\n<h3>Lecciones Aprendidas<\/h3>\n<p>Este incidente sirve como un recordatorio cr\u00edtico de la vulnerabilidad de las poblaciones desatendidas y la importancia de los esfuerzos de prevenci\u00f3n de incendios. Tambi\u00e9n destaca la valent\u00eda y dedicaci\u00f3n de los equipos de rescate, cuya r\u00e1pida respuesta no solo salv\u00f3 vidas, sino tambi\u00e9n minimiz\u00f3 el da\u00f1o potencial a las propiedades cercanas.<\/p>\n<p>En conclusi\u00f3n, aunque este fue un evento afortunado donde no se lamentaron vidas perdidas, sirve como un llamado a la reflexi\u00f3n sobre las medidas de seguridad y el apoyo comunitario que se debe ofrecer a todos los ciudadanos, independientemente de su situaci\u00f3n econ\u00f3mica o vivienda.<\/p>\n\n\n<div class=\"kk-star-ratings kksr-auto kksr-align-left kksr-valign-bottom\"\n    data-payload='{&quot;align&quot;:&quot;left&quot;,&quot;id&quot;:&quot;3277&quot;,&quot;slug&quot;:&quot;default&quot;,&quot;valign&quot;:&quot;bottom&quot;,&quot;ignore&quot;:&quot;&quot;,&quot;reference&quot;:&quot;auto&quot;,&quot;class&quot;:&quot;&quot;,&quot;count&quot;:&quot;0&quot;,&quot;legendonly&quot;:&quot;&quot;,&quot;readonly&quot;:&quot;&quot;,&quot;score&quot;:&quot;0&quot;,&quot;starsonly&quot;:&quot;&quot;,&quot;best&quot;:&quot;5&quot;,&quot;gap&quot;:&quot;5&quot;,&quot;greet&quot;:&quot;Valora este post&quot;,&quot;legend&quot;:&quot;0\\\/5 - (0 votes)&quot;,&quot;size&quot;:&quot;22&quot;,&quot;title&quot;:&quot;\u00a1Incre\u00edble rescate! Indigente y su perro sobreviven al voraz incendio en la nave.&quot;,&quot;width&quot;:&quot;0&quot;,&quot;_legend&quot;:&quot;{score}\\\/{best} - ({count} {votes})&quot;,&quot;font_factor&quot;:&quot;1.25&quot;}'>\n            \n<div class=\"kksr-stars\">\n    \n<div class=\"kksr-stars-inactive\">\n            <div class=\"kksr-star\" data-star=\"1\" style=\"padding-right: 5px\">\n            \n\n<div class=\"kksr-icon\" style=\"width: 22px; height: 22px;\"><\/div>\n        <\/div>\n            <div class=\"kksr-star\" data-star=\"2\" style=\"padding-right: 5px\">\n            \n\n<div class=\"kksr-icon\" style=\"width: 22px; height: 22px;\"><\/div>\n        <\/div>\n            <div class=\"kksr-star\" data-star=\"3\" style=\"padding-right: 5px\">\n            \n\n<div class=\"kksr-icon\" style=\"width: 22px; height: 22px;\"><\/div>\n        <\/div>\n            <div class=\"kksr-star\" data-star=\"4\" style=\"padding-right: 5px\">\n            \n\n<div class=\"kksr-icon\" style=\"width: 22px; height: 22px;\"><\/div>\n        <\/div>\n            <div class=\"kksr-star\" data-star=\"5\" style=\"padding-right: 5px\">\n            \n\n<div class=\"kksr-icon\" style=\"width: 22px; height: 22px;\"><\/div>\n        <\/div>\n    <\/div>\n    \n<div class=\"kksr-stars-active\" style=\"width: 0px;\">\n            <div class=\"kksr-star\" style=\"padding-right: 5px\">\n            \n\n<div class=\"kksr-icon\" style=\"width: 22px; height: 22px;\"><\/div>\n        <\/div>\n            <div class=\"kksr-star\" style=\"padding-right: 5px\">\n            \n\n<div class=\"kksr-icon\" style=\"width: 22px; height: 22px;\"><\/div>\n        <\/div>\n            <div class=\"kksr-star\" style=\"padding-right: 5px\">\n            \n\n<div class=\"kksr-icon\" style=\"width: 22px; height: 22px;\"><\/div>\n        <\/div>\n            <div class=\"kksr-star\" style=\"padding-right: 5px\">\n            \n\n<div class=\"kksr-icon\" style=\"width: 22px; height: 22px;\"><\/div>\n        <\/div>\n            <div class=\"kksr-star\" style=\"padding-right: 5px\">\n            \n\n<div class=\"kksr-icon\" style=\"width: 22px; height: 22px;\"><\/div>\n        <\/div>\n    <\/div>\n<\/div>\n                \n\n<div class=\"kksr-legend\" style=\"font-size: 17.6px;\">\n            <span class=\"kksr-muted\">Valora este post<\/span>\n    <\/div>\n    <\/div>\n","protected":false},"excerpt":{"rendered":"<p>Encuentran a un Sinhogar y su Mascota Vivos tras Incendio en un Almac\u00e9n En un impresionante giro de los acontecimientos, un hombre sin hogar y su &#8230; <a title=\"\u00a1Incre\u00edble rescate! Indigente y su perro sobreviven al voraz incendio en la nave.\" class=\"read-more\" href=\"https:\/\/www.diario21.tv\/noticias\/increible-rescate-indigente-y-su-perro-sobreviven-al-voraz-incendio-en-la-nave\/\" aria-label=\"Leer m\u00e1s sobre \u00a1Incre\u00edble rescate! Indigente y su perro sobreviven al voraz incendio en la nave.\">Seguir leyendo &rarr;<\/a><\/p>\n","protected":false},"author":20,"featured_media":3278,"comment_status":"open","ping_status":"open","sticky":false,"template":"","format":"standard","meta":{"footnotes":""},"categories":[13],"tags":[],"class_list":["post-3277","post","type-post","status-publish","format-standard","has-post-thumbnail","hentry","category-portada"],"yoast_head":"<!-- This site is optimized with the Yoast SEO plugin v25.6 - https:\/\/yoast.com\/wordpress\/plugins\/seo\/ -->\n<title>\u00a1Incre\u00edble rescate! Indigente y su perro sobreviven al voraz incendio en la nave. - Diario 21<\/title>\n<meta name=\"robots\" content=\"index, follow, max-snippet:-1, max-image-preview:large, max-video-preview:-1\" \/>\n<link rel=\"canonical\" href=\"https:\/\/www.diario21.tv\/noticias\/increible-rescate-indigente-y-su-perro-sobreviven-al-voraz-incendio-en-la-nave\/\" \/>\n<meta property=\"og:locale\" content=\"es_ES\" \/>\n<meta property=\"og:type\" content=\"article\" \/>\n<meta property=\"og:title\" content=\"\u00a1Incre\u00edble rescate! Indigente y su perro sobreviven al voraz incendio en la nave. - Diario 21\" \/>\n<meta property=\"og:description\" content=\"Encuentran a un Sinhogar y su Mascota Vivos tras Incendio en un Almac\u00e9n En un impresionante giro de los acontecimientos, un hombre sin hogar y su ... Seguir leyendo &rarr;\" \/>\n<meta property=\"og:url\" content=\"https:\/\/www.diario21.tv\/noticias\/increible-rescate-indigente-y-su-perro-sobreviven-al-voraz-incendio-en-la-nave\/\" \/>\n<meta property=\"og:site_name\" content=\"Diario 21\" \/>\n<meta property=\"article:published_time\" content=\"2025-05-28T02:25:22+00:00\" \/>\n<meta property=\"article:modified_time\" content=\"2025-05-28T02:25:34+00:00\" \/>\n<meta property=\"og:image\" content=\"https:\/\/www.diario21.tv\/noticias\/wp-content\/uploads\/2025\/05\/\u00a1Increible-rescate-Indigente-y-su-perro-sobreviven-al-voraz-incendio-1024x683.png\" \/>\n\t<meta property=\"og:image:width\" content=\"1024\" \/>\n\t<meta property=\"og:image:height\" content=\"683\" \/>\n\t<meta property=\"og:image:type\" content=\"image\/png\" \/>\n<meta name=\"author\" content=\"Juan P\u00e9rez\" \/>\n<meta name=\"twitter:card\" content=\"summary_large_image\" \/>\n<meta name=\"twitter:label1\" content=\"Escrito por\" \/>\n\t<meta name=\"twitter:data1\" content=\"Juan P\u00e9rez\" \/>\n\t<meta name=\"twitter:label2\" content=\"Tiempo de lectura\" \/>\n\t<meta name=\"twitter:data2\" content=\"2 minutos\" \/>\n<script type=\"application\/ld+json\" class=\"yoast-schema-graph\">{\"@context\":\"https:\/\/schema.org\",\"@graph\":[{\"@type\":\"WebPage\",\"@id\":\"https:\/\/www.diario21.tv\/noticias\/increible-rescate-indigente-y-su-perro-sobreviven-al-voraz-incendio-en-la-nave\/\",\"url\":\"https:\/\/www.diario21.tv\/noticias\/increible-rescate-indigente-y-su-perro-sobreviven-al-voraz-incendio-en-la-nave\/\",\"name\":\"\u00a1Incre\u00edble rescate! Indigente y su perro sobreviven al voraz incendio en la nave. - Diario 21\",\"isPartOf\":{\"@id\":\"https:\/\/www.diario21.tv\/noticias\/#website\"},\"primaryImageOfPage\":{\"@id\":\"https:\/\/www.diario21.tv\/noticias\/increible-rescate-indigente-y-su-perro-sobreviven-al-voraz-incendio-en-la-nave\/#primaryimage\"},\"image\":{\"@id\":\"https:\/\/www.diario21.tv\/noticias\/increible-rescate-indigente-y-su-perro-sobreviven-al-voraz-incendio-en-la-nave\/#primaryimage\"},\"thumbnailUrl\":\"https:\/\/www.diario21.tv\/noticias\/wp-content\/uploads\/2025\/05\/\u00a1Increible-rescate-Indigente-y-su-perro-sobreviven-al-voraz-incendio.png\",\"datePublished\":\"2025-05-28T02:25:22+00:00\",\"dateModified\":\"2025-05-28T02:25:34+00:00\",\"author\":{\"@id\":\"https:\/\/www.diario21.tv\/noticias\/#\/schema\/person\/dfb778f73814d8f09f302618446a526b\"},\"breadcrumb\":{\"@id\":\"https:\/\/www.diario21.tv\/noticias\/increible-rescate-indigente-y-su-perro-sobreviven-al-voraz-incendio-en-la-nave\/#breadcrumb\"},\"inLanguage\":\"es-AR\",\"potentialAction\":[{\"@type\":\"ReadAction\",\"target\":[\"https:\/\/www.diario21.tv\/noticias\/increible-rescate-indigente-y-su-perro-sobreviven-al-voraz-incendio-en-la-nave\/\"]}]},{\"@type\":\"ImageObject\",\"inLanguage\":\"es-AR\",\"@id\":\"https:\/\/www.diario21.tv\/noticias\/increible-rescate-indigente-y-su-perro-sobreviven-al-voraz-incendio-en-la-nave\/#primaryimage\",\"url\":\"https:\/\/www.diario21.tv\/noticias\/wp-content\/uploads\/2025\/05\/\u00a1Increible-rescate-Indigente-y-su-perro-sobreviven-al-voraz-incendio.png\",\"contentUrl\":\"https:\/\/www.diario21.tv\/noticias\/wp-content\/uploads\/2025\/05\/\u00a1Increible-rescate-Indigente-y-su-perro-sobreviven-al-voraz-incendio.png\",\"width\":2560,\"height\":1707,\"caption\":\"Hallan con vida a un indigente y su perro en el incendio de la nave afectada por la dana\"},{\"@type\":\"BreadcrumbList\",\"@id\":\"https:\/\/www.diario21.tv\/noticias\/increible-rescate-indigente-y-su-perro-sobreviven-al-voraz-incendio-en-la-nave\/#breadcrumb\",\"itemListElement\":[{\"@type\":\"ListItem\",\"position\":1,\"name\":\"Accueil\",\"item\":\"https:\/\/www.diario21.tv\/noticias\/\"},{\"@type\":\"ListItem\",\"position\":2,\"name\":\"\u00a1Incre\u00edble rescate! Indigente y su perro sobreviven al voraz incendio en la nave.\"}]},{\"@type\":\"WebSite\",\"@id\":\"https:\/\/www.diario21.tv\/noticias\/#website\",\"url\":\"https:\/\/www.diario21.tv\/noticias\/\",\"name\":\"Diario 21\",\"description\":\"\",\"potentialAction\":[{\"@type\":\"SearchAction\",\"target\":{\"@type\":\"EntryPoint\",\"urlTemplate\":\"https:\/\/www.diario21.tv\/noticias\/?s={search_term_string}\"},\"query-input\":{\"@type\":\"PropertyValueSpecification\",\"valueRequired\":true,\"valueName\":\"search_term_string\"}}],\"inLanguage\":\"es-AR\"},{\"@type\":\"Person\",\"@id\":\"https:\/\/www.diario21.tv\/noticias\/#\/schema\/person\/dfb778f73814d8f09f302618446a526b\",\"name\":\"Juan P\u00e9rez\",\"image\":{\"@type\":\"ImageObject\",\"inLanguage\":\"es-AR\",\"@id\":\"https:\/\/www.diario21.tv\/noticias\/#\/schema\/person\/image\/\",\"url\":\"https:\/\/secure.gravatar.com\/avatar\/c478a405bd10621167f4c3167cc770f5?s=96&d=mm&r=g\",\"contentUrl\":\"https:\/\/secure.gravatar.com\/avatar\/c478a405bd10621167f4c3167cc770f5?s=96&d=mm&r=g\",\"caption\":\"Juan P\u00e9rez\"},\"description\":\"Juan P\u00e9rez es el redactor en jefe de Diario 21. Con m\u00e1s de 10 a\u00f1os de experiencia en el periodismo, se especializa en pol\u00edtica nacional y an\u00e1lisis socioecon\u00f3mico. Su enfoque cr\u00edtico y riguroso aporta una perspectiva \u00fanica a cada art\u00edculo.\",\"sameAs\":[\"https:\/\/www.diario21.tv\/noticias\/\"],\"url\":\"https:\/\/www.diario21.tv\/noticias\/author\/juan-perez\/\"}]}<\/script>\n<!-- \/ Yoast SEO plugin. -->","yoast_head_json":{"title":"\u00a1Incre\u00edble rescate! Indigente y su perro sobreviven al voraz incendio en la nave. - Diario 21","robots":{"index":"index","follow":"follow","max-snippet":"max-snippet:-1","max-image-preview":"max-image-preview:large","max-video-preview":"max-video-preview:-1"},"canonical":"https:\/\/www.diario21.tv\/noticias\/increible-rescate-indigente-y-su-perro-sobreviven-al-voraz-incendio-en-la-nave\/","og_locale":"es_ES","og_type":"article","og_title":"\u00a1Incre\u00edble rescate! Indigente y su perro sobreviven al voraz incendio en la nave. - Diario 21","og_description":"Encuentran a un Sinhogar y su Mascota Vivos tras Incendio en un Almac\u00e9n En un impresionante giro de los acontecimientos, un hombre sin hogar y su ... Seguir leyendo &rarr;","og_url":"https:\/\/www.diario21.tv\/noticias\/increible-rescate-indigente-y-su-perro-sobreviven-al-voraz-incendio-en-la-nave\/","og_site_name":"Diario 21","article_published_time":"2025-05-28T02:25:22+00:00","article_modified_time":"2025-05-28T02:25:34+00:00","og_image":[{"width":1024,"height":683,"url":"https:\/\/www.diario21.tv\/noticias\/wp-content\/uploads\/2025\/05\/\u00a1Increible-rescate-Indigente-y-su-perro-sobreviven-al-voraz-incendio-1024x683.png","type":"image\/png"}],"author":"Juan P\u00e9rez","twitter_card":"summary_large_image","twitter_misc":{"Escrito por":"Juan P\u00e9rez","Tiempo de lectura":"2 minutos"},"schema":{"@context":"https:\/\/schema.org","@graph":[{"@type":"WebPage","@id":"https:\/\/www.diario21.tv\/noticias\/increible-rescate-indigente-y-su-perro-sobreviven-al-voraz-incendio-en-la-nave\/","url":"https:\/\/www.diario21.tv\/noticias\/increible-rescate-indigente-y-su-perro-sobreviven-al-voraz-incendio-en-la-nave\/","name":"\u00a1Incre\u00edble rescate! Indigente y su perro sobreviven al voraz incendio en la nave. - Diario 21","isPartOf":{"@id":"https:\/\/www.diario21.tv\/noticias\/#website"},"primaryImageOfPage":{"@id":"https:\/\/www.diario21.tv\/noticias\/increible-rescate-indigente-y-su-perro-sobreviven-al-voraz-incendio-en-la-nave\/#primaryimage"},"image":{"@id":"https:\/\/www.diario21.tv\/noticias\/increible-rescate-indigente-y-su-perro-sobreviven-al-voraz-incendio-en-la-nave\/#primaryimage"},"thumbnailUrl":"https:\/\/www.diario21.tv\/noticias\/wp-content\/uploads\/2025\/05\/\u00a1Increible-rescate-Indigente-y-su-perro-sobreviven-al-voraz-incendio.png","datePublished":"2025-05-28T02:25:22+00:00","dateModified":"2025-05-28T02:25:34+00:00","author":{"@id":"https:\/\/www.diario21.tv\/noticias\/#\/schema\/person\/dfb778f73814d8f09f302618446a526b"},"breadcrumb":{"@id":"https:\/\/www.diario21.tv\/noticias\/increible-rescate-indigente-y-su-perro-sobreviven-al-voraz-incendio-en-la-nave\/#breadcrumb"},"inLanguage":"es-AR","potentialAction":[{"@type":"ReadAction","target":["https:\/\/www.diario21.tv\/noticias\/increible-rescate-indigente-y-su-perro-sobreviven-al-voraz-incendio-en-la-nave\/"]}]},{"@type":"ImageObject","inLanguage":"es-AR","@id":"https:\/\/www.diario21.tv\/noticias\/increible-rescate-indigente-y-su-perro-sobreviven-al-voraz-incendio-en-la-nave\/#primaryimage","url":"https:\/\/www.diario21.tv\/noticias\/wp-content\/uploads\/2025\/05\/\u00a1Increible-rescate-Indigente-y-su-perro-sobreviven-al-voraz-incendio.png","contentUrl":"https:\/\/www.diario21.tv\/noticias\/wp-content\/uploads\/2025\/05\/\u00a1Increible-rescate-Indigente-y-su-perro-sobreviven-al-voraz-incendio.png","width":2560,"height":1707,"caption":"Hallan con vida a un indigente y su perro en el incendio de la nave afectada por la dana"},{"@type":"BreadcrumbList","@id":"https:\/\/www.diario21.tv\/noticias\/increible-rescate-indigente-y-su-perro-sobreviven-al-voraz-incendio-en-la-nave\/#breadcrumb","itemListElement":[{"@type":"ListItem","position":1,"name":"Accueil","item":"https:\/\/www.diario21.tv\/noticias\/"},{"@type":"ListItem","position":2,"name":"\u00a1Incre\u00edble rescate! Indigente y su perro sobreviven al voraz incendio en la nave."}]},{"@type":"WebSite","@id":"https:\/\/www.diario21.tv\/noticias\/#website","url":"https:\/\/www.diario21.tv\/noticias\/","name":"Diario 21","description":"","potentialAction":[{"@type":"SearchAction","target":{"@type":"EntryPoint","urlTemplate":"https:\/\/www.diario21.tv\/noticias\/?s={search_term_string}"},"query-input":{"@type":"PropertyValueSpecification","valueRequired":true,"valueName":"search_term_string"}}],"inLanguage":"es-AR"},{"@type":"Person","@id":"https:\/\/www.diario21.tv\/noticias\/#\/schema\/person\/dfb778f73814d8f09f302618446a526b","name":"Juan P\u00e9rez","image":{"@type":"ImageObject","inLanguage":"es-AR","@id":"https:\/\/www.diario21.tv\/noticias\/#\/schema\/person\/image\/","url":"https:\/\/secure.gravatar.com\/avatar\/c478a405bd10621167f4c3167cc770f5?s=96&d=mm&r=g","contentUrl":"https:\/\/secure.gravatar.com\/avatar\/c478a405bd10621167f4c3167cc770f5?s=96&d=mm&r=g","caption":"Juan P\u00e9rez"},"description":"Juan P\u00e9rez es el redactor en jefe de Diario 21. Con m\u00e1s de 10 a\u00f1os de experiencia en el periodismo, se especializa en pol\u00edtica nacional y an\u00e1lisis socioecon\u00f3mico. Su enfoque cr\u00edtico y riguroso aporta una perspectiva \u00fanica a cada art\u00edculo.","sameAs":["https:\/\/www.diario21.tv\/noticias\/"],"url":"https:\/\/www.diario21.tv\/noticias\/author\/juan-perez\/"}]}},"_links":{"self":[{"href":"https:\/\/www.diario21.tv\/noticias\/wp-json\/wp\/v2\/posts\/3277"}],"collection":[{"href":"https:\/\/www.diario21.tv\/noticias\/wp-json\/wp\/v2\/posts"}],"about":[{"href":"https:\/\/www.diario21.tv\/noticias\/wp-json\/wp\/v2\/types\/post"}],"author":[{"embeddable":true,"href":"https:\/\/www.diario21.tv\/noticias\/wp-json\/wp\/v2\/users\/20"}],"replies":[{"embeddable":true,"href":"https:\/\/www.diario21.tv\/noticias\/wp-json\/wp\/v2\/comments?post=3277"}],"version-history":[{"count":1,"href":"https:\/\/www.diario21.tv\/noticias\/wp-json\/wp\/v2\/posts\/3277\/revisions"}],"predecessor-version":[{"id":3279,"href":"https:\/\/www.diario21.tv\/noticias\/wp-json\/wp\/v2\/posts\/3277\/revisions\/3279"}],"wp:featuredmedia":[{"embeddable":true,"href":"https:\/\/www.diario21.tv\/noticias\/wp-json\/wp\/v2\/media\/3278"}],"wp:attachment":[{"href":"https:\/\/www.diario21.tv\/noticias\/wp-json\/wp\/v2\/media?parent=3277"}],"wp:term":[{"taxonomy":"category","embeddable":true,"href":"https:\/\/www.diario21.tv\/noticias\/wp-json\/wp\/v2\/categories?post=3277"},{"taxonomy":"post_tag","embeddable":true,"href":"https:\/\/www.diario21.tv\/noticias\/wp-json\/wp\/v2\/tags?post=3277"}],"curies":[{"name":"wp","href":"https:\/\/api.w.org\/{rel}","templated":true}]}}