{"id":3274,"date":"2025-05-27T20:24:19","date_gmt":"2025-05-27T20:24:19","guid":{"rendered":"https:\/\/www.diario21.tv\/noticias\/tragedia-en-barcelona-fallece-bombero-heroico-combatiendo-incendio-en-hotel\/"},"modified":"2025-05-27T20:24:20","modified_gmt":"2025-05-27T20:24:20","slug":"tragedia-en-barcelona-fallece-bombero-heroico-combatiendo-incendio-en-hotel","status":"publish","type":"post","link":"https:\/\/www.diario21.tv\/noticias\/tragedia-en-barcelona-fallece-bombero-heroico-combatiendo-incendio-en-hotel\/","title":{"rendered":"\u00a1Tragedia en Barcelona! Fallece bombero heroico combatiendo incendio en hotel."},"content":{"rendered":"<h2>Fallecimiento de un Bombero en un Incendio en Hotel de Barcelona<\/h2>\n<p>Un tr\u00e1gico suceso se produjo en la ciudad de Barcelona cuando un bombero perdi\u00f3 la vida mientras combat\u00eda un incendio en un establecimiento hotelero. El incidente no solo ha causado una profunda conmoci\u00f3n en la comunidad local, sino que tambi\u00e9n ha puesto de relieve los riesgos inherentes a la profesi\u00f3n de los servicios de emergencia.<\/p>\n<h3>Detalles del Incidente<\/h3>\n<p>El incendio se inici\u00f3 en las primeras horas de la ma\u00f1ana en uno de los hoteles m\u00e1s conocidos de la ciudad. Las llamas se propagaron r\u00e1pidamente, lo que oblig\u00f3 a evacuar a numerosos hu\u00e9spedes y personal del hotel. Los bomberos llegaron prontamente al lugar para controlar la situaci\u00f3n y evitar que el fuego se extendiera a edificios adyacentes.<\/p>\n<p>Durante las operaciones de rescate, uno de los bomberos, cuya identidad no ha sido revelada de inmediato, fue gravemente afectado por el humo y el calor. A pesar de los esfuerzos de sus compa\u00f1eros y los servicios m\u00e9dicos en el lugar, el bombero fue declarado fallecido poco despu\u00e9s.<\/p>\n<h3>Reacciones y Homenajes<\/h3>\n<p>La noticia del fallecimiento ha generado una ola de reacciones en toda la ciudad y m\u00e1s all\u00e1. Compa\u00f1eros de profesi\u00f3n, residentes locales y autoridades han expresado su dolor y su solidaridad con la familia del bombero fallecido. En las redes sociales, numerosos homenajes han sido publicados, recordando el valor y el sacrificio que conlleva el trabajo en los servicios de emergencia.<\/p>\n<p>El alcalde de Barcelona tambi\u00e9n ha emitido un comunicado lamentando la tragedia y asegurando que se llevar\u00e1 a cabo una investigaci\u00f3n exhaustiva para determinar las causas exactas del incendio y revisar los protocolos de seguridad actuales.<\/p>\n<h3>Seguridad y Prevenci\u00f3n<\/h3>\n<p>Este incidente ha puesto de manifiesto la importancia de mantener y mejorar constantemente las medidas de seguridad contra incendios en establecimientos p\u00fablicos y privados. Expertos en seguridad han recordado que la prevenci\u00f3n y una adecuada formaci\u00f3n para enfrentar emergencias son fundamentales para minimizar los riesgos tanto para el p\u00fablico como para los profesionales que atienden estas emergencias.<\/p>\n<h3>Conclusi\u00f3n<\/h3>\n<p>La comunidad de Barcelona y el cuerpo de bomberos est\u00e1n de luto por la p\u00e9rdida de uno de sus valientes miembros. Este evento tr\u00e1gico sirve como un doloroso recordatorio del peligro que enfrentan los bomberos en su labor diaria. La esperanza es que este incidente conduzca a mejoras en las pr\u00e1cticas de seguridad y prevenci\u00f3n de incendios, para proteger tanto a los ciudadanos como a aquellos que arriesgan sus vidas para salvar a otros.<\/p>\n\n\n<div class=\"kk-star-ratings kksr-auto kksr-align-left kksr-valign-bottom\"\n    data-payload='{&quot;align&quot;:&quot;left&quot;,&quot;id&quot;:&quot;3274&quot;,&quot;slug&quot;:&quot;default&quot;,&quot;valign&quot;:&quot;bottom&quot;,&quot;ignore&quot;:&quot;&quot;,&quot;reference&quot;:&quot;auto&quot;,&quot;class&quot;:&quot;&quot;,&quot;count&quot;:&quot;0&quot;,&quot;legendonly&quot;:&quot;&quot;,&quot;readonly&quot;:&quot;&quot;,&quot;score&quot;:&quot;0&quot;,&quot;starsonly&quot;:&quot;&quot;,&quot;best&quot;:&quot;5&quot;,&quot;gap&quot;:&quot;5&quot;,&quot;greet&quot;:&quot;Valora este post&quot;,&quot;legend&quot;:&quot;0\\\/5 - (0 votes)&quot;,&quot;size&quot;:&quot;22&quot;,&quot;title&quot;:&quot;\u00a1Tragedia en Barcelona! Fallece bombero heroico combatiendo incendio en hotel.&quot;,&quot;width&quot;:&quot;0&quot;,&quot;_legend&quot;:&quot;{score}\\\/{best} - ({count} {votes})&quot;,&quot;font_factor&quot;:&quot;1.25&quot;}'>\n            \n<div class=\"kksr-stars\">\n    \n<div class=\"kksr-stars-inactive\">\n            <div class=\"kksr-star\" data-star=\"1\" style=\"padding-right: 5px\">\n            \n\n<div class=\"kksr-icon\" style=\"width: 22px; height: 22px;\"><\/div>\n        <\/div>\n            <div class=\"kksr-star\" data-star=\"2\" style=\"padding-right: 5px\">\n            \n\n<div class=\"kksr-icon\" style=\"width: 22px; height: 22px;\"><\/div>\n        <\/div>\n            <div class=\"kksr-star\" data-star=\"3\" style=\"padding-right: 5px\">\n            \n\n<div class=\"kksr-icon\" style=\"width: 22px; height: 22px;\"><\/div>\n        <\/div>\n            <div class=\"kksr-star\" data-star=\"4\" style=\"padding-right: 5px\">\n            \n\n<div class=\"kksr-icon\" style=\"width: 22px; height: 22px;\"><\/div>\n        <\/div>\n            <div class=\"kksr-star\" data-star=\"5\" style=\"padding-right: 5px\">\n            \n\n<div class=\"kksr-icon\" style=\"width: 22px; height: 22px;\"><\/div>\n        <\/div>\n    <\/div>\n    \n<div class=\"kksr-stars-active\" style=\"width: 0px;\">\n            <div class=\"kksr-star\" style=\"padding-right: 5px\">\n            \n\n<div class=\"kksr-icon\" style=\"width: 22px; height: 22px;\"><\/div>\n        <\/div>\n            <div class=\"kksr-star\" style=\"padding-right: 5px\">\n            \n\n<div class=\"kksr-icon\" style=\"width: 22px; height: 22px;\"><\/div>\n        <\/div>\n            <div class=\"kksr-star\" style=\"padding-right: 5px\">\n            \n\n<div class=\"kksr-icon\" style=\"width: 22px; height: 22px;\"><\/div>\n        <\/div>\n            <div class=\"kksr-star\" style=\"padding-right: 5px\">\n            \n\n<div class=\"kksr-icon\" style=\"width: 22px; height: 22px;\"><\/div>\n        <\/div>\n            <div class=\"kksr-star\" style=\"padding-right: 5px\">\n            \n\n<div class=\"kksr-icon\" style=\"width: 22px; height: 22px;\"><\/div>\n        <\/div>\n    <\/div>\n<\/div>\n                \n\n<div class=\"kksr-legend\" style=\"font-size: 17.6px;\">\n            <span class=\"kksr-muted\">Valora este post<\/span>\n    <\/div>\n    <\/div>\n","protected":false},"excerpt":{"rendered":"<p>Fallecimiento de un Bombero en un Incendio en Hotel de Barcelona Un tr\u00e1gico suceso se produjo en la ciudad de Barcelona cuando un bombero perdi\u00f3 la &#8230; <a title=\"\u00a1Tragedia en Barcelona! Fallece bombero heroico combatiendo incendio en hotel.\" class=\"read-more\" href=\"https:\/\/www.diario21.tv\/noticias\/tragedia-en-barcelona-fallece-bombero-heroico-combatiendo-incendio-en-hotel\/\" aria-label=\"Leer m\u00e1s sobre \u00a1Tragedia en Barcelona! Fallece bombero heroico combatiendo incendio en hotel.\">Seguir leyendo &rarr;<\/a><\/p>\n","protected":false},"author":20,"featured_media":3275,"comment_status":"open","ping_status":"open","sticky":false,"template":"","format":"standard","meta":{"footnotes":""},"categories":[13],"tags":[],"class_list":["post-3274","post","type-post","status-publish","format-standard","has-post-thumbnail","hentry","category-portada"],"yoast_head":"<!-- This site is optimized with the Yoast SEO plugin v25.6 - https:\/\/yoast.com\/wordpress\/plugins\/seo\/ -->\n<title>\u00a1Tragedia en Barcelona! Fallece bombero heroico combatiendo incendio en hotel. - Diario 21<\/title>\n<meta name=\"robots\" content=\"index, follow, max-snippet:-1, max-image-preview:large, max-video-preview:-1\" \/>\n<link rel=\"canonical\" href=\"https:\/\/www.diario21.tv\/noticias\/tragedia-en-barcelona-fallece-bombero-heroico-combatiendo-incendio-en-hotel\/\" \/>\n<meta property=\"og:locale\" content=\"es_ES\" \/>\n<meta property=\"og:type\" content=\"article\" \/>\n<meta property=\"og:title\" content=\"\u00a1Tragedia en Barcelona! Fallece bombero heroico combatiendo incendio en hotel. - Diario 21\" \/>\n<meta property=\"og:description\" content=\"Fallecimiento de un Bombero en un Incendio en Hotel de Barcelona Un tr\u00e1gico suceso se produjo en la ciudad de Barcelona cuando un bombero perdi\u00f3 la ... Seguir leyendo &rarr;\" \/>\n<meta property=\"og:url\" content=\"https:\/\/www.diario21.tv\/noticias\/tragedia-en-barcelona-fallece-bombero-heroico-combatiendo-incendio-en-hotel\/\" \/>\n<meta property=\"og:site_name\" content=\"Diario 21\" \/>\n<meta property=\"article:published_time\" content=\"2025-05-27T20:24:19+00:00\" \/>\n<meta property=\"article:modified_time\" content=\"2025-05-27T20:24:20+00:00\" \/>\n<meta property=\"og:image\" content=\"https:\/\/www.diario21.tv\/noticias\/wp-content\/uploads\/2025\/05\/\u00a1Tragedia-en-Barcelona-Fallece-bombero-heroico-combatiendo-incendio-en-hotel.jpg\" \/>\n\t<meta property=\"og:image:width\" content=\"1200\" \/>\n\t<meta property=\"og:image:height\" content=\"840\" \/>\n\t<meta property=\"og:image:type\" content=\"image\/jpeg\" \/>\n<meta name=\"author\" content=\"Juan P\u00e9rez\" \/>\n<meta name=\"twitter:card\" content=\"summary_large_image\" \/>\n<meta name=\"twitter:label1\" content=\"Escrito por\" \/>\n\t<meta name=\"twitter:data1\" content=\"Juan P\u00e9rez\" \/>\n\t<meta name=\"twitter:label2\" content=\"Tiempo de lectura\" \/>\n\t<meta name=\"twitter:data2\" content=\"2 minutos\" \/>\n<script type=\"application\/ld+json\" class=\"yoast-schema-graph\">{\"@context\":\"https:\/\/schema.org\",\"@graph\":[{\"@type\":\"WebPage\",\"@id\":\"https:\/\/www.diario21.tv\/noticias\/tragedia-en-barcelona-fallece-bombero-heroico-combatiendo-incendio-en-hotel\/\",\"url\":\"https:\/\/www.diario21.tv\/noticias\/tragedia-en-barcelona-fallece-bombero-heroico-combatiendo-incendio-en-hotel\/\",\"name\":\"\u00a1Tragedia en Barcelona! Fallece bombero heroico combatiendo incendio en hotel. - Diario 21\",\"isPartOf\":{\"@id\":\"https:\/\/www.diario21.tv\/noticias\/#website\"},\"primaryImageOfPage\":{\"@id\":\"https:\/\/www.diario21.tv\/noticias\/tragedia-en-barcelona-fallece-bombero-heroico-combatiendo-incendio-en-hotel\/#primaryimage\"},\"image\":{\"@id\":\"https:\/\/www.diario21.tv\/noticias\/tragedia-en-barcelona-fallece-bombero-heroico-combatiendo-incendio-en-hotel\/#primaryimage\"},\"thumbnailUrl\":\"https:\/\/www.diario21.tv\/noticias\/wp-content\/uploads\/2025\/05\/\u00a1Tragedia-en-Barcelona-Fallece-bombero-heroico-combatiendo-incendio-en-hotel.jpg\",\"datePublished\":\"2025-05-27T20:24:19+00:00\",\"dateModified\":\"2025-05-27T20:24:20+00:00\",\"author\":{\"@id\":\"https:\/\/www.diario21.tv\/noticias\/#\/schema\/person\/dfb778f73814d8f09f302618446a526b\"},\"breadcrumb\":{\"@id\":\"https:\/\/www.diario21.tv\/noticias\/tragedia-en-barcelona-fallece-bombero-heroico-combatiendo-incendio-en-hotel\/#breadcrumb\"},\"inLanguage\":\"es-AR\",\"potentialAction\":[{\"@type\":\"ReadAction\",\"target\":[\"https:\/\/www.diario21.tv\/noticias\/tragedia-en-barcelona-fallece-bombero-heroico-combatiendo-incendio-en-hotel\/\"]}]},{\"@type\":\"ImageObject\",\"inLanguage\":\"es-AR\",\"@id\":\"https:\/\/www.diario21.tv\/noticias\/tragedia-en-barcelona-fallece-bombero-heroico-combatiendo-incendio-en-hotel\/#primaryimage\",\"url\":\"https:\/\/www.diario21.tv\/noticias\/wp-content\/uploads\/2025\/05\/\u00a1Tragedia-en-Barcelona-Fallece-bombero-heroico-combatiendo-incendio-en-hotel.jpg\",\"contentUrl\":\"https:\/\/www.diario21.tv\/noticias\/wp-content\/uploads\/2025\/05\/\u00a1Tragedia-en-Barcelona-Fallece-bombero-heroico-combatiendo-incendio-en-hotel.jpg\",\"width\":1200,\"height\":840,\"caption\":\"Muere un bombero durante un incendio en un hotel de Barcelona\"},{\"@type\":\"BreadcrumbList\",\"@id\":\"https:\/\/www.diario21.tv\/noticias\/tragedia-en-barcelona-fallece-bombero-heroico-combatiendo-incendio-en-hotel\/#breadcrumb\",\"itemListElement\":[{\"@type\":\"ListItem\",\"position\":1,\"name\":\"Accueil\",\"item\":\"https:\/\/www.diario21.tv\/noticias\/\"},{\"@type\":\"ListItem\",\"position\":2,\"name\":\"\u00a1Tragedia en Barcelona! Fallece bombero heroico combatiendo incendio en hotel.\"}]},{\"@type\":\"WebSite\",\"@id\":\"https:\/\/www.diario21.tv\/noticias\/#website\",\"url\":\"https:\/\/www.diario21.tv\/noticias\/\",\"name\":\"Diario 21\",\"description\":\"\",\"potentialAction\":[{\"@type\":\"SearchAction\",\"target\":{\"@type\":\"EntryPoint\",\"urlTemplate\":\"https:\/\/www.diario21.tv\/noticias\/?s={search_term_string}\"},\"query-input\":{\"@type\":\"PropertyValueSpecification\",\"valueRequired\":true,\"valueName\":\"search_term_string\"}}],\"inLanguage\":\"es-AR\"},{\"@type\":\"Person\",\"@id\":\"https:\/\/www.diario21.tv\/noticias\/#\/schema\/person\/dfb778f73814d8f09f302618446a526b\",\"name\":\"Juan P\u00e9rez\",\"image\":{\"@type\":\"ImageObject\",\"inLanguage\":\"es-AR\",\"@id\":\"https:\/\/www.diario21.tv\/noticias\/#\/schema\/person\/image\/\",\"url\":\"https:\/\/secure.gravatar.com\/avatar\/c478a405bd10621167f4c3167cc770f5?s=96&d=mm&r=g\",\"contentUrl\":\"https:\/\/secure.gravatar.com\/avatar\/c478a405bd10621167f4c3167cc770f5?s=96&d=mm&r=g\",\"caption\":\"Juan P\u00e9rez\"},\"description\":\"Juan P\u00e9rez es el redactor en jefe de Diario 21. Con m\u00e1s de 10 a\u00f1os de experiencia en el periodismo, se especializa en pol\u00edtica nacional y an\u00e1lisis socioecon\u00f3mico. Su enfoque cr\u00edtico y riguroso aporta una perspectiva \u00fanica a cada art\u00edculo.\",\"sameAs\":[\"https:\/\/www.diario21.tv\/noticias\/\"],\"url\":\"https:\/\/www.diario21.tv\/noticias\/author\/juan-perez\/\"}]}<\/script>\n<!-- \/ Yoast SEO plugin. -->","yoast_head_json":{"title":"\u00a1Tragedia en Barcelona! Fallece bombero heroico combatiendo incendio en hotel. - Diario 21","robots":{"index":"index","follow":"follow","max-snippet":"max-snippet:-1","max-image-preview":"max-image-preview:large","max-video-preview":"max-video-preview:-1"},"canonical":"https:\/\/www.diario21.tv\/noticias\/tragedia-en-barcelona-fallece-bombero-heroico-combatiendo-incendio-en-hotel\/","og_locale":"es_ES","og_type":"article","og_title":"\u00a1Tragedia en Barcelona! Fallece bombero heroico combatiendo incendio en hotel. - Diario 21","og_description":"Fallecimiento de un Bombero en un Incendio en Hotel de Barcelona Un tr\u00e1gico suceso se produjo en la ciudad de Barcelona cuando un bombero perdi\u00f3 la ... Seguir leyendo &rarr;","og_url":"https:\/\/www.diario21.tv\/noticias\/tragedia-en-barcelona-fallece-bombero-heroico-combatiendo-incendio-en-hotel\/","og_site_name":"Diario 21","article_published_time":"2025-05-27T20:24:19+00:00","article_modified_time":"2025-05-27T20:24:20+00:00","og_image":[{"width":1200,"height":840,"url":"https:\/\/www.diario21.tv\/noticias\/wp-content\/uploads\/2025\/05\/\u00a1Tragedia-en-Barcelona-Fallece-bombero-heroico-combatiendo-incendio-en-hotel.jpg","type":"image\/jpeg"}],"author":"Juan P\u00e9rez","twitter_card":"summary_large_image","twitter_misc":{"Escrito por":"Juan P\u00e9rez","Tiempo de lectura":"2 minutos"},"schema":{"@context":"https:\/\/schema.org","@graph":[{"@type":"WebPage","@id":"https:\/\/www.diario21.tv\/noticias\/tragedia-en-barcelona-fallece-bombero-heroico-combatiendo-incendio-en-hotel\/","url":"https:\/\/www.diario21.tv\/noticias\/tragedia-en-barcelona-fallece-bombero-heroico-combatiendo-incendio-en-hotel\/","name":"\u00a1Tragedia en Barcelona! Fallece bombero heroico combatiendo incendio en hotel. - Diario 21","isPartOf":{"@id":"https:\/\/www.diario21.tv\/noticias\/#website"},"primaryImageOfPage":{"@id":"https:\/\/www.diario21.tv\/noticias\/tragedia-en-barcelona-fallece-bombero-heroico-combatiendo-incendio-en-hotel\/#primaryimage"},"image":{"@id":"https:\/\/www.diario21.tv\/noticias\/tragedia-en-barcelona-fallece-bombero-heroico-combatiendo-incendio-en-hotel\/#primaryimage"},"thumbnailUrl":"https:\/\/www.diario21.tv\/noticias\/wp-content\/uploads\/2025\/05\/\u00a1Tragedia-en-Barcelona-Fallece-bombero-heroico-combatiendo-incendio-en-hotel.jpg","datePublished":"2025-05-27T20:24:19+00:00","dateModified":"2025-05-27T20:24:20+00:00","author":{"@id":"https:\/\/www.diario21.tv\/noticias\/#\/schema\/person\/dfb778f73814d8f09f302618446a526b"},"breadcrumb":{"@id":"https:\/\/www.diario21.tv\/noticias\/tragedia-en-barcelona-fallece-bombero-heroico-combatiendo-incendio-en-hotel\/#breadcrumb"},"inLanguage":"es-AR","potentialAction":[{"@type":"ReadAction","target":["https:\/\/www.diario21.tv\/noticias\/tragedia-en-barcelona-fallece-bombero-heroico-combatiendo-incendio-en-hotel\/"]}]},{"@type":"ImageObject","inLanguage":"es-AR","@id":"https:\/\/www.diario21.tv\/noticias\/tragedia-en-barcelona-fallece-bombero-heroico-combatiendo-incendio-en-hotel\/#primaryimage","url":"https:\/\/www.diario21.tv\/noticias\/wp-content\/uploads\/2025\/05\/\u00a1Tragedia-en-Barcelona-Fallece-bombero-heroico-combatiendo-incendio-en-hotel.jpg","contentUrl":"https:\/\/www.diario21.tv\/noticias\/wp-content\/uploads\/2025\/05\/\u00a1Tragedia-en-Barcelona-Fallece-bombero-heroico-combatiendo-incendio-en-hotel.jpg","width":1200,"height":840,"caption":"Muere un bombero durante un incendio en un hotel de Barcelona"},{"@type":"BreadcrumbList","@id":"https:\/\/www.diario21.tv\/noticias\/tragedia-en-barcelona-fallece-bombero-heroico-combatiendo-incendio-en-hotel\/#breadcrumb","itemListElement":[{"@type":"ListItem","position":1,"name":"Accueil","item":"https:\/\/www.diario21.tv\/noticias\/"},{"@type":"ListItem","position":2,"name":"\u00a1Tragedia en Barcelona! Fallece bombero heroico combatiendo incendio en hotel."}]},{"@type":"WebSite","@id":"https:\/\/www.diario21.tv\/noticias\/#website","url":"https:\/\/www.diario21.tv\/noticias\/","name":"Diario 21","description":"","potentialAction":[{"@type":"SearchAction","target":{"@type":"EntryPoint","urlTemplate":"https:\/\/www.diario21.tv\/noticias\/?s={search_term_string}"},"query-input":{"@type":"PropertyValueSpecification","valueRequired":true,"valueName":"search_term_string"}}],"inLanguage":"es-AR"},{"@type":"Person","@id":"https:\/\/www.diario21.tv\/noticias\/#\/schema\/person\/dfb778f73814d8f09f302618446a526b","name":"Juan P\u00e9rez","image":{"@type":"ImageObject","inLanguage":"es-AR","@id":"https:\/\/www.diario21.tv\/noticias\/#\/schema\/person\/image\/","url":"https:\/\/secure.gravatar.com\/avatar\/c478a405bd10621167f4c3167cc770f5?s=96&d=mm&r=g","contentUrl":"https:\/\/secure.gravatar.com\/avatar\/c478a405bd10621167f4c3167cc770f5?s=96&d=mm&r=g","caption":"Juan P\u00e9rez"},"description":"Juan P\u00e9rez es el redactor en jefe de Diario 21. Con m\u00e1s de 10 a\u00f1os de experiencia en el periodismo, se especializa en pol\u00edtica nacional y an\u00e1lisis socioecon\u00f3mico. Su enfoque cr\u00edtico y riguroso aporta una perspectiva \u00fanica a cada art\u00edculo.","sameAs":["https:\/\/www.diario21.tv\/noticias\/"],"url":"https:\/\/www.diario21.tv\/noticias\/author\/juan-perez\/"}]}},"_links":{"self":[{"href":"https:\/\/www.diario21.tv\/noticias\/wp-json\/wp\/v2\/posts\/3274"}],"collection":[{"href":"https:\/\/www.diario21.tv\/noticias\/wp-json\/wp\/v2\/posts"}],"about":[{"href":"https:\/\/www.diario21.tv\/noticias\/wp-json\/wp\/v2\/types\/post"}],"author":[{"embeddable":true,"href":"https:\/\/www.diario21.tv\/noticias\/wp-json\/wp\/v2\/users\/20"}],"replies":[{"embeddable":true,"href":"https:\/\/www.diario21.tv\/noticias\/wp-json\/wp\/v2\/comments?post=3274"}],"version-history":[{"count":1,"href":"https:\/\/www.diario21.tv\/noticias\/wp-json\/wp\/v2\/posts\/3274\/revisions"}],"predecessor-version":[{"id":3276,"href":"https:\/\/www.diario21.tv\/noticias\/wp-json\/wp\/v2\/posts\/3274\/revisions\/3276"}],"wp:featuredmedia":[{"embeddable":true,"href":"https:\/\/www.diario21.tv\/noticias\/wp-json\/wp\/v2\/media\/3275"}],"wp:attachment":[{"href":"https:\/\/www.diario21.tv\/noticias\/wp-json\/wp\/v2\/media?parent=3274"}],"wp:term":[{"taxonomy":"category","embeddable":true,"href":"https:\/\/www.diario21.tv\/noticias\/wp-json\/wp\/v2\/categories?post=3274"},{"taxonomy":"post_tag","embeddable":true,"href":"https:\/\/www.diario21.tv\/noticias\/wp-json\/wp\/v2\/tags?post=3274"}],"curies":[{"name":"wp","href":"https:\/\/api.w.org\/{rel}","templated":true}]}}