{"id":3241,"date":"2025-05-24T19:51:42","date_gmt":"2025-05-24T19:51:42","guid":{"rendered":"https:\/\/www.diario21.tv\/noticias\/impactante-padre-de-acogida-liberado-tras-la-muerte-de-un-bebe-olvidado-en-coche-en-linares\/"},"modified":"2025-05-24T19:51:43","modified_gmt":"2025-05-24T19:51:43","slug":"impactante-padre-de-acogida-liberado-tras-la-muerte-de-un-bebe-olvidado-en-coche-en-linares","status":"publish","type":"post","link":"https:\/\/www.diario21.tv\/noticias\/impactante-padre-de-acogida-liberado-tras-la-muerte-de-un-bebe-olvidado-en-coche-en-linares\/","title":{"rendered":"\u00a1Impactante! Padre de acogida liberado tras la muerte de un beb\u00e9 olvidado en coche en Linares"},"content":{"rendered":"<h2>Padre de Acogida Liberado Tras la Muerte de un Beb\u00e9 en Linares<\/h2>\n<p>En un tr\u00e1gico incidente en Linares, un padre de acogida ha sido puesto en libertad despu\u00e9s de que su beb\u00e9 adoptivo falleciera al ser olvidado dentro de un veh\u00edculo. El suceso ha conmocionado a la comunidad local y ha puesto en relieve los peligros del olvido de ni\u00f1os en espacios cerrados.<\/p>\n<h3>Detalles del Lamentable Incidente<\/h3>\n<p>El dram\u00e1tico evento tuvo lugar en Linares, donde un hombre, que por ahora no ha sido identificado oficialmente, olvid\u00f3 a su beb\u00e9 de acogida dentro de su coche. Seg\u00fan los informes, el padre se dirigi\u00f3 a su lugar de trabajo, dejando inadvertidamente al ni\u00f1o en el asiento trasero del veh\u00edculo. Fue despu\u00e9s de varias horas cuando el hombre record\u00f3 la presencia del peque\u00f1o en el coche, pero desafortunadamente, para entonces el beb\u00e9 ya hab\u00eda fallecido debido a las altas temperaturas dentro del autom\u00f3vil.<\/p>\n<p>La polic\u00eda fue alertada y de inmediato se iniciaron las investigaciones pertinentes. A pesar de la gravedad del suceso, las autoridades decidieron liberar al padre bajo la consideraci\u00f3n de que el acto fue resultado de un olvido tr\u00e1gico y no de una acci\u00f3n intencionada.<\/p>\n<h3>Reacciones y Consecuencias Legales<\/h3>\n<p>La comunidad de Linares ha quedado profundamente afectada por este suceso. Vecinos y conocidos han expresado su consternaci\u00f3n y tristeza ante la p\u00e9rdida del menor. Muchos han mostrado tambi\u00e9n su apoyo al padre de acogida, reconociendo el incidente como una desafortunada tragedia.<\/p>\n<p>Desde el punto de vista legal, el caso sigue bajo investigaci\u00f3n. Las autoridades est\u00e1n tratando de determinar los detalles exactos del incidente para decidir los pasos a seguir. Por ahora, no se han presentado cargos formales contra el padre, aunque esto podr\u00eda cambiar dependiendo de los hallazgos de la investigaci\u00f3n.<\/p>\n<h3>Medidas de Prevenci\u00f3n y Consejos de Seguridad<\/h3>\n<p>Este tr\u00e1gico incidente sirve como un doloroso recordatorio de los riesgos asociados con el olvido de ni\u00f1os en veh\u00edculos cerrados. Expertos en seguridad infantil recomiendan tomar medidas precautorias para evitar tales tragedias. Sugerencias incluyen la colocaci\u00f3n de objetos personales indispensables como el bolso o el tel\u00e9fono m\u00f3vil en el asiento trasero junto al ni\u00f1o, lo cual puede servir de recordatorio antes de salir del coche. Adem\u00e1s, se aconseja siempre verificar el asiento trasero antes de cerrar y bloquear el veh\u00edculo.<\/p>\n<p>La esperanza es que este lamentable suceso impulse a padres y cuidadores a tomar mayores precauciones para asegurar la seguridad de los ni\u00f1os y evitar futuras tragedias de este tipo.<\/p>\n\n\n<div class=\"kk-star-ratings kksr-auto kksr-align-left kksr-valign-bottom\"\n    data-payload='{&quot;align&quot;:&quot;left&quot;,&quot;id&quot;:&quot;3241&quot;,&quot;slug&quot;:&quot;default&quot;,&quot;valign&quot;:&quot;bottom&quot;,&quot;ignore&quot;:&quot;&quot;,&quot;reference&quot;:&quot;auto&quot;,&quot;class&quot;:&quot;&quot;,&quot;count&quot;:&quot;0&quot;,&quot;legendonly&quot;:&quot;&quot;,&quot;readonly&quot;:&quot;&quot;,&quot;score&quot;:&quot;0&quot;,&quot;starsonly&quot;:&quot;&quot;,&quot;best&quot;:&quot;5&quot;,&quot;gap&quot;:&quot;5&quot;,&quot;greet&quot;:&quot;Valora este post&quot;,&quot;legend&quot;:&quot;0\\\/5 - (0 votes)&quot;,&quot;size&quot;:&quot;22&quot;,&quot;title&quot;:&quot;\u00a1Impactante! Padre de acogida liberado tras la muerte de un beb\u00e9 olvidado en coche en Linares&quot;,&quot;width&quot;:&quot;0&quot;,&quot;_legend&quot;:&quot;{score}\\\/{best} - ({count} {votes})&quot;,&quot;font_factor&quot;:&quot;1.25&quot;}'>\n            \n<div class=\"kksr-stars\">\n    \n<div class=\"kksr-stars-inactive\">\n            <div class=\"kksr-star\" data-star=\"1\" style=\"padding-right: 5px\">\n            \n\n<div class=\"kksr-icon\" style=\"width: 22px; height: 22px;\"><\/div>\n        <\/div>\n            <div class=\"kksr-star\" data-star=\"2\" style=\"padding-right: 5px\">\n            \n\n<div class=\"kksr-icon\" style=\"width: 22px; height: 22px;\"><\/div>\n        <\/div>\n            <div class=\"kksr-star\" data-star=\"3\" style=\"padding-right: 5px\">\n            \n\n<div class=\"kksr-icon\" style=\"width: 22px; height: 22px;\"><\/div>\n        <\/div>\n            <div class=\"kksr-star\" data-star=\"4\" style=\"padding-right: 5px\">\n            \n\n<div class=\"kksr-icon\" style=\"width: 22px; height: 22px;\"><\/div>\n        <\/div>\n            <div class=\"kksr-star\" data-star=\"5\" style=\"padding-right: 5px\">\n            \n\n<div class=\"kksr-icon\" style=\"width: 22px; height: 22px;\"><\/div>\n        <\/div>\n    <\/div>\n    \n<div class=\"kksr-stars-active\" style=\"width: 0px;\">\n            <div class=\"kksr-star\" style=\"padding-right: 5px\">\n            \n\n<div class=\"kksr-icon\" style=\"width: 22px; height: 22px;\"><\/div>\n        <\/div>\n            <div class=\"kksr-star\" style=\"padding-right: 5px\">\n            \n\n<div class=\"kksr-icon\" style=\"width: 22px; height: 22px;\"><\/div>\n        <\/div>\n            <div class=\"kksr-star\" style=\"padding-right: 5px\">\n            \n\n<div class=\"kksr-icon\" style=\"width: 22px; height: 22px;\"><\/div>\n        <\/div>\n            <div class=\"kksr-star\" style=\"padding-right: 5px\">\n            \n\n<div class=\"kksr-icon\" style=\"width: 22px; height: 22px;\"><\/div>\n        <\/div>\n            <div class=\"kksr-star\" style=\"padding-right: 5px\">\n            \n\n<div class=\"kksr-icon\" style=\"width: 22px; height: 22px;\"><\/div>\n        <\/div>\n    <\/div>\n<\/div>\n                \n\n<div class=\"kksr-legend\" style=\"font-size: 17.6px;\">\n            <span class=\"kksr-muted\">Valora este post<\/span>\n    <\/div>\n    <\/div>\n","protected":false},"excerpt":{"rendered":"<p>Padre de Acogida Liberado Tras la Muerte de un Beb\u00e9 en Linares En un tr\u00e1gico incidente en Linares, un padre de acogida ha sido puesto en &#8230; <a title=\"\u00a1Impactante! Padre de acogida liberado tras la muerte de un beb\u00e9 olvidado en coche en Linares\" class=\"read-more\" href=\"https:\/\/www.diario21.tv\/noticias\/impactante-padre-de-acogida-liberado-tras-la-muerte-de-un-bebe-olvidado-en-coche-en-linares\/\" aria-label=\"Leer m\u00e1s sobre \u00a1Impactante! Padre de acogida liberado tras la muerte de un beb\u00e9 olvidado en coche en Linares\">Seguir leyendo &rarr;<\/a><\/p>\n","protected":false},"author":20,"featured_media":3242,"comment_status":"open","ping_status":"open","sticky":false,"template":"","format":"standard","meta":{"footnotes":""},"categories":[13],"tags":[],"class_list":["post-3241","post","type-post","status-publish","format-standard","has-post-thumbnail","hentry","category-portada"],"yoast_head":"<!-- This site is optimized with the Yoast SEO plugin v25.6 - https:\/\/yoast.com\/wordpress\/plugins\/seo\/ -->\n<title>\u00a1Impactante! Padre de acogida liberado tras la muerte de un beb\u00e9 olvidado en coche en Linares - Diario 21<\/title>\n<meta name=\"robots\" content=\"index, follow, max-snippet:-1, max-image-preview:large, max-video-preview:-1\" \/>\n<link rel=\"canonical\" href=\"https:\/\/www.diario21.tv\/noticias\/impactante-padre-de-acogida-liberado-tras-la-muerte-de-un-bebe-olvidado-en-coche-en-linares\/\" \/>\n<meta property=\"og:locale\" content=\"es_ES\" \/>\n<meta property=\"og:type\" content=\"article\" \/>\n<meta property=\"og:title\" content=\"\u00a1Impactante! Padre de acogida liberado tras la muerte de un beb\u00e9 olvidado en coche en Linares - Diario 21\" \/>\n<meta property=\"og:description\" content=\"Padre de Acogida Liberado Tras la Muerte de un Beb\u00e9 en Linares En un tr\u00e1gico incidente en Linares, un padre de acogida ha sido puesto en ... Seguir leyendo &rarr;\" \/>\n<meta property=\"og:url\" content=\"https:\/\/www.diario21.tv\/noticias\/impactante-padre-de-acogida-liberado-tras-la-muerte-de-un-bebe-olvidado-en-coche-en-linares\/\" \/>\n<meta property=\"og:site_name\" content=\"Diario 21\" \/>\n<meta property=\"article:published_time\" content=\"2025-05-24T19:51:42+00:00\" \/>\n<meta property=\"article:modified_time\" content=\"2025-05-24T19:51:43+00:00\" \/>\n<meta property=\"og:image\" content=\"https:\/\/www.diario21.tv\/noticias\/wp-content\/uploads\/2025\/05\/\u00a1Impactante-Padre-de-acogida-liberado-tras-la-muerte-de-un.jpg\" \/>\n\t<meta property=\"og:image:width\" content=\"764\" \/>\n\t<meta property=\"og:image:height\" content=\"438\" \/>\n\t<meta property=\"og:image:type\" content=\"image\/jpeg\" \/>\n<meta name=\"author\" content=\"Juan P\u00e9rez\" \/>\n<meta name=\"twitter:card\" content=\"summary_large_image\" \/>\n<meta name=\"twitter:label1\" content=\"Escrito por\" \/>\n\t<meta name=\"twitter:data1\" content=\"Juan P\u00e9rez\" \/>\n\t<meta name=\"twitter:label2\" content=\"Tiempo de lectura\" \/>\n\t<meta name=\"twitter:data2\" content=\"2 minutos\" \/>\n<script type=\"application\/ld+json\" class=\"yoast-schema-graph\">{\"@context\":\"https:\/\/schema.org\",\"@graph\":[{\"@type\":\"WebPage\",\"@id\":\"https:\/\/www.diario21.tv\/noticias\/impactante-padre-de-acogida-liberado-tras-la-muerte-de-un-bebe-olvidado-en-coche-en-linares\/\",\"url\":\"https:\/\/www.diario21.tv\/noticias\/impactante-padre-de-acogida-liberado-tras-la-muerte-de-un-bebe-olvidado-en-coche-en-linares\/\",\"name\":\"\u00a1Impactante! Padre de acogida liberado tras la muerte de un beb\u00e9 olvidado en coche en Linares - Diario 21\",\"isPartOf\":{\"@id\":\"https:\/\/www.diario21.tv\/noticias\/#website\"},\"primaryImageOfPage\":{\"@id\":\"https:\/\/www.diario21.tv\/noticias\/impactante-padre-de-acogida-liberado-tras-la-muerte-de-un-bebe-olvidado-en-coche-en-linares\/#primaryimage\"},\"image\":{\"@id\":\"https:\/\/www.diario21.tv\/noticias\/impactante-padre-de-acogida-liberado-tras-la-muerte-de-un-bebe-olvidado-en-coche-en-linares\/#primaryimage\"},\"thumbnailUrl\":\"https:\/\/www.diario21.tv\/noticias\/wp-content\/uploads\/2025\/05\/\u00a1Impactante-Padre-de-acogida-liberado-tras-la-muerte-de-un.jpg\",\"datePublished\":\"2025-05-24T19:51:42+00:00\",\"dateModified\":\"2025-05-24T19:51:43+00:00\",\"author\":{\"@id\":\"https:\/\/www.diario21.tv\/noticias\/#\/schema\/person\/dfb778f73814d8f09f302618446a526b\"},\"breadcrumb\":{\"@id\":\"https:\/\/www.diario21.tv\/noticias\/impactante-padre-de-acogida-liberado-tras-la-muerte-de-un-bebe-olvidado-en-coche-en-linares\/#breadcrumb\"},\"inLanguage\":\"es-AR\",\"potentialAction\":[{\"@type\":\"ReadAction\",\"target\":[\"https:\/\/www.diario21.tv\/noticias\/impactante-padre-de-acogida-liberado-tras-la-muerte-de-un-bebe-olvidado-en-coche-en-linares\/\"]}]},{\"@type\":\"ImageObject\",\"inLanguage\":\"es-AR\",\"@id\":\"https:\/\/www.diario21.tv\/noticias\/impactante-padre-de-acogida-liberado-tras-la-muerte-de-un-bebe-olvidado-en-coche-en-linares\/#primaryimage\",\"url\":\"https:\/\/www.diario21.tv\/noticias\/wp-content\/uploads\/2025\/05\/\u00a1Impactante-Padre-de-acogida-liberado-tras-la-muerte-de-un.jpg\",\"contentUrl\":\"https:\/\/www.diario21.tv\/noticias\/wp-content\/uploads\/2025\/05\/\u00a1Impactante-Padre-de-acogida-liberado-tras-la-muerte-de-un.jpg\",\"width\":764,\"height\":438,\"caption\":\"En libertad el padre de acogida del beb\u00e9 fallecido en Linares tras olvid\u00e1rselo en el coche\"},{\"@type\":\"BreadcrumbList\",\"@id\":\"https:\/\/www.diario21.tv\/noticias\/impactante-padre-de-acogida-liberado-tras-la-muerte-de-un-bebe-olvidado-en-coche-en-linares\/#breadcrumb\",\"itemListElement\":[{\"@type\":\"ListItem\",\"position\":1,\"name\":\"Accueil\",\"item\":\"https:\/\/www.diario21.tv\/noticias\/\"},{\"@type\":\"ListItem\",\"position\":2,\"name\":\"\u00a1Impactante! Padre de acogida liberado tras la muerte de un beb\u00e9 olvidado en coche en Linares\"}]},{\"@type\":\"WebSite\",\"@id\":\"https:\/\/www.diario21.tv\/noticias\/#website\",\"url\":\"https:\/\/www.diario21.tv\/noticias\/\",\"name\":\"Diario 21\",\"description\":\"\",\"potentialAction\":[{\"@type\":\"SearchAction\",\"target\":{\"@type\":\"EntryPoint\",\"urlTemplate\":\"https:\/\/www.diario21.tv\/noticias\/?s={search_term_string}\"},\"query-input\":{\"@type\":\"PropertyValueSpecification\",\"valueRequired\":true,\"valueName\":\"search_term_string\"}}],\"inLanguage\":\"es-AR\"},{\"@type\":\"Person\",\"@id\":\"https:\/\/www.diario21.tv\/noticias\/#\/schema\/person\/dfb778f73814d8f09f302618446a526b\",\"name\":\"Juan P\u00e9rez\",\"image\":{\"@type\":\"ImageObject\",\"inLanguage\":\"es-AR\",\"@id\":\"https:\/\/www.diario21.tv\/noticias\/#\/schema\/person\/image\/\",\"url\":\"https:\/\/secure.gravatar.com\/avatar\/c478a405bd10621167f4c3167cc770f5?s=96&d=mm&r=g\",\"contentUrl\":\"https:\/\/secure.gravatar.com\/avatar\/c478a405bd10621167f4c3167cc770f5?s=96&d=mm&r=g\",\"caption\":\"Juan P\u00e9rez\"},\"description\":\"Juan P\u00e9rez es el redactor en jefe de Diario 21. Con m\u00e1s de 10 a\u00f1os de experiencia en el periodismo, se especializa en pol\u00edtica nacional y an\u00e1lisis socioecon\u00f3mico. Su enfoque cr\u00edtico y riguroso aporta una perspectiva \u00fanica a cada art\u00edculo.\",\"sameAs\":[\"https:\/\/www.diario21.tv\/noticias\/\"],\"url\":\"https:\/\/www.diario21.tv\/noticias\/author\/juan-perez\/\"}]}<\/script>\n<!-- \/ Yoast SEO plugin. -->","yoast_head_json":{"title":"\u00a1Impactante! Padre de acogida liberado tras la muerte de un beb\u00e9 olvidado en coche en Linares - Diario 21","robots":{"index":"index","follow":"follow","max-snippet":"max-snippet:-1","max-image-preview":"max-image-preview:large","max-video-preview":"max-video-preview:-1"},"canonical":"https:\/\/www.diario21.tv\/noticias\/impactante-padre-de-acogida-liberado-tras-la-muerte-de-un-bebe-olvidado-en-coche-en-linares\/","og_locale":"es_ES","og_type":"article","og_title":"\u00a1Impactante! Padre de acogida liberado tras la muerte de un beb\u00e9 olvidado en coche en Linares - Diario 21","og_description":"Padre de Acogida Liberado Tras la Muerte de un Beb\u00e9 en Linares En un tr\u00e1gico incidente en Linares, un padre de acogida ha sido puesto en ... Seguir leyendo &rarr;","og_url":"https:\/\/www.diario21.tv\/noticias\/impactante-padre-de-acogida-liberado-tras-la-muerte-de-un-bebe-olvidado-en-coche-en-linares\/","og_site_name":"Diario 21","article_published_time":"2025-05-24T19:51:42+00:00","article_modified_time":"2025-05-24T19:51:43+00:00","og_image":[{"width":764,"height":438,"url":"https:\/\/www.diario21.tv\/noticias\/wp-content\/uploads\/2025\/05\/\u00a1Impactante-Padre-de-acogida-liberado-tras-la-muerte-de-un.jpg","type":"image\/jpeg"}],"author":"Juan P\u00e9rez","twitter_card":"summary_large_image","twitter_misc":{"Escrito por":"Juan P\u00e9rez","Tiempo de lectura":"2 minutos"},"schema":{"@context":"https:\/\/schema.org","@graph":[{"@type":"WebPage","@id":"https:\/\/www.diario21.tv\/noticias\/impactante-padre-de-acogida-liberado-tras-la-muerte-de-un-bebe-olvidado-en-coche-en-linares\/","url":"https:\/\/www.diario21.tv\/noticias\/impactante-padre-de-acogida-liberado-tras-la-muerte-de-un-bebe-olvidado-en-coche-en-linares\/","name":"\u00a1Impactante! Padre de acogida liberado tras la muerte de un beb\u00e9 olvidado en coche en Linares - Diario 21","isPartOf":{"@id":"https:\/\/www.diario21.tv\/noticias\/#website"},"primaryImageOfPage":{"@id":"https:\/\/www.diario21.tv\/noticias\/impactante-padre-de-acogida-liberado-tras-la-muerte-de-un-bebe-olvidado-en-coche-en-linares\/#primaryimage"},"image":{"@id":"https:\/\/www.diario21.tv\/noticias\/impactante-padre-de-acogida-liberado-tras-la-muerte-de-un-bebe-olvidado-en-coche-en-linares\/#primaryimage"},"thumbnailUrl":"https:\/\/www.diario21.tv\/noticias\/wp-content\/uploads\/2025\/05\/\u00a1Impactante-Padre-de-acogida-liberado-tras-la-muerte-de-un.jpg","datePublished":"2025-05-24T19:51:42+00:00","dateModified":"2025-05-24T19:51:43+00:00","author":{"@id":"https:\/\/www.diario21.tv\/noticias\/#\/schema\/person\/dfb778f73814d8f09f302618446a526b"},"breadcrumb":{"@id":"https:\/\/www.diario21.tv\/noticias\/impactante-padre-de-acogida-liberado-tras-la-muerte-de-un-bebe-olvidado-en-coche-en-linares\/#breadcrumb"},"inLanguage":"es-AR","potentialAction":[{"@type":"ReadAction","target":["https:\/\/www.diario21.tv\/noticias\/impactante-padre-de-acogida-liberado-tras-la-muerte-de-un-bebe-olvidado-en-coche-en-linares\/"]}]},{"@type":"ImageObject","inLanguage":"es-AR","@id":"https:\/\/www.diario21.tv\/noticias\/impactante-padre-de-acogida-liberado-tras-la-muerte-de-un-bebe-olvidado-en-coche-en-linares\/#primaryimage","url":"https:\/\/www.diario21.tv\/noticias\/wp-content\/uploads\/2025\/05\/\u00a1Impactante-Padre-de-acogida-liberado-tras-la-muerte-de-un.jpg","contentUrl":"https:\/\/www.diario21.tv\/noticias\/wp-content\/uploads\/2025\/05\/\u00a1Impactante-Padre-de-acogida-liberado-tras-la-muerte-de-un.jpg","width":764,"height":438,"caption":"En libertad el padre de acogida del beb\u00e9 fallecido en Linares tras olvid\u00e1rselo en el coche"},{"@type":"BreadcrumbList","@id":"https:\/\/www.diario21.tv\/noticias\/impactante-padre-de-acogida-liberado-tras-la-muerte-de-un-bebe-olvidado-en-coche-en-linares\/#breadcrumb","itemListElement":[{"@type":"ListItem","position":1,"name":"Accueil","item":"https:\/\/www.diario21.tv\/noticias\/"},{"@type":"ListItem","position":2,"name":"\u00a1Impactante! Padre de acogida liberado tras la muerte de un beb\u00e9 olvidado en coche en Linares"}]},{"@type":"WebSite","@id":"https:\/\/www.diario21.tv\/noticias\/#website","url":"https:\/\/www.diario21.tv\/noticias\/","name":"Diario 21","description":"","potentialAction":[{"@type":"SearchAction","target":{"@type":"EntryPoint","urlTemplate":"https:\/\/www.diario21.tv\/noticias\/?s={search_term_string}"},"query-input":{"@type":"PropertyValueSpecification","valueRequired":true,"valueName":"search_term_string"}}],"inLanguage":"es-AR"},{"@type":"Person","@id":"https:\/\/www.diario21.tv\/noticias\/#\/schema\/person\/dfb778f73814d8f09f302618446a526b","name":"Juan P\u00e9rez","image":{"@type":"ImageObject","inLanguage":"es-AR","@id":"https:\/\/www.diario21.tv\/noticias\/#\/schema\/person\/image\/","url":"https:\/\/secure.gravatar.com\/avatar\/c478a405bd10621167f4c3167cc770f5?s=96&d=mm&r=g","contentUrl":"https:\/\/secure.gravatar.com\/avatar\/c478a405bd10621167f4c3167cc770f5?s=96&d=mm&r=g","caption":"Juan P\u00e9rez"},"description":"Juan P\u00e9rez es el redactor en jefe de Diario 21. Con m\u00e1s de 10 a\u00f1os de experiencia en el periodismo, se especializa en pol\u00edtica nacional y an\u00e1lisis socioecon\u00f3mico. Su enfoque cr\u00edtico y riguroso aporta una perspectiva \u00fanica a cada art\u00edculo.","sameAs":["https:\/\/www.diario21.tv\/noticias\/"],"url":"https:\/\/www.diario21.tv\/noticias\/author\/juan-perez\/"}]}},"_links":{"self":[{"href":"https:\/\/www.diario21.tv\/noticias\/wp-json\/wp\/v2\/posts\/3241"}],"collection":[{"href":"https:\/\/www.diario21.tv\/noticias\/wp-json\/wp\/v2\/posts"}],"about":[{"href":"https:\/\/www.diario21.tv\/noticias\/wp-json\/wp\/v2\/types\/post"}],"author":[{"embeddable":true,"href":"https:\/\/www.diario21.tv\/noticias\/wp-json\/wp\/v2\/users\/20"}],"replies":[{"embeddable":true,"href":"https:\/\/www.diario21.tv\/noticias\/wp-json\/wp\/v2\/comments?post=3241"}],"version-history":[{"count":1,"href":"https:\/\/www.diario21.tv\/noticias\/wp-json\/wp\/v2\/posts\/3241\/revisions"}],"predecessor-version":[{"id":3243,"href":"https:\/\/www.diario21.tv\/noticias\/wp-json\/wp\/v2\/posts\/3241\/revisions\/3243"}],"wp:featuredmedia":[{"embeddable":true,"href":"https:\/\/www.diario21.tv\/noticias\/wp-json\/wp\/v2\/media\/3242"}],"wp:attachment":[{"href":"https:\/\/www.diario21.tv\/noticias\/wp-json\/wp\/v2\/media?parent=3241"}],"wp:term":[{"taxonomy":"category","embeddable":true,"href":"https:\/\/www.diario21.tv\/noticias\/wp-json\/wp\/v2\/categories?post=3241"},{"taxonomy":"post_tag","embeddable":true,"href":"https:\/\/www.diario21.tv\/noticias\/wp-json\/wp\/v2\/tags?post=3241"}],"curies":[{"name":"wp","href":"https:\/\/api.w.org\/{rel}","templated":true}]}}