{"id":3235,"date":"2025-05-24T07:49:01","date_gmt":"2025-05-24T07:49:01","guid":{"rendered":"https:\/\/www.diario21.tv\/noticias\/alerta-solicitudes-de-ayuda-por-ninos-desaparecidos-se-duplican-en-solo-5-anos\/"},"modified":"2025-05-24T07:49:02","modified_gmt":"2025-05-24T07:49:02","slug":"alerta-solicitudes-de-ayuda-por-ninos-desaparecidos-se-duplican-en-solo-5-anos","status":"publish","type":"post","link":"https:\/\/www.diario21.tv\/noticias\/alerta-solicitudes-de-ayuda-por-ninos-desaparecidos-se-duplican-en-solo-5-anos\/","title":{"rendered":"\u00a1Alerta! Solicitudes de ayuda por ni\u00f1os desaparecidos se duplican en solo 5 a\u00f1os"},"content":{"rendered":"<h2>Aumento Significativo en las Solicitudes de Asistencia por Ni\u00f1os Desaparecidos<\/h2>\n<p>En los \u00faltimos cinco a\u00f1os, se ha observado un aumento alarmante en el n\u00famero de solicitudes de asistencia relacionadas con la desaparici\u00f3n de ni\u00f1os. Seg\u00fan los \u00faltimos datos disponibles, estas peticiones se han duplicado, destacando una preocupante tendencia que afecta a numerosas familias y comunidades.<\/p>\n<h3>Detalles y Cifras<\/h3>\n<p>Los datos recopilados muestran que, comparado con hace cinco a\u00f1os, el n\u00famero de casos reportados de ni\u00f1os desaparecidos ha incrementado de manera considerable. Este fen\u00f3meno no solo ha generado alarma entre los padres y tutores, sino que tambi\u00e9n ha puesto en jaque a las autoridades, que se esfuerzan por mejorar los mecanismos de respuesta y prevenci\u00f3n.<\/p>\n<h3>Factores Contribuyentes<\/h3>\n<p>Varios factores podr\u00edan estar contribuyendo a este incremento en las cifras de desapariciones. Entre ellos, se encuentra el aumento de la poblaci\u00f3n en ciertas \u00e1reas, lo que dificulta la supervisi\u00f3n efectiva de los menores. Adem\u00e1s, el avance de la tecnolog\u00eda y el acceso a internet han creado nuevas v\u00edas para que los perpetradores contacten y enga\u00f1en a los j\u00f3venes.<\/p>\n<h3>Respuesta de las Autoridades<\/h3>\n<p>Ante este desalentador escenario, las autoridades han intensificado sus esfuerzos para contrarrestar el problema. Se han implementado nuevas estrategias y tecnolog\u00edas para rastrear y localizar a ni\u00f1os desaparecidos m\u00e1s r\u00e1pidamente. Asimismo, se est\u00e1n llevando a cabo campa\u00f1as de concienciaci\u00f3n dirigidas a padres y ni\u00f1os sobre los peligros potenciales y las medidas de seguridad necesarias.<\/p>\n<h3>Impacto en las Familias y la Comunidad<\/h3>\n<p>El impacto de la desaparici\u00f3n de un ni\u00f1o es devastador para cualquier familia. Los seres queridos se enfrentan no solo al dolor emocional, sino tambi\u00e9n a la incertidumbre y al miedo que conlleva no saber el paradero o el estado de seguridad de su hijo. La comunidad tambi\u00e9n se ve afectada, ya que este tipo de incidentes puede generar un ambiente de temor y desconfianza generalizada.<\/p>\n<h3>Conclusi\u00f3n<\/h3>\n<p>La duplicaci\u00f3n de las peticiones de ayuda para ni\u00f1os desaparecidos en los \u00faltimos cinco a\u00f1os es un indicativo claro de que a\u00fan queda mucho por hacer en t\u00e9rminos de protecci\u00f3n infantil y respuesta comunitaria. Es imperativo que tanto las autoridades como los ciudadanos permanezcan vigilantes, cooperen y contin\u00faen desarrollando medidas efectivas para asegurar la seguridad de los menores en nuestra sociedad.<\/p>\n\n\n<div class=\"kk-star-ratings kksr-auto kksr-align-left kksr-valign-bottom\"\n    data-payload='{&quot;align&quot;:&quot;left&quot;,&quot;id&quot;:&quot;3235&quot;,&quot;slug&quot;:&quot;default&quot;,&quot;valign&quot;:&quot;bottom&quot;,&quot;ignore&quot;:&quot;&quot;,&quot;reference&quot;:&quot;auto&quot;,&quot;class&quot;:&quot;&quot;,&quot;count&quot;:&quot;0&quot;,&quot;legendonly&quot;:&quot;&quot;,&quot;readonly&quot;:&quot;&quot;,&quot;score&quot;:&quot;0&quot;,&quot;starsonly&quot;:&quot;&quot;,&quot;best&quot;:&quot;5&quot;,&quot;gap&quot;:&quot;5&quot;,&quot;greet&quot;:&quot;Valora este post&quot;,&quot;legend&quot;:&quot;0\\\/5 - (0 votes)&quot;,&quot;size&quot;:&quot;22&quot;,&quot;title&quot;:&quot;\u00a1Alerta! Solicitudes de ayuda por ni\u00f1os desaparecidos se duplican en solo 5 a\u00f1os&quot;,&quot;width&quot;:&quot;0&quot;,&quot;_legend&quot;:&quot;{score}\\\/{best} - ({count} {votes})&quot;,&quot;font_factor&quot;:&quot;1.25&quot;}'>\n            \n<div class=\"kksr-stars\">\n    \n<div class=\"kksr-stars-inactive\">\n            <div class=\"kksr-star\" data-star=\"1\" style=\"padding-right: 5px\">\n            \n\n<div class=\"kksr-icon\" style=\"width: 22px; height: 22px;\"><\/div>\n        <\/div>\n            <div class=\"kksr-star\" data-star=\"2\" style=\"padding-right: 5px\">\n            \n\n<div class=\"kksr-icon\" style=\"width: 22px; height: 22px;\"><\/div>\n        <\/div>\n            <div class=\"kksr-star\" data-star=\"3\" style=\"padding-right: 5px\">\n            \n\n<div class=\"kksr-icon\" style=\"width: 22px; height: 22px;\"><\/div>\n        <\/div>\n            <div class=\"kksr-star\" data-star=\"4\" style=\"padding-right: 5px\">\n            \n\n<div class=\"kksr-icon\" style=\"width: 22px; height: 22px;\"><\/div>\n        <\/div>\n            <div class=\"kksr-star\" data-star=\"5\" style=\"padding-right: 5px\">\n            \n\n<div class=\"kksr-icon\" style=\"width: 22px; height: 22px;\"><\/div>\n        <\/div>\n    <\/div>\n    \n<div class=\"kksr-stars-active\" style=\"width: 0px;\">\n            <div class=\"kksr-star\" style=\"padding-right: 5px\">\n            \n\n<div class=\"kksr-icon\" style=\"width: 22px; height: 22px;\"><\/div>\n        <\/div>\n            <div class=\"kksr-star\" style=\"padding-right: 5px\">\n            \n\n<div class=\"kksr-icon\" style=\"width: 22px; height: 22px;\"><\/div>\n        <\/div>\n            <div class=\"kksr-star\" style=\"padding-right: 5px\">\n            \n\n<div class=\"kksr-icon\" style=\"width: 22px; height: 22px;\"><\/div>\n        <\/div>\n            <div class=\"kksr-star\" style=\"padding-right: 5px\">\n            \n\n<div class=\"kksr-icon\" style=\"width: 22px; height: 22px;\"><\/div>\n        <\/div>\n            <div class=\"kksr-star\" style=\"padding-right: 5px\">\n            \n\n<div class=\"kksr-icon\" style=\"width: 22px; height: 22px;\"><\/div>\n        <\/div>\n    <\/div>\n<\/div>\n                \n\n<div class=\"kksr-legend\" style=\"font-size: 17.6px;\">\n            <span class=\"kksr-muted\">Valora este post<\/span>\n    <\/div>\n    <\/div>\n","protected":false},"excerpt":{"rendered":"<p>Aumento Significativo en las Solicitudes de Asistencia por Ni\u00f1os Desaparecidos En los \u00faltimos cinco a\u00f1os, se ha observado un aumento alarmante en el n\u00famero de solicitudes &#8230; <a title=\"\u00a1Alerta! Solicitudes de ayuda por ni\u00f1os desaparecidos se duplican en solo 5 a\u00f1os\" class=\"read-more\" href=\"https:\/\/www.diario21.tv\/noticias\/alerta-solicitudes-de-ayuda-por-ninos-desaparecidos-se-duplican-en-solo-5-anos\/\" aria-label=\"Leer m\u00e1s sobre \u00a1Alerta! Solicitudes de ayuda por ni\u00f1os desaparecidos se duplican en solo 5 a\u00f1os\">Seguir leyendo &rarr;<\/a><\/p>\n","protected":false},"author":20,"featured_media":3236,"comment_status":"open","ping_status":"open","sticky":false,"template":"","format":"standard","meta":{"footnotes":""},"categories":[13],"tags":[],"class_list":["post-3235","post","type-post","status-publish","format-standard","has-post-thumbnail","hentry","category-portada"],"yoast_head":"<!-- This site is optimized with the Yoast SEO plugin v25.6 - https:\/\/yoast.com\/wordpress\/plugins\/seo\/ -->\n<title>\u00a1Alerta! Solicitudes de ayuda por ni\u00f1os desaparecidos se duplican en solo 5 a\u00f1os - Diario 21<\/title>\n<meta name=\"robots\" content=\"index, follow, max-snippet:-1, max-image-preview:large, max-video-preview:-1\" \/>\n<link rel=\"canonical\" href=\"https:\/\/www.diario21.tv\/noticias\/alerta-solicitudes-de-ayuda-por-ninos-desaparecidos-se-duplican-en-solo-5-anos\/\" \/>\n<meta property=\"og:locale\" content=\"es_ES\" \/>\n<meta property=\"og:type\" content=\"article\" \/>\n<meta property=\"og:title\" content=\"\u00a1Alerta! Solicitudes de ayuda por ni\u00f1os desaparecidos se duplican en solo 5 a\u00f1os - Diario 21\" \/>\n<meta property=\"og:description\" content=\"Aumento Significativo en las Solicitudes de Asistencia por Ni\u00f1os Desaparecidos En los \u00faltimos cinco a\u00f1os, se ha observado un aumento alarmante en el n\u00famero de solicitudes ... Seguir leyendo &rarr;\" \/>\n<meta property=\"og:url\" content=\"https:\/\/www.diario21.tv\/noticias\/alerta-solicitudes-de-ayuda-por-ninos-desaparecidos-se-duplican-en-solo-5-anos\/\" \/>\n<meta property=\"og:site_name\" content=\"Diario 21\" \/>\n<meta property=\"article:published_time\" content=\"2025-05-24T07:49:01+00:00\" \/>\n<meta property=\"article:modified_time\" content=\"2025-05-24T07:49:02+00:00\" \/>\n<meta property=\"og:image\" content=\"https:\/\/www.diario21.tv\/noticias\/wp-content\/uploads\/2025\/05\/\u00a1Alerta-Solicitudes-de-ayuda-por-ninos-desaparecidos-se-duplican-en.jpg\" \/>\n\t<meta property=\"og:image:width\" content=\"1200\" \/>\n\t<meta property=\"og:image:height\" content=\"840\" \/>\n\t<meta property=\"og:image:type\" content=\"image\/jpeg\" \/>\n<meta name=\"author\" content=\"Juan P\u00e9rez\" \/>\n<meta name=\"twitter:card\" content=\"summary_large_image\" \/>\n<meta name=\"twitter:label1\" content=\"Escrito por\" \/>\n\t<meta name=\"twitter:data1\" content=\"Juan P\u00e9rez\" \/>\n\t<meta name=\"twitter:label2\" content=\"Tiempo de lectura\" \/>\n\t<meta name=\"twitter:data2\" content=\"2 minutos\" \/>\n<script type=\"application\/ld+json\" class=\"yoast-schema-graph\">{\"@context\":\"https:\/\/schema.org\",\"@graph\":[{\"@type\":\"WebPage\",\"@id\":\"https:\/\/www.diario21.tv\/noticias\/alerta-solicitudes-de-ayuda-por-ninos-desaparecidos-se-duplican-en-solo-5-anos\/\",\"url\":\"https:\/\/www.diario21.tv\/noticias\/alerta-solicitudes-de-ayuda-por-ninos-desaparecidos-se-duplican-en-solo-5-anos\/\",\"name\":\"\u00a1Alerta! Solicitudes de ayuda por ni\u00f1os desaparecidos se duplican en solo 5 a\u00f1os - Diario 21\",\"isPartOf\":{\"@id\":\"https:\/\/www.diario21.tv\/noticias\/#website\"},\"primaryImageOfPage\":{\"@id\":\"https:\/\/www.diario21.tv\/noticias\/alerta-solicitudes-de-ayuda-por-ninos-desaparecidos-se-duplican-en-solo-5-anos\/#primaryimage\"},\"image\":{\"@id\":\"https:\/\/www.diario21.tv\/noticias\/alerta-solicitudes-de-ayuda-por-ninos-desaparecidos-se-duplican-en-solo-5-anos\/#primaryimage\"},\"thumbnailUrl\":\"https:\/\/www.diario21.tv\/noticias\/wp-content\/uploads\/2025\/05\/\u00a1Alerta-Solicitudes-de-ayuda-por-ninos-desaparecidos-se-duplican-en.jpg\",\"datePublished\":\"2025-05-24T07:49:01+00:00\",\"dateModified\":\"2025-05-24T07:49:02+00:00\",\"author\":{\"@id\":\"https:\/\/www.diario21.tv\/noticias\/#\/schema\/person\/dfb778f73814d8f09f302618446a526b\"},\"breadcrumb\":{\"@id\":\"https:\/\/www.diario21.tv\/noticias\/alerta-solicitudes-de-ayuda-por-ninos-desaparecidos-se-duplican-en-solo-5-anos\/#breadcrumb\"},\"inLanguage\":\"es-AR\",\"potentialAction\":[{\"@type\":\"ReadAction\",\"target\":[\"https:\/\/www.diario21.tv\/noticias\/alerta-solicitudes-de-ayuda-por-ninos-desaparecidos-se-duplican-en-solo-5-anos\/\"]}]},{\"@type\":\"ImageObject\",\"inLanguage\":\"es-AR\",\"@id\":\"https:\/\/www.diario21.tv\/noticias\/alerta-solicitudes-de-ayuda-por-ninos-desaparecidos-se-duplican-en-solo-5-anos\/#primaryimage\",\"url\":\"https:\/\/www.diario21.tv\/noticias\/wp-content\/uploads\/2025\/05\/\u00a1Alerta-Solicitudes-de-ayuda-por-ninos-desaparecidos-se-duplican-en.jpg\",\"contentUrl\":\"https:\/\/www.diario21.tv\/noticias\/wp-content\/uploads\/2025\/05\/\u00a1Alerta-Solicitudes-de-ayuda-por-ninos-desaparecidos-se-duplican-en.jpg\",\"width\":1200,\"height\":840,\"caption\":\"Las peticiones de ayuda por desaparici\u00f3n de ni\u00f1os se duplican en cinco a\u00f1os\"},{\"@type\":\"BreadcrumbList\",\"@id\":\"https:\/\/www.diario21.tv\/noticias\/alerta-solicitudes-de-ayuda-por-ninos-desaparecidos-se-duplican-en-solo-5-anos\/#breadcrumb\",\"itemListElement\":[{\"@type\":\"ListItem\",\"position\":1,\"name\":\"Accueil\",\"item\":\"https:\/\/www.diario21.tv\/noticias\/\"},{\"@type\":\"ListItem\",\"position\":2,\"name\":\"\u00a1Alerta! Solicitudes de ayuda por ni\u00f1os desaparecidos se duplican en solo 5 a\u00f1os\"}]},{\"@type\":\"WebSite\",\"@id\":\"https:\/\/www.diario21.tv\/noticias\/#website\",\"url\":\"https:\/\/www.diario21.tv\/noticias\/\",\"name\":\"Diario 21\",\"description\":\"\",\"potentialAction\":[{\"@type\":\"SearchAction\",\"target\":{\"@type\":\"EntryPoint\",\"urlTemplate\":\"https:\/\/www.diario21.tv\/noticias\/?s={search_term_string}\"},\"query-input\":{\"@type\":\"PropertyValueSpecification\",\"valueRequired\":true,\"valueName\":\"search_term_string\"}}],\"inLanguage\":\"es-AR\"},{\"@type\":\"Person\",\"@id\":\"https:\/\/www.diario21.tv\/noticias\/#\/schema\/person\/dfb778f73814d8f09f302618446a526b\",\"name\":\"Juan P\u00e9rez\",\"image\":{\"@type\":\"ImageObject\",\"inLanguage\":\"es-AR\",\"@id\":\"https:\/\/www.diario21.tv\/noticias\/#\/schema\/person\/image\/\",\"url\":\"https:\/\/secure.gravatar.com\/avatar\/c478a405bd10621167f4c3167cc770f5?s=96&d=mm&r=g\",\"contentUrl\":\"https:\/\/secure.gravatar.com\/avatar\/c478a405bd10621167f4c3167cc770f5?s=96&d=mm&r=g\",\"caption\":\"Juan P\u00e9rez\"},\"description\":\"Juan P\u00e9rez es el redactor en jefe de Diario 21. Con m\u00e1s de 10 a\u00f1os de experiencia en el periodismo, se especializa en pol\u00edtica nacional y an\u00e1lisis socioecon\u00f3mico. Su enfoque cr\u00edtico y riguroso aporta una perspectiva \u00fanica a cada art\u00edculo.\",\"sameAs\":[\"https:\/\/www.diario21.tv\/noticias\/\"],\"url\":\"https:\/\/www.diario21.tv\/noticias\/author\/juan-perez\/\"}]}<\/script>\n<!-- \/ Yoast SEO plugin. -->","yoast_head_json":{"title":"\u00a1Alerta! Solicitudes de ayuda por ni\u00f1os desaparecidos se duplican en solo 5 a\u00f1os - Diario 21","robots":{"index":"index","follow":"follow","max-snippet":"max-snippet:-1","max-image-preview":"max-image-preview:large","max-video-preview":"max-video-preview:-1"},"canonical":"https:\/\/www.diario21.tv\/noticias\/alerta-solicitudes-de-ayuda-por-ninos-desaparecidos-se-duplican-en-solo-5-anos\/","og_locale":"es_ES","og_type":"article","og_title":"\u00a1Alerta! Solicitudes de ayuda por ni\u00f1os desaparecidos se duplican en solo 5 a\u00f1os - Diario 21","og_description":"Aumento Significativo en las Solicitudes de Asistencia por Ni\u00f1os Desaparecidos En los \u00faltimos cinco a\u00f1os, se ha observado un aumento alarmante en el n\u00famero de solicitudes ... Seguir leyendo &rarr;","og_url":"https:\/\/www.diario21.tv\/noticias\/alerta-solicitudes-de-ayuda-por-ninos-desaparecidos-se-duplican-en-solo-5-anos\/","og_site_name":"Diario 21","article_published_time":"2025-05-24T07:49:01+00:00","article_modified_time":"2025-05-24T07:49:02+00:00","og_image":[{"width":1200,"height":840,"url":"https:\/\/www.diario21.tv\/noticias\/wp-content\/uploads\/2025\/05\/\u00a1Alerta-Solicitudes-de-ayuda-por-ninos-desaparecidos-se-duplican-en.jpg","type":"image\/jpeg"}],"author":"Juan P\u00e9rez","twitter_card":"summary_large_image","twitter_misc":{"Escrito por":"Juan P\u00e9rez","Tiempo de lectura":"2 minutos"},"schema":{"@context":"https:\/\/schema.org","@graph":[{"@type":"WebPage","@id":"https:\/\/www.diario21.tv\/noticias\/alerta-solicitudes-de-ayuda-por-ninos-desaparecidos-se-duplican-en-solo-5-anos\/","url":"https:\/\/www.diario21.tv\/noticias\/alerta-solicitudes-de-ayuda-por-ninos-desaparecidos-se-duplican-en-solo-5-anos\/","name":"\u00a1Alerta! Solicitudes de ayuda por ni\u00f1os desaparecidos se duplican en solo 5 a\u00f1os - Diario 21","isPartOf":{"@id":"https:\/\/www.diario21.tv\/noticias\/#website"},"primaryImageOfPage":{"@id":"https:\/\/www.diario21.tv\/noticias\/alerta-solicitudes-de-ayuda-por-ninos-desaparecidos-se-duplican-en-solo-5-anos\/#primaryimage"},"image":{"@id":"https:\/\/www.diario21.tv\/noticias\/alerta-solicitudes-de-ayuda-por-ninos-desaparecidos-se-duplican-en-solo-5-anos\/#primaryimage"},"thumbnailUrl":"https:\/\/www.diario21.tv\/noticias\/wp-content\/uploads\/2025\/05\/\u00a1Alerta-Solicitudes-de-ayuda-por-ninos-desaparecidos-se-duplican-en.jpg","datePublished":"2025-05-24T07:49:01+00:00","dateModified":"2025-05-24T07:49:02+00:00","author":{"@id":"https:\/\/www.diario21.tv\/noticias\/#\/schema\/person\/dfb778f73814d8f09f302618446a526b"},"breadcrumb":{"@id":"https:\/\/www.diario21.tv\/noticias\/alerta-solicitudes-de-ayuda-por-ninos-desaparecidos-se-duplican-en-solo-5-anos\/#breadcrumb"},"inLanguage":"es-AR","potentialAction":[{"@type":"ReadAction","target":["https:\/\/www.diario21.tv\/noticias\/alerta-solicitudes-de-ayuda-por-ninos-desaparecidos-se-duplican-en-solo-5-anos\/"]}]},{"@type":"ImageObject","inLanguage":"es-AR","@id":"https:\/\/www.diario21.tv\/noticias\/alerta-solicitudes-de-ayuda-por-ninos-desaparecidos-se-duplican-en-solo-5-anos\/#primaryimage","url":"https:\/\/www.diario21.tv\/noticias\/wp-content\/uploads\/2025\/05\/\u00a1Alerta-Solicitudes-de-ayuda-por-ninos-desaparecidos-se-duplican-en.jpg","contentUrl":"https:\/\/www.diario21.tv\/noticias\/wp-content\/uploads\/2025\/05\/\u00a1Alerta-Solicitudes-de-ayuda-por-ninos-desaparecidos-se-duplican-en.jpg","width":1200,"height":840,"caption":"Las peticiones de ayuda por desaparici\u00f3n de ni\u00f1os se duplican en cinco a\u00f1os"},{"@type":"BreadcrumbList","@id":"https:\/\/www.diario21.tv\/noticias\/alerta-solicitudes-de-ayuda-por-ninos-desaparecidos-se-duplican-en-solo-5-anos\/#breadcrumb","itemListElement":[{"@type":"ListItem","position":1,"name":"Accueil","item":"https:\/\/www.diario21.tv\/noticias\/"},{"@type":"ListItem","position":2,"name":"\u00a1Alerta! Solicitudes de ayuda por ni\u00f1os desaparecidos se duplican en solo 5 a\u00f1os"}]},{"@type":"WebSite","@id":"https:\/\/www.diario21.tv\/noticias\/#website","url":"https:\/\/www.diario21.tv\/noticias\/","name":"Diario 21","description":"","potentialAction":[{"@type":"SearchAction","target":{"@type":"EntryPoint","urlTemplate":"https:\/\/www.diario21.tv\/noticias\/?s={search_term_string}"},"query-input":{"@type":"PropertyValueSpecification","valueRequired":true,"valueName":"search_term_string"}}],"inLanguage":"es-AR"},{"@type":"Person","@id":"https:\/\/www.diario21.tv\/noticias\/#\/schema\/person\/dfb778f73814d8f09f302618446a526b","name":"Juan P\u00e9rez","image":{"@type":"ImageObject","inLanguage":"es-AR","@id":"https:\/\/www.diario21.tv\/noticias\/#\/schema\/person\/image\/","url":"https:\/\/secure.gravatar.com\/avatar\/c478a405bd10621167f4c3167cc770f5?s=96&d=mm&r=g","contentUrl":"https:\/\/secure.gravatar.com\/avatar\/c478a405bd10621167f4c3167cc770f5?s=96&d=mm&r=g","caption":"Juan P\u00e9rez"},"description":"Juan P\u00e9rez es el redactor en jefe de Diario 21. Con m\u00e1s de 10 a\u00f1os de experiencia en el periodismo, se especializa en pol\u00edtica nacional y an\u00e1lisis socioecon\u00f3mico. Su enfoque cr\u00edtico y riguroso aporta una perspectiva \u00fanica a cada art\u00edculo.","sameAs":["https:\/\/www.diario21.tv\/noticias\/"],"url":"https:\/\/www.diario21.tv\/noticias\/author\/juan-perez\/"}]}},"_links":{"self":[{"href":"https:\/\/www.diario21.tv\/noticias\/wp-json\/wp\/v2\/posts\/3235"}],"collection":[{"href":"https:\/\/www.diario21.tv\/noticias\/wp-json\/wp\/v2\/posts"}],"about":[{"href":"https:\/\/www.diario21.tv\/noticias\/wp-json\/wp\/v2\/types\/post"}],"author":[{"embeddable":true,"href":"https:\/\/www.diario21.tv\/noticias\/wp-json\/wp\/v2\/users\/20"}],"replies":[{"embeddable":true,"href":"https:\/\/www.diario21.tv\/noticias\/wp-json\/wp\/v2\/comments?post=3235"}],"version-history":[{"count":1,"href":"https:\/\/www.diario21.tv\/noticias\/wp-json\/wp\/v2\/posts\/3235\/revisions"}],"predecessor-version":[{"id":3237,"href":"https:\/\/www.diario21.tv\/noticias\/wp-json\/wp\/v2\/posts\/3235\/revisions\/3237"}],"wp:featuredmedia":[{"embeddable":true,"href":"https:\/\/www.diario21.tv\/noticias\/wp-json\/wp\/v2\/media\/3236"}],"wp:attachment":[{"href":"https:\/\/www.diario21.tv\/noticias\/wp-json\/wp\/v2\/media?parent=3235"}],"wp:term":[{"taxonomy":"category","embeddable":true,"href":"https:\/\/www.diario21.tv\/noticias\/wp-json\/wp\/v2\/categories?post=3235"},{"taxonomy":"post_tag","embeddable":true,"href":"https:\/\/www.diario21.tv\/noticias\/wp-json\/wp\/v2\/tags?post=3235"}],"curies":[{"name":"wp","href":"https:\/\/api.w.org\/{rel}","templated":true}]}}