{"id":3232,"date":"2025-05-24T01:48:07","date_gmt":"2025-05-24T01:48:07","guid":{"rendered":"https:\/\/www.diario21.tv\/noticias\/doug-massey-gana-el-premio-princesa-de-asturias-por-retratar-la-segregacion-de-latinos-y-afroamericanos-en-ee-uu\/"},"modified":"2025-05-24T01:48:08","modified_gmt":"2025-05-24T01:48:08","slug":"doug-massey-gana-el-premio-princesa-de-asturias-por-retratar-la-segregacion-de-latinos-y-afroamericanos-en-ee-uu","status":"publish","type":"post","link":"https:\/\/www.diario21.tv\/noticias\/doug-massey-gana-el-premio-princesa-de-asturias-por-retratar-la-segregacion-de-latinos-y-afroamericanos-en-ee-uu\/","title":{"rendered":"Doug Massey gana el Premio Princesa de Asturias por retratar la segregaci\u00f3n de latinos y afroamericanos en EE.UU."},"content":{"rendered":"<h2>Doug Massey, galardonado con el Premio Princesa de Asturias de Ciencias Sociales por su an\u00e1lisis de la segregaci\u00f3n de latinos y afroamericanos en Estados Unidos<\/h2>\n<p>Doug Massey, soci\u00f3logo distinguido por sus profundas investigaciones sobre la segregaci\u00f3n racial y \u00e9tnica en Estados Unidos, ha sido reconocido con el Premio Princesa de Asturias de Ciencias Sociales. Este prestigioso galard\u00f3n se le ha otorgado en reconocimiento a su extensa trayectoria y contribuci\u00f3n al entendimiento de las din\u00e1micas de segregaci\u00f3n que afectan principalmente a las comunidades latinas y afroamericanas en el pa\u00eds norteamericano.<\/p>\n<h3>Un enfoque integral en la investigaci\u00f3n social<\/h3>\n<p>A lo largo de su carrera, Massey ha desarrollado un enfoque integral para estudiar las complejidades de la segregaci\u00f3n racial. Su trabajo no solo ha abordado las consecuencias directas de la segregaci\u00f3n en t\u00e9rminos de acceso desigual a recursos como la educaci\u00f3n y la vivienda, sino que tambi\u00e9n ha explorado las implicaciones a largo plazo que estas desigualdades tienen para la cohesi\u00f3n social y el desarrollo econ\u00f3mico.<\/p>\n<h3>Implicaciones de sus hallazgos<\/h3>\n<p>Los estudios de Massey han revelado c\u00f3mo los patrones de segregaci\u00f3n no son fen\u00f3menos aislados, sino el resultado de una serie de pol\u00edticas y pr\u00e1cticas tanto hist\u00f3ricas como contempor\u00e1neas. Su investigaci\u00f3n ha puesto de manifiesto la importancia de abordar estas cuestiones desde una perspectiva pol\u00edtica y social amplia, buscando soluciones que involucren a m\u00faltiples sectores de la sociedad para revertir las tendencias de segregaci\u00f3n y promover una mayor igualdad.<\/p>\n<h3>Reconocimiento a una trayectoria de impacto<\/h3>\n<p>El Premio Princesa de Asturias de Ciencias Sociales no solo celebra las contribuciones individuales de Massey al campo de la sociolog\u00eda, sino que tambi\u00e9n reconoce el impacto de su trabajo en la formulaci\u00f3n de pol\u00edticas p\u00fablicas y en el debate acad\u00e9mico sobre la segregaci\u00f3n y la desigualdad racial. Sus investigaciones contin\u00faan influenciando a una nueva generaci\u00f3n de soci\u00f3logos y formuladores de pol\u00edticas en Estados Unidos y alrededor del mundo.<\/p>\n<p>Este galard\u00f3n subraya la relevancia de los estudios sociales en la comprensi\u00f3n y resoluci\u00f3n de problemas estructurales que afectan a diversas comunidades, y destaca la urgencia de continuar investigando y abordando estos desaf\u00edos en la sociedad contempor\u00e1nea.<\/p>\n\n\n<div class=\"kk-star-ratings kksr-auto kksr-align-left kksr-valign-bottom\"\n    data-payload='{&quot;align&quot;:&quot;left&quot;,&quot;id&quot;:&quot;3232&quot;,&quot;slug&quot;:&quot;default&quot;,&quot;valign&quot;:&quot;bottom&quot;,&quot;ignore&quot;:&quot;&quot;,&quot;reference&quot;:&quot;auto&quot;,&quot;class&quot;:&quot;&quot;,&quot;count&quot;:&quot;0&quot;,&quot;legendonly&quot;:&quot;&quot;,&quot;readonly&quot;:&quot;&quot;,&quot;score&quot;:&quot;0&quot;,&quot;starsonly&quot;:&quot;&quot;,&quot;best&quot;:&quot;5&quot;,&quot;gap&quot;:&quot;5&quot;,&quot;greet&quot;:&quot;Valora este post&quot;,&quot;legend&quot;:&quot;0\\\/5 - (0 votes)&quot;,&quot;size&quot;:&quot;22&quot;,&quot;title&quot;:&quot;Doug Massey gana el Premio Princesa de Asturias por retratar la segregaci\u00f3n de latinos y afroamericanos en EE.UU.&quot;,&quot;width&quot;:&quot;0&quot;,&quot;_legend&quot;:&quot;{score}\\\/{best} - ({count} {votes})&quot;,&quot;font_factor&quot;:&quot;1.25&quot;}'>\n            \n<div class=\"kksr-stars\">\n    \n<div class=\"kksr-stars-inactive\">\n            <div class=\"kksr-star\" data-star=\"1\" style=\"padding-right: 5px\">\n            \n\n<div class=\"kksr-icon\" style=\"width: 22px; height: 22px;\"><\/div>\n        <\/div>\n            <div class=\"kksr-star\" data-star=\"2\" style=\"padding-right: 5px\">\n            \n\n<div class=\"kksr-icon\" style=\"width: 22px; height: 22px;\"><\/div>\n        <\/div>\n            <div class=\"kksr-star\" data-star=\"3\" style=\"padding-right: 5px\">\n            \n\n<div class=\"kksr-icon\" style=\"width: 22px; height: 22px;\"><\/div>\n        <\/div>\n            <div class=\"kksr-star\" data-star=\"4\" style=\"padding-right: 5px\">\n            \n\n<div class=\"kksr-icon\" style=\"width: 22px; height: 22px;\"><\/div>\n        <\/div>\n            <div class=\"kksr-star\" data-star=\"5\" style=\"padding-right: 5px\">\n            \n\n<div class=\"kksr-icon\" style=\"width: 22px; height: 22px;\"><\/div>\n        <\/div>\n    <\/div>\n    \n<div class=\"kksr-stars-active\" style=\"width: 0px;\">\n            <div class=\"kksr-star\" style=\"padding-right: 5px\">\n            \n\n<div class=\"kksr-icon\" style=\"width: 22px; height: 22px;\"><\/div>\n        <\/div>\n            <div class=\"kksr-star\" style=\"padding-right: 5px\">\n            \n\n<div class=\"kksr-icon\" style=\"width: 22px; height: 22px;\"><\/div>\n        <\/div>\n            <div class=\"kksr-star\" style=\"padding-right: 5px\">\n            \n\n<div class=\"kksr-icon\" style=\"width: 22px; height: 22px;\"><\/div>\n        <\/div>\n            <div class=\"kksr-star\" style=\"padding-right: 5px\">\n            \n\n<div class=\"kksr-icon\" style=\"width: 22px; height: 22px;\"><\/div>\n        <\/div>\n            <div class=\"kksr-star\" style=\"padding-right: 5px\">\n            \n\n<div class=\"kksr-icon\" style=\"width: 22px; height: 22px;\"><\/div>\n        <\/div>\n    <\/div>\n<\/div>\n                \n\n<div class=\"kksr-legend\" style=\"font-size: 17.6px;\">\n            <span class=\"kksr-muted\">Valora este post<\/span>\n    <\/div>\n    <\/div>\n","protected":false},"excerpt":{"rendered":"<p>Doug Massey, galardonado con el Premio Princesa de Asturias de Ciencias Sociales por su an\u00e1lisis de la segregaci\u00f3n de latinos y afroamericanos en Estados Unidos Doug &#8230; <a title=\"Doug Massey gana el Premio Princesa de Asturias por retratar la segregaci\u00f3n de latinos y afroamericanos en EE.UU.\" class=\"read-more\" href=\"https:\/\/www.diario21.tv\/noticias\/doug-massey-gana-el-premio-princesa-de-asturias-por-retratar-la-segregacion-de-latinos-y-afroamericanos-en-ee-uu\/\" aria-label=\"Leer m\u00e1s sobre Doug Massey gana el Premio Princesa de Asturias por retratar la segregaci\u00f3n de latinos y afroamericanos en EE.UU.\">Seguir leyendo &rarr;<\/a><\/p>\n","protected":false},"author":20,"featured_media":3233,"comment_status":"open","ping_status":"open","sticky":false,"template":"","format":"standard","meta":{"footnotes":""},"categories":[13],"tags":[],"class_list":["post-3232","post","type-post","status-publish","format-standard","has-post-thumbnail","hentry","category-portada"],"yoast_head":"<!-- This site is optimized with the Yoast SEO plugin v25.6 - https:\/\/yoast.com\/wordpress\/plugins\/seo\/ -->\n<title>Doug Massey gana el Premio Princesa de Asturias por retratar la segregaci\u00f3n de latinos y afroamericanos en EE.UU. - Diario 21<\/title>\n<meta name=\"robots\" content=\"index, follow, max-snippet:-1, max-image-preview:large, max-video-preview:-1\" \/>\n<link rel=\"canonical\" href=\"https:\/\/www.diario21.tv\/noticias\/doug-massey-gana-el-premio-princesa-de-asturias-por-retratar-la-segregacion-de-latinos-y-afroamericanos-en-ee-uu\/\" \/>\n<meta property=\"og:locale\" content=\"es_ES\" \/>\n<meta property=\"og:type\" content=\"article\" \/>\n<meta property=\"og:title\" content=\"Doug Massey gana el Premio Princesa de Asturias por retratar la segregaci\u00f3n de latinos y afroamericanos en EE.UU. - Diario 21\" \/>\n<meta property=\"og:description\" content=\"Doug Massey, galardonado con el Premio Princesa de Asturias de Ciencias Sociales por su an\u00e1lisis de la segregaci\u00f3n de latinos y afroamericanos en Estados Unidos Doug ... Seguir leyendo &rarr;\" \/>\n<meta property=\"og:url\" content=\"https:\/\/www.diario21.tv\/noticias\/doug-massey-gana-el-premio-princesa-de-asturias-por-retratar-la-segregacion-de-latinos-y-afroamericanos-en-ee-uu\/\" \/>\n<meta property=\"og:site_name\" content=\"Diario 21\" \/>\n<meta property=\"article:published_time\" content=\"2025-05-24T01:48:07+00:00\" \/>\n<meta property=\"article:modified_time\" content=\"2025-05-24T01:48:08+00:00\" \/>\n<meta property=\"og:image\" content=\"https:\/\/www.diario21.tv\/noticias\/wp-content\/uploads\/2025\/05\/Doug-Massey-gana-el-Premio-Princesa-de-Asturias-por-retratar.jpg\" \/>\n\t<meta property=\"og:image:width\" content=\"1200\" \/>\n\t<meta property=\"og:image:height\" content=\"840\" \/>\n\t<meta property=\"og:image:type\" content=\"image\/jpeg\" \/>\n<meta name=\"author\" content=\"Juan P\u00e9rez\" \/>\n<meta name=\"twitter:card\" content=\"summary_large_image\" \/>\n<meta name=\"twitter:label1\" content=\"Escrito por\" \/>\n\t<meta name=\"twitter:data1\" content=\"Juan P\u00e9rez\" \/>\n\t<meta name=\"twitter:label2\" content=\"Tiempo de lectura\" \/>\n\t<meta name=\"twitter:data2\" content=\"2 minutos\" \/>\n<script type=\"application\/ld+json\" class=\"yoast-schema-graph\">{\"@context\":\"https:\/\/schema.org\",\"@graph\":[{\"@type\":\"WebPage\",\"@id\":\"https:\/\/www.diario21.tv\/noticias\/doug-massey-gana-el-premio-princesa-de-asturias-por-retratar-la-segregacion-de-latinos-y-afroamericanos-en-ee-uu\/\",\"url\":\"https:\/\/www.diario21.tv\/noticias\/doug-massey-gana-el-premio-princesa-de-asturias-por-retratar-la-segregacion-de-latinos-y-afroamericanos-en-ee-uu\/\",\"name\":\"Doug Massey gana el Premio Princesa de Asturias por retratar la segregaci\u00f3n de latinos y afroamericanos en EE.UU. - Diario 21\",\"isPartOf\":{\"@id\":\"https:\/\/www.diario21.tv\/noticias\/#website\"},\"primaryImageOfPage\":{\"@id\":\"https:\/\/www.diario21.tv\/noticias\/doug-massey-gana-el-premio-princesa-de-asturias-por-retratar-la-segregacion-de-latinos-y-afroamericanos-en-ee-uu\/#primaryimage\"},\"image\":{\"@id\":\"https:\/\/www.diario21.tv\/noticias\/doug-massey-gana-el-premio-princesa-de-asturias-por-retratar-la-segregacion-de-latinos-y-afroamericanos-en-ee-uu\/#primaryimage\"},\"thumbnailUrl\":\"https:\/\/www.diario21.tv\/noticias\/wp-content\/uploads\/2025\/05\/Doug-Massey-gana-el-Premio-Princesa-de-Asturias-por-retratar.jpg\",\"datePublished\":\"2025-05-24T01:48:07+00:00\",\"dateModified\":\"2025-05-24T01:48:08+00:00\",\"author\":{\"@id\":\"https:\/\/www.diario21.tv\/noticias\/#\/schema\/person\/dfb778f73814d8f09f302618446a526b\"},\"breadcrumb\":{\"@id\":\"https:\/\/www.diario21.tv\/noticias\/doug-massey-gana-el-premio-princesa-de-asturias-por-retratar-la-segregacion-de-latinos-y-afroamericanos-en-ee-uu\/#breadcrumb\"},\"inLanguage\":\"es-AR\",\"potentialAction\":[{\"@type\":\"ReadAction\",\"target\":[\"https:\/\/www.diario21.tv\/noticias\/doug-massey-gana-el-premio-princesa-de-asturias-por-retratar-la-segregacion-de-latinos-y-afroamericanos-en-ee-uu\/\"]}]},{\"@type\":\"ImageObject\",\"inLanguage\":\"es-AR\",\"@id\":\"https:\/\/www.diario21.tv\/noticias\/doug-massey-gana-el-premio-princesa-de-asturias-por-retratar-la-segregacion-de-latinos-y-afroamericanos-en-ee-uu\/#primaryimage\",\"url\":\"https:\/\/www.diario21.tv\/noticias\/wp-content\/uploads\/2025\/05\/Doug-Massey-gana-el-Premio-Princesa-de-Asturias-por-retratar.jpg\",\"contentUrl\":\"https:\/\/www.diario21.tv\/noticias\/wp-content\/uploads\/2025\/05\/Doug-Massey-gana-el-Premio-Princesa-de-Asturias-por-retratar.jpg\",\"width\":1200,\"height\":840,\"caption\":\"Doug Massey, el retratista de la segregaci\u00f3n de latinos y afroamericanos en EE UU, Premio Princesa de Asturias de Ciencias Sociales\"},{\"@type\":\"BreadcrumbList\",\"@id\":\"https:\/\/www.diario21.tv\/noticias\/doug-massey-gana-el-premio-princesa-de-asturias-por-retratar-la-segregacion-de-latinos-y-afroamericanos-en-ee-uu\/#breadcrumb\",\"itemListElement\":[{\"@type\":\"ListItem\",\"position\":1,\"name\":\"Accueil\",\"item\":\"https:\/\/www.diario21.tv\/noticias\/\"},{\"@type\":\"ListItem\",\"position\":2,\"name\":\"Doug Massey gana el Premio Princesa de Asturias por retratar la segregaci\u00f3n de latinos y afroamericanos en EE.UU.\"}]},{\"@type\":\"WebSite\",\"@id\":\"https:\/\/www.diario21.tv\/noticias\/#website\",\"url\":\"https:\/\/www.diario21.tv\/noticias\/\",\"name\":\"Diario 21\",\"description\":\"\",\"potentialAction\":[{\"@type\":\"SearchAction\",\"target\":{\"@type\":\"EntryPoint\",\"urlTemplate\":\"https:\/\/www.diario21.tv\/noticias\/?s={search_term_string}\"},\"query-input\":{\"@type\":\"PropertyValueSpecification\",\"valueRequired\":true,\"valueName\":\"search_term_string\"}}],\"inLanguage\":\"es-AR\"},{\"@type\":\"Person\",\"@id\":\"https:\/\/www.diario21.tv\/noticias\/#\/schema\/person\/dfb778f73814d8f09f302618446a526b\",\"name\":\"Juan P\u00e9rez\",\"image\":{\"@type\":\"ImageObject\",\"inLanguage\":\"es-AR\",\"@id\":\"https:\/\/www.diario21.tv\/noticias\/#\/schema\/person\/image\/\",\"url\":\"https:\/\/secure.gravatar.com\/avatar\/c478a405bd10621167f4c3167cc770f5?s=96&d=mm&r=g\",\"contentUrl\":\"https:\/\/secure.gravatar.com\/avatar\/c478a405bd10621167f4c3167cc770f5?s=96&d=mm&r=g\",\"caption\":\"Juan P\u00e9rez\"},\"description\":\"Juan P\u00e9rez es el redactor en jefe de Diario 21. Con m\u00e1s de 10 a\u00f1os de experiencia en el periodismo, se especializa en pol\u00edtica nacional y an\u00e1lisis socioecon\u00f3mico. Su enfoque cr\u00edtico y riguroso aporta una perspectiva \u00fanica a cada art\u00edculo.\",\"sameAs\":[\"https:\/\/www.diario21.tv\/noticias\/\"],\"url\":\"https:\/\/www.diario21.tv\/noticias\/author\/juan-perez\/\"}]}<\/script>\n<!-- \/ Yoast SEO plugin. -->","yoast_head_json":{"title":"Doug Massey gana el Premio Princesa de Asturias por retratar la segregaci\u00f3n de latinos y afroamericanos en EE.UU. - Diario 21","robots":{"index":"index","follow":"follow","max-snippet":"max-snippet:-1","max-image-preview":"max-image-preview:large","max-video-preview":"max-video-preview:-1"},"canonical":"https:\/\/www.diario21.tv\/noticias\/doug-massey-gana-el-premio-princesa-de-asturias-por-retratar-la-segregacion-de-latinos-y-afroamericanos-en-ee-uu\/","og_locale":"es_ES","og_type":"article","og_title":"Doug Massey gana el Premio Princesa de Asturias por retratar la segregaci\u00f3n de latinos y afroamericanos en EE.UU. - Diario 21","og_description":"Doug Massey, galardonado con el Premio Princesa de Asturias de Ciencias Sociales por su an\u00e1lisis de la segregaci\u00f3n de latinos y afroamericanos en Estados Unidos Doug ... Seguir leyendo &rarr;","og_url":"https:\/\/www.diario21.tv\/noticias\/doug-massey-gana-el-premio-princesa-de-asturias-por-retratar-la-segregacion-de-latinos-y-afroamericanos-en-ee-uu\/","og_site_name":"Diario 21","article_published_time":"2025-05-24T01:48:07+00:00","article_modified_time":"2025-05-24T01:48:08+00:00","og_image":[{"width":1200,"height":840,"url":"https:\/\/www.diario21.tv\/noticias\/wp-content\/uploads\/2025\/05\/Doug-Massey-gana-el-Premio-Princesa-de-Asturias-por-retratar.jpg","type":"image\/jpeg"}],"author":"Juan P\u00e9rez","twitter_card":"summary_large_image","twitter_misc":{"Escrito por":"Juan P\u00e9rez","Tiempo de lectura":"2 minutos"},"schema":{"@context":"https:\/\/schema.org","@graph":[{"@type":"WebPage","@id":"https:\/\/www.diario21.tv\/noticias\/doug-massey-gana-el-premio-princesa-de-asturias-por-retratar-la-segregacion-de-latinos-y-afroamericanos-en-ee-uu\/","url":"https:\/\/www.diario21.tv\/noticias\/doug-massey-gana-el-premio-princesa-de-asturias-por-retratar-la-segregacion-de-latinos-y-afroamericanos-en-ee-uu\/","name":"Doug Massey gana el Premio Princesa de Asturias por retratar la segregaci\u00f3n de latinos y afroamericanos en EE.UU. - Diario 21","isPartOf":{"@id":"https:\/\/www.diario21.tv\/noticias\/#website"},"primaryImageOfPage":{"@id":"https:\/\/www.diario21.tv\/noticias\/doug-massey-gana-el-premio-princesa-de-asturias-por-retratar-la-segregacion-de-latinos-y-afroamericanos-en-ee-uu\/#primaryimage"},"image":{"@id":"https:\/\/www.diario21.tv\/noticias\/doug-massey-gana-el-premio-princesa-de-asturias-por-retratar-la-segregacion-de-latinos-y-afroamericanos-en-ee-uu\/#primaryimage"},"thumbnailUrl":"https:\/\/www.diario21.tv\/noticias\/wp-content\/uploads\/2025\/05\/Doug-Massey-gana-el-Premio-Princesa-de-Asturias-por-retratar.jpg","datePublished":"2025-05-24T01:48:07+00:00","dateModified":"2025-05-24T01:48:08+00:00","author":{"@id":"https:\/\/www.diario21.tv\/noticias\/#\/schema\/person\/dfb778f73814d8f09f302618446a526b"},"breadcrumb":{"@id":"https:\/\/www.diario21.tv\/noticias\/doug-massey-gana-el-premio-princesa-de-asturias-por-retratar-la-segregacion-de-latinos-y-afroamericanos-en-ee-uu\/#breadcrumb"},"inLanguage":"es-AR","potentialAction":[{"@type":"ReadAction","target":["https:\/\/www.diario21.tv\/noticias\/doug-massey-gana-el-premio-princesa-de-asturias-por-retratar-la-segregacion-de-latinos-y-afroamericanos-en-ee-uu\/"]}]},{"@type":"ImageObject","inLanguage":"es-AR","@id":"https:\/\/www.diario21.tv\/noticias\/doug-massey-gana-el-premio-princesa-de-asturias-por-retratar-la-segregacion-de-latinos-y-afroamericanos-en-ee-uu\/#primaryimage","url":"https:\/\/www.diario21.tv\/noticias\/wp-content\/uploads\/2025\/05\/Doug-Massey-gana-el-Premio-Princesa-de-Asturias-por-retratar.jpg","contentUrl":"https:\/\/www.diario21.tv\/noticias\/wp-content\/uploads\/2025\/05\/Doug-Massey-gana-el-Premio-Princesa-de-Asturias-por-retratar.jpg","width":1200,"height":840,"caption":"Doug Massey, el retratista de la segregaci\u00f3n de latinos y afroamericanos en EE UU, Premio Princesa de Asturias de Ciencias Sociales"},{"@type":"BreadcrumbList","@id":"https:\/\/www.diario21.tv\/noticias\/doug-massey-gana-el-premio-princesa-de-asturias-por-retratar-la-segregacion-de-latinos-y-afroamericanos-en-ee-uu\/#breadcrumb","itemListElement":[{"@type":"ListItem","position":1,"name":"Accueil","item":"https:\/\/www.diario21.tv\/noticias\/"},{"@type":"ListItem","position":2,"name":"Doug Massey gana el Premio Princesa de Asturias por retratar la segregaci\u00f3n de latinos y afroamericanos en EE.UU."}]},{"@type":"WebSite","@id":"https:\/\/www.diario21.tv\/noticias\/#website","url":"https:\/\/www.diario21.tv\/noticias\/","name":"Diario 21","description":"","potentialAction":[{"@type":"SearchAction","target":{"@type":"EntryPoint","urlTemplate":"https:\/\/www.diario21.tv\/noticias\/?s={search_term_string}"},"query-input":{"@type":"PropertyValueSpecification","valueRequired":true,"valueName":"search_term_string"}}],"inLanguage":"es-AR"},{"@type":"Person","@id":"https:\/\/www.diario21.tv\/noticias\/#\/schema\/person\/dfb778f73814d8f09f302618446a526b","name":"Juan P\u00e9rez","image":{"@type":"ImageObject","inLanguage":"es-AR","@id":"https:\/\/www.diario21.tv\/noticias\/#\/schema\/person\/image\/","url":"https:\/\/secure.gravatar.com\/avatar\/c478a405bd10621167f4c3167cc770f5?s=96&d=mm&r=g","contentUrl":"https:\/\/secure.gravatar.com\/avatar\/c478a405bd10621167f4c3167cc770f5?s=96&d=mm&r=g","caption":"Juan P\u00e9rez"},"description":"Juan P\u00e9rez es el redactor en jefe de Diario 21. Con m\u00e1s de 10 a\u00f1os de experiencia en el periodismo, se especializa en pol\u00edtica nacional y an\u00e1lisis socioecon\u00f3mico. Su enfoque cr\u00edtico y riguroso aporta una perspectiva \u00fanica a cada art\u00edculo.","sameAs":["https:\/\/www.diario21.tv\/noticias\/"],"url":"https:\/\/www.diario21.tv\/noticias\/author\/juan-perez\/"}]}},"_links":{"self":[{"href":"https:\/\/www.diario21.tv\/noticias\/wp-json\/wp\/v2\/posts\/3232"}],"collection":[{"href":"https:\/\/www.diario21.tv\/noticias\/wp-json\/wp\/v2\/posts"}],"about":[{"href":"https:\/\/www.diario21.tv\/noticias\/wp-json\/wp\/v2\/types\/post"}],"author":[{"embeddable":true,"href":"https:\/\/www.diario21.tv\/noticias\/wp-json\/wp\/v2\/users\/20"}],"replies":[{"embeddable":true,"href":"https:\/\/www.diario21.tv\/noticias\/wp-json\/wp\/v2\/comments?post=3232"}],"version-history":[{"count":1,"href":"https:\/\/www.diario21.tv\/noticias\/wp-json\/wp\/v2\/posts\/3232\/revisions"}],"predecessor-version":[{"id":3234,"href":"https:\/\/www.diario21.tv\/noticias\/wp-json\/wp\/v2\/posts\/3232\/revisions\/3234"}],"wp:featuredmedia":[{"embeddable":true,"href":"https:\/\/www.diario21.tv\/noticias\/wp-json\/wp\/v2\/media\/3233"}],"wp:attachment":[{"href":"https:\/\/www.diario21.tv\/noticias\/wp-json\/wp\/v2\/media?parent=3232"}],"wp:term":[{"taxonomy":"category","embeddable":true,"href":"https:\/\/www.diario21.tv\/noticias\/wp-json\/wp\/v2\/categories?post=3232"},{"taxonomy":"post_tag","embeddable":true,"href":"https:\/\/www.diario21.tv\/noticias\/wp-json\/wp\/v2\/tags?post=3232"}],"curies":[{"name":"wp","href":"https:\/\/api.w.org\/{rel}","templated":true}]}}