{"id":3223,"date":"2025-05-23T07:44:14","date_gmt":"2025-05-23T07:44:14","guid":{"rendered":"https:\/\/www.diario21.tv\/noticias\/jovenes-britanicos-a-favor-de-toque-de-queda-digital-descubre-por-que\/"},"modified":"2025-05-23T07:44:14","modified_gmt":"2025-05-23T07:44:14","slug":"jovenes-britanicos-a-favor-de-toque-de-queda-digital-descubre-por-que","status":"publish","type":"post","link":"https:\/\/www.diario21.tv\/noticias\/jovenes-britanicos-a-favor-de-toque-de-queda-digital-descubre-por-que\/","title":{"rendered":"J\u00f3venes Brit\u00e1nicos a Favor de Toque de Queda Digital: \u00a1Descubre Por Qu\u00e9!"},"content":{"rendered":"<h2>Apoyo Juvenil Brit\u00e1nico a la Restricci\u00f3n de Horarios en Internet<\/h2>\n<p>En un reciente estudio realizado en el Reino Unido, se descubri\u00f3 que un significativo porcentaje de la poblaci\u00f3n joven estar\u00eda a favor de implementar un &#8220;toque de queda digital&#8221;. Esta medida consistir\u00eda en limitar el acceso a internet a ciertas horas, especialmente durante la noche, para promover un uso m\u00e1s saludable de la tecnolog\u00eda.<\/p>\n<h3>Razones Detr\u00e1s del Apoyo al Toque de Queda Digital<\/h3>\n<p>La investigaci\u00f3n, que incluy\u00f3 a j\u00f3venes de entre 18 y 24 a\u00f1os, revel\u00f3 que muchos de ellos ven con buenos ojos la posibilidad de restringir el acceso a internet como una manera de mejorar la calidad de vida. Los j\u00f3venes expresaron preocupaciones sobre c\u00f3mo el uso excesivo de dispositivos digitales est\u00e1 afectando su sue\u00f1o, su salud mental y su capacidad de concentraci\u00f3n.<\/p>\n<p>Uno de los motivos m\u00e1s destacados por los encuestados fue la necesidad de disminuir la dependencia de las redes sociales y otras plataformas en l\u00ednea, que a menudo son vistas como fuentes de estr\u00e9s y ansiedad. Adem\u00e1s, algunos j\u00f3venes mencionaron que un toque de queda ayudar\u00eda a fomentar relaciones m\u00e1s estrechas y significativas fuera del \u00e1mbito digital.<\/p>\n<h3>Implicaciones de un Toque de Queda Digital<\/h3>\n<p>Implementar un toque de queda digital no estar\u00eda exento de desaf\u00edos. Se deber\u00edan considerar aspectos como la libertad individual y el derecho a decidir personalmente c\u00f3mo y cu\u00e1ndo usar internet. Adem\u00e1s, es crucial pensar en c\u00f3mo se llevar\u00eda a cabo la regulaci\u00f3n y supervisi\u00f3n de dicha medida.<\/p>\n<p>Otro aspecto importante es la reacci\u00f3n de diferentes sectores de la sociedad, incluidos padres, educadores y expertos en tecnolog\u00eda, quienes tienen opiniones divididas sobre la efectividad y la \u00e9tica de imponer restricciones de este tipo.<\/p>\n<h3>Posibles Beneficios de Limitar el Uso de Internet<\/h3>\n<p>A pesar de los desaf\u00edos, los partidarios de esta medida argumentan que podr\u00eda tener m\u00faltiples beneficios. Por ejemplo, podr\u00eda ayudar a mejorar los patrones de sue\u00f1o de los j\u00f3venes, quienes a menudo se quedan despiertos hasta tarde navegando por internet. Asimismo, podr\u00eda contribuir a una reducci\u00f3n en los niveles de estr\u00e9s y ansiedad asociados con el uso constante de la tecnolog\u00eda.<\/p>\n<h3>Conclusi\u00f3n<\/h3>\n<p>El debate sobre si implementar o no un toque de queda digital en el Reino Unido sigue abierto. Mientras que algunos j\u00f3venes est\u00e1n claramente a favor de esta medida, reconociendo sus potenciales beneficios para la salud y el bienestar, otros subrayan la importancia de mantener la libertad personal en el uso de la tecnolog\u00eda. Lo que est\u00e1 claro es que este tema continuar\u00e1 siendo un punto de discusi\u00f3n importante en la sociedad brit\u00e1nica, especialmente entre las nuevas generaciones que son las m\u00e1s afectadas por el uso intensivo de internet.<\/p>\n\n\n<div class=\"kk-star-ratings kksr-auto kksr-align-left kksr-valign-bottom\"\n    data-payload='{&quot;align&quot;:&quot;left&quot;,&quot;id&quot;:&quot;3223&quot;,&quot;slug&quot;:&quot;default&quot;,&quot;valign&quot;:&quot;bottom&quot;,&quot;ignore&quot;:&quot;&quot;,&quot;reference&quot;:&quot;auto&quot;,&quot;class&quot;:&quot;&quot;,&quot;count&quot;:&quot;0&quot;,&quot;legendonly&quot;:&quot;&quot;,&quot;readonly&quot;:&quot;&quot;,&quot;score&quot;:&quot;0&quot;,&quot;starsonly&quot;:&quot;&quot;,&quot;best&quot;:&quot;5&quot;,&quot;gap&quot;:&quot;5&quot;,&quot;greet&quot;:&quot;Valora este post&quot;,&quot;legend&quot;:&quot;0\\\/5 - (0 votes)&quot;,&quot;size&quot;:&quot;22&quot;,&quot;title&quot;:&quot;J\u00f3venes Brit\u00e1nicos a Favor de Toque de Queda Digital: \u00a1Descubre Por Qu\u00e9!&quot;,&quot;width&quot;:&quot;0&quot;,&quot;_legend&quot;:&quot;{score}\\\/{best} - ({count} {votes})&quot;,&quot;font_factor&quot;:&quot;1.25&quot;}'>\n            \n<div class=\"kksr-stars\">\n    \n<div class=\"kksr-stars-inactive\">\n            <div class=\"kksr-star\" data-star=\"1\" style=\"padding-right: 5px\">\n            \n\n<div class=\"kksr-icon\" style=\"width: 22px; height: 22px;\"><\/div>\n        <\/div>\n            <div class=\"kksr-star\" data-star=\"2\" style=\"padding-right: 5px\">\n            \n\n<div class=\"kksr-icon\" style=\"width: 22px; height: 22px;\"><\/div>\n        <\/div>\n            <div class=\"kksr-star\" data-star=\"3\" style=\"padding-right: 5px\">\n            \n\n<div class=\"kksr-icon\" style=\"width: 22px; height: 22px;\"><\/div>\n        <\/div>\n            <div class=\"kksr-star\" data-star=\"4\" style=\"padding-right: 5px\">\n            \n\n<div class=\"kksr-icon\" style=\"width: 22px; height: 22px;\"><\/div>\n        <\/div>\n            <div class=\"kksr-star\" data-star=\"5\" style=\"padding-right: 5px\">\n            \n\n<div class=\"kksr-icon\" style=\"width: 22px; height: 22px;\"><\/div>\n        <\/div>\n    <\/div>\n    \n<div class=\"kksr-stars-active\" style=\"width: 0px;\">\n            <div class=\"kksr-star\" style=\"padding-right: 5px\">\n            \n\n<div class=\"kksr-icon\" style=\"width: 22px; height: 22px;\"><\/div>\n        <\/div>\n            <div class=\"kksr-star\" style=\"padding-right: 5px\">\n            \n\n<div class=\"kksr-icon\" style=\"width: 22px; height: 22px;\"><\/div>\n        <\/div>\n            <div class=\"kksr-star\" style=\"padding-right: 5px\">\n            \n\n<div class=\"kksr-icon\" style=\"width: 22px; height: 22px;\"><\/div>\n        <\/div>\n            <div class=\"kksr-star\" style=\"padding-right: 5px\">\n            \n\n<div class=\"kksr-icon\" style=\"width: 22px; height: 22px;\"><\/div>\n        <\/div>\n            <div class=\"kksr-star\" style=\"padding-right: 5px\">\n            \n\n<div class=\"kksr-icon\" style=\"width: 22px; height: 22px;\"><\/div>\n        <\/div>\n    <\/div>\n<\/div>\n                \n\n<div class=\"kksr-legend\" style=\"font-size: 17.6px;\">\n            <span class=\"kksr-muted\">Valora este post<\/span>\n    <\/div>\n    <\/div>\n","protected":false},"excerpt":{"rendered":"<p>Apoyo Juvenil Brit\u00e1nico a la Restricci\u00f3n de Horarios en Internet En un reciente estudio realizado en el Reino Unido, se descubri\u00f3 que un significativo porcentaje de &#8230; <a title=\"J\u00f3venes Brit\u00e1nicos a Favor de Toque de Queda Digital: \u00a1Descubre Por Qu\u00e9!\" class=\"read-more\" href=\"https:\/\/www.diario21.tv\/noticias\/jovenes-britanicos-a-favor-de-toque-de-queda-digital-descubre-por-que\/\" aria-label=\"Leer m\u00e1s sobre J\u00f3venes Brit\u00e1nicos a Favor de Toque de Queda Digital: \u00a1Descubre Por Qu\u00e9!\">Seguir leyendo &rarr;<\/a><\/p>\n","protected":false},"author":20,"featured_media":3224,"comment_status":"open","ping_status":"open","sticky":false,"template":"","format":"standard","meta":{"footnotes":""},"categories":[13],"tags":[],"class_list":["post-3223","post","type-post","status-publish","format-standard","has-post-thumbnail","hentry","category-portada"],"yoast_head":"<!-- This site is optimized with the Yoast SEO plugin v25.6 - https:\/\/yoast.com\/wordpress\/plugins\/seo\/ -->\n<title>J\u00f3venes Brit\u00e1nicos a Favor de Toque de Queda Digital: \u00a1Descubre Por Qu\u00e9! - Diario 21<\/title>\n<meta name=\"robots\" content=\"index, follow, max-snippet:-1, max-image-preview:large, max-video-preview:-1\" \/>\n<link rel=\"canonical\" href=\"https:\/\/www.diario21.tv\/noticias\/jovenes-britanicos-a-favor-de-toque-de-queda-digital-descubre-por-que\/\" \/>\n<meta property=\"og:locale\" content=\"es_ES\" \/>\n<meta property=\"og:type\" content=\"article\" \/>\n<meta property=\"og:title\" content=\"J\u00f3venes Brit\u00e1nicos a Favor de Toque de Queda Digital: \u00a1Descubre Por Qu\u00e9! - Diario 21\" \/>\n<meta property=\"og:description\" content=\"Apoyo Juvenil Brit\u00e1nico a la Restricci\u00f3n de Horarios en Internet En un reciente estudio realizado en el Reino Unido, se descubri\u00f3 que un significativo porcentaje de ... Seguir leyendo &rarr;\" \/>\n<meta property=\"og:url\" content=\"https:\/\/www.diario21.tv\/noticias\/jovenes-britanicos-a-favor-de-toque-de-queda-digital-descubre-por-que\/\" \/>\n<meta property=\"og:site_name\" content=\"Diario 21\" \/>\n<meta property=\"article:published_time\" content=\"2025-05-23T07:44:14+00:00\" \/>\n<meta property=\"og:image\" content=\"https:\/\/www.diario21.tv\/noticias\/wp-content\/uploads\/2025\/05\/Jovenes-Britanicos-a-Favor-de-Toque-de-Queda-Digital-\u00a1Descubre.jpg\" \/>\n\t<meta property=\"og:image:width\" content=\"1200\" \/>\n\t<meta property=\"og:image:height\" content=\"840\" \/>\n\t<meta property=\"og:image:type\" content=\"image\/jpeg\" \/>\n<meta name=\"author\" content=\"Juan P\u00e9rez\" \/>\n<meta name=\"twitter:card\" content=\"summary_large_image\" \/>\n<meta name=\"twitter:label1\" content=\"Escrito por\" \/>\n\t<meta name=\"twitter:data1\" content=\"Juan P\u00e9rez\" \/>\n\t<meta name=\"twitter:label2\" content=\"Tiempo de lectura\" \/>\n\t<meta name=\"twitter:data2\" content=\"2 minutos\" \/>\n<script type=\"application\/ld+json\" class=\"yoast-schema-graph\">{\"@context\":\"https:\/\/schema.org\",\"@graph\":[{\"@type\":\"WebPage\",\"@id\":\"https:\/\/www.diario21.tv\/noticias\/jovenes-britanicos-a-favor-de-toque-de-queda-digital-descubre-por-que\/\",\"url\":\"https:\/\/www.diario21.tv\/noticias\/jovenes-britanicos-a-favor-de-toque-de-queda-digital-descubre-por-que\/\",\"name\":\"J\u00f3venes Brit\u00e1nicos a Favor de Toque de Queda Digital: \u00a1Descubre Por Qu\u00e9! - Diario 21\",\"isPartOf\":{\"@id\":\"https:\/\/www.diario21.tv\/noticias\/#website\"},\"primaryImageOfPage\":{\"@id\":\"https:\/\/www.diario21.tv\/noticias\/jovenes-britanicos-a-favor-de-toque-de-queda-digital-descubre-por-que\/#primaryimage\"},\"image\":{\"@id\":\"https:\/\/www.diario21.tv\/noticias\/jovenes-britanicos-a-favor-de-toque-de-queda-digital-descubre-por-que\/#primaryimage\"},\"thumbnailUrl\":\"https:\/\/www.diario21.tv\/noticias\/wp-content\/uploads\/2025\/05\/Jovenes-Britanicos-a-Favor-de-Toque-de-Queda-Digital-\u00a1Descubre.jpg\",\"datePublished\":\"2025-05-23T07:44:14+00:00\",\"author\":{\"@id\":\"https:\/\/www.diario21.tv\/noticias\/#\/schema\/person\/dfb778f73814d8f09f302618446a526b\"},\"breadcrumb\":{\"@id\":\"https:\/\/www.diario21.tv\/noticias\/jovenes-britanicos-a-favor-de-toque-de-queda-digital-descubre-por-que\/#breadcrumb\"},\"inLanguage\":\"es-AR\",\"potentialAction\":[{\"@type\":\"ReadAction\",\"target\":[\"https:\/\/www.diario21.tv\/noticias\/jovenes-britanicos-a-favor-de-toque-de-queda-digital-descubre-por-que\/\"]}]},{\"@type\":\"ImageObject\",\"inLanguage\":\"es-AR\",\"@id\":\"https:\/\/www.diario21.tv\/noticias\/jovenes-britanicos-a-favor-de-toque-de-queda-digital-descubre-por-que\/#primaryimage\",\"url\":\"https:\/\/www.diario21.tv\/noticias\/wp-content\/uploads\/2025\/05\/Jovenes-Britanicos-a-Favor-de-Toque-de-Queda-Digital-\u00a1Descubre.jpg\",\"contentUrl\":\"https:\/\/www.diario21.tv\/noticias\/wp-content\/uploads\/2025\/05\/Jovenes-Britanicos-a-Favor-de-Toque-de-Queda-Digital-\u00a1Descubre.jpg\",\"width\":1200,\"height\":840,\"caption\":\"La mitad de los j\u00f3venes brit\u00e1nicos apoyar\u00eda un &amp;#039;toque de queda digital&amp;#039;\"},{\"@type\":\"BreadcrumbList\",\"@id\":\"https:\/\/www.diario21.tv\/noticias\/jovenes-britanicos-a-favor-de-toque-de-queda-digital-descubre-por-que\/#breadcrumb\",\"itemListElement\":[{\"@type\":\"ListItem\",\"position\":1,\"name\":\"Accueil\",\"item\":\"https:\/\/www.diario21.tv\/noticias\/\"},{\"@type\":\"ListItem\",\"position\":2,\"name\":\"J\u00f3venes Brit\u00e1nicos a Favor de Toque de Queda Digital: \u00a1Descubre Por Qu\u00e9!\"}]},{\"@type\":\"WebSite\",\"@id\":\"https:\/\/www.diario21.tv\/noticias\/#website\",\"url\":\"https:\/\/www.diario21.tv\/noticias\/\",\"name\":\"Diario 21\",\"description\":\"\",\"potentialAction\":[{\"@type\":\"SearchAction\",\"target\":{\"@type\":\"EntryPoint\",\"urlTemplate\":\"https:\/\/www.diario21.tv\/noticias\/?s={search_term_string}\"},\"query-input\":{\"@type\":\"PropertyValueSpecification\",\"valueRequired\":true,\"valueName\":\"search_term_string\"}}],\"inLanguage\":\"es-AR\"},{\"@type\":\"Person\",\"@id\":\"https:\/\/www.diario21.tv\/noticias\/#\/schema\/person\/dfb778f73814d8f09f302618446a526b\",\"name\":\"Juan P\u00e9rez\",\"image\":{\"@type\":\"ImageObject\",\"inLanguage\":\"es-AR\",\"@id\":\"https:\/\/www.diario21.tv\/noticias\/#\/schema\/person\/image\/\",\"url\":\"https:\/\/secure.gravatar.com\/avatar\/c478a405bd10621167f4c3167cc770f5?s=96&d=mm&r=g\",\"contentUrl\":\"https:\/\/secure.gravatar.com\/avatar\/c478a405bd10621167f4c3167cc770f5?s=96&d=mm&r=g\",\"caption\":\"Juan P\u00e9rez\"},\"description\":\"Juan P\u00e9rez es el redactor en jefe de Diario 21. Con m\u00e1s de 10 a\u00f1os de experiencia en el periodismo, se especializa en pol\u00edtica nacional y an\u00e1lisis socioecon\u00f3mico. Su enfoque cr\u00edtico y riguroso aporta una perspectiva \u00fanica a cada art\u00edculo.\",\"sameAs\":[\"https:\/\/www.diario21.tv\/noticias\/\"],\"url\":\"https:\/\/www.diario21.tv\/noticias\/author\/juan-perez\/\"}]}<\/script>\n<!-- \/ Yoast SEO plugin. -->","yoast_head_json":{"title":"J\u00f3venes Brit\u00e1nicos a Favor de Toque de Queda Digital: \u00a1Descubre Por Qu\u00e9! - Diario 21","robots":{"index":"index","follow":"follow","max-snippet":"max-snippet:-1","max-image-preview":"max-image-preview:large","max-video-preview":"max-video-preview:-1"},"canonical":"https:\/\/www.diario21.tv\/noticias\/jovenes-britanicos-a-favor-de-toque-de-queda-digital-descubre-por-que\/","og_locale":"es_ES","og_type":"article","og_title":"J\u00f3venes Brit\u00e1nicos a Favor de Toque de Queda Digital: \u00a1Descubre Por Qu\u00e9! - Diario 21","og_description":"Apoyo Juvenil Brit\u00e1nico a la Restricci\u00f3n de Horarios en Internet En un reciente estudio realizado en el Reino Unido, se descubri\u00f3 que un significativo porcentaje de ... Seguir leyendo &rarr;","og_url":"https:\/\/www.diario21.tv\/noticias\/jovenes-britanicos-a-favor-de-toque-de-queda-digital-descubre-por-que\/","og_site_name":"Diario 21","article_published_time":"2025-05-23T07:44:14+00:00","og_image":[{"width":1200,"height":840,"url":"https:\/\/www.diario21.tv\/noticias\/wp-content\/uploads\/2025\/05\/Jovenes-Britanicos-a-Favor-de-Toque-de-Queda-Digital-\u00a1Descubre.jpg","type":"image\/jpeg"}],"author":"Juan P\u00e9rez","twitter_card":"summary_large_image","twitter_misc":{"Escrito por":"Juan P\u00e9rez","Tiempo de lectura":"2 minutos"},"schema":{"@context":"https:\/\/schema.org","@graph":[{"@type":"WebPage","@id":"https:\/\/www.diario21.tv\/noticias\/jovenes-britanicos-a-favor-de-toque-de-queda-digital-descubre-por-que\/","url":"https:\/\/www.diario21.tv\/noticias\/jovenes-britanicos-a-favor-de-toque-de-queda-digital-descubre-por-que\/","name":"J\u00f3venes Brit\u00e1nicos a Favor de Toque de Queda Digital: \u00a1Descubre Por Qu\u00e9! - Diario 21","isPartOf":{"@id":"https:\/\/www.diario21.tv\/noticias\/#website"},"primaryImageOfPage":{"@id":"https:\/\/www.diario21.tv\/noticias\/jovenes-britanicos-a-favor-de-toque-de-queda-digital-descubre-por-que\/#primaryimage"},"image":{"@id":"https:\/\/www.diario21.tv\/noticias\/jovenes-britanicos-a-favor-de-toque-de-queda-digital-descubre-por-que\/#primaryimage"},"thumbnailUrl":"https:\/\/www.diario21.tv\/noticias\/wp-content\/uploads\/2025\/05\/Jovenes-Britanicos-a-Favor-de-Toque-de-Queda-Digital-\u00a1Descubre.jpg","datePublished":"2025-05-23T07:44:14+00:00","author":{"@id":"https:\/\/www.diario21.tv\/noticias\/#\/schema\/person\/dfb778f73814d8f09f302618446a526b"},"breadcrumb":{"@id":"https:\/\/www.diario21.tv\/noticias\/jovenes-britanicos-a-favor-de-toque-de-queda-digital-descubre-por-que\/#breadcrumb"},"inLanguage":"es-AR","potentialAction":[{"@type":"ReadAction","target":["https:\/\/www.diario21.tv\/noticias\/jovenes-britanicos-a-favor-de-toque-de-queda-digital-descubre-por-que\/"]}]},{"@type":"ImageObject","inLanguage":"es-AR","@id":"https:\/\/www.diario21.tv\/noticias\/jovenes-britanicos-a-favor-de-toque-de-queda-digital-descubre-por-que\/#primaryimage","url":"https:\/\/www.diario21.tv\/noticias\/wp-content\/uploads\/2025\/05\/Jovenes-Britanicos-a-Favor-de-Toque-de-Queda-Digital-\u00a1Descubre.jpg","contentUrl":"https:\/\/www.diario21.tv\/noticias\/wp-content\/uploads\/2025\/05\/Jovenes-Britanicos-a-Favor-de-Toque-de-Queda-Digital-\u00a1Descubre.jpg","width":1200,"height":840,"caption":"La mitad de los j\u00f3venes brit\u00e1nicos apoyar\u00eda un &amp;#039;toque de queda digital&amp;#039;"},{"@type":"BreadcrumbList","@id":"https:\/\/www.diario21.tv\/noticias\/jovenes-britanicos-a-favor-de-toque-de-queda-digital-descubre-por-que\/#breadcrumb","itemListElement":[{"@type":"ListItem","position":1,"name":"Accueil","item":"https:\/\/www.diario21.tv\/noticias\/"},{"@type":"ListItem","position":2,"name":"J\u00f3venes Brit\u00e1nicos a Favor de Toque de Queda Digital: \u00a1Descubre Por Qu\u00e9!"}]},{"@type":"WebSite","@id":"https:\/\/www.diario21.tv\/noticias\/#website","url":"https:\/\/www.diario21.tv\/noticias\/","name":"Diario 21","description":"","potentialAction":[{"@type":"SearchAction","target":{"@type":"EntryPoint","urlTemplate":"https:\/\/www.diario21.tv\/noticias\/?s={search_term_string}"},"query-input":{"@type":"PropertyValueSpecification","valueRequired":true,"valueName":"search_term_string"}}],"inLanguage":"es-AR"},{"@type":"Person","@id":"https:\/\/www.diario21.tv\/noticias\/#\/schema\/person\/dfb778f73814d8f09f302618446a526b","name":"Juan P\u00e9rez","image":{"@type":"ImageObject","inLanguage":"es-AR","@id":"https:\/\/www.diario21.tv\/noticias\/#\/schema\/person\/image\/","url":"https:\/\/secure.gravatar.com\/avatar\/c478a405bd10621167f4c3167cc770f5?s=96&d=mm&r=g","contentUrl":"https:\/\/secure.gravatar.com\/avatar\/c478a405bd10621167f4c3167cc770f5?s=96&d=mm&r=g","caption":"Juan P\u00e9rez"},"description":"Juan P\u00e9rez es el redactor en jefe de Diario 21. Con m\u00e1s de 10 a\u00f1os de experiencia en el periodismo, se especializa en pol\u00edtica nacional y an\u00e1lisis socioecon\u00f3mico. Su enfoque cr\u00edtico y riguroso aporta una perspectiva \u00fanica a cada art\u00edculo.","sameAs":["https:\/\/www.diario21.tv\/noticias\/"],"url":"https:\/\/www.diario21.tv\/noticias\/author\/juan-perez\/"}]}},"_links":{"self":[{"href":"https:\/\/www.diario21.tv\/noticias\/wp-json\/wp\/v2\/posts\/3223"}],"collection":[{"href":"https:\/\/www.diario21.tv\/noticias\/wp-json\/wp\/v2\/posts"}],"about":[{"href":"https:\/\/www.diario21.tv\/noticias\/wp-json\/wp\/v2\/types\/post"}],"author":[{"embeddable":true,"href":"https:\/\/www.diario21.tv\/noticias\/wp-json\/wp\/v2\/users\/20"}],"replies":[{"embeddable":true,"href":"https:\/\/www.diario21.tv\/noticias\/wp-json\/wp\/v2\/comments?post=3223"}],"version-history":[{"count":1,"href":"https:\/\/www.diario21.tv\/noticias\/wp-json\/wp\/v2\/posts\/3223\/revisions"}],"predecessor-version":[{"id":3225,"href":"https:\/\/www.diario21.tv\/noticias\/wp-json\/wp\/v2\/posts\/3223\/revisions\/3225"}],"wp:featuredmedia":[{"embeddable":true,"href":"https:\/\/www.diario21.tv\/noticias\/wp-json\/wp\/v2\/media\/3224"}],"wp:attachment":[{"href":"https:\/\/www.diario21.tv\/noticias\/wp-json\/wp\/v2\/media?parent=3223"}],"wp:term":[{"taxonomy":"category","embeddable":true,"href":"https:\/\/www.diario21.tv\/noticias\/wp-json\/wp\/v2\/categories?post=3223"},{"taxonomy":"post_tag","embeddable":true,"href":"https:\/\/www.diario21.tv\/noticias\/wp-json\/wp\/v2\/tags?post=3223"}],"curies":[{"name":"wp","href":"https:\/\/api.w.org\/{rel}","templated":true}]}}