{"id":322,"date":"2024-09-07T09:06:20","date_gmt":"2024-09-07T09:06:20","guid":{"rendered":"https:\/\/www.diario21.tv\/noticias\/ultima-hora-sexta-victima-mortal-en-andalucia-por-el-mortifero-virus-del-nilo-alerta-maxima\/"},"modified":"2024-09-07T09:06:29","modified_gmt":"2024-09-07T09:06:29","slug":"ultima-hora-sexta-victima-mortal-en-andalucia-por-el-mortifero-virus-del-nilo-alerta-maxima","status":"publish","type":"post","link":"https:\/\/www.diario21.tv\/noticias\/ultima-hora-sexta-victima-mortal-en-andalucia-por-el-mortifero-virus-del-nilo-alerta-maxima\/","title":{"rendered":"\u00a1\u00daltima Hora! Sexta V\u00edctima Mortal en Andaluc\u00eda por el Mort\u00edfero Virus del Nilo &#8211; \u00a1Alerta M\u00e1xima!"},"content":{"rendered":"<h2>Andaluc\u00eda registra la sexta v\u00edctima fatal del virus del Nilo<\/h2>\n<p>Andaluc\u00eda ha confirmado la sexta defunci\u00f3n a causa del virus del Nilo. Este pat\u00f3geno, transmitido principalmente por mosquitos, contin\u00faa afectando a la regi\u00f3n, acumulando ya un total de seis muertes.<\/p>\n<p>El virus del Nilo es una enfermedad zoon\u00f3tica, lo que significa que se transmite de los animales a los humanos. Los mosquitos son los principales vectores de transmisi\u00f3n. Aunque la mayor\u00eda de las personas infectadas no desarrollan s\u00edntomas, algunas pueden presentar fiebre, dolor de cabeza, v\u00f3mitos, erupciones en la piel, fatiga y debilidad. En casos graves, puede causar enfermedades neurol\u00f3gicas como encefalitis o meningitis.<\/p>\n<p>La comunidad aut\u00f3noma de Andaluc\u00eda ha estado lidiando con brotes de este virus en los \u00faltimos a\u00f1os. Las autoridades sanitarias est\u00e1n trabajando para controlar la propagaci\u00f3n del virus, a trav\u00e9s de medidas como el control de mosquitos y la educaci\u00f3n p\u00fablica sobre c\u00f3mo prevenir las picaduras de mosquitos.<\/p>\n<p>Es importante que las personas en \u00e1reas de riesgo tomen precauciones para evitar las picaduras de mosquitos. Esto incluye el uso de repelentes de insectos, el uso de ropa de manga larga y pantalones largos, y la eliminaci\u00f3n de agua estancada, donde los mosquitos pueden reproducirse.<\/p>\n<p>A pesar de los esfuerzos, la sexta muerte en Andaluc\u00eda indica la gravedad de la situaci\u00f3n. Las autoridades sanitarias contin\u00faan instando a la poblaci\u00f3n a tomar precauciones y a buscar atenci\u00f3n m\u00e9dica si presentan s\u00edntomas de la enfermedad.<\/p>\n<p>El virus del Nilo es un problema de salud p\u00fablica que requiere una respuesta coordinada y eficaz. Las autoridades sanitarias est\u00e1n trabajando arduamente para controlar la situaci\u00f3n y limitar el impacto en la poblaci\u00f3n.<\/p>\n<p>En resumen, Andaluc\u00eda ha confirmado la sexta muerte por el virus del Nilo. La lucha contra este pat\u00f3geno contin\u00faa, con las autoridades sanitarias trabajando para controlar su propagaci\u00f3n y educar al p\u00fablico sobre c\u00f3mo prevenir la enfermedad.<\/p>\n\n\n<div class=\"kk-star-ratings kksr-auto kksr-align-left kksr-valign-bottom\"\n    data-payload='{&quot;align&quot;:&quot;left&quot;,&quot;id&quot;:&quot;322&quot;,&quot;slug&quot;:&quot;default&quot;,&quot;valign&quot;:&quot;bottom&quot;,&quot;ignore&quot;:&quot;&quot;,&quot;reference&quot;:&quot;auto&quot;,&quot;class&quot;:&quot;&quot;,&quot;count&quot;:&quot;0&quot;,&quot;legendonly&quot;:&quot;&quot;,&quot;readonly&quot;:&quot;&quot;,&quot;score&quot;:&quot;0&quot;,&quot;starsonly&quot;:&quot;&quot;,&quot;best&quot;:&quot;5&quot;,&quot;gap&quot;:&quot;5&quot;,&quot;greet&quot;:&quot;Valora este post&quot;,&quot;legend&quot;:&quot;0\\\/5 - (0 votes)&quot;,&quot;size&quot;:&quot;22&quot;,&quot;title&quot;:&quot;\u00a1\u00daltima Hora! Sexta V\u00edctima Mortal en Andaluc\u00eda por el Mort\u00edfero Virus del Nilo - \u00a1Alerta M\u00e1xima!&quot;,&quot;width&quot;:&quot;0&quot;,&quot;_legend&quot;:&quot;{score}\\\/{best} - ({count} {votes})&quot;,&quot;font_factor&quot;:&quot;1.25&quot;}'>\n            \n<div class=\"kksr-stars\">\n    \n<div class=\"kksr-stars-inactive\">\n            <div class=\"kksr-star\" data-star=\"1\" style=\"padding-right: 5px\">\n            \n\n<div class=\"kksr-icon\" style=\"width: 22px; height: 22px;\"><\/div>\n        <\/div>\n            <div class=\"kksr-star\" data-star=\"2\" style=\"padding-right: 5px\">\n            \n\n<div class=\"kksr-icon\" style=\"width: 22px; height: 22px;\"><\/div>\n        <\/div>\n            <div class=\"kksr-star\" data-star=\"3\" style=\"padding-right: 5px\">\n            \n\n<div class=\"kksr-icon\" style=\"width: 22px; height: 22px;\"><\/div>\n        <\/div>\n            <div class=\"kksr-star\" data-star=\"4\" style=\"padding-right: 5px\">\n            \n\n<div class=\"kksr-icon\" style=\"width: 22px; height: 22px;\"><\/div>\n        <\/div>\n            <div class=\"kksr-star\" data-star=\"5\" style=\"padding-right: 5px\">\n            \n\n<div class=\"kksr-icon\" style=\"width: 22px; height: 22px;\"><\/div>\n        <\/div>\n    <\/div>\n    \n<div class=\"kksr-stars-active\" style=\"width: 0px;\">\n            <div class=\"kksr-star\" style=\"padding-right: 5px\">\n            \n\n<div class=\"kksr-icon\" style=\"width: 22px; height: 22px;\"><\/div>\n        <\/div>\n            <div class=\"kksr-star\" style=\"padding-right: 5px\">\n            \n\n<div class=\"kksr-icon\" style=\"width: 22px; height: 22px;\"><\/div>\n        <\/div>\n            <div class=\"kksr-star\" style=\"padding-right: 5px\">\n            \n\n<div class=\"kksr-icon\" style=\"width: 22px; height: 22px;\"><\/div>\n        <\/div>\n            <div class=\"kksr-star\" style=\"padding-right: 5px\">\n            \n\n<div class=\"kksr-icon\" style=\"width: 22px; height: 22px;\"><\/div>\n        <\/div>\n            <div class=\"kksr-star\" style=\"padding-right: 5px\">\n            \n\n<div class=\"kksr-icon\" style=\"width: 22px; height: 22px;\"><\/div>\n        <\/div>\n    <\/div>\n<\/div>\n                \n\n<div class=\"kksr-legend\" style=\"font-size: 17.6px;\">\n            <span class=\"kksr-muted\">Valora este post<\/span>\n    <\/div>\n    <\/div>\n","protected":false},"excerpt":{"rendered":"<p>Andaluc\u00eda registra la sexta v\u00edctima fatal del virus del Nilo Andaluc\u00eda ha confirmado la sexta defunci\u00f3n a causa del virus del Nilo. Este pat\u00f3geno, transmitido principalmente &#8230; <a title=\"\u00a1\u00daltima Hora! Sexta V\u00edctima Mortal en Andaluc\u00eda por el Mort\u00edfero Virus del Nilo &#8211; \u00a1Alerta M\u00e1xima!\" class=\"read-more\" href=\"https:\/\/www.diario21.tv\/noticias\/ultima-hora-sexta-victima-mortal-en-andalucia-por-el-mortifero-virus-del-nilo-alerta-maxima\/\" aria-label=\"Leer m\u00e1s sobre \u00a1\u00daltima Hora! Sexta V\u00edctima Mortal en Andaluc\u00eda por el Mort\u00edfero Virus del Nilo &#8211; \u00a1Alerta M\u00e1xima!\">Seguir leyendo &rarr;<\/a><\/p>\n","protected":false},"author":16,"featured_media":323,"comment_status":"open","ping_status":"open","sticky":false,"template":"","format":"standard","meta":{"footnotes":""},"categories":[12],"tags":[],"class_list":["post-322","post","type-post","status-publish","format-standard","has-post-thumbnail","hentry","category-tendencia"],"yoast_head":"<!-- This site is optimized with the Yoast SEO plugin v25.6 - https:\/\/yoast.com\/wordpress\/plugins\/seo\/ -->\n<title>\u00a1\u00daltima Hora! Sexta V\u00edctima Mortal en Andaluc\u00eda por el Mort\u00edfero Virus del Nilo - \u00a1Alerta M\u00e1xima! - Diario 21<\/title>\n<meta name=\"robots\" content=\"index, follow, max-snippet:-1, max-image-preview:large, max-video-preview:-1\" \/>\n<link rel=\"canonical\" href=\"https:\/\/www.diario21.tv\/noticias\/ultima-hora-sexta-victima-mortal-en-andalucia-por-el-mortifero-virus-del-nilo-alerta-maxima\/\" \/>\n<meta property=\"og:locale\" content=\"es_ES\" \/>\n<meta property=\"og:type\" content=\"article\" \/>\n<meta property=\"og:title\" content=\"\u00a1\u00daltima Hora! Sexta V\u00edctima Mortal en Andaluc\u00eda por el Mort\u00edfero Virus del Nilo - \u00a1Alerta M\u00e1xima! - Diario 21\" \/>\n<meta property=\"og:description\" content=\"Andaluc\u00eda registra la sexta v\u00edctima fatal del virus del Nilo Andaluc\u00eda ha confirmado la sexta defunci\u00f3n a causa del virus del Nilo. Este pat\u00f3geno, transmitido principalmente ... Seguir leyendo &rarr;\" \/>\n<meta property=\"og:url\" content=\"https:\/\/www.diario21.tv\/noticias\/ultima-hora-sexta-victima-mortal-en-andalucia-por-el-mortifero-virus-del-nilo-alerta-maxima\/\" \/>\n<meta property=\"og:site_name\" content=\"Diario 21\" \/>\n<meta property=\"article:published_time\" content=\"2024-09-07T09:06:20+00:00\" \/>\n<meta property=\"article:modified_time\" content=\"2024-09-07T09:06:29+00:00\" \/>\n<meta property=\"og:image\" content=\"https:\/\/www.diario21.tv\/noticias\/wp-content\/uploads\/2024\/09\/\u00a1Ultima-Hora-Sexta-Victima-Mortal-en-Andalucia-por-el-Mortifero.jpg\" \/>\n\t<meta property=\"og:image:width\" content=\"1920\" \/>\n\t<meta property=\"og:image:height\" content=\"1080\" \/>\n\t<meta property=\"og:image:type\" content=\"image\/jpeg\" \/>\n<meta name=\"author\" content=\"Diario 21\" \/>\n<meta name=\"twitter:card\" content=\"summary_large_image\" \/>\n<meta name=\"twitter:label1\" content=\"Escrito por\" \/>\n\t<meta name=\"twitter:data1\" content=\"Diario 21\" \/>\n\t<meta name=\"twitter:label2\" content=\"Tiempo de lectura\" \/>\n\t<meta name=\"twitter:data2\" content=\"2 minutos\" \/>\n<script type=\"application\/ld+json\" class=\"yoast-schema-graph\">{\"@context\":\"https:\/\/schema.org\",\"@graph\":[{\"@type\":\"WebPage\",\"@id\":\"https:\/\/www.diario21.tv\/noticias\/ultima-hora-sexta-victima-mortal-en-andalucia-por-el-mortifero-virus-del-nilo-alerta-maxima\/\",\"url\":\"https:\/\/www.diario21.tv\/noticias\/ultima-hora-sexta-victima-mortal-en-andalucia-por-el-mortifero-virus-del-nilo-alerta-maxima\/\",\"name\":\"\u00a1\u00daltima Hora! Sexta V\u00edctima Mortal en Andaluc\u00eda por el Mort\u00edfero Virus del Nilo - \u00a1Alerta M\u00e1xima! - Diario 21\",\"isPartOf\":{\"@id\":\"https:\/\/www.diario21.tv\/noticias\/#website\"},\"primaryImageOfPage\":{\"@id\":\"https:\/\/www.diario21.tv\/noticias\/ultima-hora-sexta-victima-mortal-en-andalucia-por-el-mortifero-virus-del-nilo-alerta-maxima\/#primaryimage\"},\"image\":{\"@id\":\"https:\/\/www.diario21.tv\/noticias\/ultima-hora-sexta-victima-mortal-en-andalucia-por-el-mortifero-virus-del-nilo-alerta-maxima\/#primaryimage\"},\"thumbnailUrl\":\"https:\/\/www.diario21.tv\/noticias\/wp-content\/uploads\/2024\/09\/\u00a1Ultima-Hora-Sexta-Victima-Mortal-en-Andalucia-por-el-Mortifero.jpg\",\"datePublished\":\"2024-09-07T09:06:20+00:00\",\"dateModified\":\"2024-09-07T09:06:29+00:00\",\"author\":{\"@id\":\"https:\/\/www.diario21.tv\/noticias\/#\/schema\/person\/7de9d6205bd3da5b7f01f5cffb18d715\"},\"breadcrumb\":{\"@id\":\"https:\/\/www.diario21.tv\/noticias\/ultima-hora-sexta-victima-mortal-en-andalucia-por-el-mortifero-virus-del-nilo-alerta-maxima\/#breadcrumb\"},\"inLanguage\":\"es-AR\",\"potentialAction\":[{\"@type\":\"ReadAction\",\"target\":[\"https:\/\/www.diario21.tv\/noticias\/ultima-hora-sexta-victima-mortal-en-andalucia-por-el-mortifero-virus-del-nilo-alerta-maxima\/\"]}]},{\"@type\":\"ImageObject\",\"inLanguage\":\"es-AR\",\"@id\":\"https:\/\/www.diario21.tv\/noticias\/ultima-hora-sexta-victima-mortal-en-andalucia-por-el-mortifero-virus-del-nilo-alerta-maxima\/#primaryimage\",\"url\":\"https:\/\/www.diario21.tv\/noticias\/wp-content\/uploads\/2024\/09\/\u00a1Ultima-Hora-Sexta-Victima-Mortal-en-Andalucia-por-el-Mortifero.jpg\",\"contentUrl\":\"https:\/\/www.diario21.tv\/noticias\/wp-content\/uploads\/2024\/09\/\u00a1Ultima-Hora-Sexta-Victima-Mortal-en-Andalucia-por-el-Mortifero.jpg\",\"width\":1920,\"height\":1080,\"caption\":\"Andaluc\u00eda confirma la sexta muerte por el virus del Nilo\"},{\"@type\":\"BreadcrumbList\",\"@id\":\"https:\/\/www.diario21.tv\/noticias\/ultima-hora-sexta-victima-mortal-en-andalucia-por-el-mortifero-virus-del-nilo-alerta-maxima\/#breadcrumb\",\"itemListElement\":[{\"@type\":\"ListItem\",\"position\":1,\"name\":\"Accueil\",\"item\":\"https:\/\/www.diario21.tv\/noticias\/\"},{\"@type\":\"ListItem\",\"position\":2,\"name\":\"\u00a1\u00daltima Hora! Sexta V\u00edctima Mortal en Andaluc\u00eda por el Mort\u00edfero Virus del Nilo &#8211; \u00a1Alerta M\u00e1xima!\"}]},{\"@type\":\"WebSite\",\"@id\":\"https:\/\/www.diario21.tv\/noticias\/#website\",\"url\":\"https:\/\/www.diario21.tv\/noticias\/\",\"name\":\"Diario 21\",\"description\":\"\",\"potentialAction\":[{\"@type\":\"SearchAction\",\"target\":{\"@type\":\"EntryPoint\",\"urlTemplate\":\"https:\/\/www.diario21.tv\/noticias\/?s={search_term_string}\"},\"query-input\":{\"@type\":\"PropertyValueSpecification\",\"valueRequired\":true,\"valueName\":\"search_term_string\"}}],\"inLanguage\":\"es-AR\"},{\"@type\":\"Person\",\"@id\":\"https:\/\/www.diario21.tv\/noticias\/#\/schema\/person\/7de9d6205bd3da5b7f01f5cffb18d715\",\"name\":\"Diario 21\",\"image\":{\"@type\":\"ImageObject\",\"inLanguage\":\"es-AR\",\"@id\":\"https:\/\/www.diario21.tv\/noticias\/#\/schema\/person\/image\/\",\"url\":\"https:\/\/secure.gravatar.com\/avatar\/d1d5e764b940c8e5990284cabcd5dea9?s=96&d=mm&r=g\",\"contentUrl\":\"https:\/\/secure.gravatar.com\/avatar\/d1d5e764b940c8e5990284cabcd5dea9?s=96&d=mm&r=g\",\"caption\":\"Diario 21\"},\"url\":\"https:\/\/www.diario21.tv\/noticias\/author\/diario-21\/\"}]}<\/script>\n<!-- \/ Yoast SEO plugin. -->","yoast_head_json":{"title":"\u00a1\u00daltima Hora! Sexta V\u00edctima Mortal en Andaluc\u00eda por el Mort\u00edfero Virus del Nilo - \u00a1Alerta M\u00e1xima! - Diario 21","robots":{"index":"index","follow":"follow","max-snippet":"max-snippet:-1","max-image-preview":"max-image-preview:large","max-video-preview":"max-video-preview:-1"},"canonical":"https:\/\/www.diario21.tv\/noticias\/ultima-hora-sexta-victima-mortal-en-andalucia-por-el-mortifero-virus-del-nilo-alerta-maxima\/","og_locale":"es_ES","og_type":"article","og_title":"\u00a1\u00daltima Hora! Sexta V\u00edctima Mortal en Andaluc\u00eda por el Mort\u00edfero Virus del Nilo - \u00a1Alerta M\u00e1xima! - Diario 21","og_description":"Andaluc\u00eda registra la sexta v\u00edctima fatal del virus del Nilo Andaluc\u00eda ha confirmado la sexta defunci\u00f3n a causa del virus del Nilo. Este pat\u00f3geno, transmitido principalmente ... Seguir leyendo &rarr;","og_url":"https:\/\/www.diario21.tv\/noticias\/ultima-hora-sexta-victima-mortal-en-andalucia-por-el-mortifero-virus-del-nilo-alerta-maxima\/","og_site_name":"Diario 21","article_published_time":"2024-09-07T09:06:20+00:00","article_modified_time":"2024-09-07T09:06:29+00:00","og_image":[{"width":1920,"height":1080,"url":"https:\/\/www.diario21.tv\/noticias\/wp-content\/uploads\/2024\/09\/\u00a1Ultima-Hora-Sexta-Victima-Mortal-en-Andalucia-por-el-Mortifero.jpg","type":"image\/jpeg"}],"author":"Diario 21","twitter_card":"summary_large_image","twitter_misc":{"Escrito por":"Diario 21","Tiempo de lectura":"2 minutos"},"schema":{"@context":"https:\/\/schema.org","@graph":[{"@type":"WebPage","@id":"https:\/\/www.diario21.tv\/noticias\/ultima-hora-sexta-victima-mortal-en-andalucia-por-el-mortifero-virus-del-nilo-alerta-maxima\/","url":"https:\/\/www.diario21.tv\/noticias\/ultima-hora-sexta-victima-mortal-en-andalucia-por-el-mortifero-virus-del-nilo-alerta-maxima\/","name":"\u00a1\u00daltima Hora! Sexta V\u00edctima Mortal en Andaluc\u00eda por el Mort\u00edfero Virus del Nilo - \u00a1Alerta M\u00e1xima! - Diario 21","isPartOf":{"@id":"https:\/\/www.diario21.tv\/noticias\/#website"},"primaryImageOfPage":{"@id":"https:\/\/www.diario21.tv\/noticias\/ultima-hora-sexta-victima-mortal-en-andalucia-por-el-mortifero-virus-del-nilo-alerta-maxima\/#primaryimage"},"image":{"@id":"https:\/\/www.diario21.tv\/noticias\/ultima-hora-sexta-victima-mortal-en-andalucia-por-el-mortifero-virus-del-nilo-alerta-maxima\/#primaryimage"},"thumbnailUrl":"https:\/\/www.diario21.tv\/noticias\/wp-content\/uploads\/2024\/09\/\u00a1Ultima-Hora-Sexta-Victima-Mortal-en-Andalucia-por-el-Mortifero.jpg","datePublished":"2024-09-07T09:06:20+00:00","dateModified":"2024-09-07T09:06:29+00:00","author":{"@id":"https:\/\/www.diario21.tv\/noticias\/#\/schema\/person\/7de9d6205bd3da5b7f01f5cffb18d715"},"breadcrumb":{"@id":"https:\/\/www.diario21.tv\/noticias\/ultima-hora-sexta-victima-mortal-en-andalucia-por-el-mortifero-virus-del-nilo-alerta-maxima\/#breadcrumb"},"inLanguage":"es-AR","potentialAction":[{"@type":"ReadAction","target":["https:\/\/www.diario21.tv\/noticias\/ultima-hora-sexta-victima-mortal-en-andalucia-por-el-mortifero-virus-del-nilo-alerta-maxima\/"]}]},{"@type":"ImageObject","inLanguage":"es-AR","@id":"https:\/\/www.diario21.tv\/noticias\/ultima-hora-sexta-victima-mortal-en-andalucia-por-el-mortifero-virus-del-nilo-alerta-maxima\/#primaryimage","url":"https:\/\/www.diario21.tv\/noticias\/wp-content\/uploads\/2024\/09\/\u00a1Ultima-Hora-Sexta-Victima-Mortal-en-Andalucia-por-el-Mortifero.jpg","contentUrl":"https:\/\/www.diario21.tv\/noticias\/wp-content\/uploads\/2024\/09\/\u00a1Ultima-Hora-Sexta-Victima-Mortal-en-Andalucia-por-el-Mortifero.jpg","width":1920,"height":1080,"caption":"Andaluc\u00eda confirma la sexta muerte por el virus del Nilo"},{"@type":"BreadcrumbList","@id":"https:\/\/www.diario21.tv\/noticias\/ultima-hora-sexta-victima-mortal-en-andalucia-por-el-mortifero-virus-del-nilo-alerta-maxima\/#breadcrumb","itemListElement":[{"@type":"ListItem","position":1,"name":"Accueil","item":"https:\/\/www.diario21.tv\/noticias\/"},{"@type":"ListItem","position":2,"name":"\u00a1\u00daltima Hora! Sexta V\u00edctima Mortal en Andaluc\u00eda por el Mort\u00edfero Virus del Nilo &#8211; \u00a1Alerta M\u00e1xima!"}]},{"@type":"WebSite","@id":"https:\/\/www.diario21.tv\/noticias\/#website","url":"https:\/\/www.diario21.tv\/noticias\/","name":"Diario 21","description":"","potentialAction":[{"@type":"SearchAction","target":{"@type":"EntryPoint","urlTemplate":"https:\/\/www.diario21.tv\/noticias\/?s={search_term_string}"},"query-input":{"@type":"PropertyValueSpecification","valueRequired":true,"valueName":"search_term_string"}}],"inLanguage":"es-AR"},{"@type":"Person","@id":"https:\/\/www.diario21.tv\/noticias\/#\/schema\/person\/7de9d6205bd3da5b7f01f5cffb18d715","name":"Diario 21","image":{"@type":"ImageObject","inLanguage":"es-AR","@id":"https:\/\/www.diario21.tv\/noticias\/#\/schema\/person\/image\/","url":"https:\/\/secure.gravatar.com\/avatar\/d1d5e764b940c8e5990284cabcd5dea9?s=96&d=mm&r=g","contentUrl":"https:\/\/secure.gravatar.com\/avatar\/d1d5e764b940c8e5990284cabcd5dea9?s=96&d=mm&r=g","caption":"Diario 21"},"url":"https:\/\/www.diario21.tv\/noticias\/author\/diario-21\/"}]}},"_links":{"self":[{"href":"https:\/\/www.diario21.tv\/noticias\/wp-json\/wp\/v2\/posts\/322"}],"collection":[{"href":"https:\/\/www.diario21.tv\/noticias\/wp-json\/wp\/v2\/posts"}],"about":[{"href":"https:\/\/www.diario21.tv\/noticias\/wp-json\/wp\/v2\/types\/post"}],"author":[{"embeddable":true,"href":"https:\/\/www.diario21.tv\/noticias\/wp-json\/wp\/v2\/users\/16"}],"replies":[{"embeddable":true,"href":"https:\/\/www.diario21.tv\/noticias\/wp-json\/wp\/v2\/comments?post=322"}],"version-history":[{"count":1,"href":"https:\/\/www.diario21.tv\/noticias\/wp-json\/wp\/v2\/posts\/322\/revisions"}],"predecessor-version":[{"id":324,"href":"https:\/\/www.diario21.tv\/noticias\/wp-json\/wp\/v2\/posts\/322\/revisions\/324"}],"wp:featuredmedia":[{"embeddable":true,"href":"https:\/\/www.diario21.tv\/noticias\/wp-json\/wp\/v2\/media\/323"}],"wp:attachment":[{"href":"https:\/\/www.diario21.tv\/noticias\/wp-json\/wp\/v2\/media?parent=322"}],"wp:term":[{"taxonomy":"category","embeddable":true,"href":"https:\/\/www.diario21.tv\/noticias\/wp-json\/wp\/v2\/categories?post=322"},{"taxonomy":"post_tag","embeddable":true,"href":"https:\/\/www.diario21.tv\/noticias\/wp-json\/wp\/v2\/tags?post=322"}],"curies":[{"name":"wp","href":"https:\/\/api.w.org\/{rel}","templated":true}]}}