{"id":3214,"date":"2025-05-22T13:40:09","date_gmt":"2025-05-22T13:40:09","guid":{"rendered":"https:\/\/www.diario21.tv\/noticias\/tragedia-en-linares-muere-un-menor-olvidado-en-un-coche-por-su-padre-de-acogida\/"},"modified":"2025-05-22T13:40:10","modified_gmt":"2025-05-22T13:40:10","slug":"tragedia-en-linares-muere-un-menor-olvidado-en-un-coche-por-su-padre-de-acogida","status":"publish","type":"post","link":"https:\/\/www.diario21.tv\/noticias\/tragedia-en-linares-muere-un-menor-olvidado-en-un-coche-por-su-padre-de-acogida\/","title":{"rendered":"Tragedia en Linares: Muere un menor olvidado en un coche por su padre de acogida"},"content":{"rendered":"<h2>Tr\u00e1gico Olvido Resulta en la Muerte de un Ni\u00f1o en Linares<\/h2>\n<p>En un lamentable incidente en Linares, un ni\u00f1o perdi\u00f3 la vida despu\u00e9s de ser olvidado en un veh\u00edculo por su padre de acogida. Este suceso ha conmocionado a la comunidad local y ha puesto de relieve los peligros del olvido de menores en espacios cerrados.<\/p>\n<h3>Detalles del Incidente<\/h3>\n<p>El tr\u00e1gico evento tuvo lugar ayer por la tarde, cuando el padre de acogida, quien ten\u00eda la custodia temporal del menor, lo dej\u00f3 accidentalmente en el coche durante varias horas. Seg\u00fan los informes preliminares, el hombre deb\u00eda dejar al ni\u00f1o en la guarder\u00eda por la ma\u00f1ana antes de dirigirse a su lugar de trabajo. Sin embargo, distra\u00eddo por preocupaciones personales y rutinas alteradas, olvid\u00f3 al menor en el asiento trasero del veh\u00edculo.<\/p>\n<p>El ni\u00f1o, cuya identidad no ha sido revelada por respeto a la privacidad de la familia, fue encontrado sin vida horas m\u00e1s tarde por su padre de acogida, quien horrorizado, llam\u00f3 inmediatamente a los servicios de emergencia. A pesar de los esfuerzos por reanimarlo, los param\u00e9dicos confirmaron su fallecimiento en el lugar debido a un golpe de calor.<\/p>\n<h3>Reacciones y Consecuencias<\/h3>\n<p>La comunidad de Linares ha quedado profundamente afectada por este acontecimiento. Vecinos y conocidos han empezado a organizar vigilias y actos de recuerdo para el peque\u00f1o, mostrando carteles y flores en su honor.<\/p>\n<p>Las autoridades han iniciado una investigaci\u00f3n para determinar la secuencia exacta de los hechos y evaluar la responsabilidad del padre de acogida en la muerte del ni\u00f1o. Aunque la fiscal\u00eda no ha emitido a\u00fan cargos formales, el caso se est\u00e1 tratando con la mayor seriedad, considerando las posibles implicaciones legales de un acto considerado negligente.<\/p>\n<h3>Medidas Preventivas<\/h3>\n<p>Este desafortunado suceso ha reavivado el debate sobre la necesidad de tomar medidas preventivas m\u00e1s estrictas para evitar tragedias similares. Expertos en seguridad infantil recomiendan la utilizaci\u00f3n de sistemas de recordatorio en los veh\u00edculos, como alarmas o aplicaciones m\u00f3viles, que alerten a los padres y cuidadores sobre la presencia de ni\u00f1os en el coche.<\/p>\n<p>Adem\u00e1s, se est\u00e1 haciendo un llamado a los padres y tutores para que adopten rutinas de verificaci\u00f3n antes de abandonar sus veh\u00edculos, especialmente durante los meses de verano, cuando las temperaturas pueden ascender r\u00e1pidamente y convertir los autom\u00f3viles en trampas mortales para los ni\u00f1os peque\u00f1os.<\/p>\n<p>Este tr\u00e1gico incidente sirve como un doloroso recordatorio de la importancia de la atenci\u00f3n y cuidado constante hacia los m\u00e1s vulnerables, y destaca la necesidad de medidas de precauci\u00f3n adicionales en la crianza y el cuidado diario de los ni\u00f1os.<\/p>\n\n\n<div class=\"kk-star-ratings kksr-auto kksr-align-left kksr-valign-bottom\"\n    data-payload='{&quot;align&quot;:&quot;left&quot;,&quot;id&quot;:&quot;3214&quot;,&quot;slug&quot;:&quot;default&quot;,&quot;valign&quot;:&quot;bottom&quot;,&quot;ignore&quot;:&quot;&quot;,&quot;reference&quot;:&quot;auto&quot;,&quot;class&quot;:&quot;&quot;,&quot;count&quot;:&quot;0&quot;,&quot;legendonly&quot;:&quot;&quot;,&quot;readonly&quot;:&quot;&quot;,&quot;score&quot;:&quot;0&quot;,&quot;starsonly&quot;:&quot;&quot;,&quot;best&quot;:&quot;5&quot;,&quot;gap&quot;:&quot;5&quot;,&quot;greet&quot;:&quot;Valora este post&quot;,&quot;legend&quot;:&quot;0\\\/5 - (0 votes)&quot;,&quot;size&quot;:&quot;22&quot;,&quot;title&quot;:&quot;Tragedia en Linares: Muere un menor olvidado en un coche por su padre de acogida&quot;,&quot;width&quot;:&quot;0&quot;,&quot;_legend&quot;:&quot;{score}\\\/{best} - ({count} {votes})&quot;,&quot;font_factor&quot;:&quot;1.25&quot;}'>\n            \n<div class=\"kksr-stars\">\n    \n<div class=\"kksr-stars-inactive\">\n            <div class=\"kksr-star\" data-star=\"1\" style=\"padding-right: 5px\">\n            \n\n<div class=\"kksr-icon\" style=\"width: 22px; height: 22px;\"><\/div>\n        <\/div>\n            <div class=\"kksr-star\" data-star=\"2\" style=\"padding-right: 5px\">\n            \n\n<div class=\"kksr-icon\" style=\"width: 22px; height: 22px;\"><\/div>\n        <\/div>\n            <div class=\"kksr-star\" data-star=\"3\" style=\"padding-right: 5px\">\n            \n\n<div class=\"kksr-icon\" style=\"width: 22px; height: 22px;\"><\/div>\n        <\/div>\n            <div class=\"kksr-star\" data-star=\"4\" style=\"padding-right: 5px\">\n            \n\n<div class=\"kksr-icon\" style=\"width: 22px; height: 22px;\"><\/div>\n        <\/div>\n            <div class=\"kksr-star\" data-star=\"5\" style=\"padding-right: 5px\">\n            \n\n<div class=\"kksr-icon\" style=\"width: 22px; height: 22px;\"><\/div>\n        <\/div>\n    <\/div>\n    \n<div class=\"kksr-stars-active\" style=\"width: 0px;\">\n            <div class=\"kksr-star\" style=\"padding-right: 5px\">\n            \n\n<div class=\"kksr-icon\" style=\"width: 22px; height: 22px;\"><\/div>\n        <\/div>\n            <div class=\"kksr-star\" style=\"padding-right: 5px\">\n            \n\n<div class=\"kksr-icon\" style=\"width: 22px; height: 22px;\"><\/div>\n        <\/div>\n            <div class=\"kksr-star\" style=\"padding-right: 5px\">\n            \n\n<div class=\"kksr-icon\" style=\"width: 22px; height: 22px;\"><\/div>\n        <\/div>\n            <div class=\"kksr-star\" style=\"padding-right: 5px\">\n            \n\n<div class=\"kksr-icon\" style=\"width: 22px; height: 22px;\"><\/div>\n        <\/div>\n            <div class=\"kksr-star\" style=\"padding-right: 5px\">\n            \n\n<div class=\"kksr-icon\" style=\"width: 22px; height: 22px;\"><\/div>\n        <\/div>\n    <\/div>\n<\/div>\n                \n\n<div class=\"kksr-legend\" style=\"font-size: 17.6px;\">\n            <span class=\"kksr-muted\">Valora este post<\/span>\n    <\/div>\n    <\/div>\n","protected":false},"excerpt":{"rendered":"<p>Tr\u00e1gico Olvido Resulta en la Muerte de un Ni\u00f1o en Linares En un lamentable incidente en Linares, un ni\u00f1o perdi\u00f3 la vida despu\u00e9s de ser olvidado &#8230; <a title=\"Tragedia en Linares: Muere un menor olvidado en un coche por su padre de acogida\" class=\"read-more\" href=\"https:\/\/www.diario21.tv\/noticias\/tragedia-en-linares-muere-un-menor-olvidado-en-un-coche-por-su-padre-de-acogida\/\" aria-label=\"Leer m\u00e1s sobre Tragedia en Linares: Muere un menor olvidado en un coche por su padre de acogida\">Seguir leyendo &rarr;<\/a><\/p>\n","protected":false},"author":20,"featured_media":3215,"comment_status":"open","ping_status":"open","sticky":false,"template":"","format":"standard","meta":{"footnotes":""},"categories":[13],"tags":[],"class_list":["post-3214","post","type-post","status-publish","format-standard","has-post-thumbnail","hentry","category-portada"],"yoast_head":"<!-- This site is optimized with the Yoast SEO plugin v25.6 - https:\/\/yoast.com\/wordpress\/plugins\/seo\/ -->\n<title>Tragedia en Linares: Muere un menor olvidado en un coche por su padre de acogida - Diario 21<\/title>\n<meta name=\"robots\" content=\"index, follow, max-snippet:-1, max-image-preview:large, max-video-preview:-1\" \/>\n<link rel=\"canonical\" href=\"https:\/\/www.diario21.tv\/noticias\/tragedia-en-linares-muere-un-menor-olvidado-en-un-coche-por-su-padre-de-acogida\/\" \/>\n<meta property=\"og:locale\" content=\"es_ES\" \/>\n<meta property=\"og:type\" content=\"article\" \/>\n<meta property=\"og:title\" content=\"Tragedia en Linares: Muere un menor olvidado en un coche por su padre de acogida - Diario 21\" \/>\n<meta property=\"og:description\" content=\"Tr\u00e1gico Olvido Resulta en la Muerte de un Ni\u00f1o en Linares En un lamentable incidente en Linares, un ni\u00f1o perdi\u00f3 la vida despu\u00e9s de ser olvidado ... Seguir leyendo &rarr;\" \/>\n<meta property=\"og:url\" content=\"https:\/\/www.diario21.tv\/noticias\/tragedia-en-linares-muere-un-menor-olvidado-en-un-coche-por-su-padre-de-acogida\/\" \/>\n<meta property=\"og:site_name\" content=\"Diario 21\" \/>\n<meta property=\"article:published_time\" content=\"2025-05-22T13:40:09+00:00\" \/>\n<meta property=\"article:modified_time\" content=\"2025-05-22T13:40:10+00:00\" \/>\n<meta property=\"og:image\" content=\"https:\/\/www.diario21.tv\/noticias\/wp-content\/uploads\/2025\/05\/Tragedia-en-Linares-Muere-un-menor-olvidado-en-un-coche.jpg\" \/>\n\t<meta property=\"og:image:width\" content=\"1200\" \/>\n\t<meta property=\"og:image:height\" content=\"840\" \/>\n\t<meta property=\"og:image:type\" content=\"image\/jpeg\" \/>\n<meta name=\"author\" content=\"Juan P\u00e9rez\" \/>\n<meta name=\"twitter:card\" content=\"summary_large_image\" \/>\n<meta name=\"twitter:label1\" content=\"Escrito por\" \/>\n\t<meta name=\"twitter:data1\" content=\"Juan P\u00e9rez\" \/>\n\t<meta name=\"twitter:label2\" content=\"Tiempo de lectura\" \/>\n\t<meta name=\"twitter:data2\" content=\"2 minutos\" \/>\n<script type=\"application\/ld+json\" class=\"yoast-schema-graph\">{\"@context\":\"https:\/\/schema.org\",\"@graph\":[{\"@type\":\"WebPage\",\"@id\":\"https:\/\/www.diario21.tv\/noticias\/tragedia-en-linares-muere-un-menor-olvidado-en-un-coche-por-su-padre-de-acogida\/\",\"url\":\"https:\/\/www.diario21.tv\/noticias\/tragedia-en-linares-muere-un-menor-olvidado-en-un-coche-por-su-padre-de-acogida\/\",\"name\":\"Tragedia en Linares: Muere un menor olvidado en un coche por su padre de acogida - Diario 21\",\"isPartOf\":{\"@id\":\"https:\/\/www.diario21.tv\/noticias\/#website\"},\"primaryImageOfPage\":{\"@id\":\"https:\/\/www.diario21.tv\/noticias\/tragedia-en-linares-muere-un-menor-olvidado-en-un-coche-por-su-padre-de-acogida\/#primaryimage\"},\"image\":{\"@id\":\"https:\/\/www.diario21.tv\/noticias\/tragedia-en-linares-muere-un-menor-olvidado-en-un-coche-por-su-padre-de-acogida\/#primaryimage\"},\"thumbnailUrl\":\"https:\/\/www.diario21.tv\/noticias\/wp-content\/uploads\/2025\/05\/Tragedia-en-Linares-Muere-un-menor-olvidado-en-un-coche.jpg\",\"datePublished\":\"2025-05-22T13:40:09+00:00\",\"dateModified\":\"2025-05-22T13:40:10+00:00\",\"author\":{\"@id\":\"https:\/\/www.diario21.tv\/noticias\/#\/schema\/person\/dfb778f73814d8f09f302618446a526b\"},\"breadcrumb\":{\"@id\":\"https:\/\/www.diario21.tv\/noticias\/tragedia-en-linares-muere-un-menor-olvidado-en-un-coche-por-su-padre-de-acogida\/#breadcrumb\"},\"inLanguage\":\"es-AR\",\"potentialAction\":[{\"@type\":\"ReadAction\",\"target\":[\"https:\/\/www.diario21.tv\/noticias\/tragedia-en-linares-muere-un-menor-olvidado-en-un-coche-por-su-padre-de-acogida\/\"]}]},{\"@type\":\"ImageObject\",\"inLanguage\":\"es-AR\",\"@id\":\"https:\/\/www.diario21.tv\/noticias\/tragedia-en-linares-muere-un-menor-olvidado-en-un-coche-por-su-padre-de-acogida\/#primaryimage\",\"url\":\"https:\/\/www.diario21.tv\/noticias\/wp-content\/uploads\/2025\/05\/Tragedia-en-Linares-Muere-un-menor-olvidado-en-un-coche.jpg\",\"contentUrl\":\"https:\/\/www.diario21.tv\/noticias\/wp-content\/uploads\/2025\/05\/Tragedia-en-Linares-Muere-un-menor-olvidado-en-un-coche.jpg\",\"width\":1200,\"height\":840,\"caption\":\"Muere un menor en Linares olvidado por su padre de acogida en el coche\"},{\"@type\":\"BreadcrumbList\",\"@id\":\"https:\/\/www.diario21.tv\/noticias\/tragedia-en-linares-muere-un-menor-olvidado-en-un-coche-por-su-padre-de-acogida\/#breadcrumb\",\"itemListElement\":[{\"@type\":\"ListItem\",\"position\":1,\"name\":\"Accueil\",\"item\":\"https:\/\/www.diario21.tv\/noticias\/\"},{\"@type\":\"ListItem\",\"position\":2,\"name\":\"Tragedia en Linares: Muere un menor olvidado en un coche por su padre de acogida\"}]},{\"@type\":\"WebSite\",\"@id\":\"https:\/\/www.diario21.tv\/noticias\/#website\",\"url\":\"https:\/\/www.diario21.tv\/noticias\/\",\"name\":\"Diario 21\",\"description\":\"\",\"potentialAction\":[{\"@type\":\"SearchAction\",\"target\":{\"@type\":\"EntryPoint\",\"urlTemplate\":\"https:\/\/www.diario21.tv\/noticias\/?s={search_term_string}\"},\"query-input\":{\"@type\":\"PropertyValueSpecification\",\"valueRequired\":true,\"valueName\":\"search_term_string\"}}],\"inLanguage\":\"es-AR\"},{\"@type\":\"Person\",\"@id\":\"https:\/\/www.diario21.tv\/noticias\/#\/schema\/person\/dfb778f73814d8f09f302618446a526b\",\"name\":\"Juan P\u00e9rez\",\"image\":{\"@type\":\"ImageObject\",\"inLanguage\":\"es-AR\",\"@id\":\"https:\/\/www.diario21.tv\/noticias\/#\/schema\/person\/image\/\",\"url\":\"https:\/\/secure.gravatar.com\/avatar\/c478a405bd10621167f4c3167cc770f5?s=96&d=mm&r=g\",\"contentUrl\":\"https:\/\/secure.gravatar.com\/avatar\/c478a405bd10621167f4c3167cc770f5?s=96&d=mm&r=g\",\"caption\":\"Juan P\u00e9rez\"},\"description\":\"Juan P\u00e9rez es el redactor en jefe de Diario 21. Con m\u00e1s de 10 a\u00f1os de experiencia en el periodismo, se especializa en pol\u00edtica nacional y an\u00e1lisis socioecon\u00f3mico. Su enfoque cr\u00edtico y riguroso aporta una perspectiva \u00fanica a cada art\u00edculo.\",\"sameAs\":[\"https:\/\/www.diario21.tv\/noticias\/\"],\"url\":\"https:\/\/www.diario21.tv\/noticias\/author\/juan-perez\/\"}]}<\/script>\n<!-- \/ Yoast SEO plugin. -->","yoast_head_json":{"title":"Tragedia en Linares: Muere un menor olvidado en un coche por su padre de acogida - Diario 21","robots":{"index":"index","follow":"follow","max-snippet":"max-snippet:-1","max-image-preview":"max-image-preview:large","max-video-preview":"max-video-preview:-1"},"canonical":"https:\/\/www.diario21.tv\/noticias\/tragedia-en-linares-muere-un-menor-olvidado-en-un-coche-por-su-padre-de-acogida\/","og_locale":"es_ES","og_type":"article","og_title":"Tragedia en Linares: Muere un menor olvidado en un coche por su padre de acogida - Diario 21","og_description":"Tr\u00e1gico Olvido Resulta en la Muerte de un Ni\u00f1o en Linares En un lamentable incidente en Linares, un ni\u00f1o perdi\u00f3 la vida despu\u00e9s de ser olvidado ... Seguir leyendo &rarr;","og_url":"https:\/\/www.diario21.tv\/noticias\/tragedia-en-linares-muere-un-menor-olvidado-en-un-coche-por-su-padre-de-acogida\/","og_site_name":"Diario 21","article_published_time":"2025-05-22T13:40:09+00:00","article_modified_time":"2025-05-22T13:40:10+00:00","og_image":[{"width":1200,"height":840,"url":"https:\/\/www.diario21.tv\/noticias\/wp-content\/uploads\/2025\/05\/Tragedia-en-Linares-Muere-un-menor-olvidado-en-un-coche.jpg","type":"image\/jpeg"}],"author":"Juan P\u00e9rez","twitter_card":"summary_large_image","twitter_misc":{"Escrito por":"Juan P\u00e9rez","Tiempo de lectura":"2 minutos"},"schema":{"@context":"https:\/\/schema.org","@graph":[{"@type":"WebPage","@id":"https:\/\/www.diario21.tv\/noticias\/tragedia-en-linares-muere-un-menor-olvidado-en-un-coche-por-su-padre-de-acogida\/","url":"https:\/\/www.diario21.tv\/noticias\/tragedia-en-linares-muere-un-menor-olvidado-en-un-coche-por-su-padre-de-acogida\/","name":"Tragedia en Linares: Muere un menor olvidado en un coche por su padre de acogida - Diario 21","isPartOf":{"@id":"https:\/\/www.diario21.tv\/noticias\/#website"},"primaryImageOfPage":{"@id":"https:\/\/www.diario21.tv\/noticias\/tragedia-en-linares-muere-un-menor-olvidado-en-un-coche-por-su-padre-de-acogida\/#primaryimage"},"image":{"@id":"https:\/\/www.diario21.tv\/noticias\/tragedia-en-linares-muere-un-menor-olvidado-en-un-coche-por-su-padre-de-acogida\/#primaryimage"},"thumbnailUrl":"https:\/\/www.diario21.tv\/noticias\/wp-content\/uploads\/2025\/05\/Tragedia-en-Linares-Muere-un-menor-olvidado-en-un-coche.jpg","datePublished":"2025-05-22T13:40:09+00:00","dateModified":"2025-05-22T13:40:10+00:00","author":{"@id":"https:\/\/www.diario21.tv\/noticias\/#\/schema\/person\/dfb778f73814d8f09f302618446a526b"},"breadcrumb":{"@id":"https:\/\/www.diario21.tv\/noticias\/tragedia-en-linares-muere-un-menor-olvidado-en-un-coche-por-su-padre-de-acogida\/#breadcrumb"},"inLanguage":"es-AR","potentialAction":[{"@type":"ReadAction","target":["https:\/\/www.diario21.tv\/noticias\/tragedia-en-linares-muere-un-menor-olvidado-en-un-coche-por-su-padre-de-acogida\/"]}]},{"@type":"ImageObject","inLanguage":"es-AR","@id":"https:\/\/www.diario21.tv\/noticias\/tragedia-en-linares-muere-un-menor-olvidado-en-un-coche-por-su-padre-de-acogida\/#primaryimage","url":"https:\/\/www.diario21.tv\/noticias\/wp-content\/uploads\/2025\/05\/Tragedia-en-Linares-Muere-un-menor-olvidado-en-un-coche.jpg","contentUrl":"https:\/\/www.diario21.tv\/noticias\/wp-content\/uploads\/2025\/05\/Tragedia-en-Linares-Muere-un-menor-olvidado-en-un-coche.jpg","width":1200,"height":840,"caption":"Muere un menor en Linares olvidado por su padre de acogida en el coche"},{"@type":"BreadcrumbList","@id":"https:\/\/www.diario21.tv\/noticias\/tragedia-en-linares-muere-un-menor-olvidado-en-un-coche-por-su-padre-de-acogida\/#breadcrumb","itemListElement":[{"@type":"ListItem","position":1,"name":"Accueil","item":"https:\/\/www.diario21.tv\/noticias\/"},{"@type":"ListItem","position":2,"name":"Tragedia en Linares: Muere un menor olvidado en un coche por su padre de acogida"}]},{"@type":"WebSite","@id":"https:\/\/www.diario21.tv\/noticias\/#website","url":"https:\/\/www.diario21.tv\/noticias\/","name":"Diario 21","description":"","potentialAction":[{"@type":"SearchAction","target":{"@type":"EntryPoint","urlTemplate":"https:\/\/www.diario21.tv\/noticias\/?s={search_term_string}"},"query-input":{"@type":"PropertyValueSpecification","valueRequired":true,"valueName":"search_term_string"}}],"inLanguage":"es-AR"},{"@type":"Person","@id":"https:\/\/www.diario21.tv\/noticias\/#\/schema\/person\/dfb778f73814d8f09f302618446a526b","name":"Juan P\u00e9rez","image":{"@type":"ImageObject","inLanguage":"es-AR","@id":"https:\/\/www.diario21.tv\/noticias\/#\/schema\/person\/image\/","url":"https:\/\/secure.gravatar.com\/avatar\/c478a405bd10621167f4c3167cc770f5?s=96&d=mm&r=g","contentUrl":"https:\/\/secure.gravatar.com\/avatar\/c478a405bd10621167f4c3167cc770f5?s=96&d=mm&r=g","caption":"Juan P\u00e9rez"},"description":"Juan P\u00e9rez es el redactor en jefe de Diario 21. Con m\u00e1s de 10 a\u00f1os de experiencia en el periodismo, se especializa en pol\u00edtica nacional y an\u00e1lisis socioecon\u00f3mico. Su enfoque cr\u00edtico y riguroso aporta una perspectiva \u00fanica a cada art\u00edculo.","sameAs":["https:\/\/www.diario21.tv\/noticias\/"],"url":"https:\/\/www.diario21.tv\/noticias\/author\/juan-perez\/"}]}},"_links":{"self":[{"href":"https:\/\/www.diario21.tv\/noticias\/wp-json\/wp\/v2\/posts\/3214"}],"collection":[{"href":"https:\/\/www.diario21.tv\/noticias\/wp-json\/wp\/v2\/posts"}],"about":[{"href":"https:\/\/www.diario21.tv\/noticias\/wp-json\/wp\/v2\/types\/post"}],"author":[{"embeddable":true,"href":"https:\/\/www.diario21.tv\/noticias\/wp-json\/wp\/v2\/users\/20"}],"replies":[{"embeddable":true,"href":"https:\/\/www.diario21.tv\/noticias\/wp-json\/wp\/v2\/comments?post=3214"}],"version-history":[{"count":1,"href":"https:\/\/www.diario21.tv\/noticias\/wp-json\/wp\/v2\/posts\/3214\/revisions"}],"predecessor-version":[{"id":3216,"href":"https:\/\/www.diario21.tv\/noticias\/wp-json\/wp\/v2\/posts\/3214\/revisions\/3216"}],"wp:featuredmedia":[{"embeddable":true,"href":"https:\/\/www.diario21.tv\/noticias\/wp-json\/wp\/v2\/media\/3215"}],"wp:attachment":[{"href":"https:\/\/www.diario21.tv\/noticias\/wp-json\/wp\/v2\/media?parent=3214"}],"wp:term":[{"taxonomy":"category","embeddable":true,"href":"https:\/\/www.diario21.tv\/noticias\/wp-json\/wp\/v2\/categories?post=3214"},{"taxonomy":"post_tag","embeddable":true,"href":"https:\/\/www.diario21.tv\/noticias\/wp-json\/wp\/v2\/tags?post=3214"}],"curies":[{"name":"wp","href":"https:\/\/api.w.org\/{rel}","templated":true}]}}