{"id":3202,"date":"2025-05-21T07:32:23","date_gmt":"2025-05-21T07:32:23","guid":{"rendered":"https:\/\/www.diario21.tv\/noticias\/impactante-joven-de-23-anos-arrestado-por-asesinato-en-barakaldo\/"},"modified":"2025-05-21T07:32:24","modified_gmt":"2025-05-21T07:32:24","slug":"impactante-joven-de-23-anos-arrestado-por-asesinato-en-barakaldo","status":"publish","type":"post","link":"https:\/\/www.diario21.tv\/noticias\/impactante-joven-de-23-anos-arrestado-por-asesinato-en-barakaldo\/","title":{"rendered":"\u00a1Impactante! Joven de 23 a\u00f1os arrestado por asesinato en Barakaldo"},"content":{"rendered":"<h2>Arresto de un joven de 23 a\u00f1os por homicidio en Barakaldo<\/h2>\n<p>En un preocupante suceso en la localidad de Barakaldo, un joven de 23 a\u00f1os ha sido detenido como presunto autor del asesinato de otro hombre. El incidente, que ha conmocionado a la comunidad, tuvo lugar recientemente y ha desencadenado una r\u00e1pida respuesta por parte de las autoridades locales.<\/p>\n<h3>Detalles del Incidente<\/h3>\n<p>El tr\u00e1gico evento ocurri\u00f3 durante las \u00faltimas horas en una zona residencial de Barakaldo. Seg\u00fan informes preliminares, la polic\u00eda fue alertada sobre un altercado violento en la v\u00eda p\u00fablica. Al llegar al lugar, los agentes encontraron a un hombre gravemente herido, quien lamentablemente falleci\u00f3 a causa de las lesiones sufridas antes de que pudiera recibir atenci\u00f3n m\u00e9dica.<\/p>\n<p>El sospechoso, un joven de 23 a\u00f1os cuya identidad no ha sido divulgada, fue arrestado en el lugar de los hechos sin incidentes adicionales. Las primeras investigaciones sugieren que podr\u00eda haber una relaci\u00f3n previa entre la v\u00edctima y el agresor, lo que est\u00e1 siendo cuidadosamente examinado por los investigadores.<\/p>\n<h3>Reacciones y Consecuencias<\/h3>\n<p>El suceso ha generado una ola de reacciones entre los residentes de Barakaldo, muchos de los cuales est\u00e1n conmocionados y preocupados por un acto de violencia tan grave en su comunidad. Las autoridades han hecho un llamado a la calma y han asegurado que est\u00e1n haciendo todo lo posible por esclarecer los hechos y garantizar la seguridad en el \u00e1rea.<\/p>\n<p>El joven detenido se encuentra actualmente en custodia policial y se espera que sea presentado ante la justicia en los pr\u00f3ximos d\u00edas para responder por los cargos de homicidio. Este caso ha puesto de relieve la importancia de la vigilancia y la cooperaci\u00f3n ciudadana en la prevenci\u00f3n de delitos.<\/p>\n<h3>Investigaci\u00f3n en Curso<\/h3>\n<p>La polic\u00eda ha iniciado una investigaci\u00f3n exhaustiva para determinar los motivos detr\u00e1s del asesinato y para recabar toda la evidencia necesaria que permita una completa comprensi\u00f3n de los hechos. Se ha hecho un llamado a cualquier testigo que pueda haber estado presente durante el incidente o que tenga informaci\u00f3n relevante, a que se acerque y colabore con las autoridades.<\/p>\n<p>Este incidente subraya la necesidad de mantener la seguridad y el orden en nuestras comunidades y de trabajar unidos para prevenir futuras tragedias. Las autoridades han reiterado su compromiso con la justicia y el bienestar de todos los ciudadanos, y continuar\u00e1n vigilantes para evitar que este tipo de incidentes vuelvan a ocurrir.<\/p>\n\n\n<div class=\"kk-star-ratings kksr-auto kksr-align-left kksr-valign-bottom\"\n    data-payload='{&quot;align&quot;:&quot;left&quot;,&quot;id&quot;:&quot;3202&quot;,&quot;slug&quot;:&quot;default&quot;,&quot;valign&quot;:&quot;bottom&quot;,&quot;ignore&quot;:&quot;&quot;,&quot;reference&quot;:&quot;auto&quot;,&quot;class&quot;:&quot;&quot;,&quot;count&quot;:&quot;0&quot;,&quot;legendonly&quot;:&quot;&quot;,&quot;readonly&quot;:&quot;&quot;,&quot;score&quot;:&quot;0&quot;,&quot;starsonly&quot;:&quot;&quot;,&quot;best&quot;:&quot;5&quot;,&quot;gap&quot;:&quot;5&quot;,&quot;greet&quot;:&quot;Valora este post&quot;,&quot;legend&quot;:&quot;0\\\/5 - (0 votes)&quot;,&quot;size&quot;:&quot;22&quot;,&quot;title&quot;:&quot;\u00a1Impactante! Joven de 23 a\u00f1os arrestado por asesinato en Barakaldo&quot;,&quot;width&quot;:&quot;0&quot;,&quot;_legend&quot;:&quot;{score}\\\/{best} - ({count} {votes})&quot;,&quot;font_factor&quot;:&quot;1.25&quot;}'>\n            \n<div class=\"kksr-stars\">\n    \n<div class=\"kksr-stars-inactive\">\n            <div class=\"kksr-star\" data-star=\"1\" style=\"padding-right: 5px\">\n            \n\n<div class=\"kksr-icon\" style=\"width: 22px; height: 22px;\"><\/div>\n        <\/div>\n            <div class=\"kksr-star\" data-star=\"2\" style=\"padding-right: 5px\">\n            \n\n<div class=\"kksr-icon\" style=\"width: 22px; height: 22px;\"><\/div>\n        <\/div>\n            <div class=\"kksr-star\" data-star=\"3\" style=\"padding-right: 5px\">\n            \n\n<div class=\"kksr-icon\" style=\"width: 22px; height: 22px;\"><\/div>\n        <\/div>\n            <div class=\"kksr-star\" data-star=\"4\" style=\"padding-right: 5px\">\n            \n\n<div class=\"kksr-icon\" style=\"width: 22px; height: 22px;\"><\/div>\n        <\/div>\n            <div class=\"kksr-star\" data-star=\"5\" style=\"padding-right: 5px\">\n            \n\n<div class=\"kksr-icon\" style=\"width: 22px; height: 22px;\"><\/div>\n        <\/div>\n    <\/div>\n    \n<div class=\"kksr-stars-active\" style=\"width: 0px;\">\n            <div class=\"kksr-star\" style=\"padding-right: 5px\">\n            \n\n<div class=\"kksr-icon\" style=\"width: 22px; height: 22px;\"><\/div>\n        <\/div>\n            <div class=\"kksr-star\" style=\"padding-right: 5px\">\n            \n\n<div class=\"kksr-icon\" style=\"width: 22px; height: 22px;\"><\/div>\n        <\/div>\n            <div class=\"kksr-star\" style=\"padding-right: 5px\">\n            \n\n<div class=\"kksr-icon\" style=\"width: 22px; height: 22px;\"><\/div>\n        <\/div>\n            <div class=\"kksr-star\" style=\"padding-right: 5px\">\n            \n\n<div class=\"kksr-icon\" style=\"width: 22px; height: 22px;\"><\/div>\n        <\/div>\n            <div class=\"kksr-star\" style=\"padding-right: 5px\">\n            \n\n<div class=\"kksr-icon\" style=\"width: 22px; height: 22px;\"><\/div>\n        <\/div>\n    <\/div>\n<\/div>\n                \n\n<div class=\"kksr-legend\" style=\"font-size: 17.6px;\">\n            <span class=\"kksr-muted\">Valora este post<\/span>\n    <\/div>\n    <\/div>\n","protected":false},"excerpt":{"rendered":"<p>Arresto de un joven de 23 a\u00f1os por homicidio en Barakaldo En un preocupante suceso en la localidad de Barakaldo, un joven de 23 a\u00f1os ha &#8230; <a title=\"\u00a1Impactante! Joven de 23 a\u00f1os arrestado por asesinato en Barakaldo\" class=\"read-more\" href=\"https:\/\/www.diario21.tv\/noticias\/impactante-joven-de-23-anos-arrestado-por-asesinato-en-barakaldo\/\" aria-label=\"Leer m\u00e1s sobre \u00a1Impactante! Joven de 23 a\u00f1os arrestado por asesinato en Barakaldo\">Seguir leyendo &rarr;<\/a><\/p>\n","protected":false},"author":20,"featured_media":3203,"comment_status":"open","ping_status":"open","sticky":false,"template":"","format":"standard","meta":{"footnotes":""},"categories":[13],"tags":[],"class_list":["post-3202","post","type-post","status-publish","format-standard","has-post-thumbnail","hentry","category-portada"],"yoast_head":"<!-- This site is optimized with the Yoast SEO plugin v25.6 - https:\/\/yoast.com\/wordpress\/plugins\/seo\/ -->\n<title>\u00a1Impactante! Joven de 23 a\u00f1os arrestado por asesinato en Barakaldo - Diario 21<\/title>\n<meta name=\"robots\" content=\"index, follow, max-snippet:-1, max-image-preview:large, max-video-preview:-1\" \/>\n<link rel=\"canonical\" href=\"https:\/\/www.diario21.tv\/noticias\/impactante-joven-de-23-anos-arrestado-por-asesinato-en-barakaldo\/\" \/>\n<meta property=\"og:locale\" content=\"es_ES\" \/>\n<meta property=\"og:type\" content=\"article\" \/>\n<meta property=\"og:title\" content=\"\u00a1Impactante! Joven de 23 a\u00f1os arrestado por asesinato en Barakaldo - Diario 21\" \/>\n<meta property=\"og:description\" content=\"Arresto de un joven de 23 a\u00f1os por homicidio en Barakaldo En un preocupante suceso en la localidad de Barakaldo, un joven de 23 a\u00f1os ha ... Seguir leyendo &rarr;\" \/>\n<meta property=\"og:url\" content=\"https:\/\/www.diario21.tv\/noticias\/impactante-joven-de-23-anos-arrestado-por-asesinato-en-barakaldo\/\" \/>\n<meta property=\"og:site_name\" content=\"Diario 21\" \/>\n<meta property=\"article:published_time\" content=\"2025-05-21T07:32:23+00:00\" \/>\n<meta property=\"article:modified_time\" content=\"2025-05-21T07:32:24+00:00\" \/>\n<meta property=\"og:image\" content=\"https:\/\/www.diario21.tv\/noticias\/wp-content\/uploads\/2025\/05\/\u00a1Impactante-Joven-de-23-anos-arrestado-por-asesinato-en-Barakaldo.jpg\" \/>\n\t<meta property=\"og:image:width\" content=\"1200\" \/>\n\t<meta property=\"og:image:height\" content=\"840\" \/>\n\t<meta property=\"og:image:type\" content=\"image\/jpeg\" \/>\n<meta name=\"author\" content=\"Juan P\u00e9rez\" \/>\n<meta name=\"twitter:card\" content=\"summary_large_image\" \/>\n<meta name=\"twitter:label1\" content=\"Escrito por\" \/>\n\t<meta name=\"twitter:data1\" content=\"Juan P\u00e9rez\" \/>\n\t<meta name=\"twitter:label2\" content=\"Tiempo de lectura\" \/>\n\t<meta name=\"twitter:data2\" content=\"2 minutos\" \/>\n<script type=\"application\/ld+json\" class=\"yoast-schema-graph\">{\"@context\":\"https:\/\/schema.org\",\"@graph\":[{\"@type\":\"WebPage\",\"@id\":\"https:\/\/www.diario21.tv\/noticias\/impactante-joven-de-23-anos-arrestado-por-asesinato-en-barakaldo\/\",\"url\":\"https:\/\/www.diario21.tv\/noticias\/impactante-joven-de-23-anos-arrestado-por-asesinato-en-barakaldo\/\",\"name\":\"\u00a1Impactante! Joven de 23 a\u00f1os arrestado por asesinato en Barakaldo - Diario 21\",\"isPartOf\":{\"@id\":\"https:\/\/www.diario21.tv\/noticias\/#website\"},\"primaryImageOfPage\":{\"@id\":\"https:\/\/www.diario21.tv\/noticias\/impactante-joven-de-23-anos-arrestado-por-asesinato-en-barakaldo\/#primaryimage\"},\"image\":{\"@id\":\"https:\/\/www.diario21.tv\/noticias\/impactante-joven-de-23-anos-arrestado-por-asesinato-en-barakaldo\/#primaryimage\"},\"thumbnailUrl\":\"https:\/\/www.diario21.tv\/noticias\/wp-content\/uploads\/2025\/05\/\u00a1Impactante-Joven-de-23-anos-arrestado-por-asesinato-en-Barakaldo.jpg\",\"datePublished\":\"2025-05-21T07:32:23+00:00\",\"dateModified\":\"2025-05-21T07:32:24+00:00\",\"author\":{\"@id\":\"https:\/\/www.diario21.tv\/noticias\/#\/schema\/person\/dfb778f73814d8f09f302618446a526b\"},\"breadcrumb\":{\"@id\":\"https:\/\/www.diario21.tv\/noticias\/impactante-joven-de-23-anos-arrestado-por-asesinato-en-barakaldo\/#breadcrumb\"},\"inLanguage\":\"es-AR\",\"potentialAction\":[{\"@type\":\"ReadAction\",\"target\":[\"https:\/\/www.diario21.tv\/noticias\/impactante-joven-de-23-anos-arrestado-por-asesinato-en-barakaldo\/\"]}]},{\"@type\":\"ImageObject\",\"inLanguage\":\"es-AR\",\"@id\":\"https:\/\/www.diario21.tv\/noticias\/impactante-joven-de-23-anos-arrestado-por-asesinato-en-barakaldo\/#primaryimage\",\"url\":\"https:\/\/www.diario21.tv\/noticias\/wp-content\/uploads\/2025\/05\/\u00a1Impactante-Joven-de-23-anos-arrestado-por-asesinato-en-Barakaldo.jpg\",\"contentUrl\":\"https:\/\/www.diario21.tv\/noticias\/wp-content\/uploads\/2025\/05\/\u00a1Impactante-Joven-de-23-anos-arrestado-por-asesinato-en-Barakaldo.jpg\",\"width\":1200,\"height\":840,\"caption\":\"Detenido un joven de 23 a\u00f1os por matar a otro en Barakaldo\"},{\"@type\":\"BreadcrumbList\",\"@id\":\"https:\/\/www.diario21.tv\/noticias\/impactante-joven-de-23-anos-arrestado-por-asesinato-en-barakaldo\/#breadcrumb\",\"itemListElement\":[{\"@type\":\"ListItem\",\"position\":1,\"name\":\"Accueil\",\"item\":\"https:\/\/www.diario21.tv\/noticias\/\"},{\"@type\":\"ListItem\",\"position\":2,\"name\":\"\u00a1Impactante! Joven de 23 a\u00f1os arrestado por asesinato en Barakaldo\"}]},{\"@type\":\"WebSite\",\"@id\":\"https:\/\/www.diario21.tv\/noticias\/#website\",\"url\":\"https:\/\/www.diario21.tv\/noticias\/\",\"name\":\"Diario 21\",\"description\":\"\",\"potentialAction\":[{\"@type\":\"SearchAction\",\"target\":{\"@type\":\"EntryPoint\",\"urlTemplate\":\"https:\/\/www.diario21.tv\/noticias\/?s={search_term_string}\"},\"query-input\":{\"@type\":\"PropertyValueSpecification\",\"valueRequired\":true,\"valueName\":\"search_term_string\"}}],\"inLanguage\":\"es-AR\"},{\"@type\":\"Person\",\"@id\":\"https:\/\/www.diario21.tv\/noticias\/#\/schema\/person\/dfb778f73814d8f09f302618446a526b\",\"name\":\"Juan P\u00e9rez\",\"image\":{\"@type\":\"ImageObject\",\"inLanguage\":\"es-AR\",\"@id\":\"https:\/\/www.diario21.tv\/noticias\/#\/schema\/person\/image\/\",\"url\":\"https:\/\/secure.gravatar.com\/avatar\/c478a405bd10621167f4c3167cc770f5?s=96&d=mm&r=g\",\"contentUrl\":\"https:\/\/secure.gravatar.com\/avatar\/c478a405bd10621167f4c3167cc770f5?s=96&d=mm&r=g\",\"caption\":\"Juan P\u00e9rez\"},\"description\":\"Juan P\u00e9rez es el redactor en jefe de Diario 21. Con m\u00e1s de 10 a\u00f1os de experiencia en el periodismo, se especializa en pol\u00edtica nacional y an\u00e1lisis socioecon\u00f3mico. Su enfoque cr\u00edtico y riguroso aporta una perspectiva \u00fanica a cada art\u00edculo.\",\"sameAs\":[\"https:\/\/www.diario21.tv\/noticias\/\"],\"url\":\"https:\/\/www.diario21.tv\/noticias\/author\/juan-perez\/\"}]}<\/script>\n<!-- \/ Yoast SEO plugin. -->","yoast_head_json":{"title":"\u00a1Impactante! Joven de 23 a\u00f1os arrestado por asesinato en Barakaldo - Diario 21","robots":{"index":"index","follow":"follow","max-snippet":"max-snippet:-1","max-image-preview":"max-image-preview:large","max-video-preview":"max-video-preview:-1"},"canonical":"https:\/\/www.diario21.tv\/noticias\/impactante-joven-de-23-anos-arrestado-por-asesinato-en-barakaldo\/","og_locale":"es_ES","og_type":"article","og_title":"\u00a1Impactante! Joven de 23 a\u00f1os arrestado por asesinato en Barakaldo - Diario 21","og_description":"Arresto de un joven de 23 a\u00f1os por homicidio en Barakaldo En un preocupante suceso en la localidad de Barakaldo, un joven de 23 a\u00f1os ha ... Seguir leyendo &rarr;","og_url":"https:\/\/www.diario21.tv\/noticias\/impactante-joven-de-23-anos-arrestado-por-asesinato-en-barakaldo\/","og_site_name":"Diario 21","article_published_time":"2025-05-21T07:32:23+00:00","article_modified_time":"2025-05-21T07:32:24+00:00","og_image":[{"width":1200,"height":840,"url":"https:\/\/www.diario21.tv\/noticias\/wp-content\/uploads\/2025\/05\/\u00a1Impactante-Joven-de-23-anos-arrestado-por-asesinato-en-Barakaldo.jpg","type":"image\/jpeg"}],"author":"Juan P\u00e9rez","twitter_card":"summary_large_image","twitter_misc":{"Escrito por":"Juan P\u00e9rez","Tiempo de lectura":"2 minutos"},"schema":{"@context":"https:\/\/schema.org","@graph":[{"@type":"WebPage","@id":"https:\/\/www.diario21.tv\/noticias\/impactante-joven-de-23-anos-arrestado-por-asesinato-en-barakaldo\/","url":"https:\/\/www.diario21.tv\/noticias\/impactante-joven-de-23-anos-arrestado-por-asesinato-en-barakaldo\/","name":"\u00a1Impactante! Joven de 23 a\u00f1os arrestado por asesinato en Barakaldo - Diario 21","isPartOf":{"@id":"https:\/\/www.diario21.tv\/noticias\/#website"},"primaryImageOfPage":{"@id":"https:\/\/www.diario21.tv\/noticias\/impactante-joven-de-23-anos-arrestado-por-asesinato-en-barakaldo\/#primaryimage"},"image":{"@id":"https:\/\/www.diario21.tv\/noticias\/impactante-joven-de-23-anos-arrestado-por-asesinato-en-barakaldo\/#primaryimage"},"thumbnailUrl":"https:\/\/www.diario21.tv\/noticias\/wp-content\/uploads\/2025\/05\/\u00a1Impactante-Joven-de-23-anos-arrestado-por-asesinato-en-Barakaldo.jpg","datePublished":"2025-05-21T07:32:23+00:00","dateModified":"2025-05-21T07:32:24+00:00","author":{"@id":"https:\/\/www.diario21.tv\/noticias\/#\/schema\/person\/dfb778f73814d8f09f302618446a526b"},"breadcrumb":{"@id":"https:\/\/www.diario21.tv\/noticias\/impactante-joven-de-23-anos-arrestado-por-asesinato-en-barakaldo\/#breadcrumb"},"inLanguage":"es-AR","potentialAction":[{"@type":"ReadAction","target":["https:\/\/www.diario21.tv\/noticias\/impactante-joven-de-23-anos-arrestado-por-asesinato-en-barakaldo\/"]}]},{"@type":"ImageObject","inLanguage":"es-AR","@id":"https:\/\/www.diario21.tv\/noticias\/impactante-joven-de-23-anos-arrestado-por-asesinato-en-barakaldo\/#primaryimage","url":"https:\/\/www.diario21.tv\/noticias\/wp-content\/uploads\/2025\/05\/\u00a1Impactante-Joven-de-23-anos-arrestado-por-asesinato-en-Barakaldo.jpg","contentUrl":"https:\/\/www.diario21.tv\/noticias\/wp-content\/uploads\/2025\/05\/\u00a1Impactante-Joven-de-23-anos-arrestado-por-asesinato-en-Barakaldo.jpg","width":1200,"height":840,"caption":"Detenido un joven de 23 a\u00f1os por matar a otro en Barakaldo"},{"@type":"BreadcrumbList","@id":"https:\/\/www.diario21.tv\/noticias\/impactante-joven-de-23-anos-arrestado-por-asesinato-en-barakaldo\/#breadcrumb","itemListElement":[{"@type":"ListItem","position":1,"name":"Accueil","item":"https:\/\/www.diario21.tv\/noticias\/"},{"@type":"ListItem","position":2,"name":"\u00a1Impactante! Joven de 23 a\u00f1os arrestado por asesinato en Barakaldo"}]},{"@type":"WebSite","@id":"https:\/\/www.diario21.tv\/noticias\/#website","url":"https:\/\/www.diario21.tv\/noticias\/","name":"Diario 21","description":"","potentialAction":[{"@type":"SearchAction","target":{"@type":"EntryPoint","urlTemplate":"https:\/\/www.diario21.tv\/noticias\/?s={search_term_string}"},"query-input":{"@type":"PropertyValueSpecification","valueRequired":true,"valueName":"search_term_string"}}],"inLanguage":"es-AR"},{"@type":"Person","@id":"https:\/\/www.diario21.tv\/noticias\/#\/schema\/person\/dfb778f73814d8f09f302618446a526b","name":"Juan P\u00e9rez","image":{"@type":"ImageObject","inLanguage":"es-AR","@id":"https:\/\/www.diario21.tv\/noticias\/#\/schema\/person\/image\/","url":"https:\/\/secure.gravatar.com\/avatar\/c478a405bd10621167f4c3167cc770f5?s=96&d=mm&r=g","contentUrl":"https:\/\/secure.gravatar.com\/avatar\/c478a405bd10621167f4c3167cc770f5?s=96&d=mm&r=g","caption":"Juan P\u00e9rez"},"description":"Juan P\u00e9rez es el redactor en jefe de Diario 21. Con m\u00e1s de 10 a\u00f1os de experiencia en el periodismo, se especializa en pol\u00edtica nacional y an\u00e1lisis socioecon\u00f3mico. Su enfoque cr\u00edtico y riguroso aporta una perspectiva \u00fanica a cada art\u00edculo.","sameAs":["https:\/\/www.diario21.tv\/noticias\/"],"url":"https:\/\/www.diario21.tv\/noticias\/author\/juan-perez\/"}]}},"_links":{"self":[{"href":"https:\/\/www.diario21.tv\/noticias\/wp-json\/wp\/v2\/posts\/3202"}],"collection":[{"href":"https:\/\/www.diario21.tv\/noticias\/wp-json\/wp\/v2\/posts"}],"about":[{"href":"https:\/\/www.diario21.tv\/noticias\/wp-json\/wp\/v2\/types\/post"}],"author":[{"embeddable":true,"href":"https:\/\/www.diario21.tv\/noticias\/wp-json\/wp\/v2\/users\/20"}],"replies":[{"embeddable":true,"href":"https:\/\/www.diario21.tv\/noticias\/wp-json\/wp\/v2\/comments?post=3202"}],"version-history":[{"count":1,"href":"https:\/\/www.diario21.tv\/noticias\/wp-json\/wp\/v2\/posts\/3202\/revisions"}],"predecessor-version":[{"id":3204,"href":"https:\/\/www.diario21.tv\/noticias\/wp-json\/wp\/v2\/posts\/3202\/revisions\/3204"}],"wp:featuredmedia":[{"embeddable":true,"href":"https:\/\/www.diario21.tv\/noticias\/wp-json\/wp\/v2\/media\/3203"}],"wp:attachment":[{"href":"https:\/\/www.diario21.tv\/noticias\/wp-json\/wp\/v2\/media?parent=3202"}],"wp:term":[{"taxonomy":"category","embeddable":true,"href":"https:\/\/www.diario21.tv\/noticias\/wp-json\/wp\/v2\/categories?post=3202"},{"taxonomy":"post_tag","embeddable":true,"href":"https:\/\/www.diario21.tv\/noticias\/wp-json\/wp\/v2\/tags?post=3202"}],"curies":[{"name":"wp","href":"https:\/\/api.w.org\/{rel}","templated":true}]}}