{"id":3193,"date":"2025-05-20T13:26:22","date_gmt":"2025-05-20T13:26:22","guid":{"rendered":"https:\/\/www.diario21.tv\/noticias\/impactante-hombre-abatido-por-la-policia-en-violento-intento-de-robo-en-aeropuerto-de-gran-canaria\/"},"modified":"2025-05-20T13:26:24","modified_gmt":"2025-05-20T13:26:24","slug":"impactante-hombre-abatido-por-la-policia-en-violento-intento-de-robo-en-aeropuerto-de-gran-canaria","status":"publish","type":"post","link":"https:\/\/www.diario21.tv\/noticias\/impactante-hombre-abatido-por-la-policia-en-violento-intento-de-robo-en-aeropuerto-de-gran-canaria\/","title":{"rendered":"\u00a1Impactante! Hombre abatido por la polic\u00eda en violento intento de robo en Aeropuerto de Gran Canaria"},"content":{"rendered":"<h2>Un Asaltante es Neutralizado por la Polic\u00eda en el Aeropuerto de Gran Canaria<\/h2>\n<p>En un incidente alarmante en el Aeropuerto de Gran Canaria, las fuerzas del orden tuvieron que intervenir de manera decisiva despu\u00e9s de que un hombre intentara cometer un robo utilizando la violencia. Este suceso provoc\u00f3 una r\u00e1pida respuesta por parte de la Polic\u00eda, quienes se vieron obligados a disparar al sospechoso para neutralizar la amenaza.<\/p>\n<h3>Detalles del Confrontamiento<\/h3>\n<p>El incidente comenz\u00f3 cuando el individuo, cuya identidad no ha sido revelada, intent\u00f3 robar en una de las instalaciones del aeropuerto. Seg\u00fan los informes preliminares, el hombre mostr\u00f3 un comportamiento extremadamente agresivo y amenazante, lo que llev\u00f3 a una intervenci\u00f3n inmediata de la seguridad del aeropuerto. Al escalar la situaci\u00f3n, los agentes de la Polic\u00eda Nacional fueron llamados al lugar.<\/p>\n<p>Cuando llegaron, encontraron al hombre en un estado altamente agitado y portando lo que parec\u00eda ser un arma. A pesar de los m\u00faltiples intentos de calmar la situaci\u00f3n y negociar una resoluci\u00f3n pac\u00edfica, el sospechoso se mostr\u00f3 irracional y continu\u00f3 haciendo amenazas. En un punto cr\u00edtico, y como \u00faltimo recurso, los oficiales dispararon al asaltante, resultando en su muerte en el acto.<\/p>\n<h3>Investigaci\u00f3n en Curso<\/h3>\n<p>Tras el incidente, se ha iniciado una investigaci\u00f3n exhaustiva para determinar los detalles exactos de lo sucedido y evaluar la respuesta de la polic\u00eda. Este protocolo est\u00e1ndar busca asegurar la transparencia y determinar si la acci\u00f3n tomada fue apropiada dadas las circunstancias.<\/p>\n<p>El \u00e1rea donde ocurri\u00f3 el incidente fue acordonada por la polic\u00eda, y se solicit\u00f3 a los testigos que proporcionaran sus relatos de los eventos. Adem\u00e1s, se est\u00e1n revisando las grabaciones de las c\u00e1maras de seguridad para obtener una imagen completa del suceso.<\/p>\n<h3>Reacciones y Consecuencias<\/h3>\n<p>Este evento ha provocado una serie de reacciones entre los viajeros y el personal del aeropuerto. Mientras que algunos comprenden la r\u00e1pida acci\u00f3n de la polic\u00eda como una medida necesaria para garantizar la seguridad, otros est\u00e1n perturbados por la severidad del desenlace.<\/p>\n<p>Las autoridades del aeropuerto han emitido un comunicado asegurando al p\u00fablico que la seguridad es su m\u00e1xima prioridad y que se tomar\u00e1n todas las medidas necesarias para proteger a los pasajeros y al personal. Adem\u00e1s, se ha ofrecido asistencia psicol\u00f3gica a quienes presenciaron el incidente o fueron afectados por \u00e9l de alguna manera.<\/p>\n<p>Este tr\u00e1gico incidente ha puesto de relieve la tensi\u00f3n y los desaf\u00edos que enfrentan las fuerzas del orden en situaciones de alta presi\u00f3n y la importancia de las t\u00e1cticas de desescalada en la gesti\u00f3n de crisis. A medida que la comunidad espera m\u00e1s respuestas, la esperanza es que este evento conduzca a una evaluaci\u00f3n y potencial mejora en los protocolos de seguridad y respuesta policial en situaciones similares en el futuro.<\/p>\n\n\n<div class=\"kk-star-ratings kksr-auto kksr-align-left kksr-valign-bottom\"\n    data-payload='{&quot;align&quot;:&quot;left&quot;,&quot;id&quot;:&quot;3193&quot;,&quot;slug&quot;:&quot;default&quot;,&quot;valign&quot;:&quot;bottom&quot;,&quot;ignore&quot;:&quot;&quot;,&quot;reference&quot;:&quot;auto&quot;,&quot;class&quot;:&quot;&quot;,&quot;count&quot;:&quot;0&quot;,&quot;legendonly&quot;:&quot;&quot;,&quot;readonly&quot;:&quot;&quot;,&quot;score&quot;:&quot;0&quot;,&quot;starsonly&quot;:&quot;&quot;,&quot;best&quot;:&quot;5&quot;,&quot;gap&quot;:&quot;5&quot;,&quot;greet&quot;:&quot;Valora este post&quot;,&quot;legend&quot;:&quot;0\\\/5 - (0 votes)&quot;,&quot;size&quot;:&quot;22&quot;,&quot;title&quot;:&quot;\u00a1Impactante! Hombre abatido por la polic\u00eda en violento intento de robo en Aeropuerto de Gran Canaria&quot;,&quot;width&quot;:&quot;0&quot;,&quot;_legend&quot;:&quot;{score}\\\/{best} - ({count} {votes})&quot;,&quot;font_factor&quot;:&quot;1.25&quot;}'>\n            \n<div class=\"kksr-stars\">\n    \n<div class=\"kksr-stars-inactive\">\n            <div class=\"kksr-star\" data-star=\"1\" style=\"padding-right: 5px\">\n            \n\n<div class=\"kksr-icon\" style=\"width: 22px; height: 22px;\"><\/div>\n        <\/div>\n            <div class=\"kksr-star\" data-star=\"2\" style=\"padding-right: 5px\">\n            \n\n<div class=\"kksr-icon\" style=\"width: 22px; height: 22px;\"><\/div>\n        <\/div>\n            <div class=\"kksr-star\" data-star=\"3\" style=\"padding-right: 5px\">\n            \n\n<div class=\"kksr-icon\" style=\"width: 22px; height: 22px;\"><\/div>\n        <\/div>\n            <div class=\"kksr-star\" data-star=\"4\" style=\"padding-right: 5px\">\n            \n\n<div class=\"kksr-icon\" style=\"width: 22px; height: 22px;\"><\/div>\n        <\/div>\n            <div class=\"kksr-star\" data-star=\"5\" style=\"padding-right: 5px\">\n            \n\n<div class=\"kksr-icon\" style=\"width: 22px; height: 22px;\"><\/div>\n        <\/div>\n    <\/div>\n    \n<div class=\"kksr-stars-active\" style=\"width: 0px;\">\n            <div class=\"kksr-star\" style=\"padding-right: 5px\">\n            \n\n<div class=\"kksr-icon\" style=\"width: 22px; height: 22px;\"><\/div>\n        <\/div>\n            <div class=\"kksr-star\" style=\"padding-right: 5px\">\n            \n\n<div class=\"kksr-icon\" style=\"width: 22px; height: 22px;\"><\/div>\n        <\/div>\n            <div class=\"kksr-star\" style=\"padding-right: 5px\">\n            \n\n<div class=\"kksr-icon\" style=\"width: 22px; height: 22px;\"><\/div>\n        <\/div>\n            <div class=\"kksr-star\" style=\"padding-right: 5px\">\n            \n\n<div class=\"kksr-icon\" style=\"width: 22px; height: 22px;\"><\/div>\n        <\/div>\n            <div class=\"kksr-star\" style=\"padding-right: 5px\">\n            \n\n<div class=\"kksr-icon\" style=\"width: 22px; height: 22px;\"><\/div>\n        <\/div>\n    <\/div>\n<\/div>\n                \n\n<div class=\"kksr-legend\" style=\"font-size: 17.6px;\">\n            <span class=\"kksr-muted\">Valora este post<\/span>\n    <\/div>\n    <\/div>\n","protected":false},"excerpt":{"rendered":"<p>Un Asaltante es Neutralizado por la Polic\u00eda en el Aeropuerto de Gran Canaria En un incidente alarmante en el Aeropuerto de Gran Canaria, las fuerzas del &#8230; <a title=\"\u00a1Impactante! Hombre abatido por la polic\u00eda en violento intento de robo en Aeropuerto de Gran Canaria\" class=\"read-more\" href=\"https:\/\/www.diario21.tv\/noticias\/impactante-hombre-abatido-por-la-policia-en-violento-intento-de-robo-en-aeropuerto-de-gran-canaria\/\" aria-label=\"Leer m\u00e1s sobre \u00a1Impactante! Hombre abatido por la polic\u00eda en violento intento de robo en Aeropuerto de Gran Canaria\">Seguir leyendo &rarr;<\/a><\/p>\n","protected":false},"author":20,"featured_media":3194,"comment_status":"open","ping_status":"open","sticky":false,"template":"","format":"standard","meta":{"footnotes":""},"categories":[13],"tags":[],"class_list":["post-3193","post","type-post","status-publish","format-standard","has-post-thumbnail","hentry","category-portada"],"yoast_head":"<!-- This site is optimized with the Yoast SEO plugin v25.6 - https:\/\/yoast.com\/wordpress\/plugins\/seo\/ -->\n<title>\u00a1Impactante! Hombre abatido por la polic\u00eda en violento intento de robo en Aeropuerto de Gran Canaria - Diario 21<\/title>\n<meta name=\"robots\" content=\"index, follow, max-snippet:-1, max-image-preview:large, max-video-preview:-1\" \/>\n<link rel=\"canonical\" href=\"https:\/\/www.diario21.tv\/noticias\/impactante-hombre-abatido-por-la-policia-en-violento-intento-de-robo-en-aeropuerto-de-gran-canaria\/\" \/>\n<meta property=\"og:locale\" content=\"es_ES\" \/>\n<meta property=\"og:type\" content=\"article\" \/>\n<meta property=\"og:title\" content=\"\u00a1Impactante! Hombre abatido por la polic\u00eda en violento intento de robo en Aeropuerto de Gran Canaria - Diario 21\" \/>\n<meta property=\"og:description\" content=\"Un Asaltante es Neutralizado por la Polic\u00eda en el Aeropuerto de Gran Canaria En un incidente alarmante en el Aeropuerto de Gran Canaria, las fuerzas del ... Seguir leyendo &rarr;\" \/>\n<meta property=\"og:url\" content=\"https:\/\/www.diario21.tv\/noticias\/impactante-hombre-abatido-por-la-policia-en-violento-intento-de-robo-en-aeropuerto-de-gran-canaria\/\" \/>\n<meta property=\"og:site_name\" content=\"Diario 21\" \/>\n<meta property=\"article:published_time\" content=\"2025-05-20T13:26:22+00:00\" \/>\n<meta property=\"article:modified_time\" content=\"2025-05-20T13:26:24+00:00\" \/>\n<meta property=\"og:image\" content=\"https:\/\/www.diario21.tv\/noticias\/wp-content\/uploads\/2025\/05\/\u00a1Impactante-Hombre-abatido-por-la-policia-en-violento-intento-de.jpg\" \/>\n\t<meta property=\"og:image:width\" content=\"1200\" \/>\n\t<meta property=\"og:image:height\" content=\"840\" \/>\n\t<meta property=\"og:image:type\" content=\"image\/jpeg\" \/>\n<meta name=\"author\" content=\"Juan P\u00e9rez\" \/>\n<meta name=\"twitter:card\" content=\"summary_large_image\" \/>\n<meta name=\"twitter:label1\" content=\"Escrito por\" \/>\n\t<meta name=\"twitter:data1\" content=\"Juan P\u00e9rez\" \/>\n\t<meta name=\"twitter:label2\" content=\"Tiempo de lectura\" \/>\n\t<meta name=\"twitter:data2\" content=\"2 minutos\" \/>\n<script type=\"application\/ld+json\" class=\"yoast-schema-graph\">{\"@context\":\"https:\/\/schema.org\",\"@graph\":[{\"@type\":\"WebPage\",\"@id\":\"https:\/\/www.diario21.tv\/noticias\/impactante-hombre-abatido-por-la-policia-en-violento-intento-de-robo-en-aeropuerto-de-gran-canaria\/\",\"url\":\"https:\/\/www.diario21.tv\/noticias\/impactante-hombre-abatido-por-la-policia-en-violento-intento-de-robo-en-aeropuerto-de-gran-canaria\/\",\"name\":\"\u00a1Impactante! Hombre abatido por la polic\u00eda en violento intento de robo en Aeropuerto de Gran Canaria - Diario 21\",\"isPartOf\":{\"@id\":\"https:\/\/www.diario21.tv\/noticias\/#website\"},\"primaryImageOfPage\":{\"@id\":\"https:\/\/www.diario21.tv\/noticias\/impactante-hombre-abatido-por-la-policia-en-violento-intento-de-robo-en-aeropuerto-de-gran-canaria\/#primaryimage\"},\"image\":{\"@id\":\"https:\/\/www.diario21.tv\/noticias\/impactante-hombre-abatido-por-la-policia-en-violento-intento-de-robo-en-aeropuerto-de-gran-canaria\/#primaryimage\"},\"thumbnailUrl\":\"https:\/\/www.diario21.tv\/noticias\/wp-content\/uploads\/2025\/05\/\u00a1Impactante-Hombre-abatido-por-la-policia-en-violento-intento-de.jpg\",\"datePublished\":\"2025-05-20T13:26:22+00:00\",\"dateModified\":\"2025-05-20T13:26:24+00:00\",\"author\":{\"@id\":\"https:\/\/www.diario21.tv\/noticias\/#\/schema\/person\/dfb778f73814d8f09f302618446a526b\"},\"breadcrumb\":{\"@id\":\"https:\/\/www.diario21.tv\/noticias\/impactante-hombre-abatido-por-la-policia-en-violento-intento-de-robo-en-aeropuerto-de-gran-canaria\/#breadcrumb\"},\"inLanguage\":\"es-AR\",\"potentialAction\":[{\"@type\":\"ReadAction\",\"target\":[\"https:\/\/www.diario21.tv\/noticias\/impactante-hombre-abatido-por-la-policia-en-violento-intento-de-robo-en-aeropuerto-de-gran-canaria\/\"]}]},{\"@type\":\"ImageObject\",\"inLanguage\":\"es-AR\",\"@id\":\"https:\/\/www.diario21.tv\/noticias\/impactante-hombre-abatido-por-la-policia-en-violento-intento-de-robo-en-aeropuerto-de-gran-canaria\/#primaryimage\",\"url\":\"https:\/\/www.diario21.tv\/noticias\/wp-content\/uploads\/2025\/05\/\u00a1Impactante-Hombre-abatido-por-la-policia-en-violento-intento-de.jpg\",\"contentUrl\":\"https:\/\/www.diario21.tv\/noticias\/wp-content\/uploads\/2025\/05\/\u00a1Impactante-Hombre-abatido-por-la-policia-en-violento-intento-de.jpg\",\"width\":1200,\"height\":840,\"caption\":\"La Polic\u00eda abate a tiros a un hombre tras un intento de robo con violencia en el Aeropuerto de Gran Canaria\"},{\"@type\":\"BreadcrumbList\",\"@id\":\"https:\/\/www.diario21.tv\/noticias\/impactante-hombre-abatido-por-la-policia-en-violento-intento-de-robo-en-aeropuerto-de-gran-canaria\/#breadcrumb\",\"itemListElement\":[{\"@type\":\"ListItem\",\"position\":1,\"name\":\"Accueil\",\"item\":\"https:\/\/www.diario21.tv\/noticias\/\"},{\"@type\":\"ListItem\",\"position\":2,\"name\":\"\u00a1Impactante! Hombre abatido por la polic\u00eda en violento intento de robo en Aeropuerto de Gran Canaria\"}]},{\"@type\":\"WebSite\",\"@id\":\"https:\/\/www.diario21.tv\/noticias\/#website\",\"url\":\"https:\/\/www.diario21.tv\/noticias\/\",\"name\":\"Diario 21\",\"description\":\"\",\"potentialAction\":[{\"@type\":\"SearchAction\",\"target\":{\"@type\":\"EntryPoint\",\"urlTemplate\":\"https:\/\/www.diario21.tv\/noticias\/?s={search_term_string}\"},\"query-input\":{\"@type\":\"PropertyValueSpecification\",\"valueRequired\":true,\"valueName\":\"search_term_string\"}}],\"inLanguage\":\"es-AR\"},{\"@type\":\"Person\",\"@id\":\"https:\/\/www.diario21.tv\/noticias\/#\/schema\/person\/dfb778f73814d8f09f302618446a526b\",\"name\":\"Juan P\u00e9rez\",\"image\":{\"@type\":\"ImageObject\",\"inLanguage\":\"es-AR\",\"@id\":\"https:\/\/www.diario21.tv\/noticias\/#\/schema\/person\/image\/\",\"url\":\"https:\/\/secure.gravatar.com\/avatar\/c478a405bd10621167f4c3167cc770f5?s=96&d=mm&r=g\",\"contentUrl\":\"https:\/\/secure.gravatar.com\/avatar\/c478a405bd10621167f4c3167cc770f5?s=96&d=mm&r=g\",\"caption\":\"Juan P\u00e9rez\"},\"description\":\"Juan P\u00e9rez es el redactor en jefe de Diario 21. Con m\u00e1s de 10 a\u00f1os de experiencia en el periodismo, se especializa en pol\u00edtica nacional y an\u00e1lisis socioecon\u00f3mico. Su enfoque cr\u00edtico y riguroso aporta una perspectiva \u00fanica a cada art\u00edculo.\",\"sameAs\":[\"https:\/\/www.diario21.tv\/noticias\/\"],\"url\":\"https:\/\/www.diario21.tv\/noticias\/author\/juan-perez\/\"}]}<\/script>\n<!-- \/ Yoast SEO plugin. -->","yoast_head_json":{"title":"\u00a1Impactante! Hombre abatido por la polic\u00eda en violento intento de robo en Aeropuerto de Gran Canaria - Diario 21","robots":{"index":"index","follow":"follow","max-snippet":"max-snippet:-1","max-image-preview":"max-image-preview:large","max-video-preview":"max-video-preview:-1"},"canonical":"https:\/\/www.diario21.tv\/noticias\/impactante-hombre-abatido-por-la-policia-en-violento-intento-de-robo-en-aeropuerto-de-gran-canaria\/","og_locale":"es_ES","og_type":"article","og_title":"\u00a1Impactante! Hombre abatido por la polic\u00eda en violento intento de robo en Aeropuerto de Gran Canaria - Diario 21","og_description":"Un Asaltante es Neutralizado por la Polic\u00eda en el Aeropuerto de Gran Canaria En un incidente alarmante en el Aeropuerto de Gran Canaria, las fuerzas del ... Seguir leyendo &rarr;","og_url":"https:\/\/www.diario21.tv\/noticias\/impactante-hombre-abatido-por-la-policia-en-violento-intento-de-robo-en-aeropuerto-de-gran-canaria\/","og_site_name":"Diario 21","article_published_time":"2025-05-20T13:26:22+00:00","article_modified_time":"2025-05-20T13:26:24+00:00","og_image":[{"width":1200,"height":840,"url":"https:\/\/www.diario21.tv\/noticias\/wp-content\/uploads\/2025\/05\/\u00a1Impactante-Hombre-abatido-por-la-policia-en-violento-intento-de.jpg","type":"image\/jpeg"}],"author":"Juan P\u00e9rez","twitter_card":"summary_large_image","twitter_misc":{"Escrito por":"Juan P\u00e9rez","Tiempo de lectura":"2 minutos"},"schema":{"@context":"https:\/\/schema.org","@graph":[{"@type":"WebPage","@id":"https:\/\/www.diario21.tv\/noticias\/impactante-hombre-abatido-por-la-policia-en-violento-intento-de-robo-en-aeropuerto-de-gran-canaria\/","url":"https:\/\/www.diario21.tv\/noticias\/impactante-hombre-abatido-por-la-policia-en-violento-intento-de-robo-en-aeropuerto-de-gran-canaria\/","name":"\u00a1Impactante! Hombre abatido por la polic\u00eda en violento intento de robo en Aeropuerto de Gran Canaria - Diario 21","isPartOf":{"@id":"https:\/\/www.diario21.tv\/noticias\/#website"},"primaryImageOfPage":{"@id":"https:\/\/www.diario21.tv\/noticias\/impactante-hombre-abatido-por-la-policia-en-violento-intento-de-robo-en-aeropuerto-de-gran-canaria\/#primaryimage"},"image":{"@id":"https:\/\/www.diario21.tv\/noticias\/impactante-hombre-abatido-por-la-policia-en-violento-intento-de-robo-en-aeropuerto-de-gran-canaria\/#primaryimage"},"thumbnailUrl":"https:\/\/www.diario21.tv\/noticias\/wp-content\/uploads\/2025\/05\/\u00a1Impactante-Hombre-abatido-por-la-policia-en-violento-intento-de.jpg","datePublished":"2025-05-20T13:26:22+00:00","dateModified":"2025-05-20T13:26:24+00:00","author":{"@id":"https:\/\/www.diario21.tv\/noticias\/#\/schema\/person\/dfb778f73814d8f09f302618446a526b"},"breadcrumb":{"@id":"https:\/\/www.diario21.tv\/noticias\/impactante-hombre-abatido-por-la-policia-en-violento-intento-de-robo-en-aeropuerto-de-gran-canaria\/#breadcrumb"},"inLanguage":"es-AR","potentialAction":[{"@type":"ReadAction","target":["https:\/\/www.diario21.tv\/noticias\/impactante-hombre-abatido-por-la-policia-en-violento-intento-de-robo-en-aeropuerto-de-gran-canaria\/"]}]},{"@type":"ImageObject","inLanguage":"es-AR","@id":"https:\/\/www.diario21.tv\/noticias\/impactante-hombre-abatido-por-la-policia-en-violento-intento-de-robo-en-aeropuerto-de-gran-canaria\/#primaryimage","url":"https:\/\/www.diario21.tv\/noticias\/wp-content\/uploads\/2025\/05\/\u00a1Impactante-Hombre-abatido-por-la-policia-en-violento-intento-de.jpg","contentUrl":"https:\/\/www.diario21.tv\/noticias\/wp-content\/uploads\/2025\/05\/\u00a1Impactante-Hombre-abatido-por-la-policia-en-violento-intento-de.jpg","width":1200,"height":840,"caption":"La Polic\u00eda abate a tiros a un hombre tras un intento de robo con violencia en el Aeropuerto de Gran Canaria"},{"@type":"BreadcrumbList","@id":"https:\/\/www.diario21.tv\/noticias\/impactante-hombre-abatido-por-la-policia-en-violento-intento-de-robo-en-aeropuerto-de-gran-canaria\/#breadcrumb","itemListElement":[{"@type":"ListItem","position":1,"name":"Accueil","item":"https:\/\/www.diario21.tv\/noticias\/"},{"@type":"ListItem","position":2,"name":"\u00a1Impactante! Hombre abatido por la polic\u00eda en violento intento de robo en Aeropuerto de Gran Canaria"}]},{"@type":"WebSite","@id":"https:\/\/www.diario21.tv\/noticias\/#website","url":"https:\/\/www.diario21.tv\/noticias\/","name":"Diario 21","description":"","potentialAction":[{"@type":"SearchAction","target":{"@type":"EntryPoint","urlTemplate":"https:\/\/www.diario21.tv\/noticias\/?s={search_term_string}"},"query-input":{"@type":"PropertyValueSpecification","valueRequired":true,"valueName":"search_term_string"}}],"inLanguage":"es-AR"},{"@type":"Person","@id":"https:\/\/www.diario21.tv\/noticias\/#\/schema\/person\/dfb778f73814d8f09f302618446a526b","name":"Juan P\u00e9rez","image":{"@type":"ImageObject","inLanguage":"es-AR","@id":"https:\/\/www.diario21.tv\/noticias\/#\/schema\/person\/image\/","url":"https:\/\/secure.gravatar.com\/avatar\/c478a405bd10621167f4c3167cc770f5?s=96&d=mm&r=g","contentUrl":"https:\/\/secure.gravatar.com\/avatar\/c478a405bd10621167f4c3167cc770f5?s=96&d=mm&r=g","caption":"Juan P\u00e9rez"},"description":"Juan P\u00e9rez es el redactor en jefe de Diario 21. Con m\u00e1s de 10 a\u00f1os de experiencia en el periodismo, se especializa en pol\u00edtica nacional y an\u00e1lisis socioecon\u00f3mico. Su enfoque cr\u00edtico y riguroso aporta una perspectiva \u00fanica a cada art\u00edculo.","sameAs":["https:\/\/www.diario21.tv\/noticias\/"],"url":"https:\/\/www.diario21.tv\/noticias\/author\/juan-perez\/"}]}},"_links":{"self":[{"href":"https:\/\/www.diario21.tv\/noticias\/wp-json\/wp\/v2\/posts\/3193"}],"collection":[{"href":"https:\/\/www.diario21.tv\/noticias\/wp-json\/wp\/v2\/posts"}],"about":[{"href":"https:\/\/www.diario21.tv\/noticias\/wp-json\/wp\/v2\/types\/post"}],"author":[{"embeddable":true,"href":"https:\/\/www.diario21.tv\/noticias\/wp-json\/wp\/v2\/users\/20"}],"replies":[{"embeddable":true,"href":"https:\/\/www.diario21.tv\/noticias\/wp-json\/wp\/v2\/comments?post=3193"}],"version-history":[{"count":1,"href":"https:\/\/www.diario21.tv\/noticias\/wp-json\/wp\/v2\/posts\/3193\/revisions"}],"predecessor-version":[{"id":3195,"href":"https:\/\/www.diario21.tv\/noticias\/wp-json\/wp\/v2\/posts\/3193\/revisions\/3195"}],"wp:featuredmedia":[{"embeddable":true,"href":"https:\/\/www.diario21.tv\/noticias\/wp-json\/wp\/v2\/media\/3194"}],"wp:attachment":[{"href":"https:\/\/www.diario21.tv\/noticias\/wp-json\/wp\/v2\/media?parent=3193"}],"wp:term":[{"taxonomy":"category","embeddable":true,"href":"https:\/\/www.diario21.tv\/noticias\/wp-json\/wp\/v2\/categories?post=3193"},{"taxonomy":"post_tag","embeddable":true,"href":"https:\/\/www.diario21.tv\/noticias\/wp-json\/wp\/v2\/tags?post=3193"}],"curies":[{"name":"wp","href":"https:\/\/api.w.org\/{rel}","templated":true}]}}