{"id":3178,"date":"2025-05-19T07:13:10","date_gmt":"2025-05-19T07:13:10","guid":{"rendered":"https:\/\/www.diario21.tv\/noticias\/impactante-mas-de-400-sin-techo-refugiados-en-barajas-durante-la-noche\/"},"modified":"2025-05-19T07:13:12","modified_gmt":"2025-05-19T07:13:12","slug":"impactante-mas-de-400-sin-techo-refugiados-en-barajas-durante-la-noche","status":"publish","type":"post","link":"https:\/\/www.diario21.tv\/noticias\/impactante-mas-de-400-sin-techo-refugiados-en-barajas-durante-la-noche\/","title":{"rendered":"\u00a1Impactante! M\u00e1s de 400 sin techo refugiados en Barajas durante la noche"},"content":{"rendered":"<h2>M\u00e1s de 400 Personas Desamparadas Se Refugian en el Aeropuerto de Barajas<\/h2>\n<p>En una noche fr\u00eda y sombr\u00eda, m\u00e1s de 400 personas que no tienen hogar encontraron refugio en el Aeropuerto Adolfo Su\u00e1rez Madrid-Barajas. El incremento en el n\u00famero de personas sin techo que buscan refugio en instalaciones como esta se ha hecho m\u00e1s evidente en los \u00faltimos tiempos.<\/p>\n<h3>Una Noche en el Aeropuerto<\/h3>\n<p>Con las bajas temperaturas y las condiciones meteorol\u00f3gicas adversas, muchos de los que no tienen un lugar donde vivir optaron por pasar la noche en las diversas terminales del aeropuerto. Este lugar, conocido por ser uno de los m\u00e1s transitados de Europa, se ha convertido en un refugio temporal para aquellos que enfrentan la adversidad de no tener un techo propio.<\/p>\n<p>Los espacios amplios y climatizados del aeropuerto ofrecen un respiro temporal de las inclemencias del tiempo. Sin embargo, la estancia no es c\u00f3moda. Las bancas duras y los pisos fr\u00edos apenas proporcionan el alivio m\u00ednimo necesario para pasar la noche.<\/p>\n<h3>Respuesta de las Autoridades<\/h3>\n<p>Ante esta situaci\u00f3n, las autoridades aeroportuarias y los servicios sociales han tenido que aumentar sus esfuerzos para gestionar la creciente presencia de personas sin hogar en el aeropuerto. Se han organizado servicios de asistencia, incluyendo la distribuci\u00f3n de alimentos y bebidas calientes, para aliviar en algo las condiciones de estas personas.<\/p>\n<p>Adem\u00e1s, se est\u00e1n llevando a cabo reuniones para discutir soluciones a largo plazo que aborden el problema de la falta de vivienda de manera m\u00e1s efectiva y humana. Estas soluciones incluyen la posibilidad de crear m\u00e1s refugios y mejorar los servicios de apoyo existentes, para que los desamparados puedan tener acceso a mejores oportunidades y eventualmente reintegrarse a la sociedad.<\/p>\n<h3>Un Problema en Crecimiento<\/h3>\n<p>El fen\u00f3meno de personas sin hogar buscando refugio en lugares p\u00fablicos como aeropuertos no es exclusivo de Madrid. Ciudades de todo el mundo est\u00e1n observando tendencias similares, donde los m\u00e1s vulnerables buscan escapar de las duras realidades de la calle. Este problema refleja una crisis de vivienda que necesita atenci\u00f3n urgente a nivel global. <\/p>\n<p>El desaf\u00edo no solo reside en proporcionar refugio temporal, sino tambi\u00e9n en ofrecer soluciones sostenibles que prevengan que las personas terminen en la calle. Iniciativas que incluyan educaci\u00f3n, empleo, y atenci\u00f3n m\u00e9dica y psicol\u00f3gica son esenciales para abordar las ra\u00edces del problema.<\/p>\n<h3>Conclusi\u00f3n<\/h3>\n<p>La imagen de m\u00e1s de 400 personas durmiendo en un aeropuerto es un fuerte recordatorio de las dificultades que enfrentan los sin techo y de las deficiencias en los sistemas de apoyo social. Mientras las autoridades trabajan para encontrar soluciones duraderas, la comunidad debe unirse para ofrecer apoyo y compasi\u00f3n a quienes m\u00e1s lo necesitan. La situaci\u00f3n en Barajas es solo un reflejo de un problema mucho m\u00e1s amplio que requiere la atenci\u00f3n y el compromiso de todos para ser resuelto.<\/p>\n\n\n<div class=\"kk-star-ratings kksr-auto kksr-align-left kksr-valign-bottom\"\n    data-payload='{&quot;align&quot;:&quot;left&quot;,&quot;id&quot;:&quot;3178&quot;,&quot;slug&quot;:&quot;default&quot;,&quot;valign&quot;:&quot;bottom&quot;,&quot;ignore&quot;:&quot;&quot;,&quot;reference&quot;:&quot;auto&quot;,&quot;class&quot;:&quot;&quot;,&quot;count&quot;:&quot;0&quot;,&quot;legendonly&quot;:&quot;&quot;,&quot;readonly&quot;:&quot;&quot;,&quot;score&quot;:&quot;0&quot;,&quot;starsonly&quot;:&quot;&quot;,&quot;best&quot;:&quot;5&quot;,&quot;gap&quot;:&quot;5&quot;,&quot;greet&quot;:&quot;Valora este post&quot;,&quot;legend&quot;:&quot;0\\\/5 - (0 votes)&quot;,&quot;size&quot;:&quot;22&quot;,&quot;title&quot;:&quot;\u00a1Impactante! M\u00e1s de 400 sin techo refugiados en Barajas durante la noche&quot;,&quot;width&quot;:&quot;0&quot;,&quot;_legend&quot;:&quot;{score}\\\/{best} - ({count} {votes})&quot;,&quot;font_factor&quot;:&quot;1.25&quot;}'>\n            \n<div class=\"kksr-stars\">\n    \n<div class=\"kksr-stars-inactive\">\n            <div class=\"kksr-star\" data-star=\"1\" style=\"padding-right: 5px\">\n            \n\n<div class=\"kksr-icon\" style=\"width: 22px; height: 22px;\"><\/div>\n        <\/div>\n            <div class=\"kksr-star\" data-star=\"2\" style=\"padding-right: 5px\">\n            \n\n<div class=\"kksr-icon\" style=\"width: 22px; height: 22px;\"><\/div>\n        <\/div>\n            <div class=\"kksr-star\" data-star=\"3\" style=\"padding-right: 5px\">\n            \n\n<div class=\"kksr-icon\" style=\"width: 22px; height: 22px;\"><\/div>\n        <\/div>\n            <div class=\"kksr-star\" data-star=\"4\" style=\"padding-right: 5px\">\n            \n\n<div class=\"kksr-icon\" style=\"width: 22px; height: 22px;\"><\/div>\n        <\/div>\n            <div class=\"kksr-star\" data-star=\"5\" style=\"padding-right: 5px\">\n            \n\n<div class=\"kksr-icon\" style=\"width: 22px; height: 22px;\"><\/div>\n        <\/div>\n    <\/div>\n    \n<div class=\"kksr-stars-active\" style=\"width: 0px;\">\n            <div class=\"kksr-star\" style=\"padding-right: 5px\">\n            \n\n<div class=\"kksr-icon\" style=\"width: 22px; height: 22px;\"><\/div>\n        <\/div>\n            <div class=\"kksr-star\" style=\"padding-right: 5px\">\n            \n\n<div class=\"kksr-icon\" style=\"width: 22px; height: 22px;\"><\/div>\n        <\/div>\n            <div class=\"kksr-star\" style=\"padding-right: 5px\">\n            \n\n<div class=\"kksr-icon\" style=\"width: 22px; height: 22px;\"><\/div>\n        <\/div>\n            <div class=\"kksr-star\" style=\"padding-right: 5px\">\n            \n\n<div class=\"kksr-icon\" style=\"width: 22px; height: 22px;\"><\/div>\n        <\/div>\n            <div class=\"kksr-star\" style=\"padding-right: 5px\">\n            \n\n<div class=\"kksr-icon\" style=\"width: 22px; height: 22px;\"><\/div>\n        <\/div>\n    <\/div>\n<\/div>\n                \n\n<div class=\"kksr-legend\" style=\"font-size: 17.6px;\">\n            <span class=\"kksr-muted\">Valora este post<\/span>\n    <\/div>\n    <\/div>\n","protected":false},"excerpt":{"rendered":"<p>M\u00e1s de 400 Personas Desamparadas Se Refugian en el Aeropuerto de Barajas En una noche fr\u00eda y sombr\u00eda, m\u00e1s de 400 personas que no tienen hogar &#8230; <a title=\"\u00a1Impactante! M\u00e1s de 400 sin techo refugiados en Barajas durante la noche\" class=\"read-more\" href=\"https:\/\/www.diario21.tv\/noticias\/impactante-mas-de-400-sin-techo-refugiados-en-barajas-durante-la-noche\/\" aria-label=\"Leer m\u00e1s sobre \u00a1Impactante! M\u00e1s de 400 sin techo refugiados en Barajas durante la noche\">Seguir leyendo &rarr;<\/a><\/p>\n","protected":false},"author":20,"featured_media":3179,"comment_status":"open","ping_status":"open","sticky":false,"template":"","format":"standard","meta":{"footnotes":""},"categories":[13],"tags":[],"class_list":["post-3178","post","type-post","status-publish","format-standard","has-post-thumbnail","hentry","category-portada"],"yoast_head":"<!-- This site is optimized with the Yoast SEO plugin v25.6 - https:\/\/yoast.com\/wordpress\/plugins\/seo\/ -->\n<title>\u00a1Impactante! M\u00e1s de 400 sin techo refugiados en Barajas durante la noche - Diario 21<\/title>\n<meta name=\"robots\" content=\"index, follow, max-snippet:-1, max-image-preview:large, max-video-preview:-1\" \/>\n<link rel=\"canonical\" href=\"https:\/\/www.diario21.tv\/noticias\/impactante-mas-de-400-sin-techo-refugiados-en-barajas-durante-la-noche\/\" \/>\n<meta property=\"og:locale\" content=\"es_ES\" \/>\n<meta property=\"og:type\" content=\"article\" \/>\n<meta property=\"og:title\" content=\"\u00a1Impactante! M\u00e1s de 400 sin techo refugiados en Barajas durante la noche - Diario 21\" \/>\n<meta property=\"og:description\" content=\"M\u00e1s de 400 Personas Desamparadas Se Refugian en el Aeropuerto de Barajas En una noche fr\u00eda y sombr\u00eda, m\u00e1s de 400 personas que no tienen hogar ... Seguir leyendo &rarr;\" \/>\n<meta property=\"og:url\" content=\"https:\/\/www.diario21.tv\/noticias\/impactante-mas-de-400-sin-techo-refugiados-en-barajas-durante-la-noche\/\" \/>\n<meta property=\"og:site_name\" content=\"Diario 21\" \/>\n<meta property=\"article:published_time\" content=\"2025-05-19T07:13:10+00:00\" \/>\n<meta property=\"article:modified_time\" content=\"2025-05-19T07:13:12+00:00\" \/>\n<meta property=\"og:image\" content=\"https:\/\/www.diario21.tv\/noticias\/wp-content\/uploads\/2025\/05\/\u00a1Impactante-Mas-de-400-sin-techo-refugiados-en-Barajas-durante.jpg\" \/>\n\t<meta property=\"og:image:width\" content=\"1920\" \/>\n\t<meta property=\"og:image:height\" content=\"1080\" \/>\n\t<meta property=\"og:image:type\" content=\"image\/jpeg\" \/>\n<meta name=\"author\" content=\"Juan P\u00e9rez\" \/>\n<meta name=\"twitter:card\" content=\"summary_large_image\" \/>\n<meta name=\"twitter:label1\" content=\"Escrito por\" \/>\n\t<meta name=\"twitter:data1\" content=\"Juan P\u00e9rez\" \/>\n\t<meta name=\"twitter:label2\" content=\"Tiempo de lectura\" \/>\n\t<meta name=\"twitter:data2\" content=\"2 minutos\" \/>\n<script type=\"application\/ld+json\" class=\"yoast-schema-graph\">{\"@context\":\"https:\/\/schema.org\",\"@graph\":[{\"@type\":\"WebPage\",\"@id\":\"https:\/\/www.diario21.tv\/noticias\/impactante-mas-de-400-sin-techo-refugiados-en-barajas-durante-la-noche\/\",\"url\":\"https:\/\/www.diario21.tv\/noticias\/impactante-mas-de-400-sin-techo-refugiados-en-barajas-durante-la-noche\/\",\"name\":\"\u00a1Impactante! M\u00e1s de 400 sin techo refugiados en Barajas durante la noche - Diario 21\",\"isPartOf\":{\"@id\":\"https:\/\/www.diario21.tv\/noticias\/#website\"},\"primaryImageOfPage\":{\"@id\":\"https:\/\/www.diario21.tv\/noticias\/impactante-mas-de-400-sin-techo-refugiados-en-barajas-durante-la-noche\/#primaryimage\"},\"image\":{\"@id\":\"https:\/\/www.diario21.tv\/noticias\/impactante-mas-de-400-sin-techo-refugiados-en-barajas-durante-la-noche\/#primaryimage\"},\"thumbnailUrl\":\"https:\/\/www.diario21.tv\/noticias\/wp-content\/uploads\/2025\/05\/\u00a1Impactante-Mas-de-400-sin-techo-refugiados-en-Barajas-durante.jpg\",\"datePublished\":\"2025-05-19T07:13:10+00:00\",\"dateModified\":\"2025-05-19T07:13:12+00:00\",\"author\":{\"@id\":\"https:\/\/www.diario21.tv\/noticias\/#\/schema\/person\/dfb778f73814d8f09f302618446a526b\"},\"breadcrumb\":{\"@id\":\"https:\/\/www.diario21.tv\/noticias\/impactante-mas-de-400-sin-techo-refugiados-en-barajas-durante-la-noche\/#breadcrumb\"},\"inLanguage\":\"es-AR\",\"potentialAction\":[{\"@type\":\"ReadAction\",\"target\":[\"https:\/\/www.diario21.tv\/noticias\/impactante-mas-de-400-sin-techo-refugiados-en-barajas-durante-la-noche\/\"]}]},{\"@type\":\"ImageObject\",\"inLanguage\":\"es-AR\",\"@id\":\"https:\/\/www.diario21.tv\/noticias\/impactante-mas-de-400-sin-techo-refugiados-en-barajas-durante-la-noche\/#primaryimage\",\"url\":\"https:\/\/www.diario21.tv\/noticias\/wp-content\/uploads\/2025\/05\/\u00a1Impactante-Mas-de-400-sin-techo-refugiados-en-Barajas-durante.jpg\",\"contentUrl\":\"https:\/\/www.diario21.tv\/noticias\/wp-content\/uploads\/2025\/05\/\u00a1Impactante-Mas-de-400-sin-techo-refugiados-en-Barajas-durante.jpg\",\"width\":1920,\"height\":1080,\"caption\":\"Mas de 400 personas sin techo pasan la noche en Barajas\"},{\"@type\":\"BreadcrumbList\",\"@id\":\"https:\/\/www.diario21.tv\/noticias\/impactante-mas-de-400-sin-techo-refugiados-en-barajas-durante-la-noche\/#breadcrumb\",\"itemListElement\":[{\"@type\":\"ListItem\",\"position\":1,\"name\":\"Accueil\",\"item\":\"https:\/\/www.diario21.tv\/noticias\/\"},{\"@type\":\"ListItem\",\"position\":2,\"name\":\"\u00a1Impactante! M\u00e1s de 400 sin techo refugiados en Barajas durante la noche\"}]},{\"@type\":\"WebSite\",\"@id\":\"https:\/\/www.diario21.tv\/noticias\/#website\",\"url\":\"https:\/\/www.diario21.tv\/noticias\/\",\"name\":\"Diario 21\",\"description\":\"\",\"potentialAction\":[{\"@type\":\"SearchAction\",\"target\":{\"@type\":\"EntryPoint\",\"urlTemplate\":\"https:\/\/www.diario21.tv\/noticias\/?s={search_term_string}\"},\"query-input\":{\"@type\":\"PropertyValueSpecification\",\"valueRequired\":true,\"valueName\":\"search_term_string\"}}],\"inLanguage\":\"es-AR\"},{\"@type\":\"Person\",\"@id\":\"https:\/\/www.diario21.tv\/noticias\/#\/schema\/person\/dfb778f73814d8f09f302618446a526b\",\"name\":\"Juan P\u00e9rez\",\"image\":{\"@type\":\"ImageObject\",\"inLanguage\":\"es-AR\",\"@id\":\"https:\/\/www.diario21.tv\/noticias\/#\/schema\/person\/image\/\",\"url\":\"https:\/\/secure.gravatar.com\/avatar\/c478a405bd10621167f4c3167cc770f5?s=96&d=mm&r=g\",\"contentUrl\":\"https:\/\/secure.gravatar.com\/avatar\/c478a405bd10621167f4c3167cc770f5?s=96&d=mm&r=g\",\"caption\":\"Juan P\u00e9rez\"},\"description\":\"Juan P\u00e9rez es el redactor en jefe de Diario 21. Con m\u00e1s de 10 a\u00f1os de experiencia en el periodismo, se especializa en pol\u00edtica nacional y an\u00e1lisis socioecon\u00f3mico. Su enfoque cr\u00edtico y riguroso aporta una perspectiva \u00fanica a cada art\u00edculo.\",\"sameAs\":[\"https:\/\/www.diario21.tv\/noticias\/\"],\"url\":\"https:\/\/www.diario21.tv\/noticias\/author\/juan-perez\/\"}]}<\/script>\n<!-- \/ Yoast SEO plugin. -->","yoast_head_json":{"title":"\u00a1Impactante! M\u00e1s de 400 sin techo refugiados en Barajas durante la noche - Diario 21","robots":{"index":"index","follow":"follow","max-snippet":"max-snippet:-1","max-image-preview":"max-image-preview:large","max-video-preview":"max-video-preview:-1"},"canonical":"https:\/\/www.diario21.tv\/noticias\/impactante-mas-de-400-sin-techo-refugiados-en-barajas-durante-la-noche\/","og_locale":"es_ES","og_type":"article","og_title":"\u00a1Impactante! M\u00e1s de 400 sin techo refugiados en Barajas durante la noche - Diario 21","og_description":"M\u00e1s de 400 Personas Desamparadas Se Refugian en el Aeropuerto de Barajas En una noche fr\u00eda y sombr\u00eda, m\u00e1s de 400 personas que no tienen hogar ... Seguir leyendo &rarr;","og_url":"https:\/\/www.diario21.tv\/noticias\/impactante-mas-de-400-sin-techo-refugiados-en-barajas-durante-la-noche\/","og_site_name":"Diario 21","article_published_time":"2025-05-19T07:13:10+00:00","article_modified_time":"2025-05-19T07:13:12+00:00","og_image":[{"width":1920,"height":1080,"url":"https:\/\/www.diario21.tv\/noticias\/wp-content\/uploads\/2025\/05\/\u00a1Impactante-Mas-de-400-sin-techo-refugiados-en-Barajas-durante.jpg","type":"image\/jpeg"}],"author":"Juan P\u00e9rez","twitter_card":"summary_large_image","twitter_misc":{"Escrito por":"Juan P\u00e9rez","Tiempo de lectura":"2 minutos"},"schema":{"@context":"https:\/\/schema.org","@graph":[{"@type":"WebPage","@id":"https:\/\/www.diario21.tv\/noticias\/impactante-mas-de-400-sin-techo-refugiados-en-barajas-durante-la-noche\/","url":"https:\/\/www.diario21.tv\/noticias\/impactante-mas-de-400-sin-techo-refugiados-en-barajas-durante-la-noche\/","name":"\u00a1Impactante! M\u00e1s de 400 sin techo refugiados en Barajas durante la noche - Diario 21","isPartOf":{"@id":"https:\/\/www.diario21.tv\/noticias\/#website"},"primaryImageOfPage":{"@id":"https:\/\/www.diario21.tv\/noticias\/impactante-mas-de-400-sin-techo-refugiados-en-barajas-durante-la-noche\/#primaryimage"},"image":{"@id":"https:\/\/www.diario21.tv\/noticias\/impactante-mas-de-400-sin-techo-refugiados-en-barajas-durante-la-noche\/#primaryimage"},"thumbnailUrl":"https:\/\/www.diario21.tv\/noticias\/wp-content\/uploads\/2025\/05\/\u00a1Impactante-Mas-de-400-sin-techo-refugiados-en-Barajas-durante.jpg","datePublished":"2025-05-19T07:13:10+00:00","dateModified":"2025-05-19T07:13:12+00:00","author":{"@id":"https:\/\/www.diario21.tv\/noticias\/#\/schema\/person\/dfb778f73814d8f09f302618446a526b"},"breadcrumb":{"@id":"https:\/\/www.diario21.tv\/noticias\/impactante-mas-de-400-sin-techo-refugiados-en-barajas-durante-la-noche\/#breadcrumb"},"inLanguage":"es-AR","potentialAction":[{"@type":"ReadAction","target":["https:\/\/www.diario21.tv\/noticias\/impactante-mas-de-400-sin-techo-refugiados-en-barajas-durante-la-noche\/"]}]},{"@type":"ImageObject","inLanguage":"es-AR","@id":"https:\/\/www.diario21.tv\/noticias\/impactante-mas-de-400-sin-techo-refugiados-en-barajas-durante-la-noche\/#primaryimage","url":"https:\/\/www.diario21.tv\/noticias\/wp-content\/uploads\/2025\/05\/\u00a1Impactante-Mas-de-400-sin-techo-refugiados-en-Barajas-durante.jpg","contentUrl":"https:\/\/www.diario21.tv\/noticias\/wp-content\/uploads\/2025\/05\/\u00a1Impactante-Mas-de-400-sin-techo-refugiados-en-Barajas-durante.jpg","width":1920,"height":1080,"caption":"Mas de 400 personas sin techo pasan la noche en Barajas"},{"@type":"BreadcrumbList","@id":"https:\/\/www.diario21.tv\/noticias\/impactante-mas-de-400-sin-techo-refugiados-en-barajas-durante-la-noche\/#breadcrumb","itemListElement":[{"@type":"ListItem","position":1,"name":"Accueil","item":"https:\/\/www.diario21.tv\/noticias\/"},{"@type":"ListItem","position":2,"name":"\u00a1Impactante! M\u00e1s de 400 sin techo refugiados en Barajas durante la noche"}]},{"@type":"WebSite","@id":"https:\/\/www.diario21.tv\/noticias\/#website","url":"https:\/\/www.diario21.tv\/noticias\/","name":"Diario 21","description":"","potentialAction":[{"@type":"SearchAction","target":{"@type":"EntryPoint","urlTemplate":"https:\/\/www.diario21.tv\/noticias\/?s={search_term_string}"},"query-input":{"@type":"PropertyValueSpecification","valueRequired":true,"valueName":"search_term_string"}}],"inLanguage":"es-AR"},{"@type":"Person","@id":"https:\/\/www.diario21.tv\/noticias\/#\/schema\/person\/dfb778f73814d8f09f302618446a526b","name":"Juan P\u00e9rez","image":{"@type":"ImageObject","inLanguage":"es-AR","@id":"https:\/\/www.diario21.tv\/noticias\/#\/schema\/person\/image\/","url":"https:\/\/secure.gravatar.com\/avatar\/c478a405bd10621167f4c3167cc770f5?s=96&d=mm&r=g","contentUrl":"https:\/\/secure.gravatar.com\/avatar\/c478a405bd10621167f4c3167cc770f5?s=96&d=mm&r=g","caption":"Juan P\u00e9rez"},"description":"Juan P\u00e9rez es el redactor en jefe de Diario 21. Con m\u00e1s de 10 a\u00f1os de experiencia en el periodismo, se especializa en pol\u00edtica nacional y an\u00e1lisis socioecon\u00f3mico. Su enfoque cr\u00edtico y riguroso aporta una perspectiva \u00fanica a cada art\u00edculo.","sameAs":["https:\/\/www.diario21.tv\/noticias\/"],"url":"https:\/\/www.diario21.tv\/noticias\/author\/juan-perez\/"}]}},"_links":{"self":[{"href":"https:\/\/www.diario21.tv\/noticias\/wp-json\/wp\/v2\/posts\/3178"}],"collection":[{"href":"https:\/\/www.diario21.tv\/noticias\/wp-json\/wp\/v2\/posts"}],"about":[{"href":"https:\/\/www.diario21.tv\/noticias\/wp-json\/wp\/v2\/types\/post"}],"author":[{"embeddable":true,"href":"https:\/\/www.diario21.tv\/noticias\/wp-json\/wp\/v2\/users\/20"}],"replies":[{"embeddable":true,"href":"https:\/\/www.diario21.tv\/noticias\/wp-json\/wp\/v2\/comments?post=3178"}],"version-history":[{"count":1,"href":"https:\/\/www.diario21.tv\/noticias\/wp-json\/wp\/v2\/posts\/3178\/revisions"}],"predecessor-version":[{"id":3180,"href":"https:\/\/www.diario21.tv\/noticias\/wp-json\/wp\/v2\/posts\/3178\/revisions\/3180"}],"wp:featuredmedia":[{"embeddable":true,"href":"https:\/\/www.diario21.tv\/noticias\/wp-json\/wp\/v2\/media\/3179"}],"wp:attachment":[{"href":"https:\/\/www.diario21.tv\/noticias\/wp-json\/wp\/v2\/media?parent=3178"}],"wp:term":[{"taxonomy":"category","embeddable":true,"href":"https:\/\/www.diario21.tv\/noticias\/wp-json\/wp\/v2\/categories?post=3178"},{"taxonomy":"post_tag","embeddable":true,"href":"https:\/\/www.diario21.tv\/noticias\/wp-json\/wp\/v2\/tags?post=3178"}],"curies":[{"name":"wp","href":"https:\/\/api.w.org\/{rel}","templated":true}]}}