{"id":3169,"date":"2025-05-18T07:00:36","date_gmt":"2025-05-18T07:00:36","guid":{"rendered":"https:\/\/www.diario21.tv\/noticias\/alerta-en-sevilla-evacuacion-masiva-por-incendio-catastrofico-en-planta-quimica\/"},"modified":"2025-05-18T07:00:38","modified_gmt":"2025-05-18T07:00:38","slug":"alerta-en-sevilla-evacuacion-masiva-por-incendio-catastrofico-en-planta-quimica","status":"publish","type":"post","link":"https:\/\/www.diario21.tv\/noticias\/alerta-en-sevilla-evacuacion-masiva-por-incendio-catastrofico-en-planta-quimica\/","title":{"rendered":"\u00a1Alerta en Sevilla! Evacuaci\u00f3n masiva por incendio catastr\u00f3fico en planta qu\u00edmica"},"content":{"rendered":"<h2>Evacuaci\u00f3n de un \u00e1rea industrial en Sevilla debido a un incendio importante en una f\u00e1brica de productos qu\u00edmicos<\/h2>\n<p>Un incidente alarmante se produjo en una zona industrial de Sevilla, donde un incendio considerable oblig\u00f3 a la evacuaci\u00f3n de un pol\u00edgono debido a la amenaza que representaba un fuego iniciado en una instalaci\u00f3n qu\u00edmica. Las autoridades actuaron r\u00e1pidamente para controlar la situaci\u00f3n y evitar posibles da\u00f1os a la salud y el medio ambiente.<\/p>\n<h3>Inicio del Incendio<\/h3>\n<p>El fuego comenz\u00f3 en horas de la ma\u00f1ana, cuando se reportaron llamas intensas y una gran cantidad de humo emanando de una de las plantas qu\u00edmicas del pol\u00edgono. Aunque la causa exacta del incendio a\u00fan est\u00e1 bajo investigaci\u00f3n, los primeros informes sugieren que podr\u00eda haber sido provocado por una reacci\u00f3n qu\u00edmica peligrosa. Los trabajadores de la planta lograron evacuar el lugar sin que se reportaran heridos iniciales.<\/p>\n<h3>Respuesta de Emergencia<\/h3>\n<p>Los servicios de emergencia llegaron al lugar poco despu\u00e9s de que se diera la alarma. Bomberos especializados en sustancias qu\u00edmicas, junto con equipos de polic\u00eda y ambulancias, fueron desplegados para manejar la situaci\u00f3n. Se estableci\u00f3 un per\u00edmetro de seguridad para garantizar que el fuego no se propagara m\u00e1s all\u00e1 de la planta afectada.<\/p>\n<p>Las autoridades tambi\u00e9n monitorearon la calidad del aire debido a la posible liberaci\u00f3n de sustancias t\u00f3xicas. Aunque se confirm\u00f3 la presencia de algunos qu\u00edmicos nocivos en el aire, se asegur\u00f3 que no representaban un riesgo inmediato para las poblaciones circundantes, siempre y cuando se respetara el per\u00edmetro de seguridad.<\/p>\n<h3>Impacto en la Comunidad y Medidas Preventivas<\/h3>\n<p>La evacuaci\u00f3n del pol\u00edgono afect\u00f3 a varias empresas cercanas, causando una paralizaci\u00f3n temporal de sus actividades. Las autoridades locales establecieron centros de atenci\u00f3n para los evacuados y proporcionaron informaci\u00f3n actualizada a trav\u00e9s de varios canales para mantener al p\u00fablico informado y seguro.<\/p>\n<p>Se aconsej\u00f3 a los residentes de \u00e1reas aleda\u00f1as que evitaran acercarse al \u00e1rea afectada y que mantuvieran ventanas y puertas cerradas para evitar la inhalaci\u00f3n de humo o gases qu\u00edmicos. Las escuelas cercanas fueron cerradas como medida de precauci\u00f3n hasta que se declarara completamente seguro el retorno a la normalidad.<\/p>\n<h3>Investigaci\u00f3n y Consecuencias<\/h3>\n<p>Una vez controlado el incendio, comenz\u00f3 una investigaci\u00f3n exhaustiva para determinar la causa exacta del siniestro y evaluar los da\u00f1os a la infraestructura de la planta. Este an\u00e1lisis es crucial para implementar medidas que prevengan incidentes similares en el futuro y para entender mejor c\u00f3mo manejar este tipo de emergencias.<\/p>\n<p>La empresa propietaria de la planta se comprometi\u00f3 a colaborar plenamente con las autoridades y a realizar una revisi\u00f3n interna de sus protocolos de seguridad. Adem\u00e1s, se anunci\u00f3 que se ofrecer\u00eda apoyo a todos los empleados afectados por la evacuaci\u00f3n y el cierre temporal de las instalaciones.<\/p>\n<p>Este incidente sirve como un recordatorio cr\u00edtico de la importancia de la seguridad industrial y de la necesidad de estar preparados para responder efectivamente a emergencias, especialmente en \u00e1reas densamente industrializadas.<\/p>\n\n\n<div class=\"kk-star-ratings kksr-auto kksr-align-left kksr-valign-bottom\"\n    data-payload='{&quot;align&quot;:&quot;left&quot;,&quot;id&quot;:&quot;3169&quot;,&quot;slug&quot;:&quot;default&quot;,&quot;valign&quot;:&quot;bottom&quot;,&quot;ignore&quot;:&quot;&quot;,&quot;reference&quot;:&quot;auto&quot;,&quot;class&quot;:&quot;&quot;,&quot;count&quot;:&quot;0&quot;,&quot;legendonly&quot;:&quot;&quot;,&quot;readonly&quot;:&quot;&quot;,&quot;score&quot;:&quot;0&quot;,&quot;starsonly&quot;:&quot;&quot;,&quot;best&quot;:&quot;5&quot;,&quot;gap&quot;:&quot;5&quot;,&quot;greet&quot;:&quot;Valora este post&quot;,&quot;legend&quot;:&quot;0\\\/5 - (0 votes)&quot;,&quot;size&quot;:&quot;22&quot;,&quot;title&quot;:&quot;\u00a1Alerta en Sevilla! Evacuaci\u00f3n masiva por incendio catastr\u00f3fico en planta qu\u00edmica&quot;,&quot;width&quot;:&quot;0&quot;,&quot;_legend&quot;:&quot;{score}\\\/{best} - ({count} {votes})&quot;,&quot;font_factor&quot;:&quot;1.25&quot;}'>\n            \n<div class=\"kksr-stars\">\n    \n<div class=\"kksr-stars-inactive\">\n            <div class=\"kksr-star\" data-star=\"1\" style=\"padding-right: 5px\">\n            \n\n<div class=\"kksr-icon\" style=\"width: 22px; height: 22px;\"><\/div>\n        <\/div>\n            <div class=\"kksr-star\" data-star=\"2\" style=\"padding-right: 5px\">\n            \n\n<div class=\"kksr-icon\" style=\"width: 22px; height: 22px;\"><\/div>\n        <\/div>\n            <div class=\"kksr-star\" data-star=\"3\" style=\"padding-right: 5px\">\n            \n\n<div class=\"kksr-icon\" style=\"width: 22px; height: 22px;\"><\/div>\n        <\/div>\n            <div class=\"kksr-star\" data-star=\"4\" style=\"padding-right: 5px\">\n            \n\n<div class=\"kksr-icon\" style=\"width: 22px; height: 22px;\"><\/div>\n        <\/div>\n            <div class=\"kksr-star\" data-star=\"5\" style=\"padding-right: 5px\">\n            \n\n<div class=\"kksr-icon\" style=\"width: 22px; height: 22px;\"><\/div>\n        <\/div>\n    <\/div>\n    \n<div class=\"kksr-stars-active\" style=\"width: 0px;\">\n            <div class=\"kksr-star\" style=\"padding-right: 5px\">\n            \n\n<div class=\"kksr-icon\" style=\"width: 22px; height: 22px;\"><\/div>\n        <\/div>\n            <div class=\"kksr-star\" style=\"padding-right: 5px\">\n            \n\n<div class=\"kksr-icon\" style=\"width: 22px; height: 22px;\"><\/div>\n        <\/div>\n            <div class=\"kksr-star\" style=\"padding-right: 5px\">\n            \n\n<div class=\"kksr-icon\" style=\"width: 22px; height: 22px;\"><\/div>\n        <\/div>\n            <div class=\"kksr-star\" style=\"padding-right: 5px\">\n            \n\n<div class=\"kksr-icon\" style=\"width: 22px; height: 22px;\"><\/div>\n        <\/div>\n            <div class=\"kksr-star\" style=\"padding-right: 5px\">\n            \n\n<div class=\"kksr-icon\" style=\"width: 22px; height: 22px;\"><\/div>\n        <\/div>\n    <\/div>\n<\/div>\n                \n\n<div class=\"kksr-legend\" style=\"font-size: 17.6px;\">\n            <span class=\"kksr-muted\">Valora este post<\/span>\n    <\/div>\n    <\/div>\n","protected":false},"excerpt":{"rendered":"<p>Evacuaci\u00f3n de un \u00e1rea industrial en Sevilla debido a un incendio importante en una f\u00e1brica de productos qu\u00edmicos Un incidente alarmante se produjo en una zona &#8230; <a title=\"\u00a1Alerta en Sevilla! Evacuaci\u00f3n masiva por incendio catastr\u00f3fico en planta qu\u00edmica\" class=\"read-more\" href=\"https:\/\/www.diario21.tv\/noticias\/alerta-en-sevilla-evacuacion-masiva-por-incendio-catastrofico-en-planta-quimica\/\" aria-label=\"Leer m\u00e1s sobre \u00a1Alerta en Sevilla! Evacuaci\u00f3n masiva por incendio catastr\u00f3fico en planta qu\u00edmica\">Seguir leyendo &rarr;<\/a><\/p>\n","protected":false},"author":20,"featured_media":3170,"comment_status":"open","ping_status":"open","sticky":false,"template":"","format":"standard","meta":{"footnotes":""},"categories":[13],"tags":[],"class_list":["post-3169","post","type-post","status-publish","format-standard","has-post-thumbnail","hentry","category-portada"],"yoast_head":"<!-- This site is optimized with the Yoast SEO plugin v25.6 - https:\/\/yoast.com\/wordpress\/plugins\/seo\/ -->\n<title>\u00a1Alerta en Sevilla! Evacuaci\u00f3n masiva por incendio catastr\u00f3fico en planta qu\u00edmica - Diario 21<\/title>\n<meta name=\"robots\" content=\"index, follow, max-snippet:-1, max-image-preview:large, max-video-preview:-1\" \/>\n<link rel=\"canonical\" href=\"https:\/\/www.diario21.tv\/noticias\/alerta-en-sevilla-evacuacion-masiva-por-incendio-catastrofico-en-planta-quimica\/\" \/>\n<meta property=\"og:locale\" content=\"es_ES\" \/>\n<meta property=\"og:type\" content=\"article\" \/>\n<meta property=\"og:title\" content=\"\u00a1Alerta en Sevilla! Evacuaci\u00f3n masiva por incendio catastr\u00f3fico en planta qu\u00edmica - Diario 21\" \/>\n<meta property=\"og:description\" content=\"Evacuaci\u00f3n de un \u00e1rea industrial en Sevilla debido a un incendio importante en una f\u00e1brica de productos qu\u00edmicos Un incidente alarmante se produjo en una zona ... Seguir leyendo &rarr;\" \/>\n<meta property=\"og:url\" content=\"https:\/\/www.diario21.tv\/noticias\/alerta-en-sevilla-evacuacion-masiva-por-incendio-catastrofico-en-planta-quimica\/\" \/>\n<meta property=\"og:site_name\" content=\"Diario 21\" \/>\n<meta property=\"article:published_time\" content=\"2025-05-18T07:00:36+00:00\" \/>\n<meta property=\"article:modified_time\" content=\"2025-05-18T07:00:38+00:00\" \/>\n<meta property=\"og:image\" content=\"https:\/\/www.diario21.tv\/noticias\/wp-content\/uploads\/2025\/05\/\u00a1Alerta-en-Sevilla-Evacuacion-masiva-por-incendio-catastrofico-en-planta.jpg\" \/>\n\t<meta property=\"og:image:width\" content=\"1200\" \/>\n\t<meta property=\"og:image:height\" content=\"840\" \/>\n\t<meta property=\"og:image:type\" content=\"image\/jpeg\" \/>\n<meta name=\"author\" content=\"Juan P\u00e9rez\" \/>\n<meta name=\"twitter:card\" content=\"summary_large_image\" \/>\n<meta name=\"twitter:label1\" content=\"Escrito por\" \/>\n\t<meta name=\"twitter:data1\" content=\"Juan P\u00e9rez\" \/>\n\t<meta name=\"twitter:label2\" content=\"Tiempo de lectura\" \/>\n\t<meta name=\"twitter:data2\" content=\"3 minutos\" \/>\n<script type=\"application\/ld+json\" class=\"yoast-schema-graph\">{\"@context\":\"https:\/\/schema.org\",\"@graph\":[{\"@type\":\"WebPage\",\"@id\":\"https:\/\/www.diario21.tv\/noticias\/alerta-en-sevilla-evacuacion-masiva-por-incendio-catastrofico-en-planta-quimica\/\",\"url\":\"https:\/\/www.diario21.tv\/noticias\/alerta-en-sevilla-evacuacion-masiva-por-incendio-catastrofico-en-planta-quimica\/\",\"name\":\"\u00a1Alerta en Sevilla! Evacuaci\u00f3n masiva por incendio catastr\u00f3fico en planta qu\u00edmica - Diario 21\",\"isPartOf\":{\"@id\":\"https:\/\/www.diario21.tv\/noticias\/#website\"},\"primaryImageOfPage\":{\"@id\":\"https:\/\/www.diario21.tv\/noticias\/alerta-en-sevilla-evacuacion-masiva-por-incendio-catastrofico-en-planta-quimica\/#primaryimage\"},\"image\":{\"@id\":\"https:\/\/www.diario21.tv\/noticias\/alerta-en-sevilla-evacuacion-masiva-por-incendio-catastrofico-en-planta-quimica\/#primaryimage\"},\"thumbnailUrl\":\"https:\/\/www.diario21.tv\/noticias\/wp-content\/uploads\/2025\/05\/\u00a1Alerta-en-Sevilla-Evacuacion-masiva-por-incendio-catastrofico-en-planta.jpg\",\"datePublished\":\"2025-05-18T07:00:36+00:00\",\"dateModified\":\"2025-05-18T07:00:38+00:00\",\"author\":{\"@id\":\"https:\/\/www.diario21.tv\/noticias\/#\/schema\/person\/dfb778f73814d8f09f302618446a526b\"},\"breadcrumb\":{\"@id\":\"https:\/\/www.diario21.tv\/noticias\/alerta-en-sevilla-evacuacion-masiva-por-incendio-catastrofico-en-planta-quimica\/#breadcrumb\"},\"inLanguage\":\"es-AR\",\"potentialAction\":[{\"@type\":\"ReadAction\",\"target\":[\"https:\/\/www.diario21.tv\/noticias\/alerta-en-sevilla-evacuacion-masiva-por-incendio-catastrofico-en-planta-quimica\/\"]}]},{\"@type\":\"ImageObject\",\"inLanguage\":\"es-AR\",\"@id\":\"https:\/\/www.diario21.tv\/noticias\/alerta-en-sevilla-evacuacion-masiva-por-incendio-catastrofico-en-planta-quimica\/#primaryimage\",\"url\":\"https:\/\/www.diario21.tv\/noticias\/wp-content\/uploads\/2025\/05\/\u00a1Alerta-en-Sevilla-Evacuacion-masiva-por-incendio-catastrofico-en-planta.jpg\",\"contentUrl\":\"https:\/\/www.diario21.tv\/noticias\/wp-content\/uploads\/2025\/05\/\u00a1Alerta-en-Sevilla-Evacuacion-masiva-por-incendio-catastrofico-en-planta.jpg\",\"width\":1200,\"height\":840,\"caption\":\"Desalojan un pol\u00edgono en Sevilla por el grave incendio declarado en una planta de qu\u00edmicos\"},{\"@type\":\"BreadcrumbList\",\"@id\":\"https:\/\/www.diario21.tv\/noticias\/alerta-en-sevilla-evacuacion-masiva-por-incendio-catastrofico-en-planta-quimica\/#breadcrumb\",\"itemListElement\":[{\"@type\":\"ListItem\",\"position\":1,\"name\":\"Accueil\",\"item\":\"https:\/\/www.diario21.tv\/noticias\/\"},{\"@type\":\"ListItem\",\"position\":2,\"name\":\"\u00a1Alerta en Sevilla! Evacuaci\u00f3n masiva por incendio catastr\u00f3fico en planta qu\u00edmica\"}]},{\"@type\":\"WebSite\",\"@id\":\"https:\/\/www.diario21.tv\/noticias\/#website\",\"url\":\"https:\/\/www.diario21.tv\/noticias\/\",\"name\":\"Diario 21\",\"description\":\"\",\"potentialAction\":[{\"@type\":\"SearchAction\",\"target\":{\"@type\":\"EntryPoint\",\"urlTemplate\":\"https:\/\/www.diario21.tv\/noticias\/?s={search_term_string}\"},\"query-input\":{\"@type\":\"PropertyValueSpecification\",\"valueRequired\":true,\"valueName\":\"search_term_string\"}}],\"inLanguage\":\"es-AR\"},{\"@type\":\"Person\",\"@id\":\"https:\/\/www.diario21.tv\/noticias\/#\/schema\/person\/dfb778f73814d8f09f302618446a526b\",\"name\":\"Juan P\u00e9rez\",\"image\":{\"@type\":\"ImageObject\",\"inLanguage\":\"es-AR\",\"@id\":\"https:\/\/www.diario21.tv\/noticias\/#\/schema\/person\/image\/\",\"url\":\"https:\/\/secure.gravatar.com\/avatar\/c478a405bd10621167f4c3167cc770f5?s=96&d=mm&r=g\",\"contentUrl\":\"https:\/\/secure.gravatar.com\/avatar\/c478a405bd10621167f4c3167cc770f5?s=96&d=mm&r=g\",\"caption\":\"Juan P\u00e9rez\"},\"description\":\"Juan P\u00e9rez es el redactor en jefe de Diario 21. Con m\u00e1s de 10 a\u00f1os de experiencia en el periodismo, se especializa en pol\u00edtica nacional y an\u00e1lisis socioecon\u00f3mico. Su enfoque cr\u00edtico y riguroso aporta una perspectiva \u00fanica a cada art\u00edculo.\",\"sameAs\":[\"https:\/\/www.diario21.tv\/noticias\/\"],\"url\":\"https:\/\/www.diario21.tv\/noticias\/author\/juan-perez\/\"}]}<\/script>\n<!-- \/ Yoast SEO plugin. -->","yoast_head_json":{"title":"\u00a1Alerta en Sevilla! Evacuaci\u00f3n masiva por incendio catastr\u00f3fico en planta qu\u00edmica - Diario 21","robots":{"index":"index","follow":"follow","max-snippet":"max-snippet:-1","max-image-preview":"max-image-preview:large","max-video-preview":"max-video-preview:-1"},"canonical":"https:\/\/www.diario21.tv\/noticias\/alerta-en-sevilla-evacuacion-masiva-por-incendio-catastrofico-en-planta-quimica\/","og_locale":"es_ES","og_type":"article","og_title":"\u00a1Alerta en Sevilla! Evacuaci\u00f3n masiva por incendio catastr\u00f3fico en planta qu\u00edmica - Diario 21","og_description":"Evacuaci\u00f3n de un \u00e1rea industrial en Sevilla debido a un incendio importante en una f\u00e1brica de productos qu\u00edmicos Un incidente alarmante se produjo en una zona ... Seguir leyendo &rarr;","og_url":"https:\/\/www.diario21.tv\/noticias\/alerta-en-sevilla-evacuacion-masiva-por-incendio-catastrofico-en-planta-quimica\/","og_site_name":"Diario 21","article_published_time":"2025-05-18T07:00:36+00:00","article_modified_time":"2025-05-18T07:00:38+00:00","og_image":[{"width":1200,"height":840,"url":"https:\/\/www.diario21.tv\/noticias\/wp-content\/uploads\/2025\/05\/\u00a1Alerta-en-Sevilla-Evacuacion-masiva-por-incendio-catastrofico-en-planta.jpg","type":"image\/jpeg"}],"author":"Juan P\u00e9rez","twitter_card":"summary_large_image","twitter_misc":{"Escrito por":"Juan P\u00e9rez","Tiempo de lectura":"3 minutos"},"schema":{"@context":"https:\/\/schema.org","@graph":[{"@type":"WebPage","@id":"https:\/\/www.diario21.tv\/noticias\/alerta-en-sevilla-evacuacion-masiva-por-incendio-catastrofico-en-planta-quimica\/","url":"https:\/\/www.diario21.tv\/noticias\/alerta-en-sevilla-evacuacion-masiva-por-incendio-catastrofico-en-planta-quimica\/","name":"\u00a1Alerta en Sevilla! Evacuaci\u00f3n masiva por incendio catastr\u00f3fico en planta qu\u00edmica - Diario 21","isPartOf":{"@id":"https:\/\/www.diario21.tv\/noticias\/#website"},"primaryImageOfPage":{"@id":"https:\/\/www.diario21.tv\/noticias\/alerta-en-sevilla-evacuacion-masiva-por-incendio-catastrofico-en-planta-quimica\/#primaryimage"},"image":{"@id":"https:\/\/www.diario21.tv\/noticias\/alerta-en-sevilla-evacuacion-masiva-por-incendio-catastrofico-en-planta-quimica\/#primaryimage"},"thumbnailUrl":"https:\/\/www.diario21.tv\/noticias\/wp-content\/uploads\/2025\/05\/\u00a1Alerta-en-Sevilla-Evacuacion-masiva-por-incendio-catastrofico-en-planta.jpg","datePublished":"2025-05-18T07:00:36+00:00","dateModified":"2025-05-18T07:00:38+00:00","author":{"@id":"https:\/\/www.diario21.tv\/noticias\/#\/schema\/person\/dfb778f73814d8f09f302618446a526b"},"breadcrumb":{"@id":"https:\/\/www.diario21.tv\/noticias\/alerta-en-sevilla-evacuacion-masiva-por-incendio-catastrofico-en-planta-quimica\/#breadcrumb"},"inLanguage":"es-AR","potentialAction":[{"@type":"ReadAction","target":["https:\/\/www.diario21.tv\/noticias\/alerta-en-sevilla-evacuacion-masiva-por-incendio-catastrofico-en-planta-quimica\/"]}]},{"@type":"ImageObject","inLanguage":"es-AR","@id":"https:\/\/www.diario21.tv\/noticias\/alerta-en-sevilla-evacuacion-masiva-por-incendio-catastrofico-en-planta-quimica\/#primaryimage","url":"https:\/\/www.diario21.tv\/noticias\/wp-content\/uploads\/2025\/05\/\u00a1Alerta-en-Sevilla-Evacuacion-masiva-por-incendio-catastrofico-en-planta.jpg","contentUrl":"https:\/\/www.diario21.tv\/noticias\/wp-content\/uploads\/2025\/05\/\u00a1Alerta-en-Sevilla-Evacuacion-masiva-por-incendio-catastrofico-en-planta.jpg","width":1200,"height":840,"caption":"Desalojan un pol\u00edgono en Sevilla por el grave incendio declarado en una planta de qu\u00edmicos"},{"@type":"BreadcrumbList","@id":"https:\/\/www.diario21.tv\/noticias\/alerta-en-sevilla-evacuacion-masiva-por-incendio-catastrofico-en-planta-quimica\/#breadcrumb","itemListElement":[{"@type":"ListItem","position":1,"name":"Accueil","item":"https:\/\/www.diario21.tv\/noticias\/"},{"@type":"ListItem","position":2,"name":"\u00a1Alerta en Sevilla! Evacuaci\u00f3n masiva por incendio catastr\u00f3fico en planta qu\u00edmica"}]},{"@type":"WebSite","@id":"https:\/\/www.diario21.tv\/noticias\/#website","url":"https:\/\/www.diario21.tv\/noticias\/","name":"Diario 21","description":"","potentialAction":[{"@type":"SearchAction","target":{"@type":"EntryPoint","urlTemplate":"https:\/\/www.diario21.tv\/noticias\/?s={search_term_string}"},"query-input":{"@type":"PropertyValueSpecification","valueRequired":true,"valueName":"search_term_string"}}],"inLanguage":"es-AR"},{"@type":"Person","@id":"https:\/\/www.diario21.tv\/noticias\/#\/schema\/person\/dfb778f73814d8f09f302618446a526b","name":"Juan P\u00e9rez","image":{"@type":"ImageObject","inLanguage":"es-AR","@id":"https:\/\/www.diario21.tv\/noticias\/#\/schema\/person\/image\/","url":"https:\/\/secure.gravatar.com\/avatar\/c478a405bd10621167f4c3167cc770f5?s=96&d=mm&r=g","contentUrl":"https:\/\/secure.gravatar.com\/avatar\/c478a405bd10621167f4c3167cc770f5?s=96&d=mm&r=g","caption":"Juan P\u00e9rez"},"description":"Juan P\u00e9rez es el redactor en jefe de Diario 21. Con m\u00e1s de 10 a\u00f1os de experiencia en el periodismo, se especializa en pol\u00edtica nacional y an\u00e1lisis socioecon\u00f3mico. Su enfoque cr\u00edtico y riguroso aporta una perspectiva \u00fanica a cada art\u00edculo.","sameAs":["https:\/\/www.diario21.tv\/noticias\/"],"url":"https:\/\/www.diario21.tv\/noticias\/author\/juan-perez\/"}]}},"_links":{"self":[{"href":"https:\/\/www.diario21.tv\/noticias\/wp-json\/wp\/v2\/posts\/3169"}],"collection":[{"href":"https:\/\/www.diario21.tv\/noticias\/wp-json\/wp\/v2\/posts"}],"about":[{"href":"https:\/\/www.diario21.tv\/noticias\/wp-json\/wp\/v2\/types\/post"}],"author":[{"embeddable":true,"href":"https:\/\/www.diario21.tv\/noticias\/wp-json\/wp\/v2\/users\/20"}],"replies":[{"embeddable":true,"href":"https:\/\/www.diario21.tv\/noticias\/wp-json\/wp\/v2\/comments?post=3169"}],"version-history":[{"count":1,"href":"https:\/\/www.diario21.tv\/noticias\/wp-json\/wp\/v2\/posts\/3169\/revisions"}],"predecessor-version":[{"id":3171,"href":"https:\/\/www.diario21.tv\/noticias\/wp-json\/wp\/v2\/posts\/3169\/revisions\/3171"}],"wp:featuredmedia":[{"embeddable":true,"href":"https:\/\/www.diario21.tv\/noticias\/wp-json\/wp\/v2\/media\/3170"}],"wp:attachment":[{"href":"https:\/\/www.diario21.tv\/noticias\/wp-json\/wp\/v2\/media?parent=3169"}],"wp:term":[{"taxonomy":"category","embeddable":true,"href":"https:\/\/www.diario21.tv\/noticias\/wp-json\/wp\/v2\/categories?post=3169"},{"taxonomy":"post_tag","embeddable":true,"href":"https:\/\/www.diario21.tv\/noticias\/wp-json\/wp\/v2\/tags?post=3169"}],"curies":[{"name":"wp","href":"https:\/\/api.w.org\/{rel}","templated":true}]}}