{"id":3160,"date":"2025-05-17T12:52:51","date_gmt":"2025-05-17T12:52:51","guid":{"rendered":"https:\/\/www.diario21.tv\/noticias\/escandalo-nacional-16-investigados-en-red-de-pederastia-victima-menor-de-edad\/"},"modified":"2025-05-17T12:52:59","modified_gmt":"2025-05-17T12:52:59","slug":"escandalo-nacional-16-investigados-en-red-de-pederastia-victima-menor-de-edad","status":"publish","type":"post","link":"https:\/\/www.diario21.tv\/noticias\/escandalo-nacional-16-investigados-en-red-de-pederastia-victima-menor-de-edad\/","title":{"rendered":"\u00a1Esc\u00e1ndalo nacional! 16 investigados en red de pederastia, v\u00edctima menor de edad"},"content":{"rendered":"<p><strong>La investigaci\u00f3n judicial avanza sobre 16 individuos en el caso de la joven afectada por una red de pederastia<\/strong><\/p>\n<p>En un reciente y alarmante desarrollo, las autoridades judiciales han puesto el foco sobre diecis\u00e9is personas en relaci\u00f3n con el caso de una menor que fue v\u00edctima de una red de explotaci\u00f3n sexual infantil. Este caso ha conmocionado a la comunidad y ha puesto en evidencia la necesidad urgente de medidas m\u00e1s robustas para proteger a los m\u00e1s vulnerables.<\/p>\n<p><strong><\/p>\n<h2>Detalles del caso<\/h2>\n<p><\/strong><\/p>\n<p>La investigaci\u00f3n comenz\u00f3 cuando se descubri\u00f3 que una menor, cuya identidad se mantiene en reserva para proteger su privacidad, fue explotada por una red organizada de pederastia. Las autoridades se movilizaron r\u00e1pidamente para desmantelar esta red y han estado trabajando incansablemente para llevar a los responsables ante la justicia.<\/p>\n<p>El grupo de individuos actualmente bajo investigaci\u00f3n incluye a varios sospechosos que, seg\u00fan se cree, tienen conexiones directas con el caso. Las investigaciones est\u00e1n en curso y se est\u00e1n llevando a cabo bajo la m\u00e1s estricta confidencialidad, para no comprometer el proceso y asegurar que todos los implicados sean juzgados de manera justa.<\/p>\n<p><strong><\/p>\n<h2>Respuesta de la comunidad y medidas de protecci\u00f3n<\/h2>\n<p><\/strong><\/p>\n<p>La noticia de este caso ha provocado una gran indignaci\u00f3n y preocupaci\u00f3n entre los ciudadanos y las organizaciones de protecci\u00f3n infantil. En respuesta, ha habido un llamado generalizado a fortalecer las leyes y los procedimientos para proteger mejor a los ni\u00f1os y adolescentes.<\/p>\n<p>Las autoridades han reforzado sus esfuerzos para educar al p\u00fablico sobre c\u00f3mo detectar y reportar casos de abuso infantil. Adem\u00e1s, se est\u00e1n revisando y fortaleciendo las pol\u00edticas de protecci\u00f3n para asegurar que los menores est\u00e9n seguros tanto en l\u00ednea como fuera de ella.<\/p>\n<p><strong><\/p>\n<h2>Avances legales y pr\u00f3ximos pasos<\/h2>\n<p><\/strong><\/p>\n<p>Mientras la investigaci\u00f3n contin\u00faa, los abogados y los defensores de los derechos de los ni\u00f1os est\u00e1n siguiendo de cerca el caso, asegur\u00e1ndose de que se respeten los procedimientos legales y que la v\u00edctima reciba todo el apoyo necesario. Se espera que en las pr\u00f3ximas semanas se revelen m\u00e1s detalles a medida que avance la investigaci\u00f3n y se procese a m\u00e1s implicados.<\/p>\n<p>Este caso ha subrayado la importancia de la vigilancia constante y la cooperaci\u00f3n entre distintas agencias y la comunidad para combatir la explotaci\u00f3n infantil. La esperanza es que este tr\u00e1gico caso sirva de catalizador para cambios significativos en la manera en que se protege a los ni\u00f1os en el pa\u00eds.<\/p>\n<p><strong><\/p>\n<h2>Conclusi\u00f3n<\/h2>\n<p><\/strong><\/p>\n<p>La sociedad en su conjunto debe tomar este caso como un llamado a la acci\u00f3n para garantizar que se implementen y se cumplan medidas m\u00e1s estrictas para la protecci\u00f3n de los menores. La lucha contra la pederastia y la explotaci\u00f3n de menores es una responsabilidad compartida que requiere la atenci\u00f3n y el compromiso de todos.<\/p>\n\n\n<div class=\"kk-star-ratings kksr-auto kksr-align-left kksr-valign-bottom\"\n    data-payload='{&quot;align&quot;:&quot;left&quot;,&quot;id&quot;:&quot;3160&quot;,&quot;slug&quot;:&quot;default&quot;,&quot;valign&quot;:&quot;bottom&quot;,&quot;ignore&quot;:&quot;&quot;,&quot;reference&quot;:&quot;auto&quot;,&quot;class&quot;:&quot;&quot;,&quot;count&quot;:&quot;0&quot;,&quot;legendonly&quot;:&quot;&quot;,&quot;readonly&quot;:&quot;&quot;,&quot;score&quot;:&quot;0&quot;,&quot;starsonly&quot;:&quot;&quot;,&quot;best&quot;:&quot;5&quot;,&quot;gap&quot;:&quot;5&quot;,&quot;greet&quot;:&quot;Valora este post&quot;,&quot;legend&quot;:&quot;0\\\/5 - (0 votes)&quot;,&quot;size&quot;:&quot;22&quot;,&quot;title&quot;:&quot;\u00a1Esc\u00e1ndalo nacional! 16 investigados en red de pederastia, v\u00edctima menor de edad&quot;,&quot;width&quot;:&quot;0&quot;,&quot;_legend&quot;:&quot;{score}\\\/{best} - ({count} {votes})&quot;,&quot;font_factor&quot;:&quot;1.25&quot;}'>\n            \n<div class=\"kksr-stars\">\n    \n<div class=\"kksr-stars-inactive\">\n            <div class=\"kksr-star\" data-star=\"1\" style=\"padding-right: 5px\">\n            \n\n<div class=\"kksr-icon\" style=\"width: 22px; height: 22px;\"><\/div>\n        <\/div>\n            <div class=\"kksr-star\" data-star=\"2\" style=\"padding-right: 5px\">\n            \n\n<div class=\"kksr-icon\" style=\"width: 22px; height: 22px;\"><\/div>\n        <\/div>\n            <div class=\"kksr-star\" data-star=\"3\" style=\"padding-right: 5px\">\n            \n\n<div class=\"kksr-icon\" style=\"width: 22px; height: 22px;\"><\/div>\n        <\/div>\n            <div class=\"kksr-star\" data-star=\"4\" style=\"padding-right: 5px\">\n            \n\n<div class=\"kksr-icon\" style=\"width: 22px; height: 22px;\"><\/div>\n        <\/div>\n            <div class=\"kksr-star\" data-star=\"5\" style=\"padding-right: 5px\">\n            \n\n<div class=\"kksr-icon\" style=\"width: 22px; height: 22px;\"><\/div>\n        <\/div>\n    <\/div>\n    \n<div class=\"kksr-stars-active\" style=\"width: 0px;\">\n            <div class=\"kksr-star\" style=\"padding-right: 5px\">\n            \n\n<div class=\"kksr-icon\" style=\"width: 22px; height: 22px;\"><\/div>\n        <\/div>\n            <div class=\"kksr-star\" style=\"padding-right: 5px\">\n            \n\n<div class=\"kksr-icon\" style=\"width: 22px; height: 22px;\"><\/div>\n        <\/div>\n            <div class=\"kksr-star\" style=\"padding-right: 5px\">\n            \n\n<div class=\"kksr-icon\" style=\"width: 22px; height: 22px;\"><\/div>\n        <\/div>\n            <div class=\"kksr-star\" style=\"padding-right: 5px\">\n            \n\n<div class=\"kksr-icon\" style=\"width: 22px; height: 22px;\"><\/div>\n        <\/div>\n            <div class=\"kksr-star\" style=\"padding-right: 5px\">\n            \n\n<div class=\"kksr-icon\" style=\"width: 22px; height: 22px;\"><\/div>\n        <\/div>\n    <\/div>\n<\/div>\n                \n\n<div class=\"kksr-legend\" style=\"font-size: 17.6px;\">\n            <span class=\"kksr-muted\">Valora este post<\/span>\n    <\/div>\n    <\/div>\n","protected":false},"excerpt":{"rendered":"<p>La investigaci\u00f3n judicial avanza sobre 16 individuos en el caso de la joven afectada por una red de pederastia En un reciente y alarmante desarrollo, las &#8230; <a title=\"\u00a1Esc\u00e1ndalo nacional! 16 investigados en red de pederastia, v\u00edctima menor de edad\" class=\"read-more\" href=\"https:\/\/www.diario21.tv\/noticias\/escandalo-nacional-16-investigados-en-red-de-pederastia-victima-menor-de-edad\/\" aria-label=\"Leer m\u00e1s sobre \u00a1Esc\u00e1ndalo nacional! 16 investigados en red de pederastia, v\u00edctima menor de edad\">Seguir leyendo &rarr;<\/a><\/p>\n","protected":false},"author":20,"featured_media":3161,"comment_status":"open","ping_status":"open","sticky":false,"template":"","format":"standard","meta":{"footnotes":""},"categories":[13],"tags":[],"class_list":["post-3160","post","type-post","status-publish","format-standard","has-post-thumbnail","hentry","category-portada"],"yoast_head":"<!-- This site is optimized with the Yoast SEO plugin v25.6 - https:\/\/yoast.com\/wordpress\/plugins\/seo\/ -->\n<title>\u00a1Esc\u00e1ndalo nacional! 16 investigados en red de pederastia, v\u00edctima menor de edad - Diario 21<\/title>\n<meta name=\"robots\" content=\"index, follow, max-snippet:-1, max-image-preview:large, max-video-preview:-1\" \/>\n<link rel=\"canonical\" href=\"https:\/\/www.diario21.tv\/noticias\/escandalo-nacional-16-investigados-en-red-de-pederastia-victima-menor-de-edad\/\" \/>\n<meta property=\"og:locale\" content=\"es_ES\" \/>\n<meta property=\"og:type\" content=\"article\" \/>\n<meta property=\"og:title\" content=\"\u00a1Esc\u00e1ndalo nacional! 16 investigados en red de pederastia, v\u00edctima menor de edad - Diario 21\" \/>\n<meta property=\"og:description\" content=\"La investigaci\u00f3n judicial avanza sobre 16 individuos en el caso de la joven afectada por una red de pederastia En un reciente y alarmante desarrollo, las ... Seguir leyendo &rarr;\" \/>\n<meta property=\"og:url\" content=\"https:\/\/www.diario21.tv\/noticias\/escandalo-nacional-16-investigados-en-red-de-pederastia-victima-menor-de-edad\/\" \/>\n<meta property=\"og:site_name\" content=\"Diario 21\" \/>\n<meta property=\"article:published_time\" content=\"2025-05-17T12:52:51+00:00\" \/>\n<meta property=\"article:modified_time\" content=\"2025-05-17T12:52:59+00:00\" \/>\n<meta property=\"og:image\" content=\"https:\/\/www.diario21.tv\/noticias\/wp-content\/uploads\/2025\/05\/\u00a1Escandalo-nacional-16-investigados-en-red-de-pederastia-victima-menor.png\" \/>\n\t<meta property=\"og:image:width\" content=\"1200\" \/>\n\t<meta property=\"og:image:height\" content=\"840\" \/>\n\t<meta property=\"og:image:type\" content=\"image\/png\" \/>\n<meta name=\"author\" content=\"Juan P\u00e9rez\" \/>\n<meta name=\"twitter:card\" content=\"summary_large_image\" \/>\n<meta name=\"twitter:label1\" content=\"Escrito por\" \/>\n\t<meta name=\"twitter:data1\" content=\"Juan P\u00e9rez\" \/>\n\t<meta name=\"twitter:label2\" content=\"Tiempo de lectura\" \/>\n\t<meta name=\"twitter:data2\" content=\"2 minutos\" \/>\n<script type=\"application\/ld+json\" class=\"yoast-schema-graph\">{\"@context\":\"https:\/\/schema.org\",\"@graph\":[{\"@type\":\"WebPage\",\"@id\":\"https:\/\/www.diario21.tv\/noticias\/escandalo-nacional-16-investigados-en-red-de-pederastia-victima-menor-de-edad\/\",\"url\":\"https:\/\/www.diario21.tv\/noticias\/escandalo-nacional-16-investigados-en-red-de-pederastia-victima-menor-de-edad\/\",\"name\":\"\u00a1Esc\u00e1ndalo nacional! 16 investigados en red de pederastia, v\u00edctima menor de edad - Diario 21\",\"isPartOf\":{\"@id\":\"https:\/\/www.diario21.tv\/noticias\/#website\"},\"primaryImageOfPage\":{\"@id\":\"https:\/\/www.diario21.tv\/noticias\/escandalo-nacional-16-investigados-en-red-de-pederastia-victima-menor-de-edad\/#primaryimage\"},\"image\":{\"@id\":\"https:\/\/www.diario21.tv\/noticias\/escandalo-nacional-16-investigados-en-red-de-pederastia-victima-menor-de-edad\/#primaryimage\"},\"thumbnailUrl\":\"https:\/\/www.diario21.tv\/noticias\/wp-content\/uploads\/2025\/05\/\u00a1Escandalo-nacional-16-investigados-en-red-de-pederastia-victima-menor.png\",\"datePublished\":\"2025-05-17T12:52:51+00:00\",\"dateModified\":\"2025-05-17T12:52:59+00:00\",\"author\":{\"@id\":\"https:\/\/www.diario21.tv\/noticias\/#\/schema\/person\/dfb778f73814d8f09f302618446a526b\"},\"breadcrumb\":{\"@id\":\"https:\/\/www.diario21.tv\/noticias\/escandalo-nacional-16-investigados-en-red-de-pederastia-victima-menor-de-edad\/#breadcrumb\"},\"inLanguage\":\"es-AR\",\"potentialAction\":[{\"@type\":\"ReadAction\",\"target\":[\"https:\/\/www.diario21.tv\/noticias\/escandalo-nacional-16-investigados-en-red-de-pederastia-victima-menor-de-edad\/\"]}]},{\"@type\":\"ImageObject\",\"inLanguage\":\"es-AR\",\"@id\":\"https:\/\/www.diario21.tv\/noticias\/escandalo-nacional-16-investigados-en-red-de-pederastia-victima-menor-de-edad\/#primaryimage\",\"url\":\"https:\/\/www.diario21.tv\/noticias\/wp-content\/uploads\/2025\/05\/\u00a1Escandalo-nacional-16-investigados-en-red-de-pederastia-victima-menor.png\",\"contentUrl\":\"https:\/\/www.diario21.tv\/noticias\/wp-content\/uploads\/2025\/05\/\u00a1Escandalo-nacional-16-investigados-en-red-de-pederastia-victima-menor.png\",\"width\":1200,\"height\":840,\"caption\":\"La justicia investiga a 16 personas en el caso de la menor v\u00edctima de la red de pederastia\"},{\"@type\":\"BreadcrumbList\",\"@id\":\"https:\/\/www.diario21.tv\/noticias\/escandalo-nacional-16-investigados-en-red-de-pederastia-victima-menor-de-edad\/#breadcrumb\",\"itemListElement\":[{\"@type\":\"ListItem\",\"position\":1,\"name\":\"Accueil\",\"item\":\"https:\/\/www.diario21.tv\/noticias\/\"},{\"@type\":\"ListItem\",\"position\":2,\"name\":\"\u00a1Esc\u00e1ndalo nacional! 16 investigados en red de pederastia, v\u00edctima menor de edad\"}]},{\"@type\":\"WebSite\",\"@id\":\"https:\/\/www.diario21.tv\/noticias\/#website\",\"url\":\"https:\/\/www.diario21.tv\/noticias\/\",\"name\":\"Diario 21\",\"description\":\"\",\"potentialAction\":[{\"@type\":\"SearchAction\",\"target\":{\"@type\":\"EntryPoint\",\"urlTemplate\":\"https:\/\/www.diario21.tv\/noticias\/?s={search_term_string}\"},\"query-input\":{\"@type\":\"PropertyValueSpecification\",\"valueRequired\":true,\"valueName\":\"search_term_string\"}}],\"inLanguage\":\"es-AR\"},{\"@type\":\"Person\",\"@id\":\"https:\/\/www.diario21.tv\/noticias\/#\/schema\/person\/dfb778f73814d8f09f302618446a526b\",\"name\":\"Juan P\u00e9rez\",\"image\":{\"@type\":\"ImageObject\",\"inLanguage\":\"es-AR\",\"@id\":\"https:\/\/www.diario21.tv\/noticias\/#\/schema\/person\/image\/\",\"url\":\"https:\/\/secure.gravatar.com\/avatar\/c478a405bd10621167f4c3167cc770f5?s=96&d=mm&r=g\",\"contentUrl\":\"https:\/\/secure.gravatar.com\/avatar\/c478a405bd10621167f4c3167cc770f5?s=96&d=mm&r=g\",\"caption\":\"Juan P\u00e9rez\"},\"description\":\"Juan P\u00e9rez es el redactor en jefe de Diario 21. Con m\u00e1s de 10 a\u00f1os de experiencia en el periodismo, se especializa en pol\u00edtica nacional y an\u00e1lisis socioecon\u00f3mico. Su enfoque cr\u00edtico y riguroso aporta una perspectiva \u00fanica a cada art\u00edculo.\",\"sameAs\":[\"https:\/\/www.diario21.tv\/noticias\/\"],\"url\":\"https:\/\/www.diario21.tv\/noticias\/author\/juan-perez\/\"}]}<\/script>\n<!-- \/ Yoast SEO plugin. -->","yoast_head_json":{"title":"\u00a1Esc\u00e1ndalo nacional! 16 investigados en red de pederastia, v\u00edctima menor de edad - Diario 21","robots":{"index":"index","follow":"follow","max-snippet":"max-snippet:-1","max-image-preview":"max-image-preview:large","max-video-preview":"max-video-preview:-1"},"canonical":"https:\/\/www.diario21.tv\/noticias\/escandalo-nacional-16-investigados-en-red-de-pederastia-victima-menor-de-edad\/","og_locale":"es_ES","og_type":"article","og_title":"\u00a1Esc\u00e1ndalo nacional! 16 investigados en red de pederastia, v\u00edctima menor de edad - Diario 21","og_description":"La investigaci\u00f3n judicial avanza sobre 16 individuos en el caso de la joven afectada por una red de pederastia En un reciente y alarmante desarrollo, las ... Seguir leyendo &rarr;","og_url":"https:\/\/www.diario21.tv\/noticias\/escandalo-nacional-16-investigados-en-red-de-pederastia-victima-menor-de-edad\/","og_site_name":"Diario 21","article_published_time":"2025-05-17T12:52:51+00:00","article_modified_time":"2025-05-17T12:52:59+00:00","og_image":[{"width":1200,"height":840,"url":"https:\/\/www.diario21.tv\/noticias\/wp-content\/uploads\/2025\/05\/\u00a1Escandalo-nacional-16-investigados-en-red-de-pederastia-victima-menor.png","type":"image\/png"}],"author":"Juan P\u00e9rez","twitter_card":"summary_large_image","twitter_misc":{"Escrito por":"Juan P\u00e9rez","Tiempo de lectura":"2 minutos"},"schema":{"@context":"https:\/\/schema.org","@graph":[{"@type":"WebPage","@id":"https:\/\/www.diario21.tv\/noticias\/escandalo-nacional-16-investigados-en-red-de-pederastia-victima-menor-de-edad\/","url":"https:\/\/www.diario21.tv\/noticias\/escandalo-nacional-16-investigados-en-red-de-pederastia-victima-menor-de-edad\/","name":"\u00a1Esc\u00e1ndalo nacional! 16 investigados en red de pederastia, v\u00edctima menor de edad - Diario 21","isPartOf":{"@id":"https:\/\/www.diario21.tv\/noticias\/#website"},"primaryImageOfPage":{"@id":"https:\/\/www.diario21.tv\/noticias\/escandalo-nacional-16-investigados-en-red-de-pederastia-victima-menor-de-edad\/#primaryimage"},"image":{"@id":"https:\/\/www.diario21.tv\/noticias\/escandalo-nacional-16-investigados-en-red-de-pederastia-victima-menor-de-edad\/#primaryimage"},"thumbnailUrl":"https:\/\/www.diario21.tv\/noticias\/wp-content\/uploads\/2025\/05\/\u00a1Escandalo-nacional-16-investigados-en-red-de-pederastia-victima-menor.png","datePublished":"2025-05-17T12:52:51+00:00","dateModified":"2025-05-17T12:52:59+00:00","author":{"@id":"https:\/\/www.diario21.tv\/noticias\/#\/schema\/person\/dfb778f73814d8f09f302618446a526b"},"breadcrumb":{"@id":"https:\/\/www.diario21.tv\/noticias\/escandalo-nacional-16-investigados-en-red-de-pederastia-victima-menor-de-edad\/#breadcrumb"},"inLanguage":"es-AR","potentialAction":[{"@type":"ReadAction","target":["https:\/\/www.diario21.tv\/noticias\/escandalo-nacional-16-investigados-en-red-de-pederastia-victima-menor-de-edad\/"]}]},{"@type":"ImageObject","inLanguage":"es-AR","@id":"https:\/\/www.diario21.tv\/noticias\/escandalo-nacional-16-investigados-en-red-de-pederastia-victima-menor-de-edad\/#primaryimage","url":"https:\/\/www.diario21.tv\/noticias\/wp-content\/uploads\/2025\/05\/\u00a1Escandalo-nacional-16-investigados-en-red-de-pederastia-victima-menor.png","contentUrl":"https:\/\/www.diario21.tv\/noticias\/wp-content\/uploads\/2025\/05\/\u00a1Escandalo-nacional-16-investigados-en-red-de-pederastia-victima-menor.png","width":1200,"height":840,"caption":"La justicia investiga a 16 personas en el caso de la menor v\u00edctima de la red de pederastia"},{"@type":"BreadcrumbList","@id":"https:\/\/www.diario21.tv\/noticias\/escandalo-nacional-16-investigados-en-red-de-pederastia-victima-menor-de-edad\/#breadcrumb","itemListElement":[{"@type":"ListItem","position":1,"name":"Accueil","item":"https:\/\/www.diario21.tv\/noticias\/"},{"@type":"ListItem","position":2,"name":"\u00a1Esc\u00e1ndalo nacional! 16 investigados en red de pederastia, v\u00edctima menor de edad"}]},{"@type":"WebSite","@id":"https:\/\/www.diario21.tv\/noticias\/#website","url":"https:\/\/www.diario21.tv\/noticias\/","name":"Diario 21","description":"","potentialAction":[{"@type":"SearchAction","target":{"@type":"EntryPoint","urlTemplate":"https:\/\/www.diario21.tv\/noticias\/?s={search_term_string}"},"query-input":{"@type":"PropertyValueSpecification","valueRequired":true,"valueName":"search_term_string"}}],"inLanguage":"es-AR"},{"@type":"Person","@id":"https:\/\/www.diario21.tv\/noticias\/#\/schema\/person\/dfb778f73814d8f09f302618446a526b","name":"Juan P\u00e9rez","image":{"@type":"ImageObject","inLanguage":"es-AR","@id":"https:\/\/www.diario21.tv\/noticias\/#\/schema\/person\/image\/","url":"https:\/\/secure.gravatar.com\/avatar\/c478a405bd10621167f4c3167cc770f5?s=96&d=mm&r=g","contentUrl":"https:\/\/secure.gravatar.com\/avatar\/c478a405bd10621167f4c3167cc770f5?s=96&d=mm&r=g","caption":"Juan P\u00e9rez"},"description":"Juan P\u00e9rez es el redactor en jefe de Diario 21. Con m\u00e1s de 10 a\u00f1os de experiencia en el periodismo, se especializa en pol\u00edtica nacional y an\u00e1lisis socioecon\u00f3mico. Su enfoque cr\u00edtico y riguroso aporta una perspectiva \u00fanica a cada art\u00edculo.","sameAs":["https:\/\/www.diario21.tv\/noticias\/"],"url":"https:\/\/www.diario21.tv\/noticias\/author\/juan-perez\/"}]}},"_links":{"self":[{"href":"https:\/\/www.diario21.tv\/noticias\/wp-json\/wp\/v2\/posts\/3160"}],"collection":[{"href":"https:\/\/www.diario21.tv\/noticias\/wp-json\/wp\/v2\/posts"}],"about":[{"href":"https:\/\/www.diario21.tv\/noticias\/wp-json\/wp\/v2\/types\/post"}],"author":[{"embeddable":true,"href":"https:\/\/www.diario21.tv\/noticias\/wp-json\/wp\/v2\/users\/20"}],"replies":[{"embeddable":true,"href":"https:\/\/www.diario21.tv\/noticias\/wp-json\/wp\/v2\/comments?post=3160"}],"version-history":[{"count":1,"href":"https:\/\/www.diario21.tv\/noticias\/wp-json\/wp\/v2\/posts\/3160\/revisions"}],"predecessor-version":[{"id":3162,"href":"https:\/\/www.diario21.tv\/noticias\/wp-json\/wp\/v2\/posts\/3160\/revisions\/3162"}],"wp:featuredmedia":[{"embeddable":true,"href":"https:\/\/www.diario21.tv\/noticias\/wp-json\/wp\/v2\/media\/3161"}],"wp:attachment":[{"href":"https:\/\/www.diario21.tv\/noticias\/wp-json\/wp\/v2\/media?parent=3160"}],"wp:term":[{"taxonomy":"category","embeddable":true,"href":"https:\/\/www.diario21.tv\/noticias\/wp-json\/wp\/v2\/categories?post=3160"},{"taxonomy":"post_tag","embeddable":true,"href":"https:\/\/www.diario21.tv\/noticias\/wp-json\/wp\/v2\/tags?post=3160"}],"curies":[{"name":"wp","href":"https:\/\/api.w.org\/{rel}","templated":true}]}}