{"id":316,"date":"2024-09-06T16:06:49","date_gmt":"2024-09-06T16:06:49","guid":{"rendered":"https:\/\/www.diario21.tv\/noticias\/te-emocionara-impactante-testimonio-que-conmueve-a-marlaska-en-el-analisis-de-accidentes-de-verano\/"},"modified":"2024-09-06T16:06:54","modified_gmt":"2024-09-06T16:06:54","slug":"te-emocionara-impactante-testimonio-que-conmueve-a-marlaska-en-el-analisis-de-accidentes-de-verano","status":"publish","type":"post","link":"https:\/\/www.diario21.tv\/noticias\/te-emocionara-impactante-testimonio-que-conmueve-a-marlaska-en-el-analisis-de-accidentes-de-verano\/","title":{"rendered":"\u00a1Te emocionar\u00e1! Impactante testimonio que conmueve a Marlaska en el an\u00e1lisis de accidentes de verano"},"content":{"rendered":"<h2>La conmovedora historia que hizo llorar a Marlaska durante la evaluaci\u00f3n de accidentes de tr\u00e1fico en verano<\/h2>\n<p>La emotiva narraci\u00f3n que Marlaska escuch\u00f3 durante la revisi\u00f3n de accidentes viales en verano lo impact\u00f3 profundamente. Las palabras no solo resonaron en su mente, sino que tambi\u00e9n tocaron su coraz\u00f3n, provocando un profundo sentimiento de tristeza y compasi\u00f3n.<\/p>\n<h2>El incidente que conmovi\u00f3 a Marlaska<\/h2>\n<p>Marlaska, durante la evaluaci\u00f3n de la siniestralidad vial del verano, se encontr\u00f3 con un testimonio que le hizo sentir una gran emoci\u00f3n. La historia impact\u00f3 tanto al ministro del Interior que no pudo evitar que sus ojos se llenaran de l\u00e1grimas.<\/p>\n<h3>El an\u00e1lisis de los accidentes de tr\u00e1fico en verano<\/h3>\n<p>El examen de los accidentes de tr\u00e1fico ocurridos durante el verano es una tarea dolorosa y desalentadora. Sin embargo, es necesario para entender las causas y encontrar soluciones que puedan prevenir futuros siniestros. Durante este an\u00e1lisis, Marlaska se encontr\u00f3 con una historia que le conmovi\u00f3 profundamente.<\/p>\n<h2>Un testimonio que toca el coraz\u00f3n<\/h2>\n<p>Durante la revisi\u00f3n de los accidentes, un testimonio particular llam\u00f3 la atenci\u00f3n de Marlaska. La historia de una familia que perdi\u00f3 a un ser querido en un accidente de tr\u00e1fico durante el verano. Esta narraci\u00f3n, llena de dolor y tristeza, toc\u00f3 el coraz\u00f3n del ministro, dej\u00e1ndolo visiblemente emocionado.<\/p>\n<h3>La importancia de la seguridad vial<\/h3>\n<p>Este incidente sirvi\u00f3 para recordar a Marlaska y a todos los presentes la importancia de la seguridad vial. Cada accidente representa una historia de p\u00e9rdida y dolor, y es responsabilidad de todos trabajar para prevenir estos siniestros.<\/p>\n<h2>La reacci\u00f3n de Marlaska<\/h2>\n<p>Al escuchar el testimonio, Marlaska no pudo evitar emocionarse. Las l\u00e1grimas brotaron de sus ojos, y se tom\u00f3 un momento para componerse antes de continuar con la revisi\u00f3n. Este incidente demuestra claramente el impacto que tienen estos accidentes en la vida de las personas y la importancia de trabajar para prevenirlos.<\/p>\n<h3>Las lecciones aprendidas<\/h3>\n<p>A pesar del dolor y la tristeza que implica revisar estos accidentes, tambi\u00e9n se aprenden lecciones valiosas. Estas historias sirven como recordatorios de la importancia de la seguridad vial y de la necesidad de seguir trabajando para mejorarla.<\/p>\n\n\n<div class=\"kk-star-ratings kksr-auto kksr-align-left kksr-valign-bottom\"\n    data-payload='{&quot;align&quot;:&quot;left&quot;,&quot;id&quot;:&quot;316&quot;,&quot;slug&quot;:&quot;default&quot;,&quot;valign&quot;:&quot;bottom&quot;,&quot;ignore&quot;:&quot;&quot;,&quot;reference&quot;:&quot;auto&quot;,&quot;class&quot;:&quot;&quot;,&quot;count&quot;:&quot;0&quot;,&quot;legendonly&quot;:&quot;&quot;,&quot;readonly&quot;:&quot;&quot;,&quot;score&quot;:&quot;0&quot;,&quot;starsonly&quot;:&quot;&quot;,&quot;best&quot;:&quot;5&quot;,&quot;gap&quot;:&quot;5&quot;,&quot;greet&quot;:&quot;Valora este post&quot;,&quot;legend&quot;:&quot;0\\\/5 - (0 votes)&quot;,&quot;size&quot;:&quot;22&quot;,&quot;title&quot;:&quot;\u00a1Te emocionar\u00e1! Impactante testimonio que conmueve a Marlaska en el an\u00e1lisis de accidentes de verano&quot;,&quot;width&quot;:&quot;0&quot;,&quot;_legend&quot;:&quot;{score}\\\/{best} - ({count} {votes})&quot;,&quot;font_factor&quot;:&quot;1.25&quot;}'>\n            \n<div class=\"kksr-stars\">\n    \n<div class=\"kksr-stars-inactive\">\n            <div class=\"kksr-star\" data-star=\"1\" style=\"padding-right: 5px\">\n            \n\n<div class=\"kksr-icon\" style=\"width: 22px; height: 22px;\"><\/div>\n        <\/div>\n            <div class=\"kksr-star\" data-star=\"2\" style=\"padding-right: 5px\">\n            \n\n<div class=\"kksr-icon\" style=\"width: 22px; height: 22px;\"><\/div>\n        <\/div>\n            <div class=\"kksr-star\" data-star=\"3\" style=\"padding-right: 5px\">\n            \n\n<div class=\"kksr-icon\" style=\"width: 22px; height: 22px;\"><\/div>\n        <\/div>\n            <div class=\"kksr-star\" data-star=\"4\" style=\"padding-right: 5px\">\n            \n\n<div class=\"kksr-icon\" style=\"width: 22px; height: 22px;\"><\/div>\n        <\/div>\n            <div class=\"kksr-star\" data-star=\"5\" style=\"padding-right: 5px\">\n            \n\n<div class=\"kksr-icon\" style=\"width: 22px; height: 22px;\"><\/div>\n        <\/div>\n    <\/div>\n    \n<div class=\"kksr-stars-active\" style=\"width: 0px;\">\n            <div class=\"kksr-star\" style=\"padding-right: 5px\">\n            \n\n<div class=\"kksr-icon\" style=\"width: 22px; height: 22px;\"><\/div>\n        <\/div>\n            <div class=\"kksr-star\" style=\"padding-right: 5px\">\n            \n\n<div class=\"kksr-icon\" style=\"width: 22px; height: 22px;\"><\/div>\n        <\/div>\n            <div class=\"kksr-star\" style=\"padding-right: 5px\">\n            \n\n<div class=\"kksr-icon\" style=\"width: 22px; height: 22px;\"><\/div>\n        <\/div>\n            <div class=\"kksr-star\" style=\"padding-right: 5px\">\n            \n\n<div class=\"kksr-icon\" style=\"width: 22px; height: 22px;\"><\/div>\n        <\/div>\n            <div class=\"kksr-star\" style=\"padding-right: 5px\">\n            \n\n<div class=\"kksr-icon\" style=\"width: 22px; height: 22px;\"><\/div>\n        <\/div>\n    <\/div>\n<\/div>\n                \n\n<div class=\"kksr-legend\" style=\"font-size: 17.6px;\">\n            <span class=\"kksr-muted\">Valora este post<\/span>\n    <\/div>\n    <\/div>\n","protected":false},"excerpt":{"rendered":"<p>La conmovedora historia que hizo llorar a Marlaska durante la evaluaci\u00f3n de accidentes de tr\u00e1fico en verano La emotiva narraci\u00f3n que Marlaska escuch\u00f3 durante la revisi\u00f3n &#8230; <a title=\"\u00a1Te emocionar\u00e1! Impactante testimonio que conmueve a Marlaska en el an\u00e1lisis de accidentes de verano\" class=\"read-more\" href=\"https:\/\/www.diario21.tv\/noticias\/te-emocionara-impactante-testimonio-que-conmueve-a-marlaska-en-el-analisis-de-accidentes-de-verano\/\" aria-label=\"Leer m\u00e1s sobre \u00a1Te emocionar\u00e1! Impactante testimonio que conmueve a Marlaska en el an\u00e1lisis de accidentes de verano\">Seguir leyendo &rarr;<\/a><\/p>\n","protected":false},"author":16,"featured_media":317,"comment_status":"open","ping_status":"open","sticky":false,"template":"","format":"standard","meta":{"footnotes":""},"categories":[12],"tags":[],"class_list":["post-316","post","type-post","status-publish","format-standard","has-post-thumbnail","hentry","category-tendencia"],"yoast_head":"<!-- This site is optimized with the Yoast SEO plugin v25.6 - https:\/\/yoast.com\/wordpress\/plugins\/seo\/ -->\n<title>\u00a1Te emocionar\u00e1! Impactante testimonio que conmueve a Marlaska en el an\u00e1lisis de accidentes de verano - Diario 21<\/title>\n<meta name=\"robots\" content=\"index, follow, max-snippet:-1, max-image-preview:large, max-video-preview:-1\" \/>\n<link rel=\"canonical\" href=\"https:\/\/www.diario21.tv\/noticias\/te-emocionara-impactante-testimonio-que-conmueve-a-marlaska-en-el-analisis-de-accidentes-de-verano\/\" \/>\n<meta property=\"og:locale\" content=\"es_ES\" \/>\n<meta property=\"og:type\" content=\"article\" \/>\n<meta property=\"og:title\" content=\"\u00a1Te emocionar\u00e1! Impactante testimonio que conmueve a Marlaska en el an\u00e1lisis de accidentes de verano - Diario 21\" \/>\n<meta property=\"og:description\" content=\"La conmovedora historia que hizo llorar a Marlaska durante la evaluaci\u00f3n de accidentes de tr\u00e1fico en verano La emotiva narraci\u00f3n que Marlaska escuch\u00f3 durante la revisi\u00f3n ... Seguir leyendo &rarr;\" \/>\n<meta property=\"og:url\" content=\"https:\/\/www.diario21.tv\/noticias\/te-emocionara-impactante-testimonio-que-conmueve-a-marlaska-en-el-analisis-de-accidentes-de-verano\/\" \/>\n<meta property=\"og:site_name\" content=\"Diario 21\" \/>\n<meta property=\"article:published_time\" content=\"2024-09-06T16:06:49+00:00\" \/>\n<meta property=\"article:modified_time\" content=\"2024-09-06T16:06:54+00:00\" \/>\n<meta property=\"og:image\" content=\"https:\/\/www.diario21.tv\/noticias\/wp-content\/uploads\/2024\/09\/\u00a1Te-emocionara-Impactante-testimonio-que-conmueve-a-Marlaska-en-el.jpg\" \/>\n\t<meta property=\"og:image:width\" content=\"1920\" \/>\n\t<meta property=\"og:image:height\" content=\"1080\" \/>\n\t<meta property=\"og:image:type\" content=\"image\/jpeg\" \/>\n<meta name=\"author\" content=\"Diario 21\" \/>\n<meta name=\"twitter:card\" content=\"summary_large_image\" \/>\n<meta name=\"twitter:label1\" content=\"Escrito por\" \/>\n\t<meta name=\"twitter:data1\" content=\"Diario 21\" \/>\n\t<meta name=\"twitter:label2\" content=\"Tiempo de lectura\" \/>\n\t<meta name=\"twitter:data2\" content=\"2 minutos\" \/>\n<script type=\"application\/ld+json\" class=\"yoast-schema-graph\">{\"@context\":\"https:\/\/schema.org\",\"@graph\":[{\"@type\":\"WebPage\",\"@id\":\"https:\/\/www.diario21.tv\/noticias\/te-emocionara-impactante-testimonio-que-conmueve-a-marlaska-en-el-analisis-de-accidentes-de-verano\/\",\"url\":\"https:\/\/www.diario21.tv\/noticias\/te-emocionara-impactante-testimonio-que-conmueve-a-marlaska-en-el-analisis-de-accidentes-de-verano\/\",\"name\":\"\u00a1Te emocionar\u00e1! Impactante testimonio que conmueve a Marlaska en el an\u00e1lisis de accidentes de verano - Diario 21\",\"isPartOf\":{\"@id\":\"https:\/\/www.diario21.tv\/noticias\/#website\"},\"primaryImageOfPage\":{\"@id\":\"https:\/\/www.diario21.tv\/noticias\/te-emocionara-impactante-testimonio-que-conmueve-a-marlaska-en-el-analisis-de-accidentes-de-verano\/#primaryimage\"},\"image\":{\"@id\":\"https:\/\/www.diario21.tv\/noticias\/te-emocionara-impactante-testimonio-que-conmueve-a-marlaska-en-el-analisis-de-accidentes-de-verano\/#primaryimage\"},\"thumbnailUrl\":\"https:\/\/www.diario21.tv\/noticias\/wp-content\/uploads\/2024\/09\/\u00a1Te-emocionara-Impactante-testimonio-que-conmueve-a-Marlaska-en-el.jpg\",\"datePublished\":\"2024-09-06T16:06:49+00:00\",\"dateModified\":\"2024-09-06T16:06:54+00:00\",\"author\":{\"@id\":\"https:\/\/www.diario21.tv\/noticias\/#\/schema\/person\/7de9d6205bd3da5b7f01f5cffb18d715\"},\"breadcrumb\":{\"@id\":\"https:\/\/www.diario21.tv\/noticias\/te-emocionara-impactante-testimonio-que-conmueve-a-marlaska-en-el-analisis-de-accidentes-de-verano\/#breadcrumb\"},\"inLanguage\":\"es-AR\",\"potentialAction\":[{\"@type\":\"ReadAction\",\"target\":[\"https:\/\/www.diario21.tv\/noticias\/te-emocionara-impactante-testimonio-que-conmueve-a-marlaska-en-el-analisis-de-accidentes-de-verano\/\"]}]},{\"@type\":\"ImageObject\",\"inLanguage\":\"es-AR\",\"@id\":\"https:\/\/www.diario21.tv\/noticias\/te-emocionara-impactante-testimonio-que-conmueve-a-marlaska-en-el-analisis-de-accidentes-de-verano\/#primaryimage\",\"url\":\"https:\/\/www.diario21.tv\/noticias\/wp-content\/uploads\/2024\/09\/\u00a1Te-emocionara-Impactante-testimonio-que-conmueve-a-Marlaska-en-el.jpg\",\"contentUrl\":\"https:\/\/www.diario21.tv\/noticias\/wp-content\/uploads\/2024\/09\/\u00a1Te-emocionara-Impactante-testimonio-que-conmueve-a-Marlaska-en-el.jpg\",\"width\":1920,\"height\":1080,\"caption\":\"El testimonio que emociona a Marlaska en el balance de siniestralidad vial del verano\"},{\"@type\":\"BreadcrumbList\",\"@id\":\"https:\/\/www.diario21.tv\/noticias\/te-emocionara-impactante-testimonio-que-conmueve-a-marlaska-en-el-analisis-de-accidentes-de-verano\/#breadcrumb\",\"itemListElement\":[{\"@type\":\"ListItem\",\"position\":1,\"name\":\"Accueil\",\"item\":\"https:\/\/www.diario21.tv\/noticias\/\"},{\"@type\":\"ListItem\",\"position\":2,\"name\":\"\u00a1Te emocionar\u00e1! Impactante testimonio que conmueve a Marlaska en el an\u00e1lisis de accidentes de verano\"}]},{\"@type\":\"WebSite\",\"@id\":\"https:\/\/www.diario21.tv\/noticias\/#website\",\"url\":\"https:\/\/www.diario21.tv\/noticias\/\",\"name\":\"Diario 21\",\"description\":\"\",\"potentialAction\":[{\"@type\":\"SearchAction\",\"target\":{\"@type\":\"EntryPoint\",\"urlTemplate\":\"https:\/\/www.diario21.tv\/noticias\/?s={search_term_string}\"},\"query-input\":{\"@type\":\"PropertyValueSpecification\",\"valueRequired\":true,\"valueName\":\"search_term_string\"}}],\"inLanguage\":\"es-AR\"},{\"@type\":\"Person\",\"@id\":\"https:\/\/www.diario21.tv\/noticias\/#\/schema\/person\/7de9d6205bd3da5b7f01f5cffb18d715\",\"name\":\"Diario 21\",\"image\":{\"@type\":\"ImageObject\",\"inLanguage\":\"es-AR\",\"@id\":\"https:\/\/www.diario21.tv\/noticias\/#\/schema\/person\/image\/\",\"url\":\"https:\/\/secure.gravatar.com\/avatar\/d1d5e764b940c8e5990284cabcd5dea9?s=96&d=mm&r=g\",\"contentUrl\":\"https:\/\/secure.gravatar.com\/avatar\/d1d5e764b940c8e5990284cabcd5dea9?s=96&d=mm&r=g\",\"caption\":\"Diario 21\"},\"url\":\"https:\/\/www.diario21.tv\/noticias\/author\/diario-21\/\"}]}<\/script>\n<!-- \/ Yoast SEO plugin. -->","yoast_head_json":{"title":"\u00a1Te emocionar\u00e1! Impactante testimonio que conmueve a Marlaska en el an\u00e1lisis de accidentes de verano - Diario 21","robots":{"index":"index","follow":"follow","max-snippet":"max-snippet:-1","max-image-preview":"max-image-preview:large","max-video-preview":"max-video-preview:-1"},"canonical":"https:\/\/www.diario21.tv\/noticias\/te-emocionara-impactante-testimonio-que-conmueve-a-marlaska-en-el-analisis-de-accidentes-de-verano\/","og_locale":"es_ES","og_type":"article","og_title":"\u00a1Te emocionar\u00e1! Impactante testimonio que conmueve a Marlaska en el an\u00e1lisis de accidentes de verano - Diario 21","og_description":"La conmovedora historia que hizo llorar a Marlaska durante la evaluaci\u00f3n de accidentes de tr\u00e1fico en verano La emotiva narraci\u00f3n que Marlaska escuch\u00f3 durante la revisi\u00f3n ... Seguir leyendo &rarr;","og_url":"https:\/\/www.diario21.tv\/noticias\/te-emocionara-impactante-testimonio-que-conmueve-a-marlaska-en-el-analisis-de-accidentes-de-verano\/","og_site_name":"Diario 21","article_published_time":"2024-09-06T16:06:49+00:00","article_modified_time":"2024-09-06T16:06:54+00:00","og_image":[{"width":1920,"height":1080,"url":"https:\/\/www.diario21.tv\/noticias\/wp-content\/uploads\/2024\/09\/\u00a1Te-emocionara-Impactante-testimonio-que-conmueve-a-Marlaska-en-el.jpg","type":"image\/jpeg"}],"author":"Diario 21","twitter_card":"summary_large_image","twitter_misc":{"Escrito por":"Diario 21","Tiempo de lectura":"2 minutos"},"schema":{"@context":"https:\/\/schema.org","@graph":[{"@type":"WebPage","@id":"https:\/\/www.diario21.tv\/noticias\/te-emocionara-impactante-testimonio-que-conmueve-a-marlaska-en-el-analisis-de-accidentes-de-verano\/","url":"https:\/\/www.diario21.tv\/noticias\/te-emocionara-impactante-testimonio-que-conmueve-a-marlaska-en-el-analisis-de-accidentes-de-verano\/","name":"\u00a1Te emocionar\u00e1! Impactante testimonio que conmueve a Marlaska en el an\u00e1lisis de accidentes de verano - Diario 21","isPartOf":{"@id":"https:\/\/www.diario21.tv\/noticias\/#website"},"primaryImageOfPage":{"@id":"https:\/\/www.diario21.tv\/noticias\/te-emocionara-impactante-testimonio-que-conmueve-a-marlaska-en-el-analisis-de-accidentes-de-verano\/#primaryimage"},"image":{"@id":"https:\/\/www.diario21.tv\/noticias\/te-emocionara-impactante-testimonio-que-conmueve-a-marlaska-en-el-analisis-de-accidentes-de-verano\/#primaryimage"},"thumbnailUrl":"https:\/\/www.diario21.tv\/noticias\/wp-content\/uploads\/2024\/09\/\u00a1Te-emocionara-Impactante-testimonio-que-conmueve-a-Marlaska-en-el.jpg","datePublished":"2024-09-06T16:06:49+00:00","dateModified":"2024-09-06T16:06:54+00:00","author":{"@id":"https:\/\/www.diario21.tv\/noticias\/#\/schema\/person\/7de9d6205bd3da5b7f01f5cffb18d715"},"breadcrumb":{"@id":"https:\/\/www.diario21.tv\/noticias\/te-emocionara-impactante-testimonio-que-conmueve-a-marlaska-en-el-analisis-de-accidentes-de-verano\/#breadcrumb"},"inLanguage":"es-AR","potentialAction":[{"@type":"ReadAction","target":["https:\/\/www.diario21.tv\/noticias\/te-emocionara-impactante-testimonio-que-conmueve-a-marlaska-en-el-analisis-de-accidentes-de-verano\/"]}]},{"@type":"ImageObject","inLanguage":"es-AR","@id":"https:\/\/www.diario21.tv\/noticias\/te-emocionara-impactante-testimonio-que-conmueve-a-marlaska-en-el-analisis-de-accidentes-de-verano\/#primaryimage","url":"https:\/\/www.diario21.tv\/noticias\/wp-content\/uploads\/2024\/09\/\u00a1Te-emocionara-Impactante-testimonio-que-conmueve-a-Marlaska-en-el.jpg","contentUrl":"https:\/\/www.diario21.tv\/noticias\/wp-content\/uploads\/2024\/09\/\u00a1Te-emocionara-Impactante-testimonio-que-conmueve-a-Marlaska-en-el.jpg","width":1920,"height":1080,"caption":"El testimonio que emociona a Marlaska en el balance de siniestralidad vial del verano"},{"@type":"BreadcrumbList","@id":"https:\/\/www.diario21.tv\/noticias\/te-emocionara-impactante-testimonio-que-conmueve-a-marlaska-en-el-analisis-de-accidentes-de-verano\/#breadcrumb","itemListElement":[{"@type":"ListItem","position":1,"name":"Accueil","item":"https:\/\/www.diario21.tv\/noticias\/"},{"@type":"ListItem","position":2,"name":"\u00a1Te emocionar\u00e1! Impactante testimonio que conmueve a Marlaska en el an\u00e1lisis de accidentes de verano"}]},{"@type":"WebSite","@id":"https:\/\/www.diario21.tv\/noticias\/#website","url":"https:\/\/www.diario21.tv\/noticias\/","name":"Diario 21","description":"","potentialAction":[{"@type":"SearchAction","target":{"@type":"EntryPoint","urlTemplate":"https:\/\/www.diario21.tv\/noticias\/?s={search_term_string}"},"query-input":{"@type":"PropertyValueSpecification","valueRequired":true,"valueName":"search_term_string"}}],"inLanguage":"es-AR"},{"@type":"Person","@id":"https:\/\/www.diario21.tv\/noticias\/#\/schema\/person\/7de9d6205bd3da5b7f01f5cffb18d715","name":"Diario 21","image":{"@type":"ImageObject","inLanguage":"es-AR","@id":"https:\/\/www.diario21.tv\/noticias\/#\/schema\/person\/image\/","url":"https:\/\/secure.gravatar.com\/avatar\/d1d5e764b940c8e5990284cabcd5dea9?s=96&d=mm&r=g","contentUrl":"https:\/\/secure.gravatar.com\/avatar\/d1d5e764b940c8e5990284cabcd5dea9?s=96&d=mm&r=g","caption":"Diario 21"},"url":"https:\/\/www.diario21.tv\/noticias\/author\/diario-21\/"}]}},"_links":{"self":[{"href":"https:\/\/www.diario21.tv\/noticias\/wp-json\/wp\/v2\/posts\/316"}],"collection":[{"href":"https:\/\/www.diario21.tv\/noticias\/wp-json\/wp\/v2\/posts"}],"about":[{"href":"https:\/\/www.diario21.tv\/noticias\/wp-json\/wp\/v2\/types\/post"}],"author":[{"embeddable":true,"href":"https:\/\/www.diario21.tv\/noticias\/wp-json\/wp\/v2\/users\/16"}],"replies":[{"embeddable":true,"href":"https:\/\/www.diario21.tv\/noticias\/wp-json\/wp\/v2\/comments?post=316"}],"version-history":[{"count":1,"href":"https:\/\/www.diario21.tv\/noticias\/wp-json\/wp\/v2\/posts\/316\/revisions"}],"predecessor-version":[{"id":318,"href":"https:\/\/www.diario21.tv\/noticias\/wp-json\/wp\/v2\/posts\/316\/revisions\/318"}],"wp:featuredmedia":[{"embeddable":true,"href":"https:\/\/www.diario21.tv\/noticias\/wp-json\/wp\/v2\/media\/317"}],"wp:attachment":[{"href":"https:\/\/www.diario21.tv\/noticias\/wp-json\/wp\/v2\/media?parent=316"}],"wp:term":[{"taxonomy":"category","embeddable":true,"href":"https:\/\/www.diario21.tv\/noticias\/wp-json\/wp\/v2\/categories?post=316"},{"taxonomy":"post_tag","embeddable":true,"href":"https:\/\/www.diario21.tv\/noticias\/wp-json\/wp\/v2\/tags?post=316"}],"curies":[{"name":"wp","href":"https:\/\/api.w.org\/{rel}","templated":true}]}}