{"id":3154,"date":"2025-05-17T00:39:42","date_gmt":"2025-05-17T00:39:42","guid":{"rendered":"https:\/\/www.diario21.tv\/noticias\/descubre-la-verdad-3-mitos-desmentidos-sobre-las-verduras-ultracongeladas\/"},"modified":"2025-05-17T00:39:44","modified_gmt":"2025-05-17T00:39:44","slug":"descubre-la-verdad-3-mitos-desmentidos-sobre-las-verduras-ultracongeladas","status":"publish","type":"post","link":"https:\/\/www.diario21.tv\/noticias\/descubre-la-verdad-3-mitos-desmentidos-sobre-las-verduras-ultracongeladas\/","title":{"rendered":"\u00a1Descubre la verdad! 3 mitos desmentidos sobre las verduras ultracongeladas"},"content":{"rendered":"<h2>\u00bfRealmente las verduras ultracongeladas pierden sus nutrientes?<\/h2>\n<p>Muchas personas asumen que las verduras frescas son siempre la mejor opci\u00f3n en t\u00e9rminos de aporte nutricional. Sin embargo, las verduras ultracongeladas son a menudo subestimadas, y rodeadas de mitos que no siempre tienen fundamento cient\u00edfico. A continuaci\u00f3n, examinaremos y desmentiremos algunos de los mitos m\u00e1s comunes relacionados con las verduras ultracongeladas y su contenido nutricional.<\/p>\n<h3>Mito 1: Las verduras ultracongeladas son menos nutritivas que las frescas<\/h3>\n<p>Una creencia popular sostiene que las verduras ultracongeladas pierden muchos de sus nutrientes durante el proceso de congelaci\u00f3n. Sin embargo, estudios han demostrado que este no es necesariamente el caso. Las verduras destinadas a ser ultracongeladas generalmente son procesadas inmediatamente despu\u00e9s de su cosecha, momento en el cual su contenido nutricional est\u00e1 en su punto m\u00e1s alto. El proceso de ultracongelaci\u00f3n, que implica congelar las verduras a temperaturas extremadamente bajas, act\u00faa r\u00e1pidamente para preservar estos nutrientes, especialmente vitaminas y minerales sensibles al tiempo y al calor, como la vitamina C y el folato.<\/p>\n<h3>Mito 2: El proceso de ultracongelaci\u00f3n destruye los componentes naturales de las verduras<\/h3>\n<p>Otro mito com\u00fan es la idea de que la ultracongelaci\u00f3n altera o destruye los componentes naturales de las verduras. En realidad, la ultracongelaci\u00f3n es un proceso que simplemente detiene la actividad biol\u00f3gica que podr\u00eda llevar a la degradaci\u00f3n de los alimentos. A diferencia de los m\u00e9todos de conservaci\u00f3n que implican altas temperaturas, como el enlatado, la ultracongelaci\u00f3n no rompe las estructuras celulares ni altera de manera significativa la composici\u00f3n qu\u00edmica de las verduras. Esto significa que tanto el sabor como los nutrientes permanecen intactos, permitiendo que las verduras conserven sus cualidades naturales y beneficios para la salud.<\/p>\n<h3>Mito 3: Las verduras ultracongeladas no son tan saludables como las frescas<\/h3>\n<p>La idea de que las verduras ultracongeladas no son tan saludables como las frescas es otro mito que necesita ser revisado. En muchos casos, las verduras ultracongeladas pueden ser incluso m\u00e1s saludables que sus contrapartes frescas, especialmente si las verduras frescas han sido transportadas largas distancias y almacenadas durante per\u00edodos prolongados antes de su consumo. Durante este tiempo, las verduras frescas pueden perder nutrientes significativamente, mientras que las ultracongeladas mantienen su valor nutricional desde el momento de su congelaci\u00f3n hasta su preparaci\u00f3n.<\/p>\n<p>En conclusi\u00f3n, las verduras ultracongeladas son una opci\u00f3n v\u00e1lida y a menudo m\u00e1s conveniente sin comprometer los beneficios nutricionales. La pr\u00f3xima vez que visite su supermercado, no dude en considerar incluir verduras ultracongeladas en su carrito de compras, sabiendo que no est\u00e1 sacrificando calidad ni valor nutritivo por conveniencia.<\/p>\n\n\n<div class=\"kk-star-ratings kksr-auto kksr-align-left kksr-valign-bottom\"\n    data-payload='{&quot;align&quot;:&quot;left&quot;,&quot;id&quot;:&quot;3154&quot;,&quot;slug&quot;:&quot;default&quot;,&quot;valign&quot;:&quot;bottom&quot;,&quot;ignore&quot;:&quot;&quot;,&quot;reference&quot;:&quot;auto&quot;,&quot;class&quot;:&quot;&quot;,&quot;count&quot;:&quot;0&quot;,&quot;legendonly&quot;:&quot;&quot;,&quot;readonly&quot;:&quot;&quot;,&quot;score&quot;:&quot;0&quot;,&quot;starsonly&quot;:&quot;&quot;,&quot;best&quot;:&quot;5&quot;,&quot;gap&quot;:&quot;5&quot;,&quot;greet&quot;:&quot;Valora este post&quot;,&quot;legend&quot;:&quot;0\\\/5 - (0 votes)&quot;,&quot;size&quot;:&quot;22&quot;,&quot;title&quot;:&quot;\u00a1Descubre la verdad! 3 mitos desmentidos sobre las verduras ultracongeladas&quot;,&quot;width&quot;:&quot;0&quot;,&quot;_legend&quot;:&quot;{score}\\\/{best} - ({count} {votes})&quot;,&quot;font_factor&quot;:&quot;1.25&quot;}'>\n            \n<div class=\"kksr-stars\">\n    \n<div class=\"kksr-stars-inactive\">\n            <div class=\"kksr-star\" data-star=\"1\" style=\"padding-right: 5px\">\n            \n\n<div class=\"kksr-icon\" style=\"width: 22px; height: 22px;\"><\/div>\n        <\/div>\n            <div class=\"kksr-star\" data-star=\"2\" style=\"padding-right: 5px\">\n            \n\n<div class=\"kksr-icon\" style=\"width: 22px; height: 22px;\"><\/div>\n        <\/div>\n            <div class=\"kksr-star\" data-star=\"3\" style=\"padding-right: 5px\">\n            \n\n<div class=\"kksr-icon\" style=\"width: 22px; height: 22px;\"><\/div>\n        <\/div>\n            <div class=\"kksr-star\" data-star=\"4\" style=\"padding-right: 5px\">\n            \n\n<div class=\"kksr-icon\" style=\"width: 22px; height: 22px;\"><\/div>\n        <\/div>\n            <div class=\"kksr-star\" data-star=\"5\" style=\"padding-right: 5px\">\n            \n\n<div class=\"kksr-icon\" style=\"width: 22px; height: 22px;\"><\/div>\n        <\/div>\n    <\/div>\n    \n<div class=\"kksr-stars-active\" style=\"width: 0px;\">\n            <div class=\"kksr-star\" style=\"padding-right: 5px\">\n            \n\n<div class=\"kksr-icon\" style=\"width: 22px; height: 22px;\"><\/div>\n        <\/div>\n            <div class=\"kksr-star\" style=\"padding-right: 5px\">\n            \n\n<div class=\"kksr-icon\" style=\"width: 22px; height: 22px;\"><\/div>\n        <\/div>\n            <div class=\"kksr-star\" style=\"padding-right: 5px\">\n            \n\n<div class=\"kksr-icon\" style=\"width: 22px; height: 22px;\"><\/div>\n        <\/div>\n            <div class=\"kksr-star\" style=\"padding-right: 5px\">\n            \n\n<div class=\"kksr-icon\" style=\"width: 22px; height: 22px;\"><\/div>\n        <\/div>\n            <div class=\"kksr-star\" style=\"padding-right: 5px\">\n            \n\n<div class=\"kksr-icon\" style=\"width: 22px; height: 22px;\"><\/div>\n        <\/div>\n    <\/div>\n<\/div>\n                \n\n<div class=\"kksr-legend\" style=\"font-size: 17.6px;\">\n            <span class=\"kksr-muted\">Valora este post<\/span>\n    <\/div>\n    <\/div>\n","protected":false},"excerpt":{"rendered":"<p>\u00bfRealmente las verduras ultracongeladas pierden sus nutrientes? Muchas personas asumen que las verduras frescas son siempre la mejor opci\u00f3n en t\u00e9rminos de aporte nutricional. Sin embargo, &#8230; <a title=\"\u00a1Descubre la verdad! 3 mitos desmentidos sobre las verduras ultracongeladas\" class=\"read-more\" href=\"https:\/\/www.diario21.tv\/noticias\/descubre-la-verdad-3-mitos-desmentidos-sobre-las-verduras-ultracongeladas\/\" aria-label=\"Leer m\u00e1s sobre \u00a1Descubre la verdad! 3 mitos desmentidos sobre las verduras ultracongeladas\">Seguir leyendo &rarr;<\/a><\/p>\n","protected":false},"author":20,"featured_media":3155,"comment_status":"open","ping_status":"open","sticky":false,"template":"","format":"standard","meta":{"footnotes":""},"categories":[13],"tags":[],"class_list":["post-3154","post","type-post","status-publish","format-standard","has-post-thumbnail","hentry","category-portada"],"yoast_head":"<!-- This site is optimized with the Yoast SEO plugin v25.6 - https:\/\/yoast.com\/wordpress\/plugins\/seo\/ -->\n<title>\u00a1Descubre la verdad! 3 mitos desmentidos sobre las verduras ultracongeladas - Diario 21<\/title>\n<meta name=\"robots\" content=\"index, follow, max-snippet:-1, max-image-preview:large, max-video-preview:-1\" \/>\n<link rel=\"canonical\" href=\"https:\/\/www.diario21.tv\/noticias\/descubre-la-verdad-3-mitos-desmentidos-sobre-las-verduras-ultracongeladas\/\" \/>\n<meta property=\"og:locale\" content=\"es_ES\" \/>\n<meta property=\"og:type\" content=\"article\" \/>\n<meta property=\"og:title\" content=\"\u00a1Descubre la verdad! 3 mitos desmentidos sobre las verduras ultracongeladas - Diario 21\" \/>\n<meta property=\"og:description\" content=\"\u00bfRealmente las verduras ultracongeladas pierden sus nutrientes? Muchas personas asumen que las verduras frescas son siempre la mejor opci\u00f3n en t\u00e9rminos de aporte nutricional. Sin embargo, ... Seguir leyendo &rarr;\" \/>\n<meta property=\"og:url\" content=\"https:\/\/www.diario21.tv\/noticias\/descubre-la-verdad-3-mitos-desmentidos-sobre-las-verduras-ultracongeladas\/\" \/>\n<meta property=\"og:site_name\" content=\"Diario 21\" \/>\n<meta property=\"article:published_time\" content=\"2025-05-17T00:39:42+00:00\" \/>\n<meta property=\"article:modified_time\" content=\"2025-05-17T00:39:44+00:00\" \/>\n<meta property=\"og:image\" content=\"https:\/\/www.diario21.tv\/noticias\/wp-content\/uploads\/2025\/05\/\u00a1Descubre-la-verdad-3-mitos-desmentidos-sobre-las-verduras-ultracongeladas.jpg\" \/>\n\t<meta property=\"og:image:width\" content=\"1200\" \/>\n\t<meta property=\"og:image:height\" content=\"840\" \/>\n\t<meta property=\"og:image:type\" content=\"image\/jpeg\" \/>\n<meta name=\"author\" content=\"Juan P\u00e9rez\" \/>\n<meta name=\"twitter:card\" content=\"summary_large_image\" \/>\n<meta name=\"twitter:label1\" content=\"Escrito por\" \/>\n\t<meta name=\"twitter:data1\" content=\"Juan P\u00e9rez\" \/>\n\t<meta name=\"twitter:label2\" content=\"Tiempo de lectura\" \/>\n\t<meta name=\"twitter:data2\" content=\"2 minutos\" \/>\n<script type=\"application\/ld+json\" class=\"yoast-schema-graph\">{\"@context\":\"https:\/\/schema.org\",\"@graph\":[{\"@type\":\"WebPage\",\"@id\":\"https:\/\/www.diario21.tv\/noticias\/descubre-la-verdad-3-mitos-desmentidos-sobre-las-verduras-ultracongeladas\/\",\"url\":\"https:\/\/www.diario21.tv\/noticias\/descubre-la-verdad-3-mitos-desmentidos-sobre-las-verduras-ultracongeladas\/\",\"name\":\"\u00a1Descubre la verdad! 3 mitos desmentidos sobre las verduras ultracongeladas - Diario 21\",\"isPartOf\":{\"@id\":\"https:\/\/www.diario21.tv\/noticias\/#website\"},\"primaryImageOfPage\":{\"@id\":\"https:\/\/www.diario21.tv\/noticias\/descubre-la-verdad-3-mitos-desmentidos-sobre-las-verduras-ultracongeladas\/#primaryimage\"},\"image\":{\"@id\":\"https:\/\/www.diario21.tv\/noticias\/descubre-la-verdad-3-mitos-desmentidos-sobre-las-verduras-ultracongeladas\/#primaryimage\"},\"thumbnailUrl\":\"https:\/\/www.diario21.tv\/noticias\/wp-content\/uploads\/2025\/05\/\u00a1Descubre-la-verdad-3-mitos-desmentidos-sobre-las-verduras-ultracongeladas.jpg\",\"datePublished\":\"2025-05-17T00:39:42+00:00\",\"dateModified\":\"2025-05-17T00:39:44+00:00\",\"author\":{\"@id\":\"https:\/\/www.diario21.tv\/noticias\/#\/schema\/person\/dfb778f73814d8f09f302618446a526b\"},\"breadcrumb\":{\"@id\":\"https:\/\/www.diario21.tv\/noticias\/descubre-la-verdad-3-mitos-desmentidos-sobre-las-verduras-ultracongeladas\/#breadcrumb\"},\"inLanguage\":\"es-AR\",\"potentialAction\":[{\"@type\":\"ReadAction\",\"target\":[\"https:\/\/www.diario21.tv\/noticias\/descubre-la-verdad-3-mitos-desmentidos-sobre-las-verduras-ultracongeladas\/\"]}]},{\"@type\":\"ImageObject\",\"inLanguage\":\"es-AR\",\"@id\":\"https:\/\/www.diario21.tv\/noticias\/descubre-la-verdad-3-mitos-desmentidos-sobre-las-verduras-ultracongeladas\/#primaryimage\",\"url\":\"https:\/\/www.diario21.tv\/noticias\/wp-content\/uploads\/2025\/05\/\u00a1Descubre-la-verdad-3-mitos-desmentidos-sobre-las-verduras-ultracongeladas.jpg\",\"contentUrl\":\"https:\/\/www.diario21.tv\/noticias\/wp-content\/uploads\/2025\/05\/\u00a1Descubre-la-verdad-3-mitos-desmentidos-sobre-las-verduras-ultracongeladas.jpg\",\"width\":1200,\"height\":840,\"caption\":\"\u00bfPierden nutrientes? 3 mitos falsos sobre las verduras ultracongeladas\"},{\"@type\":\"BreadcrumbList\",\"@id\":\"https:\/\/www.diario21.tv\/noticias\/descubre-la-verdad-3-mitos-desmentidos-sobre-las-verduras-ultracongeladas\/#breadcrumb\",\"itemListElement\":[{\"@type\":\"ListItem\",\"position\":1,\"name\":\"Accueil\",\"item\":\"https:\/\/www.diario21.tv\/noticias\/\"},{\"@type\":\"ListItem\",\"position\":2,\"name\":\"\u00a1Descubre la verdad! 3 mitos desmentidos sobre las verduras ultracongeladas\"}]},{\"@type\":\"WebSite\",\"@id\":\"https:\/\/www.diario21.tv\/noticias\/#website\",\"url\":\"https:\/\/www.diario21.tv\/noticias\/\",\"name\":\"Diario 21\",\"description\":\"\",\"potentialAction\":[{\"@type\":\"SearchAction\",\"target\":{\"@type\":\"EntryPoint\",\"urlTemplate\":\"https:\/\/www.diario21.tv\/noticias\/?s={search_term_string}\"},\"query-input\":{\"@type\":\"PropertyValueSpecification\",\"valueRequired\":true,\"valueName\":\"search_term_string\"}}],\"inLanguage\":\"es-AR\"},{\"@type\":\"Person\",\"@id\":\"https:\/\/www.diario21.tv\/noticias\/#\/schema\/person\/dfb778f73814d8f09f302618446a526b\",\"name\":\"Juan P\u00e9rez\",\"image\":{\"@type\":\"ImageObject\",\"inLanguage\":\"es-AR\",\"@id\":\"https:\/\/www.diario21.tv\/noticias\/#\/schema\/person\/image\/\",\"url\":\"https:\/\/secure.gravatar.com\/avatar\/c478a405bd10621167f4c3167cc770f5?s=96&d=mm&r=g\",\"contentUrl\":\"https:\/\/secure.gravatar.com\/avatar\/c478a405bd10621167f4c3167cc770f5?s=96&d=mm&r=g\",\"caption\":\"Juan P\u00e9rez\"},\"description\":\"Juan P\u00e9rez es el redactor en jefe de Diario 21. Con m\u00e1s de 10 a\u00f1os de experiencia en el periodismo, se especializa en pol\u00edtica nacional y an\u00e1lisis socioecon\u00f3mico. Su enfoque cr\u00edtico y riguroso aporta una perspectiva \u00fanica a cada art\u00edculo.\",\"sameAs\":[\"https:\/\/www.diario21.tv\/noticias\/\"],\"url\":\"https:\/\/www.diario21.tv\/noticias\/author\/juan-perez\/\"}]}<\/script>\n<!-- \/ Yoast SEO plugin. -->","yoast_head_json":{"title":"\u00a1Descubre la verdad! 3 mitos desmentidos sobre las verduras ultracongeladas - Diario 21","robots":{"index":"index","follow":"follow","max-snippet":"max-snippet:-1","max-image-preview":"max-image-preview:large","max-video-preview":"max-video-preview:-1"},"canonical":"https:\/\/www.diario21.tv\/noticias\/descubre-la-verdad-3-mitos-desmentidos-sobre-las-verduras-ultracongeladas\/","og_locale":"es_ES","og_type":"article","og_title":"\u00a1Descubre la verdad! 3 mitos desmentidos sobre las verduras ultracongeladas - Diario 21","og_description":"\u00bfRealmente las verduras ultracongeladas pierden sus nutrientes? Muchas personas asumen que las verduras frescas son siempre la mejor opci\u00f3n en t\u00e9rminos de aporte nutricional. Sin embargo, ... Seguir leyendo &rarr;","og_url":"https:\/\/www.diario21.tv\/noticias\/descubre-la-verdad-3-mitos-desmentidos-sobre-las-verduras-ultracongeladas\/","og_site_name":"Diario 21","article_published_time":"2025-05-17T00:39:42+00:00","article_modified_time":"2025-05-17T00:39:44+00:00","og_image":[{"width":1200,"height":840,"url":"https:\/\/www.diario21.tv\/noticias\/wp-content\/uploads\/2025\/05\/\u00a1Descubre-la-verdad-3-mitos-desmentidos-sobre-las-verduras-ultracongeladas.jpg","type":"image\/jpeg"}],"author":"Juan P\u00e9rez","twitter_card":"summary_large_image","twitter_misc":{"Escrito por":"Juan P\u00e9rez","Tiempo de lectura":"2 minutos"},"schema":{"@context":"https:\/\/schema.org","@graph":[{"@type":"WebPage","@id":"https:\/\/www.diario21.tv\/noticias\/descubre-la-verdad-3-mitos-desmentidos-sobre-las-verduras-ultracongeladas\/","url":"https:\/\/www.diario21.tv\/noticias\/descubre-la-verdad-3-mitos-desmentidos-sobre-las-verduras-ultracongeladas\/","name":"\u00a1Descubre la verdad! 3 mitos desmentidos sobre las verduras ultracongeladas - Diario 21","isPartOf":{"@id":"https:\/\/www.diario21.tv\/noticias\/#website"},"primaryImageOfPage":{"@id":"https:\/\/www.diario21.tv\/noticias\/descubre-la-verdad-3-mitos-desmentidos-sobre-las-verduras-ultracongeladas\/#primaryimage"},"image":{"@id":"https:\/\/www.diario21.tv\/noticias\/descubre-la-verdad-3-mitos-desmentidos-sobre-las-verduras-ultracongeladas\/#primaryimage"},"thumbnailUrl":"https:\/\/www.diario21.tv\/noticias\/wp-content\/uploads\/2025\/05\/\u00a1Descubre-la-verdad-3-mitos-desmentidos-sobre-las-verduras-ultracongeladas.jpg","datePublished":"2025-05-17T00:39:42+00:00","dateModified":"2025-05-17T00:39:44+00:00","author":{"@id":"https:\/\/www.diario21.tv\/noticias\/#\/schema\/person\/dfb778f73814d8f09f302618446a526b"},"breadcrumb":{"@id":"https:\/\/www.diario21.tv\/noticias\/descubre-la-verdad-3-mitos-desmentidos-sobre-las-verduras-ultracongeladas\/#breadcrumb"},"inLanguage":"es-AR","potentialAction":[{"@type":"ReadAction","target":["https:\/\/www.diario21.tv\/noticias\/descubre-la-verdad-3-mitos-desmentidos-sobre-las-verduras-ultracongeladas\/"]}]},{"@type":"ImageObject","inLanguage":"es-AR","@id":"https:\/\/www.diario21.tv\/noticias\/descubre-la-verdad-3-mitos-desmentidos-sobre-las-verduras-ultracongeladas\/#primaryimage","url":"https:\/\/www.diario21.tv\/noticias\/wp-content\/uploads\/2025\/05\/\u00a1Descubre-la-verdad-3-mitos-desmentidos-sobre-las-verduras-ultracongeladas.jpg","contentUrl":"https:\/\/www.diario21.tv\/noticias\/wp-content\/uploads\/2025\/05\/\u00a1Descubre-la-verdad-3-mitos-desmentidos-sobre-las-verduras-ultracongeladas.jpg","width":1200,"height":840,"caption":"\u00bfPierden nutrientes? 3 mitos falsos sobre las verduras ultracongeladas"},{"@type":"BreadcrumbList","@id":"https:\/\/www.diario21.tv\/noticias\/descubre-la-verdad-3-mitos-desmentidos-sobre-las-verduras-ultracongeladas\/#breadcrumb","itemListElement":[{"@type":"ListItem","position":1,"name":"Accueil","item":"https:\/\/www.diario21.tv\/noticias\/"},{"@type":"ListItem","position":2,"name":"\u00a1Descubre la verdad! 3 mitos desmentidos sobre las verduras ultracongeladas"}]},{"@type":"WebSite","@id":"https:\/\/www.diario21.tv\/noticias\/#website","url":"https:\/\/www.diario21.tv\/noticias\/","name":"Diario 21","description":"","potentialAction":[{"@type":"SearchAction","target":{"@type":"EntryPoint","urlTemplate":"https:\/\/www.diario21.tv\/noticias\/?s={search_term_string}"},"query-input":{"@type":"PropertyValueSpecification","valueRequired":true,"valueName":"search_term_string"}}],"inLanguage":"es-AR"},{"@type":"Person","@id":"https:\/\/www.diario21.tv\/noticias\/#\/schema\/person\/dfb778f73814d8f09f302618446a526b","name":"Juan P\u00e9rez","image":{"@type":"ImageObject","inLanguage":"es-AR","@id":"https:\/\/www.diario21.tv\/noticias\/#\/schema\/person\/image\/","url":"https:\/\/secure.gravatar.com\/avatar\/c478a405bd10621167f4c3167cc770f5?s=96&d=mm&r=g","contentUrl":"https:\/\/secure.gravatar.com\/avatar\/c478a405bd10621167f4c3167cc770f5?s=96&d=mm&r=g","caption":"Juan P\u00e9rez"},"description":"Juan P\u00e9rez es el redactor en jefe de Diario 21. Con m\u00e1s de 10 a\u00f1os de experiencia en el periodismo, se especializa en pol\u00edtica nacional y an\u00e1lisis socioecon\u00f3mico. Su enfoque cr\u00edtico y riguroso aporta una perspectiva \u00fanica a cada art\u00edculo.","sameAs":["https:\/\/www.diario21.tv\/noticias\/"],"url":"https:\/\/www.diario21.tv\/noticias\/author\/juan-perez\/"}]}},"_links":{"self":[{"href":"https:\/\/www.diario21.tv\/noticias\/wp-json\/wp\/v2\/posts\/3154"}],"collection":[{"href":"https:\/\/www.diario21.tv\/noticias\/wp-json\/wp\/v2\/posts"}],"about":[{"href":"https:\/\/www.diario21.tv\/noticias\/wp-json\/wp\/v2\/types\/post"}],"author":[{"embeddable":true,"href":"https:\/\/www.diario21.tv\/noticias\/wp-json\/wp\/v2\/users\/20"}],"replies":[{"embeddable":true,"href":"https:\/\/www.diario21.tv\/noticias\/wp-json\/wp\/v2\/comments?post=3154"}],"version-history":[{"count":1,"href":"https:\/\/www.diario21.tv\/noticias\/wp-json\/wp\/v2\/posts\/3154\/revisions"}],"predecessor-version":[{"id":3156,"href":"https:\/\/www.diario21.tv\/noticias\/wp-json\/wp\/v2\/posts\/3154\/revisions\/3156"}],"wp:featuredmedia":[{"embeddable":true,"href":"https:\/\/www.diario21.tv\/noticias\/wp-json\/wp\/v2\/media\/3155"}],"wp:attachment":[{"href":"https:\/\/www.diario21.tv\/noticias\/wp-json\/wp\/v2\/media?parent=3154"}],"wp:term":[{"taxonomy":"category","embeddable":true,"href":"https:\/\/www.diario21.tv\/noticias\/wp-json\/wp\/v2\/categories?post=3154"},{"taxonomy":"post_tag","embeddable":true,"href":"https:\/\/www.diario21.tv\/noticias\/wp-json\/wp\/v2\/tags?post=3154"}],"curies":[{"name":"wp","href":"https:\/\/api.w.org\/{rel}","templated":true}]}}