{"id":3127,"date":"2025-05-14T17:56:44","date_gmt":"2025-05-14T17:56:44","guid":{"rendered":"https:\/\/www.diario21.tv\/noticias\/ursula-von-der-leyen-promete-visitar-la-zona-cero-tras-la-devastadora-dana-compromiso-y-empatia\/"},"modified":"2025-05-14T17:57:28","modified_gmt":"2025-05-14T17:57:28","slug":"ursula-von-der-leyen-promete-visitar-la-zona-cero-tras-la-devastadora-dana-compromiso-y-empatia","status":"publish","type":"post","link":"https:\/\/www.diario21.tv\/noticias\/ursula-von-der-leyen-promete-visitar-la-zona-cero-tras-la-devastadora-dana-compromiso-y-empatia\/","title":{"rendered":"Ursula von der Leyen promete visitar la zona cero tras la devastadora DANA: Compromiso y empat\u00eda."},"content":{"rendered":"<h2>Compromiso de Visita de Von der Leyen a la Zona Cero Confirmado por V\u00edctimas de la DANA<\/h2>\n<p>Las personas afectadas por la Depresi\u00f3n Aislada en Niveles Altos (DANA) han recibido con esperanza la promesa de Ursula von der Leyen, presidenta de la Comisi\u00f3n Europea, de visitar las \u00e1reas m\u00e1s golpeadas por este fen\u00f3meno meteorol\u00f3gico. Durante un encuentro reciente, las v\u00edctimas compartieron sus experiencias y desaf\u00edos, destacando la receptividad y empat\u00eda mostradas por Von der Leyen.<\/p>\n<h3>Empat\u00eda y Compromiso en la Respuesta de Von der Leyen<\/h3>\n<p>En una reuni\u00f3n que fue descrita como cargada de emociones y comprensi\u00f3n mutua, los afectados por la DANA expresaron sus dificultades y la devastaci\u00f3n que han enfrentado. Seg\u00fan relatos de los participantes, la presidenta de la Comisi\u00f3n Europea se mostr\u00f3 profundamente conmovida por las historias y asegur\u00f3 su apoyo y presencia en la zona devastada.<\/p>\n<p>\u201cHemos sentido que realmente nos escuchaba y se empatizaba con nuestra situaci\u00f3n\u201d, coment\u00f3 uno de los asistentes. Este gesto de Von der Leyen ha sido interpretado como un paso positivo hacia la recuperaci\u00f3n y reconstrucci\u00f3n de las \u00e1reas afectadas, demostrando un inter\u00e9s genuino por parte de la Uni\u00f3n Europea en responder a las necesidades de sus ciudadanos en momentos de crisis.<\/p>\n<h3>Expectativas y Preparativos para la Visita<\/h3>\n<p>Con la confirmaci\u00f3n de la visita, las comunidades afectadas por la DANA se preparan para recibir a Von der Leyen, con la esperanza de que su presencia impulse los esfuerzos de recuperaci\u00f3n y traiga atenci\u00f3n adicional a la urgencia de la situaci\u00f3n. Los detalles espec\u00edficos de la visita a\u00fan est\u00e1n siendo planificados, pero se espera que la misma tenga lugar en las pr\u00f3ximas semanas.<\/p>\n<p>Este compromiso no solo simboliza un soporte moral, sino que tambi\u00e9n podr\u00eda facilitar la llegada de m\u00e1s recursos y ayuda financiera para las zonas desoladas, acelerando los procesos de reconstrucci\u00f3n y ayudando a las familias a volver a la normalidad.<\/p>\n<p>Con la comunidad a\u00fan recuper\u00e1ndose del impacto de la DANA, la visita de una figura tan prominente como Ursula von der Leyen es vista como un faro de esperanza y una se\u00f1al de que no est\u00e1n solos en esta lucha por reconstruir sus vidas y comunidades.<\/p>\n\n\n<div class=\"kk-star-ratings kksr-auto kksr-align-left kksr-valign-bottom\"\n    data-payload='{&quot;align&quot;:&quot;left&quot;,&quot;id&quot;:&quot;3127&quot;,&quot;slug&quot;:&quot;default&quot;,&quot;valign&quot;:&quot;bottom&quot;,&quot;ignore&quot;:&quot;&quot;,&quot;reference&quot;:&quot;auto&quot;,&quot;class&quot;:&quot;&quot;,&quot;count&quot;:&quot;0&quot;,&quot;legendonly&quot;:&quot;&quot;,&quot;readonly&quot;:&quot;&quot;,&quot;score&quot;:&quot;0&quot;,&quot;starsonly&quot;:&quot;&quot;,&quot;best&quot;:&quot;5&quot;,&quot;gap&quot;:&quot;5&quot;,&quot;greet&quot;:&quot;Valora este post&quot;,&quot;legend&quot;:&quot;0\\\/5 - (0 votes)&quot;,&quot;size&quot;:&quot;22&quot;,&quot;title&quot;:&quot;Ursula von der Leyen promete visitar la zona cero tras la devastadora DANA: Compromiso y empat\u00eda.&quot;,&quot;width&quot;:&quot;0&quot;,&quot;_legend&quot;:&quot;{score}\\\/{best} - ({count} {votes})&quot;,&quot;font_factor&quot;:&quot;1.25&quot;}'>\n            \n<div class=\"kksr-stars\">\n    \n<div class=\"kksr-stars-inactive\">\n            <div class=\"kksr-star\" data-star=\"1\" style=\"padding-right: 5px\">\n            \n\n<div class=\"kksr-icon\" style=\"width: 22px; height: 22px;\"><\/div>\n        <\/div>\n            <div class=\"kksr-star\" data-star=\"2\" style=\"padding-right: 5px\">\n            \n\n<div class=\"kksr-icon\" style=\"width: 22px; height: 22px;\"><\/div>\n        <\/div>\n            <div class=\"kksr-star\" data-star=\"3\" style=\"padding-right: 5px\">\n            \n\n<div class=\"kksr-icon\" style=\"width: 22px; height: 22px;\"><\/div>\n        <\/div>\n            <div class=\"kksr-star\" data-star=\"4\" style=\"padding-right: 5px\">\n            \n\n<div class=\"kksr-icon\" style=\"width: 22px; height: 22px;\"><\/div>\n        <\/div>\n            <div class=\"kksr-star\" data-star=\"5\" style=\"padding-right: 5px\">\n            \n\n<div class=\"kksr-icon\" style=\"width: 22px; height: 22px;\"><\/div>\n        <\/div>\n    <\/div>\n    \n<div class=\"kksr-stars-active\" style=\"width: 0px;\">\n            <div class=\"kksr-star\" style=\"padding-right: 5px\">\n            \n\n<div class=\"kksr-icon\" style=\"width: 22px; height: 22px;\"><\/div>\n        <\/div>\n            <div class=\"kksr-star\" style=\"padding-right: 5px\">\n            \n\n<div class=\"kksr-icon\" style=\"width: 22px; height: 22px;\"><\/div>\n        <\/div>\n            <div class=\"kksr-star\" style=\"padding-right: 5px\">\n            \n\n<div class=\"kksr-icon\" style=\"width: 22px; height: 22px;\"><\/div>\n        <\/div>\n            <div class=\"kksr-star\" style=\"padding-right: 5px\">\n            \n\n<div class=\"kksr-icon\" style=\"width: 22px; height: 22px;\"><\/div>\n        <\/div>\n            <div class=\"kksr-star\" style=\"padding-right: 5px\">\n            \n\n<div class=\"kksr-icon\" style=\"width: 22px; height: 22px;\"><\/div>\n        <\/div>\n    <\/div>\n<\/div>\n                \n\n<div class=\"kksr-legend\" style=\"font-size: 17.6px;\">\n            <span class=\"kksr-muted\">Valora este post<\/span>\n    <\/div>\n    <\/div>\n","protected":false},"excerpt":{"rendered":"<p>Compromiso de Visita de Von der Leyen a la Zona Cero Confirmado por V\u00edctimas de la DANA Las personas afectadas por la Depresi\u00f3n Aislada en Niveles &#8230; <a title=\"Ursula von der Leyen promete visitar la zona cero tras la devastadora DANA: Compromiso y empat\u00eda.\" class=\"read-more\" href=\"https:\/\/www.diario21.tv\/noticias\/ursula-von-der-leyen-promete-visitar-la-zona-cero-tras-la-devastadora-dana-compromiso-y-empatia\/\" aria-label=\"Leer m\u00e1s sobre Ursula von der Leyen promete visitar la zona cero tras la devastadora DANA: Compromiso y empat\u00eda.\">Seguir leyendo &rarr;<\/a><\/p>\n","protected":false},"author":20,"featured_media":3128,"comment_status":"open","ping_status":"open","sticky":false,"template":"","format":"standard","meta":{"footnotes":""},"categories":[13],"tags":[],"class_list":["post-3127","post","type-post","status-publish","format-standard","has-post-thumbnail","hentry","category-portada"],"yoast_head":"<!-- This site is optimized with the Yoast SEO plugin v25.6 - https:\/\/yoast.com\/wordpress\/plugins\/seo\/ -->\n<title>Ursula von der Leyen promete visitar la zona cero tras la devastadora DANA: Compromiso y empat\u00eda. - Diario 21<\/title>\n<meta name=\"robots\" content=\"index, follow, max-snippet:-1, max-image-preview:large, max-video-preview:-1\" \/>\n<link rel=\"canonical\" href=\"https:\/\/www.diario21.tv\/noticias\/ursula-von-der-leyen-promete-visitar-la-zona-cero-tras-la-devastadora-dana-compromiso-y-empatia\/\" \/>\n<meta property=\"og:locale\" content=\"es_ES\" \/>\n<meta property=\"og:type\" content=\"article\" \/>\n<meta property=\"og:title\" content=\"Ursula von der Leyen promete visitar la zona cero tras la devastadora DANA: Compromiso y empat\u00eda. - Diario 21\" \/>\n<meta property=\"og:description\" content=\"Compromiso de Visita de Von der Leyen a la Zona Cero Confirmado por V\u00edctimas de la DANA Las personas afectadas por la Depresi\u00f3n Aislada en Niveles ... Seguir leyendo &rarr;\" \/>\n<meta property=\"og:url\" content=\"https:\/\/www.diario21.tv\/noticias\/ursula-von-der-leyen-promete-visitar-la-zona-cero-tras-la-devastadora-dana-compromiso-y-empatia\/\" \/>\n<meta property=\"og:site_name\" content=\"Diario 21\" \/>\n<meta property=\"article:published_time\" content=\"2025-05-14T17:56:44+00:00\" \/>\n<meta property=\"article:modified_time\" content=\"2025-05-14T17:57:28+00:00\" \/>\n<meta property=\"og:image\" content=\"https:\/\/www.diario21.tv\/noticias\/wp-content\/uploads\/2025\/05\/Ursula-von-der-Leyen-promete-visitar-la-zona-cero-tras.png\" \/>\n\t<meta property=\"og:image:width\" content=\"1200\" \/>\n\t<meta property=\"og:image:height\" content=\"840\" \/>\n\t<meta property=\"og:image:type\" content=\"image\/png\" \/>\n<meta name=\"author\" content=\"Juan P\u00e9rez\" \/>\n<meta name=\"twitter:card\" content=\"summary_large_image\" \/>\n<meta name=\"twitter:label1\" content=\"Escrito por\" \/>\n\t<meta name=\"twitter:data1\" content=\"Juan P\u00e9rez\" \/>\n\t<meta name=\"twitter:label2\" content=\"Tiempo de lectura\" \/>\n\t<meta name=\"twitter:data2\" content=\"2 minutos\" \/>\n<script type=\"application\/ld+json\" class=\"yoast-schema-graph\">{\"@context\":\"https:\/\/schema.org\",\"@graph\":[{\"@type\":\"WebPage\",\"@id\":\"https:\/\/www.diario21.tv\/noticias\/ursula-von-der-leyen-promete-visitar-la-zona-cero-tras-la-devastadora-dana-compromiso-y-empatia\/\",\"url\":\"https:\/\/www.diario21.tv\/noticias\/ursula-von-der-leyen-promete-visitar-la-zona-cero-tras-la-devastadora-dana-compromiso-y-empatia\/\",\"name\":\"Ursula von der Leyen promete visitar la zona cero tras la devastadora DANA: Compromiso y empat\u00eda. - Diario 21\",\"isPartOf\":{\"@id\":\"https:\/\/www.diario21.tv\/noticias\/#website\"},\"primaryImageOfPage\":{\"@id\":\"https:\/\/www.diario21.tv\/noticias\/ursula-von-der-leyen-promete-visitar-la-zona-cero-tras-la-devastadora-dana-compromiso-y-empatia\/#primaryimage\"},\"image\":{\"@id\":\"https:\/\/www.diario21.tv\/noticias\/ursula-von-der-leyen-promete-visitar-la-zona-cero-tras-la-devastadora-dana-compromiso-y-empatia\/#primaryimage\"},\"thumbnailUrl\":\"https:\/\/www.diario21.tv\/noticias\/wp-content\/uploads\/2025\/05\/Ursula-von-der-Leyen-promete-visitar-la-zona-cero-tras.png\",\"datePublished\":\"2025-05-14T17:56:44+00:00\",\"dateModified\":\"2025-05-14T17:57:28+00:00\",\"author\":{\"@id\":\"https:\/\/www.diario21.tv\/noticias\/#\/schema\/person\/dfb778f73814d8f09f302618446a526b\"},\"breadcrumb\":{\"@id\":\"https:\/\/www.diario21.tv\/noticias\/ursula-von-der-leyen-promete-visitar-la-zona-cero-tras-la-devastadora-dana-compromiso-y-empatia\/#breadcrumb\"},\"inLanguage\":\"es-AR\",\"potentialAction\":[{\"@type\":\"ReadAction\",\"target\":[\"https:\/\/www.diario21.tv\/noticias\/ursula-von-der-leyen-promete-visitar-la-zona-cero-tras-la-devastadora-dana-compromiso-y-empatia\/\"]}]},{\"@type\":\"ImageObject\",\"inLanguage\":\"es-AR\",\"@id\":\"https:\/\/www.diario21.tv\/noticias\/ursula-von-der-leyen-promete-visitar-la-zona-cero-tras-la-devastadora-dana-compromiso-y-empatia\/#primaryimage\",\"url\":\"https:\/\/www.diario21.tv\/noticias\/wp-content\/uploads\/2025\/05\/Ursula-von-der-Leyen-promete-visitar-la-zona-cero-tras.png\",\"contentUrl\":\"https:\/\/www.diario21.tv\/noticias\/wp-content\/uploads\/2025\/05\/Ursula-von-der-Leyen-promete-visitar-la-zona-cero-tras.png\",\"width\":1200,\"height\":840,\"caption\":\"Las v\u00edctimas de la dana logran el compromiso de Von der Leyen de visitar la zona cero: \u00abHemos sentido empat\u00eda y escucha\u00bb\"},{\"@type\":\"BreadcrumbList\",\"@id\":\"https:\/\/www.diario21.tv\/noticias\/ursula-von-der-leyen-promete-visitar-la-zona-cero-tras-la-devastadora-dana-compromiso-y-empatia\/#breadcrumb\",\"itemListElement\":[{\"@type\":\"ListItem\",\"position\":1,\"name\":\"Accueil\",\"item\":\"https:\/\/www.diario21.tv\/noticias\/\"},{\"@type\":\"ListItem\",\"position\":2,\"name\":\"Ursula von der Leyen promete visitar la zona cero tras la devastadora DANA: Compromiso y empat\u00eda.\"}]},{\"@type\":\"WebSite\",\"@id\":\"https:\/\/www.diario21.tv\/noticias\/#website\",\"url\":\"https:\/\/www.diario21.tv\/noticias\/\",\"name\":\"Diario 21\",\"description\":\"\",\"potentialAction\":[{\"@type\":\"SearchAction\",\"target\":{\"@type\":\"EntryPoint\",\"urlTemplate\":\"https:\/\/www.diario21.tv\/noticias\/?s={search_term_string}\"},\"query-input\":{\"@type\":\"PropertyValueSpecification\",\"valueRequired\":true,\"valueName\":\"search_term_string\"}}],\"inLanguage\":\"es-AR\"},{\"@type\":\"Person\",\"@id\":\"https:\/\/www.diario21.tv\/noticias\/#\/schema\/person\/dfb778f73814d8f09f302618446a526b\",\"name\":\"Juan P\u00e9rez\",\"image\":{\"@type\":\"ImageObject\",\"inLanguage\":\"es-AR\",\"@id\":\"https:\/\/www.diario21.tv\/noticias\/#\/schema\/person\/image\/\",\"url\":\"https:\/\/secure.gravatar.com\/avatar\/c478a405bd10621167f4c3167cc770f5?s=96&d=mm&r=g\",\"contentUrl\":\"https:\/\/secure.gravatar.com\/avatar\/c478a405bd10621167f4c3167cc770f5?s=96&d=mm&r=g\",\"caption\":\"Juan P\u00e9rez\"},\"description\":\"Juan P\u00e9rez es el redactor en jefe de Diario 21. Con m\u00e1s de 10 a\u00f1os de experiencia en el periodismo, se especializa en pol\u00edtica nacional y an\u00e1lisis socioecon\u00f3mico. Su enfoque cr\u00edtico y riguroso aporta una perspectiva \u00fanica a cada art\u00edculo.\",\"sameAs\":[\"https:\/\/www.diario21.tv\/noticias\/\"],\"url\":\"https:\/\/www.diario21.tv\/noticias\/author\/juan-perez\/\"}]}<\/script>\n<!-- \/ Yoast SEO plugin. -->","yoast_head_json":{"title":"Ursula von der Leyen promete visitar la zona cero tras la devastadora DANA: Compromiso y empat\u00eda. - Diario 21","robots":{"index":"index","follow":"follow","max-snippet":"max-snippet:-1","max-image-preview":"max-image-preview:large","max-video-preview":"max-video-preview:-1"},"canonical":"https:\/\/www.diario21.tv\/noticias\/ursula-von-der-leyen-promete-visitar-la-zona-cero-tras-la-devastadora-dana-compromiso-y-empatia\/","og_locale":"es_ES","og_type":"article","og_title":"Ursula von der Leyen promete visitar la zona cero tras la devastadora DANA: Compromiso y empat\u00eda. - Diario 21","og_description":"Compromiso de Visita de Von der Leyen a la Zona Cero Confirmado por V\u00edctimas de la DANA Las personas afectadas por la Depresi\u00f3n Aislada en Niveles ... Seguir leyendo &rarr;","og_url":"https:\/\/www.diario21.tv\/noticias\/ursula-von-der-leyen-promete-visitar-la-zona-cero-tras-la-devastadora-dana-compromiso-y-empatia\/","og_site_name":"Diario 21","article_published_time":"2025-05-14T17:56:44+00:00","article_modified_time":"2025-05-14T17:57:28+00:00","og_image":[{"width":1200,"height":840,"url":"https:\/\/www.diario21.tv\/noticias\/wp-content\/uploads\/2025\/05\/Ursula-von-der-Leyen-promete-visitar-la-zona-cero-tras.png","type":"image\/png"}],"author":"Juan P\u00e9rez","twitter_card":"summary_large_image","twitter_misc":{"Escrito por":"Juan P\u00e9rez","Tiempo de lectura":"2 minutos"},"schema":{"@context":"https:\/\/schema.org","@graph":[{"@type":"WebPage","@id":"https:\/\/www.diario21.tv\/noticias\/ursula-von-der-leyen-promete-visitar-la-zona-cero-tras-la-devastadora-dana-compromiso-y-empatia\/","url":"https:\/\/www.diario21.tv\/noticias\/ursula-von-der-leyen-promete-visitar-la-zona-cero-tras-la-devastadora-dana-compromiso-y-empatia\/","name":"Ursula von der Leyen promete visitar la zona cero tras la devastadora DANA: Compromiso y empat\u00eda. - Diario 21","isPartOf":{"@id":"https:\/\/www.diario21.tv\/noticias\/#website"},"primaryImageOfPage":{"@id":"https:\/\/www.diario21.tv\/noticias\/ursula-von-der-leyen-promete-visitar-la-zona-cero-tras-la-devastadora-dana-compromiso-y-empatia\/#primaryimage"},"image":{"@id":"https:\/\/www.diario21.tv\/noticias\/ursula-von-der-leyen-promete-visitar-la-zona-cero-tras-la-devastadora-dana-compromiso-y-empatia\/#primaryimage"},"thumbnailUrl":"https:\/\/www.diario21.tv\/noticias\/wp-content\/uploads\/2025\/05\/Ursula-von-der-Leyen-promete-visitar-la-zona-cero-tras.png","datePublished":"2025-05-14T17:56:44+00:00","dateModified":"2025-05-14T17:57:28+00:00","author":{"@id":"https:\/\/www.diario21.tv\/noticias\/#\/schema\/person\/dfb778f73814d8f09f302618446a526b"},"breadcrumb":{"@id":"https:\/\/www.diario21.tv\/noticias\/ursula-von-der-leyen-promete-visitar-la-zona-cero-tras-la-devastadora-dana-compromiso-y-empatia\/#breadcrumb"},"inLanguage":"es-AR","potentialAction":[{"@type":"ReadAction","target":["https:\/\/www.diario21.tv\/noticias\/ursula-von-der-leyen-promete-visitar-la-zona-cero-tras-la-devastadora-dana-compromiso-y-empatia\/"]}]},{"@type":"ImageObject","inLanguage":"es-AR","@id":"https:\/\/www.diario21.tv\/noticias\/ursula-von-der-leyen-promete-visitar-la-zona-cero-tras-la-devastadora-dana-compromiso-y-empatia\/#primaryimage","url":"https:\/\/www.diario21.tv\/noticias\/wp-content\/uploads\/2025\/05\/Ursula-von-der-Leyen-promete-visitar-la-zona-cero-tras.png","contentUrl":"https:\/\/www.diario21.tv\/noticias\/wp-content\/uploads\/2025\/05\/Ursula-von-der-Leyen-promete-visitar-la-zona-cero-tras.png","width":1200,"height":840,"caption":"Las v\u00edctimas de la dana logran el compromiso de Von der Leyen de visitar la zona cero: \u00abHemos sentido empat\u00eda y escucha\u00bb"},{"@type":"BreadcrumbList","@id":"https:\/\/www.diario21.tv\/noticias\/ursula-von-der-leyen-promete-visitar-la-zona-cero-tras-la-devastadora-dana-compromiso-y-empatia\/#breadcrumb","itemListElement":[{"@type":"ListItem","position":1,"name":"Accueil","item":"https:\/\/www.diario21.tv\/noticias\/"},{"@type":"ListItem","position":2,"name":"Ursula von der Leyen promete visitar la zona cero tras la devastadora DANA: Compromiso y empat\u00eda."}]},{"@type":"WebSite","@id":"https:\/\/www.diario21.tv\/noticias\/#website","url":"https:\/\/www.diario21.tv\/noticias\/","name":"Diario 21","description":"","potentialAction":[{"@type":"SearchAction","target":{"@type":"EntryPoint","urlTemplate":"https:\/\/www.diario21.tv\/noticias\/?s={search_term_string}"},"query-input":{"@type":"PropertyValueSpecification","valueRequired":true,"valueName":"search_term_string"}}],"inLanguage":"es-AR"},{"@type":"Person","@id":"https:\/\/www.diario21.tv\/noticias\/#\/schema\/person\/dfb778f73814d8f09f302618446a526b","name":"Juan P\u00e9rez","image":{"@type":"ImageObject","inLanguage":"es-AR","@id":"https:\/\/www.diario21.tv\/noticias\/#\/schema\/person\/image\/","url":"https:\/\/secure.gravatar.com\/avatar\/c478a405bd10621167f4c3167cc770f5?s=96&d=mm&r=g","contentUrl":"https:\/\/secure.gravatar.com\/avatar\/c478a405bd10621167f4c3167cc770f5?s=96&d=mm&r=g","caption":"Juan P\u00e9rez"},"description":"Juan P\u00e9rez es el redactor en jefe de Diario 21. Con m\u00e1s de 10 a\u00f1os de experiencia en el periodismo, se especializa en pol\u00edtica nacional y an\u00e1lisis socioecon\u00f3mico. Su enfoque cr\u00edtico y riguroso aporta una perspectiva \u00fanica a cada art\u00edculo.","sameAs":["https:\/\/www.diario21.tv\/noticias\/"],"url":"https:\/\/www.diario21.tv\/noticias\/author\/juan-perez\/"}]}},"_links":{"self":[{"href":"https:\/\/www.diario21.tv\/noticias\/wp-json\/wp\/v2\/posts\/3127"}],"collection":[{"href":"https:\/\/www.diario21.tv\/noticias\/wp-json\/wp\/v2\/posts"}],"about":[{"href":"https:\/\/www.diario21.tv\/noticias\/wp-json\/wp\/v2\/types\/post"}],"author":[{"embeddable":true,"href":"https:\/\/www.diario21.tv\/noticias\/wp-json\/wp\/v2\/users\/20"}],"replies":[{"embeddable":true,"href":"https:\/\/www.diario21.tv\/noticias\/wp-json\/wp\/v2\/comments?post=3127"}],"version-history":[{"count":1,"href":"https:\/\/www.diario21.tv\/noticias\/wp-json\/wp\/v2\/posts\/3127\/revisions"}],"predecessor-version":[{"id":3129,"href":"https:\/\/www.diario21.tv\/noticias\/wp-json\/wp\/v2\/posts\/3127\/revisions\/3129"}],"wp:featuredmedia":[{"embeddable":true,"href":"https:\/\/www.diario21.tv\/noticias\/wp-json\/wp\/v2\/media\/3128"}],"wp:attachment":[{"href":"https:\/\/www.diario21.tv\/noticias\/wp-json\/wp\/v2\/media?parent=3127"}],"wp:term":[{"taxonomy":"category","embeddable":true,"href":"https:\/\/www.diario21.tv\/noticias\/wp-json\/wp\/v2\/categories?post=3127"},{"taxonomy":"post_tag","embeddable":true,"href":"https:\/\/www.diario21.tv\/noticias\/wp-json\/wp\/v2\/tags?post=3127"}],"curies":[{"name":"wp","href":"https:\/\/api.w.org\/{rel}","templated":true}]}}