{"id":3109,"date":"2025-05-12T23:44:28","date_gmt":"2025-05-12T23:44:28","guid":{"rendered":"https:\/\/www.diario21.tv\/noticias\/alerta-maxima-nube-toxica-confina-a-150-000-en-barcelona-y-tarragona-por-7-horas\/"},"modified":"2025-05-12T23:44:29","modified_gmt":"2025-05-12T23:44:29","slug":"alerta-maxima-nube-toxica-confina-a-150-000-en-barcelona-y-tarragona-por-7-horas","status":"publish","type":"post","link":"https:\/\/www.diario21.tv\/noticias\/alerta-maxima-nube-toxica-confina-a-150-000-en-barcelona-y-tarragona-por-7-horas\/","title":{"rendered":"\u00a1Alerta m\u00e1xima! Nube t\u00f3xica confina a 150.000 en Barcelona y Tarragona por 7 horas"},"content":{"rendered":"<h2>Restricci\u00f3n de Movilidad para 150.000 Habitantes en Barcelona y Tarragona Debido a una Nube Nociva<\/h2>\n<p>Durante un periodo de siete horas, aproximadamente 150.000 residentes de Barcelona y Tarragona se vieron obligados a permanecer en sus hogares tras la aparici\u00f3n de una peligrosa nube t\u00f3xica. El incidente, que provoc\u00f3 una r\u00e1pida intervenci\u00f3n de las autoridades locales, gener\u00f3 una situaci\u00f3n de alarma entre la poblaci\u00f3n afectada.<\/p>\n<h3>Origen y Desarrollo del Incidente<\/h3>\n<p>El suceso comenz\u00f3 a primeras horas de la ma\u00f1ana cuando un inesperado escape de gases t\u00f3xicos de una f\u00e1brica cercana se dispers\u00f3 por el aire, formando una densa y peligrosa nube. La r\u00e1pida expansi\u00f3n de los gases oblig\u00f3 a las autoridades a actuar de inmediato para garantizar la seguridad de los habitantes de las \u00e1reas circundantes.<\/p>\n<p>Las autoridades locales, en coordinaci\u00f3n con servicios de emergencia, decidieron implementar una medida de confinamiento para todos los residentes en las zonas afectadas. Esta decisi\u00f3n se tom\u00f3 como precauci\u00f3n para evitar posibles exposiciones a los t\u00f3xicos, que pod\u00edan causar problemas de salud graves.<\/p>\n<h3>Medidas de Seguridad y Recomendaciones<\/h3>\n<p>Durante el periodo de confinamiento, se aconsej\u00f3 a los ciudadanos mantenerse dentro de sus viviendas, cerrar ventanas y puertas, y evitar el uso de sistemas de ventilaci\u00f3n que pudieran introducir aire contaminado del exterior. Adem\u00e1s, se establecieron varios puntos de control para asegurar que la nube t\u00f3xica no se extendiera a otras regiones.<\/p>\n<p>Las autoridades tambi\u00e9n pusieron a disposici\u00f3n l\u00edneas de atenci\u00f3n m\u00e9dica y de emergencia para asistir a aquellos que pudieran presentar s\u00edntomas de intoxicaci\u00f3n o que necesitaran informaci\u00f3n adicional sobre c\u00f3mo proceder durante la alerta.<\/p>\n<h3>Impacto en la Comunidad y Respuestas<\/h3>\n<p>El confinamiento afect\u00f3 significativamente la rutina diaria de los ciudadanos, quienes se vieron obligados a modificar sus planes, incluyendo la suspensi\u00f3n de actividades laborales y educativas. La incertidumbre y preocupaci\u00f3n dominaron el ambiente, mientras muchos segu\u00edan las noticias y actualizaciones locales para entender mejor la situaci\u00f3n y saber cu\u00e1ndo ser\u00eda seguro salir nuevamente.<\/p>\n<p>Los servicios de emergencia y los equipos de respuesta trabajaron incansablemente para controlar la situaci\u00f3n y despejar la nube t\u00f3xica. Afortunadamente, luego de intensos esfuerzos, la nube fue disipada de manera segura y las restricciones fueron levantadas despu\u00e9s de siete horas de confinamiento.<\/p>\n<h3>Conclusiones y Medidas Futuras<\/h3>\n<p>El incidente dej\u00f3 varias lecciones importantes sobre la preparaci\u00f3n y respuesta a emergencias qu\u00edmicas. Las autoridades recalcaron la necesidad de mejorar los protocolos de seguridad en instalaciones industriales para evitar futuros escapes de sustancias nocivas. Adem\u00e1s, se destac\u00f3 la importancia de la cooperaci\u00f3n ciudadana en situaciones de emergencia para garantizar la seguridad de todos.<\/p>\n<p>Finalmente, se realizaron revisiones y ajustes en los sistemas de alerta y comunicaci\u00f3n para que, en caso de futuros incidentes, la informaci\u00f3n pueda ser distribuida de manera m\u00e1s eficaz y r\u00e1pida entre la poblaci\u00f3n.<\/p>\n\n\n<div class=\"kk-star-ratings kksr-auto kksr-align-left kksr-valign-bottom\"\n    data-payload='{&quot;align&quot;:&quot;left&quot;,&quot;id&quot;:&quot;3109&quot;,&quot;slug&quot;:&quot;default&quot;,&quot;valign&quot;:&quot;bottom&quot;,&quot;ignore&quot;:&quot;&quot;,&quot;reference&quot;:&quot;auto&quot;,&quot;class&quot;:&quot;&quot;,&quot;count&quot;:&quot;0&quot;,&quot;legendonly&quot;:&quot;&quot;,&quot;readonly&quot;:&quot;&quot;,&quot;score&quot;:&quot;0&quot;,&quot;starsonly&quot;:&quot;&quot;,&quot;best&quot;:&quot;5&quot;,&quot;gap&quot;:&quot;5&quot;,&quot;greet&quot;:&quot;Valora este post&quot;,&quot;legend&quot;:&quot;0\\\/5 - (0 votes)&quot;,&quot;size&quot;:&quot;22&quot;,&quot;title&quot;:&quot;\u00a1Alerta m\u00e1xima! Nube t\u00f3xica confina a 150.000 en Barcelona y Tarragona por 7 horas&quot;,&quot;width&quot;:&quot;0&quot;,&quot;_legend&quot;:&quot;{score}\\\/{best} - ({count} {votes})&quot;,&quot;font_factor&quot;:&quot;1.25&quot;}'>\n            \n<div class=\"kksr-stars\">\n    \n<div class=\"kksr-stars-inactive\">\n            <div class=\"kksr-star\" data-star=\"1\" style=\"padding-right: 5px\">\n            \n\n<div class=\"kksr-icon\" style=\"width: 22px; height: 22px;\"><\/div>\n        <\/div>\n            <div class=\"kksr-star\" data-star=\"2\" style=\"padding-right: 5px\">\n            \n\n<div class=\"kksr-icon\" style=\"width: 22px; height: 22px;\"><\/div>\n        <\/div>\n            <div class=\"kksr-star\" data-star=\"3\" style=\"padding-right: 5px\">\n            \n\n<div class=\"kksr-icon\" style=\"width: 22px; height: 22px;\"><\/div>\n        <\/div>\n            <div class=\"kksr-star\" data-star=\"4\" style=\"padding-right: 5px\">\n            \n\n<div class=\"kksr-icon\" style=\"width: 22px; height: 22px;\"><\/div>\n        <\/div>\n            <div class=\"kksr-star\" data-star=\"5\" style=\"padding-right: 5px\">\n            \n\n<div class=\"kksr-icon\" style=\"width: 22px; height: 22px;\"><\/div>\n        <\/div>\n    <\/div>\n    \n<div class=\"kksr-stars-active\" style=\"width: 0px;\">\n            <div class=\"kksr-star\" style=\"padding-right: 5px\">\n            \n\n<div class=\"kksr-icon\" style=\"width: 22px; height: 22px;\"><\/div>\n        <\/div>\n            <div class=\"kksr-star\" style=\"padding-right: 5px\">\n            \n\n<div class=\"kksr-icon\" style=\"width: 22px; height: 22px;\"><\/div>\n        <\/div>\n            <div class=\"kksr-star\" style=\"padding-right: 5px\">\n            \n\n<div class=\"kksr-icon\" style=\"width: 22px; height: 22px;\"><\/div>\n        <\/div>\n            <div class=\"kksr-star\" style=\"padding-right: 5px\">\n            \n\n<div class=\"kksr-icon\" style=\"width: 22px; height: 22px;\"><\/div>\n        <\/div>\n            <div class=\"kksr-star\" style=\"padding-right: 5px\">\n            \n\n<div class=\"kksr-icon\" style=\"width: 22px; height: 22px;\"><\/div>\n        <\/div>\n    <\/div>\n<\/div>\n                \n\n<div class=\"kksr-legend\" style=\"font-size: 17.6px;\">\n            <span class=\"kksr-muted\">Valora este post<\/span>\n    <\/div>\n    <\/div>\n","protected":false},"excerpt":{"rendered":"<p>Restricci\u00f3n de Movilidad para 150.000 Habitantes en Barcelona y Tarragona Debido a una Nube Nociva Durante un periodo de siete horas, aproximadamente 150.000 residentes de Barcelona &#8230; <a title=\"\u00a1Alerta m\u00e1xima! Nube t\u00f3xica confina a 150.000 en Barcelona y Tarragona por 7 horas\" class=\"read-more\" href=\"https:\/\/www.diario21.tv\/noticias\/alerta-maxima-nube-toxica-confina-a-150-000-en-barcelona-y-tarragona-por-7-horas\/\" aria-label=\"Leer m\u00e1s sobre \u00a1Alerta m\u00e1xima! Nube t\u00f3xica confina a 150.000 en Barcelona y Tarragona por 7 horas\">Seguir leyendo &rarr;<\/a><\/p>\n","protected":false},"author":20,"featured_media":3110,"comment_status":"open","ping_status":"open","sticky":false,"template":"","format":"standard","meta":{"footnotes":""},"categories":[13],"tags":[],"class_list":["post-3109","post","type-post","status-publish","format-standard","has-post-thumbnail","hentry","category-portada"],"yoast_head":"<!-- This site is optimized with the Yoast SEO plugin v25.6 - https:\/\/yoast.com\/wordpress\/plugins\/seo\/ -->\n<title>\u00a1Alerta m\u00e1xima! Nube t\u00f3xica confina a 150.000 en Barcelona y Tarragona por 7 horas - Diario 21<\/title>\n<meta name=\"robots\" content=\"index, follow, max-snippet:-1, max-image-preview:large, max-video-preview:-1\" \/>\n<link rel=\"canonical\" href=\"https:\/\/www.diario21.tv\/noticias\/alerta-maxima-nube-toxica-confina-a-150-000-en-barcelona-y-tarragona-por-7-horas\/\" \/>\n<meta property=\"og:locale\" content=\"es_ES\" \/>\n<meta property=\"og:type\" content=\"article\" \/>\n<meta property=\"og:title\" content=\"\u00a1Alerta m\u00e1xima! Nube t\u00f3xica confina a 150.000 en Barcelona y Tarragona por 7 horas - Diario 21\" \/>\n<meta property=\"og:description\" content=\"Restricci\u00f3n de Movilidad para 150.000 Habitantes en Barcelona y Tarragona Debido a una Nube Nociva Durante un periodo de siete horas, aproximadamente 150.000 residentes de Barcelona ... Seguir leyendo &rarr;\" \/>\n<meta property=\"og:url\" content=\"https:\/\/www.diario21.tv\/noticias\/alerta-maxima-nube-toxica-confina-a-150-000-en-barcelona-y-tarragona-por-7-horas\/\" \/>\n<meta property=\"og:site_name\" content=\"Diario 21\" \/>\n<meta property=\"article:published_time\" content=\"2025-05-12T23:44:28+00:00\" \/>\n<meta property=\"article:modified_time\" content=\"2025-05-12T23:44:29+00:00\" \/>\n<meta property=\"og:image\" content=\"https:\/\/www.diario21.tv\/noticias\/wp-content\/uploads\/2025\/05\/\u00a1Alerta-maxima-Nube-toxica-confina-a-150000-en-Barcelona-y.jpg\" \/>\n\t<meta property=\"og:image:width\" content=\"1200\" \/>\n\t<meta property=\"og:image:height\" content=\"840\" \/>\n\t<meta property=\"og:image:type\" content=\"image\/jpeg\" \/>\n<meta name=\"author\" content=\"Juan P\u00e9rez\" \/>\n<meta name=\"twitter:card\" content=\"summary_large_image\" \/>\n<meta name=\"twitter:label1\" content=\"Escrito por\" \/>\n\t<meta name=\"twitter:data1\" content=\"Juan P\u00e9rez\" \/>\n\t<meta name=\"twitter:label2\" content=\"Tiempo de lectura\" \/>\n\t<meta name=\"twitter:data2\" content=\"2 minutos\" \/>\n<script type=\"application\/ld+json\" class=\"yoast-schema-graph\">{\"@context\":\"https:\/\/schema.org\",\"@graph\":[{\"@type\":\"WebPage\",\"@id\":\"https:\/\/www.diario21.tv\/noticias\/alerta-maxima-nube-toxica-confina-a-150-000-en-barcelona-y-tarragona-por-7-horas\/\",\"url\":\"https:\/\/www.diario21.tv\/noticias\/alerta-maxima-nube-toxica-confina-a-150-000-en-barcelona-y-tarragona-por-7-horas\/\",\"name\":\"\u00a1Alerta m\u00e1xima! Nube t\u00f3xica confina a 150.000 en Barcelona y Tarragona por 7 horas - Diario 21\",\"isPartOf\":{\"@id\":\"https:\/\/www.diario21.tv\/noticias\/#website\"},\"primaryImageOfPage\":{\"@id\":\"https:\/\/www.diario21.tv\/noticias\/alerta-maxima-nube-toxica-confina-a-150-000-en-barcelona-y-tarragona-por-7-horas\/#primaryimage\"},\"image\":{\"@id\":\"https:\/\/www.diario21.tv\/noticias\/alerta-maxima-nube-toxica-confina-a-150-000-en-barcelona-y-tarragona-por-7-horas\/#primaryimage\"},\"thumbnailUrl\":\"https:\/\/www.diario21.tv\/noticias\/wp-content\/uploads\/2025\/05\/\u00a1Alerta-maxima-Nube-toxica-confina-a-150000-en-Barcelona-y.jpg\",\"datePublished\":\"2025-05-12T23:44:28+00:00\",\"dateModified\":\"2025-05-12T23:44:29+00:00\",\"author\":{\"@id\":\"https:\/\/www.diario21.tv\/noticias\/#\/schema\/person\/dfb778f73814d8f09f302618446a526b\"},\"breadcrumb\":{\"@id\":\"https:\/\/www.diario21.tv\/noticias\/alerta-maxima-nube-toxica-confina-a-150-000-en-barcelona-y-tarragona-por-7-horas\/#breadcrumb\"},\"inLanguage\":\"es-AR\",\"potentialAction\":[{\"@type\":\"ReadAction\",\"target\":[\"https:\/\/www.diario21.tv\/noticias\/alerta-maxima-nube-toxica-confina-a-150-000-en-barcelona-y-tarragona-por-7-horas\/\"]}]},{\"@type\":\"ImageObject\",\"inLanguage\":\"es-AR\",\"@id\":\"https:\/\/www.diario21.tv\/noticias\/alerta-maxima-nube-toxica-confina-a-150-000-en-barcelona-y-tarragona-por-7-horas\/#primaryimage\",\"url\":\"https:\/\/www.diario21.tv\/noticias\/wp-content\/uploads\/2025\/05\/\u00a1Alerta-maxima-Nube-toxica-confina-a-150000-en-Barcelona-y.jpg\",\"contentUrl\":\"https:\/\/www.diario21.tv\/noticias\/wp-content\/uploads\/2025\/05\/\u00a1Alerta-maxima-Nube-toxica-confina-a-150000-en-Barcelona-y.jpg\",\"width\":1200,\"height\":840,\"caption\":\"Confinadas 150.000 personas en Barcelona y Tarragona durante siete horas por una nube t\u00f3xica\"},{\"@type\":\"BreadcrumbList\",\"@id\":\"https:\/\/www.diario21.tv\/noticias\/alerta-maxima-nube-toxica-confina-a-150-000-en-barcelona-y-tarragona-por-7-horas\/#breadcrumb\",\"itemListElement\":[{\"@type\":\"ListItem\",\"position\":1,\"name\":\"Accueil\",\"item\":\"https:\/\/www.diario21.tv\/noticias\/\"},{\"@type\":\"ListItem\",\"position\":2,\"name\":\"\u00a1Alerta m\u00e1xima! Nube t\u00f3xica confina a 150.000 en Barcelona y Tarragona por 7 horas\"}]},{\"@type\":\"WebSite\",\"@id\":\"https:\/\/www.diario21.tv\/noticias\/#website\",\"url\":\"https:\/\/www.diario21.tv\/noticias\/\",\"name\":\"Diario 21\",\"description\":\"\",\"potentialAction\":[{\"@type\":\"SearchAction\",\"target\":{\"@type\":\"EntryPoint\",\"urlTemplate\":\"https:\/\/www.diario21.tv\/noticias\/?s={search_term_string}\"},\"query-input\":{\"@type\":\"PropertyValueSpecification\",\"valueRequired\":true,\"valueName\":\"search_term_string\"}}],\"inLanguage\":\"es-AR\"},{\"@type\":\"Person\",\"@id\":\"https:\/\/www.diario21.tv\/noticias\/#\/schema\/person\/dfb778f73814d8f09f302618446a526b\",\"name\":\"Juan P\u00e9rez\",\"image\":{\"@type\":\"ImageObject\",\"inLanguage\":\"es-AR\",\"@id\":\"https:\/\/www.diario21.tv\/noticias\/#\/schema\/person\/image\/\",\"url\":\"https:\/\/secure.gravatar.com\/avatar\/c478a405bd10621167f4c3167cc770f5?s=96&d=mm&r=g\",\"contentUrl\":\"https:\/\/secure.gravatar.com\/avatar\/c478a405bd10621167f4c3167cc770f5?s=96&d=mm&r=g\",\"caption\":\"Juan P\u00e9rez\"},\"description\":\"Juan P\u00e9rez es el redactor en jefe de Diario 21. Con m\u00e1s de 10 a\u00f1os de experiencia en el periodismo, se especializa en pol\u00edtica nacional y an\u00e1lisis socioecon\u00f3mico. Su enfoque cr\u00edtico y riguroso aporta una perspectiva \u00fanica a cada art\u00edculo.\",\"sameAs\":[\"https:\/\/www.diario21.tv\/noticias\/\"],\"url\":\"https:\/\/www.diario21.tv\/noticias\/author\/juan-perez\/\"}]}<\/script>\n<!-- \/ Yoast SEO plugin. -->","yoast_head_json":{"title":"\u00a1Alerta m\u00e1xima! Nube t\u00f3xica confina a 150.000 en Barcelona y Tarragona por 7 horas - Diario 21","robots":{"index":"index","follow":"follow","max-snippet":"max-snippet:-1","max-image-preview":"max-image-preview:large","max-video-preview":"max-video-preview:-1"},"canonical":"https:\/\/www.diario21.tv\/noticias\/alerta-maxima-nube-toxica-confina-a-150-000-en-barcelona-y-tarragona-por-7-horas\/","og_locale":"es_ES","og_type":"article","og_title":"\u00a1Alerta m\u00e1xima! Nube t\u00f3xica confina a 150.000 en Barcelona y Tarragona por 7 horas - Diario 21","og_description":"Restricci\u00f3n de Movilidad para 150.000 Habitantes en Barcelona y Tarragona Debido a una Nube Nociva Durante un periodo de siete horas, aproximadamente 150.000 residentes de Barcelona ... Seguir leyendo &rarr;","og_url":"https:\/\/www.diario21.tv\/noticias\/alerta-maxima-nube-toxica-confina-a-150-000-en-barcelona-y-tarragona-por-7-horas\/","og_site_name":"Diario 21","article_published_time":"2025-05-12T23:44:28+00:00","article_modified_time":"2025-05-12T23:44:29+00:00","og_image":[{"width":1200,"height":840,"url":"https:\/\/www.diario21.tv\/noticias\/wp-content\/uploads\/2025\/05\/\u00a1Alerta-maxima-Nube-toxica-confina-a-150000-en-Barcelona-y.jpg","type":"image\/jpeg"}],"author":"Juan P\u00e9rez","twitter_card":"summary_large_image","twitter_misc":{"Escrito por":"Juan P\u00e9rez","Tiempo de lectura":"2 minutos"},"schema":{"@context":"https:\/\/schema.org","@graph":[{"@type":"WebPage","@id":"https:\/\/www.diario21.tv\/noticias\/alerta-maxima-nube-toxica-confina-a-150-000-en-barcelona-y-tarragona-por-7-horas\/","url":"https:\/\/www.diario21.tv\/noticias\/alerta-maxima-nube-toxica-confina-a-150-000-en-barcelona-y-tarragona-por-7-horas\/","name":"\u00a1Alerta m\u00e1xima! Nube t\u00f3xica confina a 150.000 en Barcelona y Tarragona por 7 horas - Diario 21","isPartOf":{"@id":"https:\/\/www.diario21.tv\/noticias\/#website"},"primaryImageOfPage":{"@id":"https:\/\/www.diario21.tv\/noticias\/alerta-maxima-nube-toxica-confina-a-150-000-en-barcelona-y-tarragona-por-7-horas\/#primaryimage"},"image":{"@id":"https:\/\/www.diario21.tv\/noticias\/alerta-maxima-nube-toxica-confina-a-150-000-en-barcelona-y-tarragona-por-7-horas\/#primaryimage"},"thumbnailUrl":"https:\/\/www.diario21.tv\/noticias\/wp-content\/uploads\/2025\/05\/\u00a1Alerta-maxima-Nube-toxica-confina-a-150000-en-Barcelona-y.jpg","datePublished":"2025-05-12T23:44:28+00:00","dateModified":"2025-05-12T23:44:29+00:00","author":{"@id":"https:\/\/www.diario21.tv\/noticias\/#\/schema\/person\/dfb778f73814d8f09f302618446a526b"},"breadcrumb":{"@id":"https:\/\/www.diario21.tv\/noticias\/alerta-maxima-nube-toxica-confina-a-150-000-en-barcelona-y-tarragona-por-7-horas\/#breadcrumb"},"inLanguage":"es-AR","potentialAction":[{"@type":"ReadAction","target":["https:\/\/www.diario21.tv\/noticias\/alerta-maxima-nube-toxica-confina-a-150-000-en-barcelona-y-tarragona-por-7-horas\/"]}]},{"@type":"ImageObject","inLanguage":"es-AR","@id":"https:\/\/www.diario21.tv\/noticias\/alerta-maxima-nube-toxica-confina-a-150-000-en-barcelona-y-tarragona-por-7-horas\/#primaryimage","url":"https:\/\/www.diario21.tv\/noticias\/wp-content\/uploads\/2025\/05\/\u00a1Alerta-maxima-Nube-toxica-confina-a-150000-en-Barcelona-y.jpg","contentUrl":"https:\/\/www.diario21.tv\/noticias\/wp-content\/uploads\/2025\/05\/\u00a1Alerta-maxima-Nube-toxica-confina-a-150000-en-Barcelona-y.jpg","width":1200,"height":840,"caption":"Confinadas 150.000 personas en Barcelona y Tarragona durante siete horas por una nube t\u00f3xica"},{"@type":"BreadcrumbList","@id":"https:\/\/www.diario21.tv\/noticias\/alerta-maxima-nube-toxica-confina-a-150-000-en-barcelona-y-tarragona-por-7-horas\/#breadcrumb","itemListElement":[{"@type":"ListItem","position":1,"name":"Accueil","item":"https:\/\/www.diario21.tv\/noticias\/"},{"@type":"ListItem","position":2,"name":"\u00a1Alerta m\u00e1xima! Nube t\u00f3xica confina a 150.000 en Barcelona y Tarragona por 7 horas"}]},{"@type":"WebSite","@id":"https:\/\/www.diario21.tv\/noticias\/#website","url":"https:\/\/www.diario21.tv\/noticias\/","name":"Diario 21","description":"","potentialAction":[{"@type":"SearchAction","target":{"@type":"EntryPoint","urlTemplate":"https:\/\/www.diario21.tv\/noticias\/?s={search_term_string}"},"query-input":{"@type":"PropertyValueSpecification","valueRequired":true,"valueName":"search_term_string"}}],"inLanguage":"es-AR"},{"@type":"Person","@id":"https:\/\/www.diario21.tv\/noticias\/#\/schema\/person\/dfb778f73814d8f09f302618446a526b","name":"Juan P\u00e9rez","image":{"@type":"ImageObject","inLanguage":"es-AR","@id":"https:\/\/www.diario21.tv\/noticias\/#\/schema\/person\/image\/","url":"https:\/\/secure.gravatar.com\/avatar\/c478a405bd10621167f4c3167cc770f5?s=96&d=mm&r=g","contentUrl":"https:\/\/secure.gravatar.com\/avatar\/c478a405bd10621167f4c3167cc770f5?s=96&d=mm&r=g","caption":"Juan P\u00e9rez"},"description":"Juan P\u00e9rez es el redactor en jefe de Diario 21. Con m\u00e1s de 10 a\u00f1os de experiencia en el periodismo, se especializa en pol\u00edtica nacional y an\u00e1lisis socioecon\u00f3mico. Su enfoque cr\u00edtico y riguroso aporta una perspectiva \u00fanica a cada art\u00edculo.","sameAs":["https:\/\/www.diario21.tv\/noticias\/"],"url":"https:\/\/www.diario21.tv\/noticias\/author\/juan-perez\/"}]}},"_links":{"self":[{"href":"https:\/\/www.diario21.tv\/noticias\/wp-json\/wp\/v2\/posts\/3109"}],"collection":[{"href":"https:\/\/www.diario21.tv\/noticias\/wp-json\/wp\/v2\/posts"}],"about":[{"href":"https:\/\/www.diario21.tv\/noticias\/wp-json\/wp\/v2\/types\/post"}],"author":[{"embeddable":true,"href":"https:\/\/www.diario21.tv\/noticias\/wp-json\/wp\/v2\/users\/20"}],"replies":[{"embeddable":true,"href":"https:\/\/www.diario21.tv\/noticias\/wp-json\/wp\/v2\/comments?post=3109"}],"version-history":[{"count":1,"href":"https:\/\/www.diario21.tv\/noticias\/wp-json\/wp\/v2\/posts\/3109\/revisions"}],"predecessor-version":[{"id":3111,"href":"https:\/\/www.diario21.tv\/noticias\/wp-json\/wp\/v2\/posts\/3109\/revisions\/3111"}],"wp:featuredmedia":[{"embeddable":true,"href":"https:\/\/www.diario21.tv\/noticias\/wp-json\/wp\/v2\/media\/3110"}],"wp:attachment":[{"href":"https:\/\/www.diario21.tv\/noticias\/wp-json\/wp\/v2\/media?parent=3109"}],"wp:term":[{"taxonomy":"category","embeddable":true,"href":"https:\/\/www.diario21.tv\/noticias\/wp-json\/wp\/v2\/categories?post=3109"},{"taxonomy":"post_tag","embeddable":true,"href":"https:\/\/www.diario21.tv\/noticias\/wp-json\/wp\/v2\/tags?post=3109"}],"curies":[{"name":"wp","href":"https:\/\/api.w.org\/{rel}","templated":true}]}}