{"id":3106,"date":"2025-05-12T17:43:30","date_gmt":"2025-05-12T17:43:30","guid":{"rendered":"https:\/\/www.diario21.tv\/noticias\/ultima-hora-en-murcia-posibles-cuerpos-de-desaparecidos-hallados-en-nave\/"},"modified":"2025-05-12T17:43:32","modified_gmt":"2025-05-12T17:43:32","slug":"ultima-hora-en-murcia-posibles-cuerpos-de-desaparecidos-hallados-en-nave","status":"publish","type":"post","link":"https:\/\/www.diario21.tv\/noticias\/ultima-hora-en-murcia-posibles-cuerpos-de-desaparecidos-hallados-en-nave\/","title":{"rendered":"\u00a1\u00daltima hora en Murcia! Posibles cuerpos de desaparecidos hallados en nave"},"content":{"rendered":"<h2>Localizaci\u00f3n de Dos Cuerpos que Podr\u00edan Ser de los Desaparecidos en un Edificio en Murcia<\/h2>\n<p>En un reciente operativo de b\u00fasqueda, han sido hallados dos cuerpos sin vida dentro de una instalaci\u00f3n en la regi\u00f3n de Murcia. Estos hallazgos podr\u00edan estar vinculados con el caso de personas que fueron reportadas como desaparecidas hace algunos d\u00edas en esta misma localidad. Los equipos de rescate contin\u00faan trabajando en la zona para esclarecer los detalles del suceso y determinar la identidad de los fallecidos.<\/p>\n<h3>Descubrimiento y Operaciones de Rescate<\/h3>\n<p>El descubrimiento se produjo temprano en la ma\u00f1ana cuando los equipos de emergencia, que hab\u00edan estado buscando desde la notificaci\u00f3n de la desaparici\u00f3n, localizaron los cuerpos entre los escombros de la estructura afectada. Inmediatamente, se procedi\u00f3 a asegurar el \u00e1rea para permitir una recuperaci\u00f3n adecuada y segura de los cad\u00e1veres.<\/p>\n<p>Los expertos en forense est\u00e1n en proceso de identificar los cuerpos para confirmar si corresponden a las personas que fueron reportadas como desaparecidas. Este procedimiento es crucial para proporcionar alguna cerradura a las familias afectadas y para avanzar en la investigaci\u00f3n del caso.<\/p>\n<h3>Investigaciones en Curso<\/h3>\n<p>Las autoridades han iniciado una investigaci\u00f3n exhaustiva para determinar las causas del incidente que llev\u00f3 al colapso de parte de la nave. Se est\u00e1n examinando todas las posibles hip\u00f3tesis, incluyendo fallas estructurales o intervenci\u00f3n humana. La comunidad local se encuentra en estado de alerta, esperando respuestas que puedan esclarecer la din\u00e1mica de estos lamentables eventos.<\/p>\n<h3>Reacciones y Medidas de Seguridad<\/h3>\n<p>Este tr\u00e1gico descubrimiento ha provocado una ola de reacciones entre los residentes de la regi\u00f3n, quienes exigen m\u00e1s medidas de seguridad y regulaciones estrictas para prevenir futuros incidentes. Las autoridades han prometido reforzar los protocolos de seguridad en instalaciones similares y est\u00e1n considerando revisar las normativas actuales para asegurar la integridad de los trabajadores y visitantes.<\/p>\n<p>Mientras tanto, la comunidad espera que los esfuerzos de los investigadores puedan dar luz sobre este suceso y ayudar a prevenir que tragedias similares ocurran en el futuro. Las operaciones de b\u00fasqueda y rescate contin\u00faan en el sitio del incidente, y se espera que en los pr\u00f3ximos d\u00edas se pueda tener m\u00e1s informaci\u00f3n sobre la causa del colapso y las identidades de los fallecidos.<\/p>\n\n\n<div class=\"kk-star-ratings kksr-auto kksr-align-left kksr-valign-bottom\"\n    data-payload='{&quot;align&quot;:&quot;left&quot;,&quot;id&quot;:&quot;3106&quot;,&quot;slug&quot;:&quot;default&quot;,&quot;valign&quot;:&quot;bottom&quot;,&quot;ignore&quot;:&quot;&quot;,&quot;reference&quot;:&quot;auto&quot;,&quot;class&quot;:&quot;&quot;,&quot;count&quot;:&quot;0&quot;,&quot;legendonly&quot;:&quot;&quot;,&quot;readonly&quot;:&quot;&quot;,&quot;score&quot;:&quot;0&quot;,&quot;starsonly&quot;:&quot;&quot;,&quot;best&quot;:&quot;5&quot;,&quot;gap&quot;:&quot;5&quot;,&quot;greet&quot;:&quot;Valora este post&quot;,&quot;legend&quot;:&quot;0\\\/5 - (0 votes)&quot;,&quot;size&quot;:&quot;22&quot;,&quot;title&quot;:&quot;\u00a1\u00daltima hora en Murcia! Posibles cuerpos de desaparecidos hallados en nave&quot;,&quot;width&quot;:&quot;0&quot;,&quot;_legend&quot;:&quot;{score}\\\/{best} - ({count} {votes})&quot;,&quot;font_factor&quot;:&quot;1.25&quot;}'>\n            \n<div class=\"kksr-stars\">\n    \n<div class=\"kksr-stars-inactive\">\n            <div class=\"kksr-star\" data-star=\"1\" style=\"padding-right: 5px\">\n            \n\n<div class=\"kksr-icon\" style=\"width: 22px; height: 22px;\"><\/div>\n        <\/div>\n            <div class=\"kksr-star\" data-star=\"2\" style=\"padding-right: 5px\">\n            \n\n<div class=\"kksr-icon\" style=\"width: 22px; height: 22px;\"><\/div>\n        <\/div>\n            <div class=\"kksr-star\" data-star=\"3\" style=\"padding-right: 5px\">\n            \n\n<div class=\"kksr-icon\" style=\"width: 22px; height: 22px;\"><\/div>\n        <\/div>\n            <div class=\"kksr-star\" data-star=\"4\" style=\"padding-right: 5px\">\n            \n\n<div class=\"kksr-icon\" style=\"width: 22px; height: 22px;\"><\/div>\n        <\/div>\n            <div class=\"kksr-star\" data-star=\"5\" style=\"padding-right: 5px\">\n            \n\n<div class=\"kksr-icon\" style=\"width: 22px; height: 22px;\"><\/div>\n        <\/div>\n    <\/div>\n    \n<div class=\"kksr-stars-active\" style=\"width: 0px;\">\n            <div class=\"kksr-star\" style=\"padding-right: 5px\">\n            \n\n<div class=\"kksr-icon\" style=\"width: 22px; height: 22px;\"><\/div>\n        <\/div>\n            <div class=\"kksr-star\" style=\"padding-right: 5px\">\n            \n\n<div class=\"kksr-icon\" style=\"width: 22px; height: 22px;\"><\/div>\n        <\/div>\n            <div class=\"kksr-star\" style=\"padding-right: 5px\">\n            \n\n<div class=\"kksr-icon\" style=\"width: 22px; height: 22px;\"><\/div>\n        <\/div>\n            <div class=\"kksr-star\" style=\"padding-right: 5px\">\n            \n\n<div class=\"kksr-icon\" style=\"width: 22px; height: 22px;\"><\/div>\n        <\/div>\n            <div class=\"kksr-star\" style=\"padding-right: 5px\">\n            \n\n<div class=\"kksr-icon\" style=\"width: 22px; height: 22px;\"><\/div>\n        <\/div>\n    <\/div>\n<\/div>\n                \n\n<div class=\"kksr-legend\" style=\"font-size: 17.6px;\">\n            <span class=\"kksr-muted\">Valora este post<\/span>\n    <\/div>\n    <\/div>\n","protected":false},"excerpt":{"rendered":"<p>Localizaci\u00f3n de Dos Cuerpos que Podr\u00edan Ser de los Desaparecidos en un Edificio en Murcia En un reciente operativo de b\u00fasqueda, han sido hallados dos cuerpos &#8230; <a title=\"\u00a1\u00daltima hora en Murcia! Posibles cuerpos de desaparecidos hallados en nave\" class=\"read-more\" href=\"https:\/\/www.diario21.tv\/noticias\/ultima-hora-en-murcia-posibles-cuerpos-de-desaparecidos-hallados-en-nave\/\" aria-label=\"Leer m\u00e1s sobre \u00a1\u00daltima hora en Murcia! Posibles cuerpos de desaparecidos hallados en nave\">Seguir leyendo &rarr;<\/a><\/p>\n","protected":false},"author":20,"featured_media":3107,"comment_status":"open","ping_status":"open","sticky":false,"template":"","format":"standard","meta":{"footnotes":""},"categories":[13],"tags":[],"class_list":["post-3106","post","type-post","status-publish","format-standard","has-post-thumbnail","hentry","category-portada"],"yoast_head":"<!-- This site is optimized with the Yoast SEO plugin v25.6 - https:\/\/yoast.com\/wordpress\/plugins\/seo\/ -->\n<title>\u00a1\u00daltima hora en Murcia! Posibles cuerpos de desaparecidos hallados en nave - Diario 21<\/title>\n<meta name=\"robots\" content=\"index, follow, max-snippet:-1, max-image-preview:large, max-video-preview:-1\" \/>\n<link rel=\"canonical\" href=\"https:\/\/www.diario21.tv\/noticias\/ultima-hora-en-murcia-posibles-cuerpos-de-desaparecidos-hallados-en-nave\/\" \/>\n<meta property=\"og:locale\" content=\"es_ES\" \/>\n<meta property=\"og:type\" content=\"article\" \/>\n<meta property=\"og:title\" content=\"\u00a1\u00daltima hora en Murcia! Posibles cuerpos de desaparecidos hallados en nave - Diario 21\" \/>\n<meta property=\"og:description\" content=\"Localizaci\u00f3n de Dos Cuerpos que Podr\u00edan Ser de los Desaparecidos en un Edificio en Murcia En un reciente operativo de b\u00fasqueda, han sido hallados dos cuerpos ... Seguir leyendo &rarr;\" \/>\n<meta property=\"og:url\" content=\"https:\/\/www.diario21.tv\/noticias\/ultima-hora-en-murcia-posibles-cuerpos-de-desaparecidos-hallados-en-nave\/\" \/>\n<meta property=\"og:site_name\" content=\"Diario 21\" \/>\n<meta property=\"article:published_time\" content=\"2025-05-12T17:43:30+00:00\" \/>\n<meta property=\"article:modified_time\" content=\"2025-05-12T17:43:32+00:00\" \/>\n<meta property=\"og:image\" content=\"https:\/\/www.diario21.tv\/noticias\/wp-content\/uploads\/2025\/05\/\u00a1Ultima-hora-en-Murcia-Posibles-cuerpos-de-desaparecidos-hallados-en.jpg\" \/>\n\t<meta property=\"og:image:width\" content=\"1200\" \/>\n\t<meta property=\"og:image:height\" content=\"840\" \/>\n\t<meta property=\"og:image:type\" content=\"image\/jpeg\" \/>\n<meta name=\"author\" content=\"Juan P\u00e9rez\" \/>\n<meta name=\"twitter:card\" content=\"summary_large_image\" \/>\n<meta name=\"twitter:label1\" content=\"Escrito por\" \/>\n\t<meta name=\"twitter:data1\" content=\"Juan P\u00e9rez\" \/>\n\t<meta name=\"twitter:label2\" content=\"Tiempo de lectura\" \/>\n\t<meta name=\"twitter:data2\" content=\"2 minutos\" \/>\n<script type=\"application\/ld+json\" class=\"yoast-schema-graph\">{\"@context\":\"https:\/\/schema.org\",\"@graph\":[{\"@type\":\"WebPage\",\"@id\":\"https:\/\/www.diario21.tv\/noticias\/ultima-hora-en-murcia-posibles-cuerpos-de-desaparecidos-hallados-en-nave\/\",\"url\":\"https:\/\/www.diario21.tv\/noticias\/ultima-hora-en-murcia-posibles-cuerpos-de-desaparecidos-hallados-en-nave\/\",\"name\":\"\u00a1\u00daltima hora en Murcia! Posibles cuerpos de desaparecidos hallados en nave - Diario 21\",\"isPartOf\":{\"@id\":\"https:\/\/www.diario21.tv\/noticias\/#website\"},\"primaryImageOfPage\":{\"@id\":\"https:\/\/www.diario21.tv\/noticias\/ultima-hora-en-murcia-posibles-cuerpos-de-desaparecidos-hallados-en-nave\/#primaryimage\"},\"image\":{\"@id\":\"https:\/\/www.diario21.tv\/noticias\/ultima-hora-en-murcia-posibles-cuerpos-de-desaparecidos-hallados-en-nave\/#primaryimage\"},\"thumbnailUrl\":\"https:\/\/www.diario21.tv\/noticias\/wp-content\/uploads\/2025\/05\/\u00a1Ultima-hora-en-Murcia-Posibles-cuerpos-de-desaparecidos-hallados-en.jpg\",\"datePublished\":\"2025-05-12T17:43:30+00:00\",\"dateModified\":\"2025-05-12T17:43:32+00:00\",\"author\":{\"@id\":\"https:\/\/www.diario21.tv\/noticias\/#\/schema\/person\/dfb778f73814d8f09f302618446a526b\"},\"breadcrumb\":{\"@id\":\"https:\/\/www.diario21.tv\/noticias\/ultima-hora-en-murcia-posibles-cuerpos-de-desaparecidos-hallados-en-nave\/#breadcrumb\"},\"inLanguage\":\"es-AR\",\"potentialAction\":[{\"@type\":\"ReadAction\",\"target\":[\"https:\/\/www.diario21.tv\/noticias\/ultima-hora-en-murcia-posibles-cuerpos-de-desaparecidos-hallados-en-nave\/\"]}]},{\"@type\":\"ImageObject\",\"inLanguage\":\"es-AR\",\"@id\":\"https:\/\/www.diario21.tv\/noticias\/ultima-hora-en-murcia-posibles-cuerpos-de-desaparecidos-hallados-en-nave\/#primaryimage\",\"url\":\"https:\/\/www.diario21.tv\/noticias\/wp-content\/uploads\/2025\/05\/\u00a1Ultima-hora-en-Murcia-Posibles-cuerpos-de-desaparecidos-hallados-en.jpg\",\"contentUrl\":\"https:\/\/www.diario21.tv\/noticias\/wp-content\/uploads\/2025\/05\/\u00a1Ultima-hora-en-Murcia-Posibles-cuerpos-de-desaparecidos-hallados-en.jpg\",\"width\":1200,\"height\":840,\"caption\":\"Recuperados dos cad\u00e1veres que podr\u00edan corresponder a los desaparecidos en una nave en Murcia\"},{\"@type\":\"BreadcrumbList\",\"@id\":\"https:\/\/www.diario21.tv\/noticias\/ultima-hora-en-murcia-posibles-cuerpos-de-desaparecidos-hallados-en-nave\/#breadcrumb\",\"itemListElement\":[{\"@type\":\"ListItem\",\"position\":1,\"name\":\"Accueil\",\"item\":\"https:\/\/www.diario21.tv\/noticias\/\"},{\"@type\":\"ListItem\",\"position\":2,\"name\":\"\u00a1\u00daltima hora en Murcia! Posibles cuerpos de desaparecidos hallados en nave\"}]},{\"@type\":\"WebSite\",\"@id\":\"https:\/\/www.diario21.tv\/noticias\/#website\",\"url\":\"https:\/\/www.diario21.tv\/noticias\/\",\"name\":\"Diario 21\",\"description\":\"\",\"potentialAction\":[{\"@type\":\"SearchAction\",\"target\":{\"@type\":\"EntryPoint\",\"urlTemplate\":\"https:\/\/www.diario21.tv\/noticias\/?s={search_term_string}\"},\"query-input\":{\"@type\":\"PropertyValueSpecification\",\"valueRequired\":true,\"valueName\":\"search_term_string\"}}],\"inLanguage\":\"es-AR\"},{\"@type\":\"Person\",\"@id\":\"https:\/\/www.diario21.tv\/noticias\/#\/schema\/person\/dfb778f73814d8f09f302618446a526b\",\"name\":\"Juan P\u00e9rez\",\"image\":{\"@type\":\"ImageObject\",\"inLanguage\":\"es-AR\",\"@id\":\"https:\/\/www.diario21.tv\/noticias\/#\/schema\/person\/image\/\",\"url\":\"https:\/\/secure.gravatar.com\/avatar\/c478a405bd10621167f4c3167cc770f5?s=96&d=mm&r=g\",\"contentUrl\":\"https:\/\/secure.gravatar.com\/avatar\/c478a405bd10621167f4c3167cc770f5?s=96&d=mm&r=g\",\"caption\":\"Juan P\u00e9rez\"},\"description\":\"Juan P\u00e9rez es el redactor en jefe de Diario 21. Con m\u00e1s de 10 a\u00f1os de experiencia en el periodismo, se especializa en pol\u00edtica nacional y an\u00e1lisis socioecon\u00f3mico. Su enfoque cr\u00edtico y riguroso aporta una perspectiva \u00fanica a cada art\u00edculo.\",\"sameAs\":[\"https:\/\/www.diario21.tv\/noticias\/\"],\"url\":\"https:\/\/www.diario21.tv\/noticias\/author\/juan-perez\/\"}]}<\/script>\n<!-- \/ Yoast SEO plugin. -->","yoast_head_json":{"title":"\u00a1\u00daltima hora en Murcia! Posibles cuerpos de desaparecidos hallados en nave - Diario 21","robots":{"index":"index","follow":"follow","max-snippet":"max-snippet:-1","max-image-preview":"max-image-preview:large","max-video-preview":"max-video-preview:-1"},"canonical":"https:\/\/www.diario21.tv\/noticias\/ultima-hora-en-murcia-posibles-cuerpos-de-desaparecidos-hallados-en-nave\/","og_locale":"es_ES","og_type":"article","og_title":"\u00a1\u00daltima hora en Murcia! Posibles cuerpos de desaparecidos hallados en nave - Diario 21","og_description":"Localizaci\u00f3n de Dos Cuerpos que Podr\u00edan Ser de los Desaparecidos en un Edificio en Murcia En un reciente operativo de b\u00fasqueda, han sido hallados dos cuerpos ... Seguir leyendo &rarr;","og_url":"https:\/\/www.diario21.tv\/noticias\/ultima-hora-en-murcia-posibles-cuerpos-de-desaparecidos-hallados-en-nave\/","og_site_name":"Diario 21","article_published_time":"2025-05-12T17:43:30+00:00","article_modified_time":"2025-05-12T17:43:32+00:00","og_image":[{"width":1200,"height":840,"url":"https:\/\/www.diario21.tv\/noticias\/wp-content\/uploads\/2025\/05\/\u00a1Ultima-hora-en-Murcia-Posibles-cuerpos-de-desaparecidos-hallados-en.jpg","type":"image\/jpeg"}],"author":"Juan P\u00e9rez","twitter_card":"summary_large_image","twitter_misc":{"Escrito por":"Juan P\u00e9rez","Tiempo de lectura":"2 minutos"},"schema":{"@context":"https:\/\/schema.org","@graph":[{"@type":"WebPage","@id":"https:\/\/www.diario21.tv\/noticias\/ultima-hora-en-murcia-posibles-cuerpos-de-desaparecidos-hallados-en-nave\/","url":"https:\/\/www.diario21.tv\/noticias\/ultima-hora-en-murcia-posibles-cuerpos-de-desaparecidos-hallados-en-nave\/","name":"\u00a1\u00daltima hora en Murcia! Posibles cuerpos de desaparecidos hallados en nave - Diario 21","isPartOf":{"@id":"https:\/\/www.diario21.tv\/noticias\/#website"},"primaryImageOfPage":{"@id":"https:\/\/www.diario21.tv\/noticias\/ultima-hora-en-murcia-posibles-cuerpos-de-desaparecidos-hallados-en-nave\/#primaryimage"},"image":{"@id":"https:\/\/www.diario21.tv\/noticias\/ultima-hora-en-murcia-posibles-cuerpos-de-desaparecidos-hallados-en-nave\/#primaryimage"},"thumbnailUrl":"https:\/\/www.diario21.tv\/noticias\/wp-content\/uploads\/2025\/05\/\u00a1Ultima-hora-en-Murcia-Posibles-cuerpos-de-desaparecidos-hallados-en.jpg","datePublished":"2025-05-12T17:43:30+00:00","dateModified":"2025-05-12T17:43:32+00:00","author":{"@id":"https:\/\/www.diario21.tv\/noticias\/#\/schema\/person\/dfb778f73814d8f09f302618446a526b"},"breadcrumb":{"@id":"https:\/\/www.diario21.tv\/noticias\/ultima-hora-en-murcia-posibles-cuerpos-de-desaparecidos-hallados-en-nave\/#breadcrumb"},"inLanguage":"es-AR","potentialAction":[{"@type":"ReadAction","target":["https:\/\/www.diario21.tv\/noticias\/ultima-hora-en-murcia-posibles-cuerpos-de-desaparecidos-hallados-en-nave\/"]}]},{"@type":"ImageObject","inLanguage":"es-AR","@id":"https:\/\/www.diario21.tv\/noticias\/ultima-hora-en-murcia-posibles-cuerpos-de-desaparecidos-hallados-en-nave\/#primaryimage","url":"https:\/\/www.diario21.tv\/noticias\/wp-content\/uploads\/2025\/05\/\u00a1Ultima-hora-en-Murcia-Posibles-cuerpos-de-desaparecidos-hallados-en.jpg","contentUrl":"https:\/\/www.diario21.tv\/noticias\/wp-content\/uploads\/2025\/05\/\u00a1Ultima-hora-en-Murcia-Posibles-cuerpos-de-desaparecidos-hallados-en.jpg","width":1200,"height":840,"caption":"Recuperados dos cad\u00e1veres que podr\u00edan corresponder a los desaparecidos en una nave en Murcia"},{"@type":"BreadcrumbList","@id":"https:\/\/www.diario21.tv\/noticias\/ultima-hora-en-murcia-posibles-cuerpos-de-desaparecidos-hallados-en-nave\/#breadcrumb","itemListElement":[{"@type":"ListItem","position":1,"name":"Accueil","item":"https:\/\/www.diario21.tv\/noticias\/"},{"@type":"ListItem","position":2,"name":"\u00a1\u00daltima hora en Murcia! Posibles cuerpos de desaparecidos hallados en nave"}]},{"@type":"WebSite","@id":"https:\/\/www.diario21.tv\/noticias\/#website","url":"https:\/\/www.diario21.tv\/noticias\/","name":"Diario 21","description":"","potentialAction":[{"@type":"SearchAction","target":{"@type":"EntryPoint","urlTemplate":"https:\/\/www.diario21.tv\/noticias\/?s={search_term_string}"},"query-input":{"@type":"PropertyValueSpecification","valueRequired":true,"valueName":"search_term_string"}}],"inLanguage":"es-AR"},{"@type":"Person","@id":"https:\/\/www.diario21.tv\/noticias\/#\/schema\/person\/dfb778f73814d8f09f302618446a526b","name":"Juan P\u00e9rez","image":{"@type":"ImageObject","inLanguage":"es-AR","@id":"https:\/\/www.diario21.tv\/noticias\/#\/schema\/person\/image\/","url":"https:\/\/secure.gravatar.com\/avatar\/c478a405bd10621167f4c3167cc770f5?s=96&d=mm&r=g","contentUrl":"https:\/\/secure.gravatar.com\/avatar\/c478a405bd10621167f4c3167cc770f5?s=96&d=mm&r=g","caption":"Juan P\u00e9rez"},"description":"Juan P\u00e9rez es el redactor en jefe de Diario 21. Con m\u00e1s de 10 a\u00f1os de experiencia en el periodismo, se especializa en pol\u00edtica nacional y an\u00e1lisis socioecon\u00f3mico. Su enfoque cr\u00edtico y riguroso aporta una perspectiva \u00fanica a cada art\u00edculo.","sameAs":["https:\/\/www.diario21.tv\/noticias\/"],"url":"https:\/\/www.diario21.tv\/noticias\/author\/juan-perez\/"}]}},"_links":{"self":[{"href":"https:\/\/www.diario21.tv\/noticias\/wp-json\/wp\/v2\/posts\/3106"}],"collection":[{"href":"https:\/\/www.diario21.tv\/noticias\/wp-json\/wp\/v2\/posts"}],"about":[{"href":"https:\/\/www.diario21.tv\/noticias\/wp-json\/wp\/v2\/types\/post"}],"author":[{"embeddable":true,"href":"https:\/\/www.diario21.tv\/noticias\/wp-json\/wp\/v2\/users\/20"}],"replies":[{"embeddable":true,"href":"https:\/\/www.diario21.tv\/noticias\/wp-json\/wp\/v2\/comments?post=3106"}],"version-history":[{"count":1,"href":"https:\/\/www.diario21.tv\/noticias\/wp-json\/wp\/v2\/posts\/3106\/revisions"}],"predecessor-version":[{"id":3108,"href":"https:\/\/www.diario21.tv\/noticias\/wp-json\/wp\/v2\/posts\/3106\/revisions\/3108"}],"wp:featuredmedia":[{"embeddable":true,"href":"https:\/\/www.diario21.tv\/noticias\/wp-json\/wp\/v2\/media\/3107"}],"wp:attachment":[{"href":"https:\/\/www.diario21.tv\/noticias\/wp-json\/wp\/v2\/media?parent=3106"}],"wp:term":[{"taxonomy":"category","embeddable":true,"href":"https:\/\/www.diario21.tv\/noticias\/wp-json\/wp\/v2\/categories?post=3106"},{"taxonomy":"post_tag","embeddable":true,"href":"https:\/\/www.diario21.tv\/noticias\/wp-json\/wp\/v2\/tags?post=3106"}],"curies":[{"name":"wp","href":"https:\/\/api.w.org\/{rel}","templated":true}]}}