{"id":3088,"date":"2025-05-11T05:37:24","date_gmt":"2025-05-11T05:37:24","guid":{"rendered":"https:\/\/www.diario21.tv\/noticias\/descubre-el-barrio-obrero-de-chicago-donde-se-crio-el-nuevo-papa-increible\/"},"modified":"2025-05-11T05:37:25","modified_gmt":"2025-05-11T05:37:25","slug":"descubre-el-barrio-obrero-de-chicago-donde-se-crio-el-nuevo-papa-increible","status":"publish","type":"post","link":"https:\/\/www.diario21.tv\/noticias\/descubre-el-barrio-obrero-de-chicago-donde-se-crio-el-nuevo-papa-increible\/","title":{"rendered":"Descubre el barrio obrero de Chicago donde se cri\u00f3 el nuevo Papa \u00a1Incre\u00edble!"},"content":{"rendered":"<h2>Explorando el Origen Humilde del Papa en Chicago<\/h2>\n<p>En un vecindario obrero y tenaz de Chicago, marcado por su historia de esfuerzo y comunidad, se cri\u00f3 el l\u00edder espiritual recientemente electo, el Papa. Este rinc\u00f3n de la ciudad, conocido por su poblaci\u00f3n trabajadora y sus ra\u00edces industriales, jug\u00f3 un papel fundamental en la formaci\u00f3n del car\u00e1cter y la \u00e9tica del Papa.<\/p>\n<h3>Un Barrio de Trabajadores<\/h3>\n<p>El \u00e1rea donde el Papa pas\u00f3 sus a\u00f1os formativos est\u00e1 predominada por f\u00e1bricas y talleres, donde generaciones de inmigrantes buscaron el sue\u00f1o americano. La vida en este barrio no era f\u00e1cil, pero estaba llena de la riqueza que proporciona una comunidad unida por el trabajo duro y la solidaridad. Las calles, a menudo llenas de ni\u00f1os jugando y vecinos conversando, ofrec\u00edan un sentido de pertenencia y apoyo mutuo.<\/p>\n<h3>Educaci\u00f3n y Fe en los Primeros A\u00f1os<\/h3>\n<p>Desde joven, el futuro Papa fue influenciado por las ense\u00f1anzas de la iglesia local, donde la fe se viv\u00eda de manera pr\u00e1ctica y comunitaria. Las escuelas del barrio, aunque con recursos limitados, eran lugares donde se fomentaban valores como la honestidad, el respeto y la perseverancia. Los maestros, muchos de los cuales tambi\u00e9n viv\u00edan en el barrio, eran figuras de respeto y autoridad que inculcaban no solo conocimientos acad\u00e9micos, sino tambi\u00e9n lecciones de vida.<\/p>\n<h3>La Vida Comunitaria y el Trabajo<\/h3>\n<p>Las actividades cotidianas en el barrio giraban en torno al trabajo y la familia. Las f\u00e1bricas locales empleaban a muchos de los residentes, incluyendo, en sus a\u00f1os j\u00f3venes, al futuro Papa. Esta experiencia le proporcion\u00f3 una perspectiva de primera mano sobre la dignidad del trabajo y la importancia de la justicia social, temas que m\u00e1s tarde ser\u00edan centrales en su ministerio.<\/p>\n<p>La comunidad tambi\u00e9n se reun\u00eda en eventos locales, celebraciones y festivales, que eran expresiones de la rica herencia cultural del barrio. Estos eventos no solo proporcionaban entretenimiento, sino que reforzaban los lazos comunitarios y permit\u00edan a los residentes celebrar sus tradiciones y creencias compartidas.<\/p>\n<h3>Impacto del Barrio en su Futuro Rol<\/h3>\n<p>Los valores aprendidos y vividos en este barrio de Chicago han influido profundamente en el Papa. La importancia de la familia, el valor del trabajo y la necesidad de apoyarse mutuamente en la comunidad son pilares que definieron su juventud y que contin\u00faan guiando su liderazgo.<\/p>\n<p>Este barrio, con su car\u00e1cter determinado y su gente resiliente, no solo fue un hogar, sino tambi\u00e9n una escuela de vida para el nuevo Papa. A trav\u00e9s de su crecimiento en este ambiente, \u00e9l ha llevado las lecciones de humildad, trabajo y comunidad al escenario mundial.<\/p>\n<p>En resumen, el barrio obrero y duro de Chicago donde creci\u00f3 el nuevo Papa no solo le proporcion\u00f3 un hogar, sino que tambi\u00e9n form\u00f3 la base de su enfoque hacia la vida y su liderazgo, haciendo hincapi\u00e9 en la compasi\u00f3n, la dedicaci\u00f3n y la justicia social.<\/p>\n\n\n<div class=\"kk-star-ratings kksr-auto kksr-align-left kksr-valign-bottom\"\n    data-payload='{&quot;align&quot;:&quot;left&quot;,&quot;id&quot;:&quot;3088&quot;,&quot;slug&quot;:&quot;default&quot;,&quot;valign&quot;:&quot;bottom&quot;,&quot;ignore&quot;:&quot;&quot;,&quot;reference&quot;:&quot;auto&quot;,&quot;class&quot;:&quot;&quot;,&quot;count&quot;:&quot;0&quot;,&quot;legendonly&quot;:&quot;&quot;,&quot;readonly&quot;:&quot;&quot;,&quot;score&quot;:&quot;0&quot;,&quot;starsonly&quot;:&quot;&quot;,&quot;best&quot;:&quot;5&quot;,&quot;gap&quot;:&quot;5&quot;,&quot;greet&quot;:&quot;Valora este post&quot;,&quot;legend&quot;:&quot;0\\\/5 - (0 votes)&quot;,&quot;size&quot;:&quot;22&quot;,&quot;title&quot;:&quot;Descubre el barrio obrero de Chicago donde se cri\u00f3 el nuevo Papa \u00a1Incre\u00edble!&quot;,&quot;width&quot;:&quot;0&quot;,&quot;_legend&quot;:&quot;{score}\\\/{best} - ({count} {votes})&quot;,&quot;font_factor&quot;:&quot;1.25&quot;}'>\n            \n<div class=\"kksr-stars\">\n    \n<div class=\"kksr-stars-inactive\">\n            <div class=\"kksr-star\" data-star=\"1\" style=\"padding-right: 5px\">\n            \n\n<div class=\"kksr-icon\" style=\"width: 22px; height: 22px;\"><\/div>\n        <\/div>\n            <div class=\"kksr-star\" data-star=\"2\" style=\"padding-right: 5px\">\n            \n\n<div class=\"kksr-icon\" style=\"width: 22px; height: 22px;\"><\/div>\n        <\/div>\n            <div class=\"kksr-star\" data-star=\"3\" style=\"padding-right: 5px\">\n            \n\n<div class=\"kksr-icon\" style=\"width: 22px; height: 22px;\"><\/div>\n        <\/div>\n            <div class=\"kksr-star\" data-star=\"4\" style=\"padding-right: 5px\">\n            \n\n<div class=\"kksr-icon\" style=\"width: 22px; height: 22px;\"><\/div>\n        <\/div>\n            <div class=\"kksr-star\" data-star=\"5\" style=\"padding-right: 5px\">\n            \n\n<div class=\"kksr-icon\" style=\"width: 22px; height: 22px;\"><\/div>\n        <\/div>\n    <\/div>\n    \n<div class=\"kksr-stars-active\" style=\"width: 0px;\">\n            <div class=\"kksr-star\" style=\"padding-right: 5px\">\n            \n\n<div class=\"kksr-icon\" style=\"width: 22px; height: 22px;\"><\/div>\n        <\/div>\n            <div class=\"kksr-star\" style=\"padding-right: 5px\">\n            \n\n<div class=\"kksr-icon\" style=\"width: 22px; height: 22px;\"><\/div>\n        <\/div>\n            <div class=\"kksr-star\" style=\"padding-right: 5px\">\n            \n\n<div class=\"kksr-icon\" style=\"width: 22px; height: 22px;\"><\/div>\n        <\/div>\n            <div class=\"kksr-star\" style=\"padding-right: 5px\">\n            \n\n<div class=\"kksr-icon\" style=\"width: 22px; height: 22px;\"><\/div>\n        <\/div>\n            <div class=\"kksr-star\" style=\"padding-right: 5px\">\n            \n\n<div class=\"kksr-icon\" style=\"width: 22px; height: 22px;\"><\/div>\n        <\/div>\n    <\/div>\n<\/div>\n                \n\n<div class=\"kksr-legend\" style=\"font-size: 17.6px;\">\n            <span class=\"kksr-muted\">Valora este post<\/span>\n    <\/div>\n    <\/div>\n","protected":false},"excerpt":{"rendered":"<p>Explorando el Origen Humilde del Papa en Chicago En un vecindario obrero y tenaz de Chicago, marcado por su historia de esfuerzo y comunidad, se cri\u00f3 &#8230; <a title=\"Descubre el barrio obrero de Chicago donde se cri\u00f3 el nuevo Papa \u00a1Incre\u00edble!\" class=\"read-more\" href=\"https:\/\/www.diario21.tv\/noticias\/descubre-el-barrio-obrero-de-chicago-donde-se-crio-el-nuevo-papa-increible\/\" aria-label=\"Leer m\u00e1s sobre Descubre el barrio obrero de Chicago donde se cri\u00f3 el nuevo Papa \u00a1Incre\u00edble!\">Seguir leyendo &rarr;<\/a><\/p>\n","protected":false},"author":20,"featured_media":3089,"comment_status":"open","ping_status":"open","sticky":false,"template":"","format":"standard","meta":{"footnotes":""},"categories":[13],"tags":[],"class_list":["post-3088","post","type-post","status-publish","format-standard","has-post-thumbnail","hentry","category-portada"],"yoast_head":"<!-- This site is optimized with the Yoast SEO plugin v25.6 - https:\/\/yoast.com\/wordpress\/plugins\/seo\/ -->\n<title>Descubre el barrio obrero de Chicago donde se cri\u00f3 el nuevo Papa \u00a1Incre\u00edble! - Diario 21<\/title>\n<meta name=\"robots\" content=\"index, follow, max-snippet:-1, max-image-preview:large, max-video-preview:-1\" \/>\n<link rel=\"canonical\" href=\"https:\/\/www.diario21.tv\/noticias\/descubre-el-barrio-obrero-de-chicago-donde-se-crio-el-nuevo-papa-increible\/\" \/>\n<meta property=\"og:locale\" content=\"es_ES\" \/>\n<meta property=\"og:type\" content=\"article\" \/>\n<meta property=\"og:title\" content=\"Descubre el barrio obrero de Chicago donde se cri\u00f3 el nuevo Papa \u00a1Incre\u00edble! - Diario 21\" \/>\n<meta property=\"og:description\" content=\"Explorando el Origen Humilde del Papa en Chicago En un vecindario obrero y tenaz de Chicago, marcado por su historia de esfuerzo y comunidad, se cri\u00f3 ... Seguir leyendo &rarr;\" \/>\n<meta property=\"og:url\" content=\"https:\/\/www.diario21.tv\/noticias\/descubre-el-barrio-obrero-de-chicago-donde-se-crio-el-nuevo-papa-increible\/\" \/>\n<meta property=\"og:site_name\" content=\"Diario 21\" \/>\n<meta property=\"article:published_time\" content=\"2025-05-11T05:37:24+00:00\" \/>\n<meta property=\"article:modified_time\" content=\"2025-05-11T05:37:25+00:00\" \/>\n<meta property=\"og:image\" content=\"https:\/\/www.diario21.tv\/noticias\/wp-content\/uploads\/2025\/05\/Descubre-el-barrio-obrero-de-Chicago-donde-se-crio-el.jpg\" \/>\n\t<meta property=\"og:image:width\" content=\"1200\" \/>\n\t<meta property=\"og:image:height\" content=\"840\" \/>\n\t<meta property=\"og:image:type\" content=\"image\/jpeg\" \/>\n<meta name=\"author\" content=\"Juan P\u00e9rez\" \/>\n<meta name=\"twitter:card\" content=\"summary_large_image\" \/>\n<meta name=\"twitter:label1\" content=\"Escrito por\" \/>\n\t<meta name=\"twitter:data1\" content=\"Juan P\u00e9rez\" \/>\n\t<meta name=\"twitter:label2\" content=\"Tiempo de lectura\" \/>\n\t<meta name=\"twitter:data2\" content=\"3 minutos\" \/>\n<script type=\"application\/ld+json\" class=\"yoast-schema-graph\">{\"@context\":\"https:\/\/schema.org\",\"@graph\":[{\"@type\":\"WebPage\",\"@id\":\"https:\/\/www.diario21.tv\/noticias\/descubre-el-barrio-obrero-de-chicago-donde-se-crio-el-nuevo-papa-increible\/\",\"url\":\"https:\/\/www.diario21.tv\/noticias\/descubre-el-barrio-obrero-de-chicago-donde-se-crio-el-nuevo-papa-increible\/\",\"name\":\"Descubre el barrio obrero de Chicago donde se cri\u00f3 el nuevo Papa \u00a1Incre\u00edble! - Diario 21\",\"isPartOf\":{\"@id\":\"https:\/\/www.diario21.tv\/noticias\/#website\"},\"primaryImageOfPage\":{\"@id\":\"https:\/\/www.diario21.tv\/noticias\/descubre-el-barrio-obrero-de-chicago-donde-se-crio-el-nuevo-papa-increible\/#primaryimage\"},\"image\":{\"@id\":\"https:\/\/www.diario21.tv\/noticias\/descubre-el-barrio-obrero-de-chicago-donde-se-crio-el-nuevo-papa-increible\/#primaryimage\"},\"thumbnailUrl\":\"https:\/\/www.diario21.tv\/noticias\/wp-content\/uploads\/2025\/05\/Descubre-el-barrio-obrero-de-Chicago-donde-se-crio-el.jpg\",\"datePublished\":\"2025-05-11T05:37:24+00:00\",\"dateModified\":\"2025-05-11T05:37:25+00:00\",\"author\":{\"@id\":\"https:\/\/www.diario21.tv\/noticias\/#\/schema\/person\/dfb778f73814d8f09f302618446a526b\"},\"breadcrumb\":{\"@id\":\"https:\/\/www.diario21.tv\/noticias\/descubre-el-barrio-obrero-de-chicago-donde-se-crio-el-nuevo-papa-increible\/#breadcrumb\"},\"inLanguage\":\"es-AR\",\"potentialAction\":[{\"@type\":\"ReadAction\",\"target\":[\"https:\/\/www.diario21.tv\/noticias\/descubre-el-barrio-obrero-de-chicago-donde-se-crio-el-nuevo-papa-increible\/\"]}]},{\"@type\":\"ImageObject\",\"inLanguage\":\"es-AR\",\"@id\":\"https:\/\/www.diario21.tv\/noticias\/descubre-el-barrio-obrero-de-chicago-donde-se-crio-el-nuevo-papa-increible\/#primaryimage\",\"url\":\"https:\/\/www.diario21.tv\/noticias\/wp-content\/uploads\/2025\/05\/Descubre-el-barrio-obrero-de-Chicago-donde-se-crio-el.jpg\",\"contentUrl\":\"https:\/\/www.diario21.tv\/noticias\/wp-content\/uploads\/2025\/05\/Descubre-el-barrio-obrero-de-Chicago-donde-se-crio-el.jpg\",\"width\":1200,\"height\":840,\"caption\":\"Viaje al barrio de Chicago duro y obrero donde creci\u00f3 el nuevo Papa\"},{\"@type\":\"BreadcrumbList\",\"@id\":\"https:\/\/www.diario21.tv\/noticias\/descubre-el-barrio-obrero-de-chicago-donde-se-crio-el-nuevo-papa-increible\/#breadcrumb\",\"itemListElement\":[{\"@type\":\"ListItem\",\"position\":1,\"name\":\"Accueil\",\"item\":\"https:\/\/www.diario21.tv\/noticias\/\"},{\"@type\":\"ListItem\",\"position\":2,\"name\":\"Descubre el barrio obrero de Chicago donde se cri\u00f3 el nuevo Papa \u00a1Incre\u00edble!\"}]},{\"@type\":\"WebSite\",\"@id\":\"https:\/\/www.diario21.tv\/noticias\/#website\",\"url\":\"https:\/\/www.diario21.tv\/noticias\/\",\"name\":\"Diario 21\",\"description\":\"\",\"potentialAction\":[{\"@type\":\"SearchAction\",\"target\":{\"@type\":\"EntryPoint\",\"urlTemplate\":\"https:\/\/www.diario21.tv\/noticias\/?s={search_term_string}\"},\"query-input\":{\"@type\":\"PropertyValueSpecification\",\"valueRequired\":true,\"valueName\":\"search_term_string\"}}],\"inLanguage\":\"es-AR\"},{\"@type\":\"Person\",\"@id\":\"https:\/\/www.diario21.tv\/noticias\/#\/schema\/person\/dfb778f73814d8f09f302618446a526b\",\"name\":\"Juan P\u00e9rez\",\"image\":{\"@type\":\"ImageObject\",\"inLanguage\":\"es-AR\",\"@id\":\"https:\/\/www.diario21.tv\/noticias\/#\/schema\/person\/image\/\",\"url\":\"https:\/\/secure.gravatar.com\/avatar\/c478a405bd10621167f4c3167cc770f5?s=96&d=mm&r=g\",\"contentUrl\":\"https:\/\/secure.gravatar.com\/avatar\/c478a405bd10621167f4c3167cc770f5?s=96&d=mm&r=g\",\"caption\":\"Juan P\u00e9rez\"},\"description\":\"Juan P\u00e9rez es el redactor en jefe de Diario 21. Con m\u00e1s de 10 a\u00f1os de experiencia en el periodismo, se especializa en pol\u00edtica nacional y an\u00e1lisis socioecon\u00f3mico. Su enfoque cr\u00edtico y riguroso aporta una perspectiva \u00fanica a cada art\u00edculo.\",\"sameAs\":[\"https:\/\/www.diario21.tv\/noticias\/\"],\"url\":\"https:\/\/www.diario21.tv\/noticias\/author\/juan-perez\/\"}]}<\/script>\n<!-- \/ Yoast SEO plugin. -->","yoast_head_json":{"title":"Descubre el barrio obrero de Chicago donde se cri\u00f3 el nuevo Papa \u00a1Incre\u00edble! - Diario 21","robots":{"index":"index","follow":"follow","max-snippet":"max-snippet:-1","max-image-preview":"max-image-preview:large","max-video-preview":"max-video-preview:-1"},"canonical":"https:\/\/www.diario21.tv\/noticias\/descubre-el-barrio-obrero-de-chicago-donde-se-crio-el-nuevo-papa-increible\/","og_locale":"es_ES","og_type":"article","og_title":"Descubre el barrio obrero de Chicago donde se cri\u00f3 el nuevo Papa \u00a1Incre\u00edble! - Diario 21","og_description":"Explorando el Origen Humilde del Papa en Chicago En un vecindario obrero y tenaz de Chicago, marcado por su historia de esfuerzo y comunidad, se cri\u00f3 ... Seguir leyendo &rarr;","og_url":"https:\/\/www.diario21.tv\/noticias\/descubre-el-barrio-obrero-de-chicago-donde-se-crio-el-nuevo-papa-increible\/","og_site_name":"Diario 21","article_published_time":"2025-05-11T05:37:24+00:00","article_modified_time":"2025-05-11T05:37:25+00:00","og_image":[{"width":1200,"height":840,"url":"https:\/\/www.diario21.tv\/noticias\/wp-content\/uploads\/2025\/05\/Descubre-el-barrio-obrero-de-Chicago-donde-se-crio-el.jpg","type":"image\/jpeg"}],"author":"Juan P\u00e9rez","twitter_card":"summary_large_image","twitter_misc":{"Escrito por":"Juan P\u00e9rez","Tiempo de lectura":"3 minutos"},"schema":{"@context":"https:\/\/schema.org","@graph":[{"@type":"WebPage","@id":"https:\/\/www.diario21.tv\/noticias\/descubre-el-barrio-obrero-de-chicago-donde-se-crio-el-nuevo-papa-increible\/","url":"https:\/\/www.diario21.tv\/noticias\/descubre-el-barrio-obrero-de-chicago-donde-se-crio-el-nuevo-papa-increible\/","name":"Descubre el barrio obrero de Chicago donde se cri\u00f3 el nuevo Papa \u00a1Incre\u00edble! - Diario 21","isPartOf":{"@id":"https:\/\/www.diario21.tv\/noticias\/#website"},"primaryImageOfPage":{"@id":"https:\/\/www.diario21.tv\/noticias\/descubre-el-barrio-obrero-de-chicago-donde-se-crio-el-nuevo-papa-increible\/#primaryimage"},"image":{"@id":"https:\/\/www.diario21.tv\/noticias\/descubre-el-barrio-obrero-de-chicago-donde-se-crio-el-nuevo-papa-increible\/#primaryimage"},"thumbnailUrl":"https:\/\/www.diario21.tv\/noticias\/wp-content\/uploads\/2025\/05\/Descubre-el-barrio-obrero-de-Chicago-donde-se-crio-el.jpg","datePublished":"2025-05-11T05:37:24+00:00","dateModified":"2025-05-11T05:37:25+00:00","author":{"@id":"https:\/\/www.diario21.tv\/noticias\/#\/schema\/person\/dfb778f73814d8f09f302618446a526b"},"breadcrumb":{"@id":"https:\/\/www.diario21.tv\/noticias\/descubre-el-barrio-obrero-de-chicago-donde-se-crio-el-nuevo-papa-increible\/#breadcrumb"},"inLanguage":"es-AR","potentialAction":[{"@type":"ReadAction","target":["https:\/\/www.diario21.tv\/noticias\/descubre-el-barrio-obrero-de-chicago-donde-se-crio-el-nuevo-papa-increible\/"]}]},{"@type":"ImageObject","inLanguage":"es-AR","@id":"https:\/\/www.diario21.tv\/noticias\/descubre-el-barrio-obrero-de-chicago-donde-se-crio-el-nuevo-papa-increible\/#primaryimage","url":"https:\/\/www.diario21.tv\/noticias\/wp-content\/uploads\/2025\/05\/Descubre-el-barrio-obrero-de-Chicago-donde-se-crio-el.jpg","contentUrl":"https:\/\/www.diario21.tv\/noticias\/wp-content\/uploads\/2025\/05\/Descubre-el-barrio-obrero-de-Chicago-donde-se-crio-el.jpg","width":1200,"height":840,"caption":"Viaje al barrio de Chicago duro y obrero donde creci\u00f3 el nuevo Papa"},{"@type":"BreadcrumbList","@id":"https:\/\/www.diario21.tv\/noticias\/descubre-el-barrio-obrero-de-chicago-donde-se-crio-el-nuevo-papa-increible\/#breadcrumb","itemListElement":[{"@type":"ListItem","position":1,"name":"Accueil","item":"https:\/\/www.diario21.tv\/noticias\/"},{"@type":"ListItem","position":2,"name":"Descubre el barrio obrero de Chicago donde se cri\u00f3 el nuevo Papa \u00a1Incre\u00edble!"}]},{"@type":"WebSite","@id":"https:\/\/www.diario21.tv\/noticias\/#website","url":"https:\/\/www.diario21.tv\/noticias\/","name":"Diario 21","description":"","potentialAction":[{"@type":"SearchAction","target":{"@type":"EntryPoint","urlTemplate":"https:\/\/www.diario21.tv\/noticias\/?s={search_term_string}"},"query-input":{"@type":"PropertyValueSpecification","valueRequired":true,"valueName":"search_term_string"}}],"inLanguage":"es-AR"},{"@type":"Person","@id":"https:\/\/www.diario21.tv\/noticias\/#\/schema\/person\/dfb778f73814d8f09f302618446a526b","name":"Juan P\u00e9rez","image":{"@type":"ImageObject","inLanguage":"es-AR","@id":"https:\/\/www.diario21.tv\/noticias\/#\/schema\/person\/image\/","url":"https:\/\/secure.gravatar.com\/avatar\/c478a405bd10621167f4c3167cc770f5?s=96&d=mm&r=g","contentUrl":"https:\/\/secure.gravatar.com\/avatar\/c478a405bd10621167f4c3167cc770f5?s=96&d=mm&r=g","caption":"Juan P\u00e9rez"},"description":"Juan P\u00e9rez es el redactor en jefe de Diario 21. Con m\u00e1s de 10 a\u00f1os de experiencia en el periodismo, se especializa en pol\u00edtica nacional y an\u00e1lisis socioecon\u00f3mico. Su enfoque cr\u00edtico y riguroso aporta una perspectiva \u00fanica a cada art\u00edculo.","sameAs":["https:\/\/www.diario21.tv\/noticias\/"],"url":"https:\/\/www.diario21.tv\/noticias\/author\/juan-perez\/"}]}},"_links":{"self":[{"href":"https:\/\/www.diario21.tv\/noticias\/wp-json\/wp\/v2\/posts\/3088"}],"collection":[{"href":"https:\/\/www.diario21.tv\/noticias\/wp-json\/wp\/v2\/posts"}],"about":[{"href":"https:\/\/www.diario21.tv\/noticias\/wp-json\/wp\/v2\/types\/post"}],"author":[{"embeddable":true,"href":"https:\/\/www.diario21.tv\/noticias\/wp-json\/wp\/v2\/users\/20"}],"replies":[{"embeddable":true,"href":"https:\/\/www.diario21.tv\/noticias\/wp-json\/wp\/v2\/comments?post=3088"}],"version-history":[{"count":1,"href":"https:\/\/www.diario21.tv\/noticias\/wp-json\/wp\/v2\/posts\/3088\/revisions"}],"predecessor-version":[{"id":3090,"href":"https:\/\/www.diario21.tv\/noticias\/wp-json\/wp\/v2\/posts\/3088\/revisions\/3090"}],"wp:featuredmedia":[{"embeddable":true,"href":"https:\/\/www.diario21.tv\/noticias\/wp-json\/wp\/v2\/media\/3089"}],"wp:attachment":[{"href":"https:\/\/www.diario21.tv\/noticias\/wp-json\/wp\/v2\/media?parent=3088"}],"wp:term":[{"taxonomy":"category","embeddable":true,"href":"https:\/\/www.diario21.tv\/noticias\/wp-json\/wp\/v2\/categories?post=3088"},{"taxonomy":"post_tag","embeddable":true,"href":"https:\/\/www.diario21.tv\/noticias\/wp-json\/wp\/v2\/tags?post=3088"}],"curies":[{"name":"wp","href":"https:\/\/api.w.org\/{rel}","templated":true}]}}