{"id":308,"date":"2024-09-05T07:12:35","date_gmt":"2024-09-05T07:12:35","guid":{"rendered":"https:\/\/www.diario21.tv\/noticias\/verdad-o-falso-los-imanes-en-tu-nevera-podrian-estar-disparando-tus-facturas-de-electricidad\/"},"modified":"2024-09-05T07:12:39","modified_gmt":"2024-09-05T07:12:39","slug":"verdad-o-falso-los-imanes-en-tu-nevera-podrian-estar-disparando-tus-facturas-de-electricidad","status":"publish","type":"post","link":"https:\/\/www.diario21.tv\/noticias\/verdad-o-falso-los-imanes-en-tu-nevera-podrian-estar-disparando-tus-facturas-de-electricidad\/","title":{"rendered":"\u00bfVERDAD O FALSO? \u00a1Los imanes en tu nevera podr\u00edan estar disparando tus facturas de electricidad!"},"content":{"rendered":"<h2>\u00bfEs un mito o una realidad? \u00bfEl uso de imanes en el refrigerador incrementa su consumo energ\u00e9tico?<\/h2>\n<p>Es com\u00fan que en nuestros hogares, los refrigeradores est\u00e9n adornados con imanes. Ya sea que se utilicen para pegar notas, fotos, listas de compras o simplemente como un detalle decorativo, rara vez se ve una nevera sin al menos uno de estos elementos. Sin embargo, existe una creencia popular de que colocar imanes en la nevera puede aumentar su consumo de energ\u00eda. \u00bfEs esto un mito o una realidad?<\/p>\n<h3>Los imanes y el consumo de energ\u00eda<\/h3>\n<p>Las teor\u00edas que sugieren que el uso de imanes puede incrementar el consumo de energ\u00eda de un refrigerador se basan en la idea de que los imanes podr\u00edan afectar el funcionamiento del motor del electrodom\u00e9stico. Sin embargo, la realidad es bastante diferente.<\/p>\n<p>En primer lugar, debemos entender que los imanes utilizados en el hogar son de baja potencia y su campo magn\u00e9tico no tiene la capacidad de interferir con el motor del refrigerador. Asimismo, los motores de los refrigeradores est\u00e1n dise\u00f1ados para resistir campos magn\u00e9ticos mucho m\u00e1s fuertes que los que podr\u00eda generar un im\u00e1n de nevera.<\/p>\n<h3>El mito desmentido<\/h3>\n<p>Por lo tanto, podemos afirmar con seguridad que colocar imanes en la nevera no aumenta su consumo de energ\u00eda. Este mito posiblemente se origin\u00f3 por la confusi\u00f3n entre los imanes y otros objetos met\u00e1licos. Es cierto que si se colocan objetos met\u00e1licos de gran tama\u00f1o o en gran cantidad en la nevera, esto podr\u00eda afectar su eficiencia energ\u00e9tica, ya que estos objetos pueden alterar la circulaci\u00f3n del aire fr\u00edo. Pero este no es el caso de los imanes.<\/p>\n<h3>Conclusi\u00f3n<\/h3>\n<p>En conclusi\u00f3n, no hay que preocuparse por el uso de imanes en la nevera. Estos no solo no incrementan el consumo de energ\u00eda del electrodom\u00e9stico, sino que tambi\u00e9n pueden ser \u00fatiles para mantener el orden y la organizaci\u00f3n en nuestro hogar. As\u00ed que, si te gusta decorar tu nevera con imanes, no dudes en hacerlo. No tendr\u00e1s que preocuparte por un aumento en tu factura de electricidad.<\/p>\n\n\n<div class=\"kk-star-ratings kksr-auto kksr-align-left kksr-valign-bottom\"\n    data-payload='{&quot;align&quot;:&quot;left&quot;,&quot;id&quot;:&quot;308&quot;,&quot;slug&quot;:&quot;default&quot;,&quot;valign&quot;:&quot;bottom&quot;,&quot;ignore&quot;:&quot;&quot;,&quot;reference&quot;:&quot;auto&quot;,&quot;class&quot;:&quot;&quot;,&quot;count&quot;:&quot;0&quot;,&quot;legendonly&quot;:&quot;&quot;,&quot;readonly&quot;:&quot;&quot;,&quot;score&quot;:&quot;0&quot;,&quot;starsonly&quot;:&quot;&quot;,&quot;best&quot;:&quot;5&quot;,&quot;gap&quot;:&quot;5&quot;,&quot;greet&quot;:&quot;Valora este post&quot;,&quot;legend&quot;:&quot;0\\\/5 - (0 votes)&quot;,&quot;size&quot;:&quot;22&quot;,&quot;title&quot;:&quot;\u00bfVERDAD O FALSO? \u00a1Los imanes en tu nevera podr\u00edan estar disparando tus facturas de electricidad!&quot;,&quot;width&quot;:&quot;0&quot;,&quot;_legend&quot;:&quot;{score}\\\/{best} - ({count} {votes})&quot;,&quot;font_factor&quot;:&quot;1.25&quot;}'>\n            \n<div class=\"kksr-stars\">\n    \n<div class=\"kksr-stars-inactive\">\n            <div class=\"kksr-star\" data-star=\"1\" style=\"padding-right: 5px\">\n            \n\n<div class=\"kksr-icon\" style=\"width: 22px; height: 22px;\"><\/div>\n        <\/div>\n            <div class=\"kksr-star\" data-star=\"2\" style=\"padding-right: 5px\">\n            \n\n<div class=\"kksr-icon\" style=\"width: 22px; height: 22px;\"><\/div>\n        <\/div>\n            <div class=\"kksr-star\" data-star=\"3\" style=\"padding-right: 5px\">\n            \n\n<div class=\"kksr-icon\" style=\"width: 22px; height: 22px;\"><\/div>\n        <\/div>\n            <div class=\"kksr-star\" data-star=\"4\" style=\"padding-right: 5px\">\n            \n\n<div class=\"kksr-icon\" style=\"width: 22px; height: 22px;\"><\/div>\n        <\/div>\n            <div class=\"kksr-star\" data-star=\"5\" style=\"padding-right: 5px\">\n            \n\n<div class=\"kksr-icon\" style=\"width: 22px; height: 22px;\"><\/div>\n        <\/div>\n    <\/div>\n    \n<div class=\"kksr-stars-active\" style=\"width: 0px;\">\n            <div class=\"kksr-star\" style=\"padding-right: 5px\">\n            \n\n<div class=\"kksr-icon\" style=\"width: 22px; height: 22px;\"><\/div>\n        <\/div>\n            <div class=\"kksr-star\" style=\"padding-right: 5px\">\n            \n\n<div class=\"kksr-icon\" style=\"width: 22px; height: 22px;\"><\/div>\n        <\/div>\n            <div class=\"kksr-star\" style=\"padding-right: 5px\">\n            \n\n<div class=\"kksr-icon\" style=\"width: 22px; height: 22px;\"><\/div>\n        <\/div>\n            <div class=\"kksr-star\" style=\"padding-right: 5px\">\n            \n\n<div class=\"kksr-icon\" style=\"width: 22px; height: 22px;\"><\/div>\n        <\/div>\n            <div class=\"kksr-star\" style=\"padding-right: 5px\">\n            \n\n<div class=\"kksr-icon\" style=\"width: 22px; height: 22px;\"><\/div>\n        <\/div>\n    <\/div>\n<\/div>\n                \n\n<div class=\"kksr-legend\" style=\"font-size: 17.6px;\">\n            <span class=\"kksr-muted\">Valora este post<\/span>\n    <\/div>\n    <\/div>\n","protected":false},"excerpt":{"rendered":"<p>\u00bfEs un mito o una realidad? \u00bfEl uso de imanes en el refrigerador incrementa su consumo energ\u00e9tico? Es com\u00fan que en nuestros hogares, los refrigeradores est\u00e9n &#8230; <a title=\"\u00bfVERDAD O FALSO? \u00a1Los imanes en tu nevera podr\u00edan estar disparando tus facturas de electricidad!\" class=\"read-more\" href=\"https:\/\/www.diario21.tv\/noticias\/verdad-o-falso-los-imanes-en-tu-nevera-podrian-estar-disparando-tus-facturas-de-electricidad\/\" aria-label=\"Leer m\u00e1s sobre \u00bfVERDAD O FALSO? \u00a1Los imanes en tu nevera podr\u00edan estar disparando tus facturas de electricidad!\">Seguir leyendo &rarr;<\/a><\/p>\n","protected":false},"author":16,"featured_media":309,"comment_status":"open","ping_status":"open","sticky":false,"template":"","format":"standard","meta":{"footnotes":""},"categories":[12],"tags":[],"class_list":["post-308","post","type-post","status-publish","format-standard","has-post-thumbnail","hentry","category-tendencia"],"yoast_head":"<!-- This site is optimized with the Yoast SEO plugin v25.6 - https:\/\/yoast.com\/wordpress\/plugins\/seo\/ -->\n<title>\u00bfVERDAD O FALSO? \u00a1Los imanes en tu nevera podr\u00edan estar disparando tus facturas de electricidad! - Diario 21<\/title>\n<meta name=\"robots\" content=\"index, follow, max-snippet:-1, max-image-preview:large, max-video-preview:-1\" \/>\n<link rel=\"canonical\" href=\"https:\/\/www.diario21.tv\/noticias\/verdad-o-falso-los-imanes-en-tu-nevera-podrian-estar-disparando-tus-facturas-de-electricidad\/\" \/>\n<meta property=\"og:locale\" content=\"es_ES\" \/>\n<meta property=\"og:type\" content=\"article\" \/>\n<meta property=\"og:title\" content=\"\u00bfVERDAD O FALSO? \u00a1Los imanes en tu nevera podr\u00edan estar disparando tus facturas de electricidad! - Diario 21\" \/>\n<meta property=\"og:description\" content=\"\u00bfEs un mito o una realidad? \u00bfEl uso de imanes en el refrigerador incrementa su consumo energ\u00e9tico? Es com\u00fan que en nuestros hogares, los refrigeradores est\u00e9n ... Seguir leyendo &rarr;\" \/>\n<meta property=\"og:url\" content=\"https:\/\/www.diario21.tv\/noticias\/verdad-o-falso-los-imanes-en-tu-nevera-podrian-estar-disparando-tus-facturas-de-electricidad\/\" \/>\n<meta property=\"og:site_name\" content=\"Diario 21\" \/>\n<meta property=\"article:published_time\" content=\"2024-09-05T07:12:35+00:00\" \/>\n<meta property=\"article:modified_time\" content=\"2024-09-05T07:12:39+00:00\" \/>\n<meta property=\"og:image\" content=\"https:\/\/www.diario21.tv\/noticias\/wp-content\/uploads\/2024\/09\/\u00bfVERDAD-O-FALSO-\u00a1Los-imanes-en-tu-nevera-podrian-estar.jpg\" \/>\n\t<meta property=\"og:image:width\" content=\"1920\" \/>\n\t<meta property=\"og:image:height\" content=\"1080\" \/>\n\t<meta property=\"og:image:type\" content=\"image\/jpeg\" \/>\n<meta name=\"author\" content=\"Diario 21\" \/>\n<meta name=\"twitter:card\" content=\"summary_large_image\" \/>\n<meta name=\"twitter:label1\" content=\"Escrito por\" \/>\n\t<meta name=\"twitter:data1\" content=\"Diario 21\" \/>\n\t<meta name=\"twitter:label2\" content=\"Tiempo de lectura\" \/>\n\t<meta name=\"twitter:data2\" content=\"2 minutos\" \/>\n<script type=\"application\/ld+json\" class=\"yoast-schema-graph\">{\"@context\":\"https:\/\/schema.org\",\"@graph\":[{\"@type\":\"WebPage\",\"@id\":\"https:\/\/www.diario21.tv\/noticias\/verdad-o-falso-los-imanes-en-tu-nevera-podrian-estar-disparando-tus-facturas-de-electricidad\/\",\"url\":\"https:\/\/www.diario21.tv\/noticias\/verdad-o-falso-los-imanes-en-tu-nevera-podrian-estar-disparando-tus-facturas-de-electricidad\/\",\"name\":\"\u00bfVERDAD O FALSO? \u00a1Los imanes en tu nevera podr\u00edan estar disparando tus facturas de electricidad! - Diario 21\",\"isPartOf\":{\"@id\":\"https:\/\/www.diario21.tv\/noticias\/#website\"},\"primaryImageOfPage\":{\"@id\":\"https:\/\/www.diario21.tv\/noticias\/verdad-o-falso-los-imanes-en-tu-nevera-podrian-estar-disparando-tus-facturas-de-electricidad\/#primaryimage\"},\"image\":{\"@id\":\"https:\/\/www.diario21.tv\/noticias\/verdad-o-falso-los-imanes-en-tu-nevera-podrian-estar-disparando-tus-facturas-de-electricidad\/#primaryimage\"},\"thumbnailUrl\":\"https:\/\/www.diario21.tv\/noticias\/wp-content\/uploads\/2024\/09\/\u00bfVERDAD-O-FALSO-\u00a1Los-imanes-en-tu-nevera-podrian-estar.jpg\",\"datePublished\":\"2024-09-05T07:12:35+00:00\",\"dateModified\":\"2024-09-05T07:12:39+00:00\",\"author\":{\"@id\":\"https:\/\/www.diario21.tv\/noticias\/#\/schema\/person\/7de9d6205bd3da5b7f01f5cffb18d715\"},\"breadcrumb\":{\"@id\":\"https:\/\/www.diario21.tv\/noticias\/verdad-o-falso-los-imanes-en-tu-nevera-podrian-estar-disparando-tus-facturas-de-electricidad\/#breadcrumb\"},\"inLanguage\":\"es-AR\",\"potentialAction\":[{\"@type\":\"ReadAction\",\"target\":[\"https:\/\/www.diario21.tv\/noticias\/verdad-o-falso-los-imanes-en-tu-nevera-podrian-estar-disparando-tus-facturas-de-electricidad\/\"]}]},{\"@type\":\"ImageObject\",\"inLanguage\":\"es-AR\",\"@id\":\"https:\/\/www.diario21.tv\/noticias\/verdad-o-falso-los-imanes-en-tu-nevera-podrian-estar-disparando-tus-facturas-de-electricidad\/#primaryimage\",\"url\":\"https:\/\/www.diario21.tv\/noticias\/wp-content\/uploads\/2024\/09\/\u00bfVERDAD-O-FALSO-\u00a1Los-imanes-en-tu-nevera-podrian-estar.jpg\",\"contentUrl\":\"https:\/\/www.diario21.tv\/noticias\/wp-content\/uploads\/2024\/09\/\u00bfVERDAD-O-FALSO-\u00a1Los-imanes-en-tu-nevera-podrian-estar.jpg\",\"width\":1920,\"height\":1080,\"caption\":\"Mito o realidad: \u00bfColocar imanes en la nevera aumenta su consumo?\"},{\"@type\":\"BreadcrumbList\",\"@id\":\"https:\/\/www.diario21.tv\/noticias\/verdad-o-falso-los-imanes-en-tu-nevera-podrian-estar-disparando-tus-facturas-de-electricidad\/#breadcrumb\",\"itemListElement\":[{\"@type\":\"ListItem\",\"position\":1,\"name\":\"Accueil\",\"item\":\"https:\/\/www.diario21.tv\/noticias\/\"},{\"@type\":\"ListItem\",\"position\":2,\"name\":\"\u00bfVERDAD O FALSO? \u00a1Los imanes en tu nevera podr\u00edan estar disparando tus facturas de electricidad!\"}]},{\"@type\":\"WebSite\",\"@id\":\"https:\/\/www.diario21.tv\/noticias\/#website\",\"url\":\"https:\/\/www.diario21.tv\/noticias\/\",\"name\":\"Diario 21\",\"description\":\"\",\"potentialAction\":[{\"@type\":\"SearchAction\",\"target\":{\"@type\":\"EntryPoint\",\"urlTemplate\":\"https:\/\/www.diario21.tv\/noticias\/?s={search_term_string}\"},\"query-input\":{\"@type\":\"PropertyValueSpecification\",\"valueRequired\":true,\"valueName\":\"search_term_string\"}}],\"inLanguage\":\"es-AR\"},{\"@type\":\"Person\",\"@id\":\"https:\/\/www.diario21.tv\/noticias\/#\/schema\/person\/7de9d6205bd3da5b7f01f5cffb18d715\",\"name\":\"Diario 21\",\"image\":{\"@type\":\"ImageObject\",\"inLanguage\":\"es-AR\",\"@id\":\"https:\/\/www.diario21.tv\/noticias\/#\/schema\/person\/image\/\",\"url\":\"https:\/\/secure.gravatar.com\/avatar\/d1d5e764b940c8e5990284cabcd5dea9?s=96&d=mm&r=g\",\"contentUrl\":\"https:\/\/secure.gravatar.com\/avatar\/d1d5e764b940c8e5990284cabcd5dea9?s=96&d=mm&r=g\",\"caption\":\"Diario 21\"},\"url\":\"https:\/\/www.diario21.tv\/noticias\/author\/diario-21\/\"}]}<\/script>\n<!-- \/ Yoast SEO plugin. -->","yoast_head_json":{"title":"\u00bfVERDAD O FALSO? \u00a1Los imanes en tu nevera podr\u00edan estar disparando tus facturas de electricidad! - Diario 21","robots":{"index":"index","follow":"follow","max-snippet":"max-snippet:-1","max-image-preview":"max-image-preview:large","max-video-preview":"max-video-preview:-1"},"canonical":"https:\/\/www.diario21.tv\/noticias\/verdad-o-falso-los-imanes-en-tu-nevera-podrian-estar-disparando-tus-facturas-de-electricidad\/","og_locale":"es_ES","og_type":"article","og_title":"\u00bfVERDAD O FALSO? \u00a1Los imanes en tu nevera podr\u00edan estar disparando tus facturas de electricidad! - Diario 21","og_description":"\u00bfEs un mito o una realidad? \u00bfEl uso de imanes en el refrigerador incrementa su consumo energ\u00e9tico? Es com\u00fan que en nuestros hogares, los refrigeradores est\u00e9n ... Seguir leyendo &rarr;","og_url":"https:\/\/www.diario21.tv\/noticias\/verdad-o-falso-los-imanes-en-tu-nevera-podrian-estar-disparando-tus-facturas-de-electricidad\/","og_site_name":"Diario 21","article_published_time":"2024-09-05T07:12:35+00:00","article_modified_time":"2024-09-05T07:12:39+00:00","og_image":[{"width":1920,"height":1080,"url":"https:\/\/www.diario21.tv\/noticias\/wp-content\/uploads\/2024\/09\/\u00bfVERDAD-O-FALSO-\u00a1Los-imanes-en-tu-nevera-podrian-estar.jpg","type":"image\/jpeg"}],"author":"Diario 21","twitter_card":"summary_large_image","twitter_misc":{"Escrito por":"Diario 21","Tiempo de lectura":"2 minutos"},"schema":{"@context":"https:\/\/schema.org","@graph":[{"@type":"WebPage","@id":"https:\/\/www.diario21.tv\/noticias\/verdad-o-falso-los-imanes-en-tu-nevera-podrian-estar-disparando-tus-facturas-de-electricidad\/","url":"https:\/\/www.diario21.tv\/noticias\/verdad-o-falso-los-imanes-en-tu-nevera-podrian-estar-disparando-tus-facturas-de-electricidad\/","name":"\u00bfVERDAD O FALSO? \u00a1Los imanes en tu nevera podr\u00edan estar disparando tus facturas de electricidad! - Diario 21","isPartOf":{"@id":"https:\/\/www.diario21.tv\/noticias\/#website"},"primaryImageOfPage":{"@id":"https:\/\/www.diario21.tv\/noticias\/verdad-o-falso-los-imanes-en-tu-nevera-podrian-estar-disparando-tus-facturas-de-electricidad\/#primaryimage"},"image":{"@id":"https:\/\/www.diario21.tv\/noticias\/verdad-o-falso-los-imanes-en-tu-nevera-podrian-estar-disparando-tus-facturas-de-electricidad\/#primaryimage"},"thumbnailUrl":"https:\/\/www.diario21.tv\/noticias\/wp-content\/uploads\/2024\/09\/\u00bfVERDAD-O-FALSO-\u00a1Los-imanes-en-tu-nevera-podrian-estar.jpg","datePublished":"2024-09-05T07:12:35+00:00","dateModified":"2024-09-05T07:12:39+00:00","author":{"@id":"https:\/\/www.diario21.tv\/noticias\/#\/schema\/person\/7de9d6205bd3da5b7f01f5cffb18d715"},"breadcrumb":{"@id":"https:\/\/www.diario21.tv\/noticias\/verdad-o-falso-los-imanes-en-tu-nevera-podrian-estar-disparando-tus-facturas-de-electricidad\/#breadcrumb"},"inLanguage":"es-AR","potentialAction":[{"@type":"ReadAction","target":["https:\/\/www.diario21.tv\/noticias\/verdad-o-falso-los-imanes-en-tu-nevera-podrian-estar-disparando-tus-facturas-de-electricidad\/"]}]},{"@type":"ImageObject","inLanguage":"es-AR","@id":"https:\/\/www.diario21.tv\/noticias\/verdad-o-falso-los-imanes-en-tu-nevera-podrian-estar-disparando-tus-facturas-de-electricidad\/#primaryimage","url":"https:\/\/www.diario21.tv\/noticias\/wp-content\/uploads\/2024\/09\/\u00bfVERDAD-O-FALSO-\u00a1Los-imanes-en-tu-nevera-podrian-estar.jpg","contentUrl":"https:\/\/www.diario21.tv\/noticias\/wp-content\/uploads\/2024\/09\/\u00bfVERDAD-O-FALSO-\u00a1Los-imanes-en-tu-nevera-podrian-estar.jpg","width":1920,"height":1080,"caption":"Mito o realidad: \u00bfColocar imanes en la nevera aumenta su consumo?"},{"@type":"BreadcrumbList","@id":"https:\/\/www.diario21.tv\/noticias\/verdad-o-falso-los-imanes-en-tu-nevera-podrian-estar-disparando-tus-facturas-de-electricidad\/#breadcrumb","itemListElement":[{"@type":"ListItem","position":1,"name":"Accueil","item":"https:\/\/www.diario21.tv\/noticias\/"},{"@type":"ListItem","position":2,"name":"\u00bfVERDAD O FALSO? \u00a1Los imanes en tu nevera podr\u00edan estar disparando tus facturas de electricidad!"}]},{"@type":"WebSite","@id":"https:\/\/www.diario21.tv\/noticias\/#website","url":"https:\/\/www.diario21.tv\/noticias\/","name":"Diario 21","description":"","potentialAction":[{"@type":"SearchAction","target":{"@type":"EntryPoint","urlTemplate":"https:\/\/www.diario21.tv\/noticias\/?s={search_term_string}"},"query-input":{"@type":"PropertyValueSpecification","valueRequired":true,"valueName":"search_term_string"}}],"inLanguage":"es-AR"},{"@type":"Person","@id":"https:\/\/www.diario21.tv\/noticias\/#\/schema\/person\/7de9d6205bd3da5b7f01f5cffb18d715","name":"Diario 21","image":{"@type":"ImageObject","inLanguage":"es-AR","@id":"https:\/\/www.diario21.tv\/noticias\/#\/schema\/person\/image\/","url":"https:\/\/secure.gravatar.com\/avatar\/d1d5e764b940c8e5990284cabcd5dea9?s=96&d=mm&r=g","contentUrl":"https:\/\/secure.gravatar.com\/avatar\/d1d5e764b940c8e5990284cabcd5dea9?s=96&d=mm&r=g","caption":"Diario 21"},"url":"https:\/\/www.diario21.tv\/noticias\/author\/diario-21\/"}]}},"_links":{"self":[{"href":"https:\/\/www.diario21.tv\/noticias\/wp-json\/wp\/v2\/posts\/308"}],"collection":[{"href":"https:\/\/www.diario21.tv\/noticias\/wp-json\/wp\/v2\/posts"}],"about":[{"href":"https:\/\/www.diario21.tv\/noticias\/wp-json\/wp\/v2\/types\/post"}],"author":[{"embeddable":true,"href":"https:\/\/www.diario21.tv\/noticias\/wp-json\/wp\/v2\/users\/16"}],"replies":[{"embeddable":true,"href":"https:\/\/www.diario21.tv\/noticias\/wp-json\/wp\/v2\/comments?post=308"}],"version-history":[{"count":1,"href":"https:\/\/www.diario21.tv\/noticias\/wp-json\/wp\/v2\/posts\/308\/revisions"}],"predecessor-version":[{"id":310,"href":"https:\/\/www.diario21.tv\/noticias\/wp-json\/wp\/v2\/posts\/308\/revisions\/310"}],"wp:featuredmedia":[{"embeddable":true,"href":"https:\/\/www.diario21.tv\/noticias\/wp-json\/wp\/v2\/media\/309"}],"wp:attachment":[{"href":"https:\/\/www.diario21.tv\/noticias\/wp-json\/wp\/v2\/media?parent=308"}],"wp:term":[{"taxonomy":"category","embeddable":true,"href":"https:\/\/www.diario21.tv\/noticias\/wp-json\/wp\/v2\/categories?post=308"},{"taxonomy":"post_tag","embeddable":true,"href":"https:\/\/www.diario21.tv\/noticias\/wp-json\/wp\/v2\/tags?post=308"}],"curies":[{"name":"wp","href":"https:\/\/api.w.org\/{rel}","templated":true}]}}