{"id":3076,"date":"2025-05-09T23:18:51","date_gmt":"2025-05-09T23:18:51","guid":{"rendered":"https:\/\/www.diario21.tv\/noticias\/cardenales-sin-polarizacion-extrema-pero-con-posturas-marcadas\/"},"modified":"2025-05-09T23:18:52","modified_gmt":"2025-05-09T23:18:52","slug":"cardenales-sin-polarizacion-extrema-pero-con-posturas-marcadas","status":"publish","type":"post","link":"https:\/\/www.diario21.tv\/noticias\/cardenales-sin-polarizacion-extrema-pero-con-posturas-marcadas\/","title":{"rendered":"Cardenales sin polarizaci\u00f3n extrema, pero con posturas marcadas"},"content":{"rendered":"<h2>Desmitificando la Polarizaci\u00f3n entre Cardenales<\/h2>\n<p>En el entorno actual donde los debates y las diferencias de opini\u00f3n son a menudo percibidos como signos de divisi\u00f3n, resulta esencial entender la din\u00e1mica entre los cardenales de la Iglesia Cat\u00f3lica. Aunque es com\u00fan pensar que existen fuertes polarizaciones entre ellos, la realidad sugiere un panorama m\u00e1s matizado.<\/p>\n<h3>Diversidad de Opiniones sin Polarizaci\u00f3n Extrema<\/h3>\n<p>Contrario a la creencia popular de que los cardenales est\u00e1n profundamente divididos, las evidencias indican que, aunque existen distintas posturas sobre varios temas, estas no alcanzan el nivel de una polarizaci\u00f3n exacerbada. Los cardenales, como l\u00edderes de la Iglesia, tienden a presentar una variedad de perspectivas influenciadas por sus experiencias personales, contextos culturales y entendimientos teol\u00f3gicos. Sin embargo, esto no se traduce necesariamente en un conflicto inmanejable o en una divisi\u00f3n tajante.<\/p>\n<p>Es importante destacar que la diversidad de pensamientos dentro del colegio cardenalicio es vista m\u00e1s como una riqueza que como un obst\u00e1culo. Esta variedad permite un di\u00e1logo robusto y una reflexi\u00f3n profunda sobre los asuntos que enfrenta la Iglesia, asegurando que m\u00faltiples aspectos sean considerados antes de tomar decisiones importantes.<\/p>\n<h3>Colaboraci\u00f3n y Unidad en la Diversidad<\/h3>\n<p>A pesar de las diferentes posturas, existe un compromiso general hacia la unidad y la colaboraci\u00f3n. Los cardenales trabajan juntos para abordar los desaf\u00edos de la Iglesia y del mundo, buscando siempre el bien com\u00fan y la fidelidad a su misi\u00f3n. Esto se manifiesta en c\u00f3mo conducen sus discusiones y en el esfuerzo por alcanzar consensos que reflejen tanto el respeto por la diversidad como la b\u00fasqueda de soluciones efectivas.<\/p>\n<p>En conclusi\u00f3n, aunque los cardenales pueden tener opiniones distintas sobre varios temas, esto no implica una polarizaci\u00f3n severa. M\u00e1s bien, refleja un espectro de visiones que pueden coexistir y enriquecerse mutuamente dentro de la estructura de la Iglesia. La habilidad para mantener la unidad a pesar de las diferencias es un testimonio de su compromiso con el di\u00e1logo y la comprensi\u00f3n mutua, elementos clave para la direcci\u00f3n efectiva de la Iglesia en tiempos complejos.<\/p>\n\n\n<div class=\"kk-star-ratings kksr-auto kksr-align-left kksr-valign-bottom\"\n    data-payload='{&quot;align&quot;:&quot;left&quot;,&quot;id&quot;:&quot;3076&quot;,&quot;slug&quot;:&quot;default&quot;,&quot;valign&quot;:&quot;bottom&quot;,&quot;ignore&quot;:&quot;&quot;,&quot;reference&quot;:&quot;auto&quot;,&quot;class&quot;:&quot;&quot;,&quot;count&quot;:&quot;0&quot;,&quot;legendonly&quot;:&quot;&quot;,&quot;readonly&quot;:&quot;&quot;,&quot;score&quot;:&quot;0&quot;,&quot;starsonly&quot;:&quot;&quot;,&quot;best&quot;:&quot;5&quot;,&quot;gap&quot;:&quot;5&quot;,&quot;greet&quot;:&quot;Valora este post&quot;,&quot;legend&quot;:&quot;0\\\/5 - (0 votes)&quot;,&quot;size&quot;:&quot;22&quot;,&quot;title&quot;:&quot;Cardenales sin polarizaci\u00f3n extrema, pero con posturas marcadas&quot;,&quot;width&quot;:&quot;0&quot;,&quot;_legend&quot;:&quot;{score}\\\/{best} - ({count} {votes})&quot;,&quot;font_factor&quot;:&quot;1.25&quot;}'>\n            \n<div class=\"kksr-stars\">\n    \n<div class=\"kksr-stars-inactive\">\n            <div class=\"kksr-star\" data-star=\"1\" style=\"padding-right: 5px\">\n            \n\n<div class=\"kksr-icon\" style=\"width: 22px; height: 22px;\"><\/div>\n        <\/div>\n            <div class=\"kksr-star\" data-star=\"2\" style=\"padding-right: 5px\">\n            \n\n<div class=\"kksr-icon\" style=\"width: 22px; height: 22px;\"><\/div>\n        <\/div>\n            <div class=\"kksr-star\" data-star=\"3\" style=\"padding-right: 5px\">\n            \n\n<div class=\"kksr-icon\" style=\"width: 22px; height: 22px;\"><\/div>\n        <\/div>\n            <div class=\"kksr-star\" data-star=\"4\" style=\"padding-right: 5px\">\n            \n\n<div class=\"kksr-icon\" style=\"width: 22px; height: 22px;\"><\/div>\n        <\/div>\n            <div class=\"kksr-star\" data-star=\"5\" style=\"padding-right: 5px\">\n            \n\n<div class=\"kksr-icon\" style=\"width: 22px; height: 22px;\"><\/div>\n        <\/div>\n    <\/div>\n    \n<div class=\"kksr-stars-active\" style=\"width: 0px;\">\n            <div class=\"kksr-star\" style=\"padding-right: 5px\">\n            \n\n<div class=\"kksr-icon\" style=\"width: 22px; height: 22px;\"><\/div>\n        <\/div>\n            <div class=\"kksr-star\" style=\"padding-right: 5px\">\n            \n\n<div class=\"kksr-icon\" style=\"width: 22px; height: 22px;\"><\/div>\n        <\/div>\n            <div class=\"kksr-star\" style=\"padding-right: 5px\">\n            \n\n<div class=\"kksr-icon\" style=\"width: 22px; height: 22px;\"><\/div>\n        <\/div>\n            <div class=\"kksr-star\" style=\"padding-right: 5px\">\n            \n\n<div class=\"kksr-icon\" style=\"width: 22px; height: 22px;\"><\/div>\n        <\/div>\n            <div class=\"kksr-star\" style=\"padding-right: 5px\">\n            \n\n<div class=\"kksr-icon\" style=\"width: 22px; height: 22px;\"><\/div>\n        <\/div>\n    <\/div>\n<\/div>\n                \n\n<div class=\"kksr-legend\" style=\"font-size: 17.6px;\">\n            <span class=\"kksr-muted\">Valora este post<\/span>\n    <\/div>\n    <\/div>\n","protected":false},"excerpt":{"rendered":"<p>Desmitificando la Polarizaci\u00f3n entre Cardenales En el entorno actual donde los debates y las diferencias de opini\u00f3n son a menudo percibidos como signos de divisi\u00f3n, resulta &#8230; <a title=\"Cardenales sin polarizaci\u00f3n extrema, pero con posturas marcadas\" class=\"read-more\" href=\"https:\/\/www.diario21.tv\/noticias\/cardenales-sin-polarizacion-extrema-pero-con-posturas-marcadas\/\" aria-label=\"Leer m\u00e1s sobre Cardenales sin polarizaci\u00f3n extrema, pero con posturas marcadas\">Seguir leyendo &rarr;<\/a><\/p>\n","protected":false},"author":20,"featured_media":3077,"comment_status":"open","ping_status":"open","sticky":false,"template":"","format":"standard","meta":{"footnotes":""},"categories":[13],"tags":[],"class_list":["post-3076","post","type-post","status-publish","format-standard","has-post-thumbnail","hentry","category-portada"],"yoast_head":"<!-- This site is optimized with the Yoast SEO plugin v25.6 - https:\/\/yoast.com\/wordpress\/plugins\/seo\/ -->\n<title>Cardenales sin polarizaci\u00f3n extrema, pero con posturas marcadas - Diario 21<\/title>\n<meta name=\"robots\" content=\"index, follow, max-snippet:-1, max-image-preview:large, max-video-preview:-1\" \/>\n<link rel=\"canonical\" href=\"https:\/\/www.diario21.tv\/noticias\/cardenales-sin-polarizacion-extrema-pero-con-posturas-marcadas\/\" \/>\n<meta property=\"og:locale\" content=\"es_ES\" \/>\n<meta property=\"og:type\" content=\"article\" \/>\n<meta property=\"og:title\" content=\"Cardenales sin polarizaci\u00f3n extrema, pero con posturas marcadas - Diario 21\" \/>\n<meta property=\"og:description\" content=\"Desmitificando la Polarizaci\u00f3n entre Cardenales En el entorno actual donde los debates y las diferencias de opini\u00f3n son a menudo percibidos como signos de divisi\u00f3n, resulta ... Seguir leyendo &rarr;\" \/>\n<meta property=\"og:url\" content=\"https:\/\/www.diario21.tv\/noticias\/cardenales-sin-polarizacion-extrema-pero-con-posturas-marcadas\/\" \/>\n<meta property=\"og:site_name\" content=\"Diario 21\" \/>\n<meta property=\"article:published_time\" content=\"2025-05-09T23:18:51+00:00\" \/>\n<meta property=\"article:modified_time\" content=\"2025-05-09T23:18:52+00:00\" \/>\n<meta property=\"og:image\" content=\"https:\/\/www.diario21.tv\/noticias\/wp-content\/uploads\/2025\/05\/Cardenales-sin-polarizacion-extrema-pero-con-posturas-marcadas.jpg\" \/>\n\t<meta property=\"og:image:width\" content=\"1200\" \/>\n\t<meta property=\"og:image:height\" content=\"837\" \/>\n\t<meta property=\"og:image:type\" content=\"image\/jpeg\" \/>\n<meta name=\"author\" content=\"Juan P\u00e9rez\" \/>\n<meta name=\"twitter:card\" content=\"summary_large_image\" \/>\n<meta name=\"twitter:label1\" content=\"Escrito por\" \/>\n\t<meta name=\"twitter:data1\" content=\"Juan P\u00e9rez\" \/>\n\t<meta name=\"twitter:label2\" content=\"Tiempo de lectura\" \/>\n\t<meta name=\"twitter:data2\" content=\"2 minutos\" \/>\n<script type=\"application\/ld+json\" class=\"yoast-schema-graph\">{\"@context\":\"https:\/\/schema.org\",\"@graph\":[{\"@type\":\"WebPage\",\"@id\":\"https:\/\/www.diario21.tv\/noticias\/cardenales-sin-polarizacion-extrema-pero-con-posturas-marcadas\/\",\"url\":\"https:\/\/www.diario21.tv\/noticias\/cardenales-sin-polarizacion-extrema-pero-con-posturas-marcadas\/\",\"name\":\"Cardenales sin polarizaci\u00f3n extrema, pero con posturas marcadas - Diario 21\",\"isPartOf\":{\"@id\":\"https:\/\/www.diario21.tv\/noticias\/#website\"},\"primaryImageOfPage\":{\"@id\":\"https:\/\/www.diario21.tv\/noticias\/cardenales-sin-polarizacion-extrema-pero-con-posturas-marcadas\/#primaryimage\"},\"image\":{\"@id\":\"https:\/\/www.diario21.tv\/noticias\/cardenales-sin-polarizacion-extrema-pero-con-posturas-marcadas\/#primaryimage\"},\"thumbnailUrl\":\"https:\/\/www.diario21.tv\/noticias\/wp-content\/uploads\/2025\/05\/Cardenales-sin-polarizacion-extrema-pero-con-posturas-marcadas.jpg\",\"datePublished\":\"2025-05-09T23:18:51+00:00\",\"dateModified\":\"2025-05-09T23:18:52+00:00\",\"author\":{\"@id\":\"https:\/\/www.diario21.tv\/noticias\/#\/schema\/person\/dfb778f73814d8f09f302618446a526b\"},\"breadcrumb\":{\"@id\":\"https:\/\/www.diario21.tv\/noticias\/cardenales-sin-polarizacion-extrema-pero-con-posturas-marcadas\/#breadcrumb\"},\"inLanguage\":\"es-AR\",\"potentialAction\":[{\"@type\":\"ReadAction\",\"target\":[\"https:\/\/www.diario21.tv\/noticias\/cardenales-sin-polarizacion-extrema-pero-con-posturas-marcadas\/\"]}]},{\"@type\":\"ImageObject\",\"inLanguage\":\"es-AR\",\"@id\":\"https:\/\/www.diario21.tv\/noticias\/cardenales-sin-polarizacion-extrema-pero-con-posturas-marcadas\/#primaryimage\",\"url\":\"https:\/\/www.diario21.tv\/noticias\/wp-content\/uploads\/2025\/05\/Cardenales-sin-polarizacion-extrema-pero-con-posturas-marcadas.jpg\",\"contentUrl\":\"https:\/\/www.diario21.tv\/noticias\/wp-content\/uploads\/2025\/05\/Cardenales-sin-polarizacion-extrema-pero-con-posturas-marcadas.jpg\",\"width\":1200,\"height\":837,\"caption\":\"\u00abNo hay polarizaci\u00f3n exacerbada entre los cardenales, pero s\u00ed posturas distintas\u00bb\"},{\"@type\":\"BreadcrumbList\",\"@id\":\"https:\/\/www.diario21.tv\/noticias\/cardenales-sin-polarizacion-extrema-pero-con-posturas-marcadas\/#breadcrumb\",\"itemListElement\":[{\"@type\":\"ListItem\",\"position\":1,\"name\":\"Accueil\",\"item\":\"https:\/\/www.diario21.tv\/noticias\/\"},{\"@type\":\"ListItem\",\"position\":2,\"name\":\"Cardenales sin polarizaci\u00f3n extrema, pero con posturas marcadas\"}]},{\"@type\":\"WebSite\",\"@id\":\"https:\/\/www.diario21.tv\/noticias\/#website\",\"url\":\"https:\/\/www.diario21.tv\/noticias\/\",\"name\":\"Diario 21\",\"description\":\"\",\"potentialAction\":[{\"@type\":\"SearchAction\",\"target\":{\"@type\":\"EntryPoint\",\"urlTemplate\":\"https:\/\/www.diario21.tv\/noticias\/?s={search_term_string}\"},\"query-input\":{\"@type\":\"PropertyValueSpecification\",\"valueRequired\":true,\"valueName\":\"search_term_string\"}}],\"inLanguage\":\"es-AR\"},{\"@type\":\"Person\",\"@id\":\"https:\/\/www.diario21.tv\/noticias\/#\/schema\/person\/dfb778f73814d8f09f302618446a526b\",\"name\":\"Juan P\u00e9rez\",\"image\":{\"@type\":\"ImageObject\",\"inLanguage\":\"es-AR\",\"@id\":\"https:\/\/www.diario21.tv\/noticias\/#\/schema\/person\/image\/\",\"url\":\"https:\/\/secure.gravatar.com\/avatar\/c478a405bd10621167f4c3167cc770f5?s=96&d=mm&r=g\",\"contentUrl\":\"https:\/\/secure.gravatar.com\/avatar\/c478a405bd10621167f4c3167cc770f5?s=96&d=mm&r=g\",\"caption\":\"Juan P\u00e9rez\"},\"description\":\"Juan P\u00e9rez es el redactor en jefe de Diario 21. Con m\u00e1s de 10 a\u00f1os de experiencia en el periodismo, se especializa en pol\u00edtica nacional y an\u00e1lisis socioecon\u00f3mico. Su enfoque cr\u00edtico y riguroso aporta una perspectiva \u00fanica a cada art\u00edculo.\",\"sameAs\":[\"https:\/\/www.diario21.tv\/noticias\/\"],\"url\":\"https:\/\/www.diario21.tv\/noticias\/author\/juan-perez\/\"}]}<\/script>\n<!-- \/ Yoast SEO plugin. -->","yoast_head_json":{"title":"Cardenales sin polarizaci\u00f3n extrema, pero con posturas marcadas - Diario 21","robots":{"index":"index","follow":"follow","max-snippet":"max-snippet:-1","max-image-preview":"max-image-preview:large","max-video-preview":"max-video-preview:-1"},"canonical":"https:\/\/www.diario21.tv\/noticias\/cardenales-sin-polarizacion-extrema-pero-con-posturas-marcadas\/","og_locale":"es_ES","og_type":"article","og_title":"Cardenales sin polarizaci\u00f3n extrema, pero con posturas marcadas - Diario 21","og_description":"Desmitificando la Polarizaci\u00f3n entre Cardenales En el entorno actual donde los debates y las diferencias de opini\u00f3n son a menudo percibidos como signos de divisi\u00f3n, resulta ... Seguir leyendo &rarr;","og_url":"https:\/\/www.diario21.tv\/noticias\/cardenales-sin-polarizacion-extrema-pero-con-posturas-marcadas\/","og_site_name":"Diario 21","article_published_time":"2025-05-09T23:18:51+00:00","article_modified_time":"2025-05-09T23:18:52+00:00","og_image":[{"width":1200,"height":837,"url":"https:\/\/www.diario21.tv\/noticias\/wp-content\/uploads\/2025\/05\/Cardenales-sin-polarizacion-extrema-pero-con-posturas-marcadas.jpg","type":"image\/jpeg"}],"author":"Juan P\u00e9rez","twitter_card":"summary_large_image","twitter_misc":{"Escrito por":"Juan P\u00e9rez","Tiempo de lectura":"2 minutos"},"schema":{"@context":"https:\/\/schema.org","@graph":[{"@type":"WebPage","@id":"https:\/\/www.diario21.tv\/noticias\/cardenales-sin-polarizacion-extrema-pero-con-posturas-marcadas\/","url":"https:\/\/www.diario21.tv\/noticias\/cardenales-sin-polarizacion-extrema-pero-con-posturas-marcadas\/","name":"Cardenales sin polarizaci\u00f3n extrema, pero con posturas marcadas - Diario 21","isPartOf":{"@id":"https:\/\/www.diario21.tv\/noticias\/#website"},"primaryImageOfPage":{"@id":"https:\/\/www.diario21.tv\/noticias\/cardenales-sin-polarizacion-extrema-pero-con-posturas-marcadas\/#primaryimage"},"image":{"@id":"https:\/\/www.diario21.tv\/noticias\/cardenales-sin-polarizacion-extrema-pero-con-posturas-marcadas\/#primaryimage"},"thumbnailUrl":"https:\/\/www.diario21.tv\/noticias\/wp-content\/uploads\/2025\/05\/Cardenales-sin-polarizacion-extrema-pero-con-posturas-marcadas.jpg","datePublished":"2025-05-09T23:18:51+00:00","dateModified":"2025-05-09T23:18:52+00:00","author":{"@id":"https:\/\/www.diario21.tv\/noticias\/#\/schema\/person\/dfb778f73814d8f09f302618446a526b"},"breadcrumb":{"@id":"https:\/\/www.diario21.tv\/noticias\/cardenales-sin-polarizacion-extrema-pero-con-posturas-marcadas\/#breadcrumb"},"inLanguage":"es-AR","potentialAction":[{"@type":"ReadAction","target":["https:\/\/www.diario21.tv\/noticias\/cardenales-sin-polarizacion-extrema-pero-con-posturas-marcadas\/"]}]},{"@type":"ImageObject","inLanguage":"es-AR","@id":"https:\/\/www.diario21.tv\/noticias\/cardenales-sin-polarizacion-extrema-pero-con-posturas-marcadas\/#primaryimage","url":"https:\/\/www.diario21.tv\/noticias\/wp-content\/uploads\/2025\/05\/Cardenales-sin-polarizacion-extrema-pero-con-posturas-marcadas.jpg","contentUrl":"https:\/\/www.diario21.tv\/noticias\/wp-content\/uploads\/2025\/05\/Cardenales-sin-polarizacion-extrema-pero-con-posturas-marcadas.jpg","width":1200,"height":837,"caption":"\u00abNo hay polarizaci\u00f3n exacerbada entre los cardenales, pero s\u00ed posturas distintas\u00bb"},{"@type":"BreadcrumbList","@id":"https:\/\/www.diario21.tv\/noticias\/cardenales-sin-polarizacion-extrema-pero-con-posturas-marcadas\/#breadcrumb","itemListElement":[{"@type":"ListItem","position":1,"name":"Accueil","item":"https:\/\/www.diario21.tv\/noticias\/"},{"@type":"ListItem","position":2,"name":"Cardenales sin polarizaci\u00f3n extrema, pero con posturas marcadas"}]},{"@type":"WebSite","@id":"https:\/\/www.diario21.tv\/noticias\/#website","url":"https:\/\/www.diario21.tv\/noticias\/","name":"Diario 21","description":"","potentialAction":[{"@type":"SearchAction","target":{"@type":"EntryPoint","urlTemplate":"https:\/\/www.diario21.tv\/noticias\/?s={search_term_string}"},"query-input":{"@type":"PropertyValueSpecification","valueRequired":true,"valueName":"search_term_string"}}],"inLanguage":"es-AR"},{"@type":"Person","@id":"https:\/\/www.diario21.tv\/noticias\/#\/schema\/person\/dfb778f73814d8f09f302618446a526b","name":"Juan P\u00e9rez","image":{"@type":"ImageObject","inLanguage":"es-AR","@id":"https:\/\/www.diario21.tv\/noticias\/#\/schema\/person\/image\/","url":"https:\/\/secure.gravatar.com\/avatar\/c478a405bd10621167f4c3167cc770f5?s=96&d=mm&r=g","contentUrl":"https:\/\/secure.gravatar.com\/avatar\/c478a405bd10621167f4c3167cc770f5?s=96&d=mm&r=g","caption":"Juan P\u00e9rez"},"description":"Juan P\u00e9rez es el redactor en jefe de Diario 21. Con m\u00e1s de 10 a\u00f1os de experiencia en el periodismo, se especializa en pol\u00edtica nacional y an\u00e1lisis socioecon\u00f3mico. Su enfoque cr\u00edtico y riguroso aporta una perspectiva \u00fanica a cada art\u00edculo.","sameAs":["https:\/\/www.diario21.tv\/noticias\/"],"url":"https:\/\/www.diario21.tv\/noticias\/author\/juan-perez\/"}]}},"_links":{"self":[{"href":"https:\/\/www.diario21.tv\/noticias\/wp-json\/wp\/v2\/posts\/3076"}],"collection":[{"href":"https:\/\/www.diario21.tv\/noticias\/wp-json\/wp\/v2\/posts"}],"about":[{"href":"https:\/\/www.diario21.tv\/noticias\/wp-json\/wp\/v2\/types\/post"}],"author":[{"embeddable":true,"href":"https:\/\/www.diario21.tv\/noticias\/wp-json\/wp\/v2\/users\/20"}],"replies":[{"embeddable":true,"href":"https:\/\/www.diario21.tv\/noticias\/wp-json\/wp\/v2\/comments?post=3076"}],"version-history":[{"count":1,"href":"https:\/\/www.diario21.tv\/noticias\/wp-json\/wp\/v2\/posts\/3076\/revisions"}],"predecessor-version":[{"id":3078,"href":"https:\/\/www.diario21.tv\/noticias\/wp-json\/wp\/v2\/posts\/3076\/revisions\/3078"}],"wp:featuredmedia":[{"embeddable":true,"href":"https:\/\/www.diario21.tv\/noticias\/wp-json\/wp\/v2\/media\/3077"}],"wp:attachment":[{"href":"https:\/\/www.diario21.tv\/noticias\/wp-json\/wp\/v2\/media?parent=3076"}],"wp:term":[{"taxonomy":"category","embeddable":true,"href":"https:\/\/www.diario21.tv\/noticias\/wp-json\/wp\/v2\/categories?post=3076"},{"taxonomy":"post_tag","embeddable":true,"href":"https:\/\/www.diario21.tv\/noticias\/wp-json\/wp\/v2\/tags?post=3076"}],"curies":[{"name":"wp","href":"https:\/\/api.w.org\/{rel}","templated":true}]}}